{"id":1670,"date":"2017-05-25T14:32:00","date_gmt":"2017-05-25T12:32:00","guid":{"rendered":"https:\/\/espacioaretha.com\/explora\/?p=1670"},"modified":"2024-06-14T11:55:25","modified_gmt":"2024-06-14T09:55:25","slug":"evento-coam","status":"publish","type":"actualidad","link":"https:\/\/espacioaretha.com\/explora\/actualidad\/evento-coam\/","title":{"rendered":"Jornada t\u00e9cnica de Espacios 5.0."},"content":{"rendered":"\n<p>Descubrimos en primicia los casos de \u00e9xito de EY llevado a cabo por CBRE, Wizink tu banco diferente gestionado por 3g office y las nuevas oficinas de REALE implantadas por Ubicca, adem\u00e1s contamos con la visi\u00f3n de Experis en la selecci\u00f3n de roles profesionales, y la experiencia de la firma Fantoni para crear ambientes ac\u00fasticamente confortables.<\/p>\n\n\n\n<p>Unas sesiones que aportaron valor con soluciones e ideas creativas para resolver los espacios.  Conocer de primera mano en los que los proyectos consiguen lo perseguido, de mano de los profesionales que los han realizado fue todo un lujo.<\/p>\n\n\n\n<p>In interesante debate en torno al <em>open space<\/em>, con opiniones a favor y en contra. Destacamos la conclusi\u00f3n de Jaime M\u00e9ndez de 3g office sobre <\/p>\n\n\n\n<div class=\"wp-block-columns is-layout-flex wp-container-core-columns-is-layout-9d6595d7 wp-block-columns-is-layout-flex\">\n<div class=\"wp-block-column is-layout-flow wp-block-column-is-layout-flow\">\n<h3 class=\"wp-block-heading\">\u00abno se trata de generalizar, si no estudiar cada proyecto con mimo, verlo como algo \u00fanico, con unas necesidades \u00fanicas y unas soluciones tambi\u00e9n \u00fanicas, para ofrecer a cada cliente lo que necesita\u00bb<\/h3>\n<\/div>\n\n\n\n<div class=\"wp-block-column is-layout-flow wp-block-column-is-layout-flow\"><\/div>\n<\/div>\n\n\n\n<p>Si bien es cierto que se observa la tendencia de ofrecer cada vez m\u00e1s diversidad de espacios, ideados para diferentes tareas y formas de trabajo. Desde <em>open space<\/em> que favorecen la colaboraci\u00f3n a zonas de concentraci\u00f3n como bibliotecas, \u00e1reas de reuni\u00f3n\u00a0informal como gradas, auditorios para grandes eventos\u2026 Cada vez hay una mayor variedad en los proyectos de oficinas.<\/p>\n\n\n\n<p>\u00a1Muchas gracias a todos los asistentes a Espacios 5.0 y a los ponentes por sus intervenciones!<\/p>\n\n\n\n<figure class=\"wp-block-gallery has-nested-images columns-default is-cropped wp-block-gallery-1 is-layout-flex wp-block-gallery-is-layout-flex\">\n<figure class=\"wp-block-image size-large\"><img loading=\"lazy\" decoding=\"async\" width=\"1024\" height=\"680\" data-id=\"4364\" src=\"https:\/\/espacioaretha.com\/explora\/wp-content\/uploads\/2015\/02\/IMG_5909-1024x680.jpg\" alt=\"\" class=\"wp-image-4364\" srcset=\"https:\/\/espacioaretha.com\/explora\/wp-content\/uploads\/2015\/02\/IMG_5909-1024x680.jpg 1024w, https:\/\/espacioaretha.com\/explora\/wp-content\/uploads\/2015\/02\/IMG_5909-300x199.jpg 300w, https:\/\/espacioaretha.com\/explora\/wp-content\/uploads\/2015\/02\/IMG_5909-768x510.jpg 768w, https:\/\/espacioaretha.com\/explora\/wp-content\/uploads\/2015\/02\/IMG_5909-1536x1020.jpg 1536w, https:\/\/espacioaretha.com\/explora\/wp-content\/uploads\/2015\/02\/IMG_5909.jpg 2048w\" sizes=\"auto, (max-width: 1024px) 100vw, 1024px\" \/><\/figure>\n\n\n\n<figure class=\"wp-block-image size-large\"><img loading=\"lazy\" decoding=\"async\" width=\"1024\" height=\"680\" data-id=\"4362\" src=\"https:\/\/espacioaretha.com\/explora\/wp-content\/uploads\/2015\/02\/IMG_5826-1024x680.jpg\" alt=\"\" class=\"wp-image-4362\" srcset=\"https:\/\/espacioaretha.com\/explora\/wp-content\/uploads\/2015\/02\/IMG_5826-1024x680.jpg 1024w, https:\/\/espacioaretha.com\/explora\/wp-content\/uploads\/2015\/02\/IMG_5826-300x199.jpg 300w, https:\/\/espacioaretha.com\/explora\/wp-content\/uploads\/2015\/02\/IMG_5826-768x510.jpg 768w, https:\/\/espacioaretha.com\/explora\/wp-content\/uploads\/2015\/02\/IMG_5826-1536x1020.jpg 1536w, https:\/\/espacioaretha.com\/explora\/wp-content\/uploads\/2015\/02\/IMG_5826.jpg 2048w\" sizes=\"auto, (max-width: 1024px) 100vw, 1024px\" \/><\/figure>\n\n\n\n<figure class=\"wp-block-image size-large\"><img loading=\"lazy\" decoding=\"async\" width=\"1024\" height=\"680\" data-id=\"4361\" src=\"https:\/\/espacioaretha.com\/explora\/wp-content\/uploads\/2015\/02\/IMG_5752-1024x680.jpg\" alt=\"\" class=\"wp-image-4361\" srcset=\"https:\/\/espacioaretha.com\/explora\/wp-content\/uploads\/2015\/02\/IMG_5752-1024x680.jpg 1024w, https:\/\/espacioaretha.com\/explora\/wp-content\/uploads\/2015\/02\/IMG_5752-300x199.jpg 300w, https:\/\/espacioaretha.com\/explora\/wp-content\/uploads\/2015\/02\/IMG_5752-768x510.jpg 768w, https:\/\/espacioaretha.com\/explora\/wp-content\/uploads\/2015\/02\/IMG_5752-1536x1020.jpg 1536w, https:\/\/espacioaretha.com\/explora\/wp-content\/uploads\/2015\/02\/IMG_5752.jpg 2048w\" sizes=\"auto, (max-width: 1024px) 100vw, 1024px\" \/><\/figure>\n\n\n\n<figure class=\"wp-block-image size-large\"><img loading=\"lazy\" decoding=\"async\" width=\"1024\" height=\"680\" data-id=\"4363\" src=\"https:\/\/espacioaretha.com\/explora\/wp-content\/uploads\/2015\/02\/IMG_5894-1024x680.jpg\" alt=\"\" class=\"wp-image-4363\" srcset=\"https:\/\/espacioaretha.com\/explora\/wp-content\/uploads\/2015\/02\/IMG_5894-1024x680.jpg 1024w, https:\/\/espacioaretha.com\/explora\/wp-content\/uploads\/2015\/02\/IMG_5894-300x199.jpg 300w, https:\/\/espacioaretha.com\/explora\/wp-content\/uploads\/2015\/02\/IMG_5894-768x510.jpg 768w, https:\/\/espacioaretha.com\/explora\/wp-content\/uploads\/2015\/02\/IMG_5894-1536x1020.jpg 1536w, https:\/\/espacioaretha.com\/explora\/wp-content\/uploads\/2015\/02\/IMG_5894.jpg 2048w\" sizes=\"auto, (max-width: 1024px) 100vw, 1024px\" \/><\/figure>\n<\/figure>\n","protected":false},"excerpt":{"rendered":"<p>La jornada t\u00e9cnica Espacios 5.0: Crear, Colaborar, Comunicar, Compartir, Conectar realizada en el COAM fue todo un \u00e9xito. <\/p>\n","protected":false},"author":5,"featured_media":4363,"template":"","meta":{"footnotes":""},"actualidad_category":[158],"class_list":["post-1670","actualidad","type-actualidad","status-publish","has-post-thumbnail","hentry","actualidad_category-relaciones-institucionales"],"yoast_head":"<!-- This site is optimized with the Yoast SEO plugin v27.4 - https:\/\/yoast.com\/product\/yoast-seo-wordpress\/ -->\n<title>Jornada t\u00e9cnica de Espacios 5.0. | Aretha Explora<\/title>\n<meta name=\"description\" content=\"La jornada t\u00e9cnica Espacios 5.0: Crear, Colaborar, Comunicar, Compartir, Conectar realizada en el COAM abri\u00f3 un debate sobre la oficina.\" \/>\n<meta name=\"robots\" content=\"index, follow, max-snippet:-1, max-image-preview:large, max-video-preview:-1\" \/>\n<link rel=\"canonical\" href=\"https:\/\/espacioaretha.com\/explora\/actualidad\/evento-coam\/\" \/>\n<meta property=\"og:locale\" content=\"es_ES\" \/>\n<meta property=\"og:type\" content=\"article\" \/>\n<meta property=\"og:title\" content=\"Jornada t\u00e9cnica de Espacios 5.0. | Aretha Explora\" \/>\n<meta property=\"og:description\" content=\"La jornada t\u00e9cnica Espacios 5.0: Crear, Colaborar, Comunicar, Compartir, Conectar realizada en el COAM abri\u00f3 un debate sobre la oficina.\" \/>\n<meta property=\"og:url\" content=\"https:\/\/espacioaretha.com\/explora\/actualidad\/evento-coam\/\" \/>\n<meta property=\"og:site_name\" content=\"Aretha Explora\" \/>\n<meta property=\"article:modified_time\" content=\"2024-06-14T09:55:25+00:00\" \/>\n<meta property=\"og:image\" content=\"https:\/\/espacioaretha.com\/explora\/wp-content\/uploads\/2015\/02\/IMG_5894.jpg\" \/>\n\t<meta property=\"og:image:width\" content=\"2048\" \/>\n\t<meta property=\"og:image:height\" content=\"1360\" \/>\n\t<meta property=\"og:image:type\" content=\"image\/jpeg\" \/>\n<meta name=\"twitter:card\" content=\"summary_large_image\" \/>\n<meta name=\"twitter:label1\" content=\"Tiempo de lectura\" \/>\n\t<meta name=\"twitter:data1\" content=\"4 minutos\" \/>\n<script type=\"application\/ld+json\" class=\"yoast-schema-graph\">{\"@context\":\"https:\\\/\\\/schema.org\",\"@graph\":[{\"@type\":\"WebPage\",\"@id\":\"https:\\\/\\\/espacioaretha.com\\\/explora\\\/actualidad\\\/evento-coam\\\/\",\"url\":\"https:\\\/\\\/espacioaretha.com\\\/explora\\\/actualidad\\\/evento-coam\\\/\",\"name\":\"Jornada t\u00e9cnica de Espacios 5.0. | Aretha Explora\",\"isPartOf\":{\"@id\":\"https:\\\/\\\/espacioaretha.com\\\/explora\\\/#website\"},\"primaryImageOfPage\":{\"@id\":\"https:\\\/\\\/espacioaretha.com\\\/explora\\\/actualidad\\\/evento-coam\\\/#primaryimage\"},\"image\":{\"@id\":\"https:\\\/\\\/espacioaretha.com\\\/explora\\\/actualidad\\\/evento-coam\\\/#primaryimage\"},\"thumbnailUrl\":\"https:\\\/\\\/espacioaretha.com\\\/explora\\\/wp-content\\\/uploads\\\/2015\\\/02\\\/IMG_5894.jpg\",\"datePublished\":\"2017-05-25T12:32:00+00:00\",\"dateModified\":\"2024-06-14T09:55:25+00:00\",\"description\":\"La jornada t\u00e9cnica Espacios 5.0: Crear, Colaborar, Comunicar, Compartir, Conectar realizada en el COAM abri\u00f3 un debate sobre la oficina.\",\"breadcrumb\":{\"@id\":\"https:\\\/\\\/espacioaretha.com\\\/explora\\\/actualidad\\\/evento-coam\\\/#breadcrumb\"},\"inLanguage\":\"es\",\"potentialAction\":[{\"@type\":\"ReadAction\",\"target\":[\"https:\\\/\\\/espacioaretha.com\\\/explora\\\/actualidad\\\/evento-coam\\\/\"]}]},{\"@type\":\"ImageObject\",\"inLanguage\":\"es\",\"@id\":\"https:\\\/\\\/espacioaretha.com\\\/explora\\\/actualidad\\\/evento-coam\\\/#primaryimage\",\"url\":\"https:\\\/\\\/espacioaretha.com\\\/explora\\\/wp-content\\\/uploads\\\/2015\\\/02\\\/IMG_5894.jpg\",\"contentUrl\":\"https:\\\/\\\/espacioaretha.com\\\/explora\\\/wp-content\\\/uploads\\\/2015\\\/02\\\/IMG_5894.jpg\",\"width\":2048,\"height\":1360},{\"@type\":\"BreadcrumbList\",\"@id\":\"https:\\\/\\\/espacioaretha.com\\\/explora\\\/actualidad\\\/evento-coam\\\/#breadcrumb\",\"itemListElement\":[{\"@type\":\"ListItem\",\"position\":1,\"name\":\"Portada\",\"item\":\"https:\\\/\\\/espacioaretha.com\\\/explora\\\/\"},{\"@type\":\"ListItem\",\"position\":2,\"name\":\"Actualidad\",\"item\":\"https:\\\/\\\/espacioaretha.com\\\/explora\\\/actualidad\\\/\"},{\"@type\":\"ListItem\",\"position\":3,\"name\":\"Jornada t\u00e9cnica de Espacios 5.0.\"}]},{\"@type\":\"WebSite\",\"@id\":\"https:\\\/\\\/espacioaretha.com\\\/explora\\\/#website\",\"url\":\"https:\\\/\\\/espacioaretha.com\\\/explora\\\/\",\"name\":\"Aretha Explora\",\"description\":\"Plataforma de contenidos e inspiraci\u00f3n sobre arquitectura, dise\u00f1o y mucho m\u00e1s\",\"publisher\":{\"@id\":\"https:\\\/\\\/espacioaretha.com\\\/explora\\\/#organization\"},\"potentialAction\":[{\"@type\":\"SearchAction\",\"target\":{\"@type\":\"EntryPoint\",\"urlTemplate\":\"https:\\\/\\\/espacioaretha.com\\\/explora\\\/?s={search_term_string}\"},\"query-input\":{\"@type\":\"PropertyValueSpecification\",\"valueRequired\":true,\"valueName\":\"search_term_string\"}}],\"inLanguage\":\"es\"},{\"@type\":\"Organization\",\"@id\":\"https:\\\/\\\/espacioaretha.com\\\/explora\\\/#organization\",\"name\":\"Aretha Explora\",\"alternateName\":\"Aretha\",\"url\":\"https:\\\/\\\/espacioaretha.com\\\/explora\\\/\",\"logo\":{\"@type\":\"ImageObject\",\"inLanguage\":\"es\",\"@id\":\"https:\\\/\\\/espacioaretha.com\\\/explora\\\/#\\\/schema\\\/logo\\\/image\\\/\",\"url\":\"https:\\\/\\\/espacioaretha.com\\\/explora\\\/wp-content\\\/uploads\\\/2022\\\/05\\\/Ojo-web.jpg\",\"contentUrl\":\"https:\\\/\\\/espacioaretha.com\\\/explora\\\/wp-content\\\/uploads\\\/2022\\\/05\\\/Ojo-web.jpg\",\"width\":1920,\"height\":1080,\"caption\":\"Aretha Explora\"},\"image\":{\"@id\":\"https:\\\/\\\/espacioaretha.com\\\/explora\\\/#\\\/schema\\\/logo\\\/image\\\/\"}}]}<\/script>\n<!-- \/ Yoast SEO plugin. -->","yoast_head_json":{"title":"Jornada t\u00e9cnica de Espacios 5.0. | Aretha Explora","description":"La jornada t\u00e9cnica Espacios 5.0: Crear, Colaborar, Comunicar, Compartir, Conectar realizada en el COAM abri\u00f3 un debate sobre la oficina.","robots":{"index":"index","follow":"follow","max-snippet":"max-snippet:-1","max-image-preview":"max-image-preview:large","max-video-preview":"max-video-preview:-1"},"canonical":"https:\/\/espacioaretha.com\/explora\/actualidad\/evento-coam\/","og_locale":"es_ES","og_type":"article","og_title":"Jornada t\u00e9cnica de Espacios 5.0. | Aretha Explora","og_description":"La jornada t\u00e9cnica Espacios 5.0: Crear, Colaborar, Comunicar, Compartir, Conectar realizada en el COAM abri\u00f3 un debate sobre la oficina.","og_url":"https:\/\/espacioaretha.com\/explora\/actualidad\/evento-coam\/","og_site_name":"Aretha Explora","article_modified_time":"2024-06-14T09:55:25+00:00","og_image":[{"width":2048,"height":1360,"url":"https:\/\/espacioaretha.com\/explora\/wp-content\/uploads\/2015\/02\/IMG_5894.jpg","type":"image\/jpeg"}],"twitter_card":"summary_large_image","twitter_misc":{"Tiempo de lectura":"4 minutos"},"schema":{"@context":"https:\/\/schema.org","@graph":[{"@type":"WebPage","@id":"https:\/\/espacioaretha.com\/explora\/actualidad\/evento-coam\/","url":"https:\/\/espacioaretha.com\/explora\/actualidad\/evento-coam\/","name":"Jornada t\u00e9cnica de Espacios 5.0. | Aretha Explora","isPartOf":{"@id":"https:\/\/espacioaretha.com\/explora\/#website"},"primaryImageOfPage":{"@id":"https:\/\/espacioaretha.com\/explora\/actualidad\/evento-coam\/#primaryimage"},"image":{"@id":"https:\/\/espacioaretha.com\/explora\/actualidad\/evento-coam\/#primaryimage"},"thumbnailUrl":"https:\/\/espacioaretha.com\/explora\/wp-content\/uploads\/2015\/02\/IMG_5894.jpg","datePublished":"2017-05-25T12:32:00+00:00","dateModified":"2024-06-14T09:55:25+00:00","description":"La jornada t\u00e9cnica Espacios 5.0: Crear, Colaborar, Comunicar, Compartir, Conectar realizada en el COAM abri\u00f3 un debate sobre la oficina.","breadcrumb":{"@id":"https:\/\/espacioaretha.com\/explora\/actualidad\/evento-coam\/#breadcrumb"},"inLanguage":"es","potentialAction":[{"@type":"ReadAction","target":["https:\/\/espacioaretha.com\/explora\/actualidad\/evento-coam\/"]}]},{"@type":"ImageObject","inLanguage":"es","@id":"https:\/\/espacioaretha.com\/explora\/actualidad\/evento-coam\/#primaryimage","url":"https:\/\/espacioaretha.com\/explora\/wp-content\/uploads\/2015\/02\/IMG_5894.jpg","contentUrl":"https:\/\/espacioaretha.com\/explora\/wp-content\/uploads\/2015\/02\/IMG_5894.jpg","width":2048,"height":1360},{"@type":"BreadcrumbList","@id":"https:\/\/espacioaretha.com\/explora\/actualidad\/evento-coam\/#breadcrumb","itemListElement":[{"@type":"ListItem","position":1,"name":"Portada","item":"https:\/\/espacioaretha.com\/explora\/"},{"@type":"ListItem","position":2,"name":"Actualidad","item":"https:\/\/espacioaretha.com\/explora\/actualidad\/"},{"@type":"ListItem","position":3,"name":"Jornada t\u00e9cnica de Espacios 5.0."}]},{"@type":"WebSite","@id":"https:\/\/espacioaretha.com\/explora\/#website","url":"https:\/\/espacioaretha.com\/explora\/","name":"Aretha Explora","description":"Plataforma de contenidos e inspiraci\u00f3n sobre arquitectura, dise\u00f1o y mucho m\u00e1s","publisher":{"@id":"https:\/\/espacioaretha.com\/explora\/#organization"},"potentialAction":[{"@type":"SearchAction","target":{"@type":"EntryPoint","urlTemplate":"https:\/\/espacioaretha.com\/explora\/?s={search_term_string}"},"query-input":{"@type":"PropertyValueSpecification","valueRequired":true,"valueName":"search_term_string"}}],"inLanguage":"es"},{"@type":"Organization","@id":"https:\/\/espacioaretha.com\/explora\/#organization","name":"Aretha Explora","alternateName":"Aretha","url":"https:\/\/espacioaretha.com\/explora\/","logo":{"@type":"ImageObject","inLanguage":"es","@id":"https:\/\/espacioaretha.com\/explora\/#\/schema\/logo\/image\/","url":"https:\/\/espacioaretha.com\/explora\/wp-content\/uploads\/2022\/05\/Ojo-web.jpg","contentUrl":"https:\/\/espacioaretha.com\/explora\/wp-content\/uploads\/2022\/05\/Ojo-web.jpg","width":1920,"height":1080,"caption":"Aretha Explora"},"image":{"@id":"https:\/\/espacioaretha.com\/explora\/#\/schema\/logo\/image\/"}}]}},"_links":{"self":[{"href":"https:\/\/espacioaretha.com\/explora\/wp-json\/wp\/v2\/actualidad\/1670","targetHints":{"allow":["GET"]}}],"collection":[{"href":"https:\/\/espacioaretha.com\/explora\/wp-json\/wp\/v2\/actualidad"}],"about":[{"href":"https:\/\/espacioaretha.com\/explora\/wp-json\/wp\/v2\/types\/actualidad"}],"author":[{"embeddable":true,"href":"https:\/\/espacioaretha.com\/explora\/wp-json\/wp\/v2\/users\/5"}],"version-history":[{"count":6,"href":"https:\/\/espacioaretha.com\/explora\/wp-json\/wp\/v2\/actualidad\/1670\/revisions"}],"predecessor-version":[{"id":4367,"href":"https:\/\/espacioaretha.com\/explora\/wp-json\/wp\/v2\/actualidad\/1670\/revisions\/4367"}],"wp:featuredmedia":[{"embeddable":true,"href":"https:\/\/espacioaretha.com\/explora\/wp-json\/wp\/v2\/media\/4363"}],"wp:attachment":[{"href":"https:\/\/espacioaretha.com\/explora\/wp-json\/wp\/v2\/media?parent=1670"}],"wp:term":[{"taxonomy":"actualidad_category","embeddable":true,"href":"https:\/\/espacioaretha.com\/explora\/wp-json\/wp\/v2\/actualidad_category?post=1670"}],"curies":[{"name":"wp","href":"https:\/\/api.w.org\/{rel}","templated":true}]}}