{"id":4545,"date":"2021-03-27T10:08:00","date_gmt":"2021-03-27T09:08:00","guid":{"rendered":"https:\/\/espacioaretha.com\/explora\/?post_type=actualidad&#038;p=4545"},"modified":"2024-08-27T10:11:48","modified_gmt":"2024-08-27T08:11:48","slug":"espacio-aretha-en-diseno-interior","status":"publish","type":"actualidad","link":"https:\/\/espacioaretha.com\/explora\/actualidad\/espacio-aretha-en-diseno-interior\/","title":{"rendered":"Espacio Aretha en Dise\u00f1o Interior"},"content":{"rendered":"\n<h3 class=\"wp-block-heading\"><strong>\u00abUn sitio sin igual, \u00fanico en Madrid.<\/strong><br><strong>El lugar de referencia, vanguardia y dise\u00f1o<\/strong><br><strong>para arquitectos, decoradores, interioristas\u00bb<\/strong><\/h3>\n\n\n\n<p><br>El nuevo espacio que acoge la sede de <strong>Aretha<\/strong> se encuentra en una de las zonas m\u00e1s representativas de Madrid. Un local situado en planta calle con el que Aretha, en su d\u00e9cimo aniversario, se acerca a\u00fan m\u00e1s a arquitectos e interioristas creando un punto de encuentro en el que mostrar el universo de<br>posibilidades de productos, materiales y soluciones con los que afrontar el equipamiento integral de proyectos. <\/p>\n\n\n\n<p>La apertura del espacio tuvo lugar a inicio de 2021 dentro del marco de actividades del <strong>Madrid Design Festival.<\/strong><\/p>\n\n\n\n<p>El concepto de este nuevo espacio fue <strong>desarrollado el equipo de dise\u00f1o de <a href=\"https:\/\/ubicca.com\/diseno-del-nuevo-espacio-de-aretha\/\">UBICCA<\/a><\/strong>. Un dise\u00f1o que integra el modelo de negocio de Aretha, las necesidades comerciales, funcionales y de identidad, as\u00ed como la enorme colecci\u00f3n de firmas y soluciones de las firmas representadas.<\/p>\n\n\n\n<p>Se trata de un espacio abierto, flexible, din\u00e1mico, cambiante, en el que los materiales, las soluciones y la tecnolog\u00eda juegan un papel protagonista. Un espacio para el encuentro, el intercambio de ideas y la inspiraci\u00f3n a trav\u00e9s de la innovaci\u00f3n y el dise\u00f1o, pensado para arquitectos e interioristas.<\/p>\n\n\n\n<p>Os invitamos a leer el reportaje de <strong><a href=\"https:\/\/www.revistadisenointerior.es\/ubicca-arquitectura-aretha-hub-design\/\" target=\"_blank\" rel=\"noreferrer noopener\">Dise\u00f1o Interior<\/a><\/strong> al completo y explorar este proyecto del estudio <strong><a href=\"https:\/\/ubicca.com\/diseno-del-nuevo-espacio-de-aretha\/\" target=\"_blank\" rel=\"noreferrer noopener\">UBICCA<\/a>.<\/strong><\/p>\n\n\n\n<p><\/p>\n\n\n\n<div class=\"wp-block-buttons is-content-justification-right is-layout-flex wp-container-core-buttons-is-layout-765c4724 wp-block-buttons-is-layout-flex\">\n<div class=\"wp-block-button\"><a class=\"wp-block-button__link wp-element-button\" href=\"https:\/\/ubicca.com\/diseno-del-nuevo-espacio-de-aretha\/\" target=\"_blank\" rel=\"noreferrer noopener\">Proyecto Espacio Aretha<\/a><\/div>\n\n\n\n<div class=\"wp-block-button\"><a class=\"wp-block-button__link wp-element-button\" href=\"https:\/\/www.revistadisenointerior.es\/ubicca-arquitectura-aretha-hub-design\/\" target=\"_blank\" rel=\"noreferrer noopener\">Art\u00edculo en Dise\u00f1o Interior<\/a><\/div>\n<\/div>\n\n\n\n<figure class=\"wp-block-gallery has-nested-images columns-default is-cropped wp-block-gallery-1 is-layout-flex wp-block-gallery-is-layout-flex\">\n<figure class=\"wp-block-image size-large\"><img loading=\"lazy\" decoding=\"async\" width=\"1024\" height=\"1024\" data-id=\"4538\" src=\"https:\/\/espacioaretha.com\/explora\/wp-content\/uploads\/2024\/08\/D-interior_-Espacio-Aretha-4-1024x1024.jpg\" alt=\"Proyectos de Espacio Aretha en la revista Dise\u00f1o Interior\" class=\"wp-image-4538\" srcset=\"https:\/\/espacioaretha.com\/explora\/wp-content\/uploads\/2024\/08\/D-interior_-Espacio-Aretha-4-1024x1024.jpg 1024w, https:\/\/espacioaretha.com\/explora\/wp-content\/uploads\/2024\/08\/D-interior_-Espacio-Aretha-4-300x300.jpg 300w, https:\/\/espacioaretha.com\/explora\/wp-content\/uploads\/2024\/08\/D-interior_-Espacio-Aretha-4-150x150.jpg 150w, https:\/\/espacioaretha.com\/explora\/wp-content\/uploads\/2024\/08\/D-interior_-Espacio-Aretha-4-768x768.jpg 768w, https:\/\/espacioaretha.com\/explora\/wp-content\/uploads\/2024\/08\/D-interior_-Espacio-Aretha-4-1536x1536.jpg 1536w, https:\/\/espacioaretha.com\/explora\/wp-content\/uploads\/2024\/08\/D-interior_-Espacio-Aretha-4-2048x2048.jpg 2048w\" sizes=\"auto, (max-width: 1024px) 100vw, 1024px\" \/><\/figure>\n\n\n\n<figure class=\"wp-block-image size-large\"><img loading=\"lazy\" decoding=\"async\" width=\"1024\" height=\"1024\" data-id=\"4536\" src=\"https:\/\/espacioaretha.com\/explora\/wp-content\/uploads\/2024\/08\/D-interior_-Espacio-Aretha-2-1024x1024.jpg\" alt=\"Proyectos de Espacio Aretha en la revista Dise\u00f1o Interior\" class=\"wp-image-4536\" srcset=\"https:\/\/espacioaretha.com\/explora\/wp-content\/uploads\/2024\/08\/D-interior_-Espacio-Aretha-2-1024x1024.jpg 1024w, https:\/\/espacioaretha.com\/explora\/wp-content\/uploads\/2024\/08\/D-interior_-Espacio-Aretha-2-300x300.jpg 300w, https:\/\/espacioaretha.com\/explora\/wp-content\/uploads\/2024\/08\/D-interior_-Espacio-Aretha-2-150x150.jpg 150w, https:\/\/espacioaretha.com\/explora\/wp-content\/uploads\/2024\/08\/D-interior_-Espacio-Aretha-2-768x768.jpg 768w, https:\/\/espacioaretha.com\/explora\/wp-content\/uploads\/2024\/08\/D-interior_-Espacio-Aretha-2-1536x1536.jpg 1536w, https:\/\/espacioaretha.com\/explora\/wp-content\/uploads\/2024\/08\/D-interior_-Espacio-Aretha-2-2048x2048.jpg 2048w\" sizes=\"auto, (max-width: 1024px) 100vw, 1024px\" \/><\/figure>\n\n\n\n<figure class=\"wp-block-image size-large\"><img loading=\"lazy\" decoding=\"async\" width=\"1024\" height=\"1024\" data-id=\"4537\" src=\"https:\/\/espacioaretha.com\/explora\/wp-content\/uploads\/2024\/08\/D-interior_-Espacio-Aretha-3-1024x1024.jpg\" alt=\"Proyectos de Espacio Aretha en la revista Dise\u00f1o Interior\" class=\"wp-image-4537\" srcset=\"https:\/\/espacioaretha.com\/explora\/wp-content\/uploads\/2024\/08\/D-interior_-Espacio-Aretha-3-1024x1024.jpg 1024w, https:\/\/espacioaretha.com\/explora\/wp-content\/uploads\/2024\/08\/D-interior_-Espacio-Aretha-3-300x300.jpg 300w, https:\/\/espacioaretha.com\/explora\/wp-content\/uploads\/2024\/08\/D-interior_-Espacio-Aretha-3-150x150.jpg 150w, https:\/\/espacioaretha.com\/explora\/wp-content\/uploads\/2024\/08\/D-interior_-Espacio-Aretha-3-768x768.jpg 768w, https:\/\/espacioaretha.com\/explora\/wp-content\/uploads\/2024\/08\/D-interior_-Espacio-Aretha-3-1536x1536.jpg 1536w, https:\/\/espacioaretha.com\/explora\/wp-content\/uploads\/2024\/08\/D-interior_-Espacio-Aretha-3-2048x2048.jpg 2048w\" sizes=\"auto, (max-width: 1024px) 100vw, 1024px\" \/><\/figure>\n\n\n\n<figure class=\"wp-block-image size-large\"><img loading=\"lazy\" decoding=\"async\" width=\"1024\" height=\"1024\" data-id=\"4539\" src=\"https:\/\/espacioaretha.com\/explora\/wp-content\/uploads\/2024\/08\/D-interior_-Espacio-Aretha-5-1024x1024.jpg\" alt=\"Proyectos de Espacio Aretha en la revista Dise\u00f1o Interior\" class=\"wp-image-4539\" srcset=\"https:\/\/espacioaretha.com\/explora\/wp-content\/uploads\/2024\/08\/D-interior_-Espacio-Aretha-5-1024x1024.jpg 1024w, https:\/\/espacioaretha.com\/explora\/wp-content\/uploads\/2024\/08\/D-interior_-Espacio-Aretha-5-300x300.jpg 300w, https:\/\/espacioaretha.com\/explora\/wp-content\/uploads\/2024\/08\/D-interior_-Espacio-Aretha-5-150x150.jpg 150w, https:\/\/espacioaretha.com\/explora\/wp-content\/uploads\/2024\/08\/D-interior_-Espacio-Aretha-5-768x768.jpg 768w, https:\/\/espacioaretha.com\/explora\/wp-content\/uploads\/2024\/08\/D-interior_-Espacio-Aretha-5-1536x1536.jpg 1536w, https:\/\/espacioaretha.com\/explora\/wp-content\/uploads\/2024\/08\/D-interior_-Espacio-Aretha-5-2048x2048.jpg 2048w\" sizes=\"auto, (max-width: 1024px) 100vw, 1024px\" \/><\/figure>\n<\/figure>\n","protected":false},"excerpt":{"rendered":"<p>Dise\u00f1o interior comparte el dise\u00f1o de Ubicca Arquitectura para nuestro espacio en Eduardo Dato. Un proyecto que representa la nueva flexibilidad en los entornos de trabajo. <\/p>\n","protected":false},"author":25,"featured_media":4535,"template":"","meta":{"footnotes":""},"actualidad_category":[198],"class_list":["post-4545","actualidad","type-actualidad","status-publish","has-post-thumbnail","hentry","actualidad_category-medios"],"yoast_head":"<!-- This site is optimized with the Yoast SEO plugin v27.4 - https:\/\/yoast.com\/product\/yoast-seo-wordpress\/ -->\n<title>Ubicca dise\u00f1a el nuevo showroom de Espacio Aretha | Aretha Explora<\/title>\n<meta name=\"description\" content=\"El dise\u00f1o del nuevo showroom de Ubicca Arquitectura para Espacio Aretha publicado en la revista Dise\u00f1o Interior sobre oficinas flexibles\" \/>\n<meta name=\"robots\" content=\"index, follow, max-snippet:-1, max-image-preview:large, max-video-preview:-1\" \/>\n<link rel=\"canonical\" href=\"https:\/\/espacioaretha.com\/explora\/actualidad\/espacio-aretha-en-diseno-interior\/\" \/>\n<meta property=\"og:locale\" content=\"es_ES\" \/>\n<meta property=\"og:type\" content=\"article\" \/>\n<meta property=\"og:title\" content=\"Espacio Aretha, dise\u00f1ado por Ubicca en Dise\u00f1o Interior\" \/>\n<meta property=\"og:description\" content=\"El dise\u00f1o del nuevo showroom de Ubicca Arquitectura para Espacio Aretha publicado en la revista Dise\u00f1o Interior sobre oficinas flexibles\" \/>\n<meta property=\"og:url\" content=\"https:\/\/espacioaretha.com\/explora\/actualidad\/espacio-aretha-en-diseno-interior\/\" \/>\n<meta property=\"og:site_name\" content=\"Aretha Explora\" \/>\n<meta property=\"article:modified_time\" content=\"2024-08-27T08:11:48+00:00\" \/>\n<meta property=\"og:image\" content=\"https:\/\/espacioaretha.com\/explora\/wp-content\/uploads\/2024\/08\/D-interior_-Espacio-Aretha-2-1024x1024.jpg\" \/>\n\t<meta property=\"og:image:width\" content=\"1024\" \/>\n\t<meta property=\"og:image:height\" content=\"1024\" \/>\n\t<meta property=\"og:image:type\" content=\"image\/jpeg\" \/>\n<meta name=\"twitter:card\" content=\"summary_large_image\" \/>\n<meta name=\"twitter:title\" content=\"Espacio Aretha, dise\u00f1ado por Ubicca en Dise\u00f1o Interior\" \/>\n<meta name=\"twitter:description\" content=\"El dise\u00f1o del nuevo showroom de Ubicca Arquitectura para Espacio Aretha publicado en la revista Dise\u00f1o Interior sobre oficinas flexibles\" \/>\n<meta name=\"twitter:image\" content=\"https:\/\/espacioaretha.com\/explora\/wp-content\/uploads\/2024\/08\/D-interior_-Espacio-Aretha-2.jpg\" \/>\n<meta name=\"twitter:label1\" content=\"Tiempo de lectura\" \/>\n\t<meta name=\"twitter:data1\" content=\"2 minutos\" \/>\n<script type=\"application\/ld+json\" class=\"yoast-schema-graph\">{\"@context\":\"https:\\\/\\\/schema.org\",\"@graph\":[{\"@type\":\"WebPage\",\"@id\":\"https:\\\/\\\/espacioaretha.com\\\/explora\\\/actualidad\\\/espacio-aretha-en-diseno-interior\\\/\",\"url\":\"https:\\\/\\\/espacioaretha.com\\\/explora\\\/actualidad\\\/espacio-aretha-en-diseno-interior\\\/\",\"name\":\"Ubicca dise\u00f1a el nuevo showroom de Espacio Aretha | Aretha Explora\",\"isPartOf\":{\"@id\":\"https:\\\/\\\/espacioaretha.com\\\/explora\\\/#website\"},\"primaryImageOfPage\":{\"@id\":\"https:\\\/\\\/espacioaretha.com\\\/explora\\\/actualidad\\\/espacio-aretha-en-diseno-interior\\\/#primaryimage\"},\"image\":{\"@id\":\"https:\\\/\\\/espacioaretha.com\\\/explora\\\/actualidad\\\/espacio-aretha-en-diseno-interior\\\/#primaryimage\"},\"thumbnailUrl\":\"https:\\\/\\\/espacioaretha.com\\\/explora\\\/wp-content\\\/uploads\\\/2024\\\/08\\\/D-interior_-Espacio-Aretha.jpg\",\"datePublished\":\"2021-03-27T09:08:00+00:00\",\"dateModified\":\"2024-08-27T08:11:48+00:00\",\"description\":\"El dise\u00f1o del nuevo showroom de Ubicca Arquitectura para Espacio Aretha publicado en la revista Dise\u00f1o Interior sobre oficinas flexibles\",\"breadcrumb\":{\"@id\":\"https:\\\/\\\/espacioaretha.com\\\/explora\\\/actualidad\\\/espacio-aretha-en-diseno-interior\\\/#breadcrumb\"},\"inLanguage\":\"es\",\"potentialAction\":[{\"@type\":\"ReadAction\",\"target\":[\"https:\\\/\\\/espacioaretha.com\\\/explora\\\/actualidad\\\/espacio-aretha-en-diseno-interior\\\/\"]}]},{\"@type\":\"ImageObject\",\"inLanguage\":\"es\",\"@id\":\"https:\\\/\\\/espacioaretha.com\\\/explora\\\/actualidad\\\/espacio-aretha-en-diseno-interior\\\/#primaryimage\",\"url\":\"https:\\\/\\\/espacioaretha.com\\\/explora\\\/wp-content\\\/uploads\\\/2024\\\/08\\\/D-interior_-Espacio-Aretha.jpg\",\"contentUrl\":\"https:\\\/\\\/espacioaretha.com\\\/explora\\\/wp-content\\\/uploads\\\/2024\\\/08\\\/D-interior_-Espacio-Aretha.jpg\",\"width\":2560,\"height\":2560,\"caption\":\"Proyectos de Espacio Aretha en la revista Dise\u00f1o Interior\"},{\"@type\":\"BreadcrumbList\",\"@id\":\"https:\\\/\\\/espacioaretha.com\\\/explora\\\/actualidad\\\/espacio-aretha-en-diseno-interior\\\/#breadcrumb\",\"itemListElement\":[{\"@type\":\"ListItem\",\"position\":1,\"name\":\"Portada\",\"item\":\"https:\\\/\\\/espacioaretha.com\\\/explora\\\/\"},{\"@type\":\"ListItem\",\"position\":2,\"name\":\"Actualidad\",\"item\":\"https:\\\/\\\/espacioaretha.com\\\/explora\\\/actualidad\\\/\"},{\"@type\":\"ListItem\",\"position\":3,\"name\":\"Espacio Aretha en Dise\u00f1o Interior\"}]},{\"@type\":\"WebSite\",\"@id\":\"https:\\\/\\\/espacioaretha.com\\\/explora\\\/#website\",\"url\":\"https:\\\/\\\/espacioaretha.com\\\/explora\\\/\",\"name\":\"Aretha Explora\",\"description\":\"Plataforma de contenidos e inspiraci\u00f3n sobre arquitectura, dise\u00f1o y mucho m\u00e1s\",\"publisher\":{\"@id\":\"https:\\\/\\\/espacioaretha.com\\\/explora\\\/#organization\"},\"potentialAction\":[{\"@type\":\"SearchAction\",\"target\":{\"@type\":\"EntryPoint\",\"urlTemplate\":\"https:\\\/\\\/espacioaretha.com\\\/explora\\\/?s={search_term_string}\"},\"query-input\":{\"@type\":\"PropertyValueSpecification\",\"valueRequired\":true,\"valueName\":\"search_term_string\"}}],\"inLanguage\":\"es\"},{\"@type\":\"Organization\",\"@id\":\"https:\\\/\\\/espacioaretha.com\\\/explora\\\/#organization\",\"name\":\"Aretha Explora\",\"alternateName\":\"Aretha\",\"url\":\"https:\\\/\\\/espacioaretha.com\\\/explora\\\/\",\"logo\":{\"@type\":\"ImageObject\",\"inLanguage\":\"es\",\"@id\":\"https:\\\/\\\/espacioaretha.com\\\/explora\\\/#\\\/schema\\\/logo\\\/image\\\/\",\"url\":\"https:\\\/\\\/espacioaretha.com\\\/explora\\\/wp-content\\\/uploads\\\/2022\\\/05\\\/Ojo-web.jpg\",\"contentUrl\":\"https:\\\/\\\/espacioaretha.com\\\/explora\\\/wp-content\\\/uploads\\\/2022\\\/05\\\/Ojo-web.jpg\",\"width\":1920,\"height\":1080,\"caption\":\"Aretha Explora\"},\"image\":{\"@id\":\"https:\\\/\\\/espacioaretha.com\\\/explora\\\/#\\\/schema\\\/logo\\\/image\\\/\"}}]}<\/script>\n<!-- \/ Yoast SEO plugin. -->","yoast_head_json":{"title":"Ubicca dise\u00f1a el nuevo showroom de Espacio Aretha | Aretha Explora","description":"El dise\u00f1o del nuevo showroom de Ubicca Arquitectura para Espacio Aretha publicado en la revista Dise\u00f1o Interior sobre oficinas flexibles","robots":{"index":"index","follow":"follow","max-snippet":"max-snippet:-1","max-image-preview":"max-image-preview:large","max-video-preview":"max-video-preview:-1"},"canonical":"https:\/\/espacioaretha.com\/explora\/actualidad\/espacio-aretha-en-diseno-interior\/","og_locale":"es_ES","og_type":"article","og_title":"Espacio Aretha, dise\u00f1ado por Ubicca en Dise\u00f1o Interior","og_description":"El dise\u00f1o del nuevo showroom de Ubicca Arquitectura para Espacio Aretha publicado en la revista Dise\u00f1o Interior sobre oficinas flexibles","og_url":"https:\/\/espacioaretha.com\/explora\/actualidad\/espacio-aretha-en-diseno-interior\/","og_site_name":"Aretha Explora","article_modified_time":"2024-08-27T08:11:48+00:00","og_image":[{"width":1024,"height":1024,"url":"https:\/\/espacioaretha.com\/explora\/wp-content\/uploads\/2024\/08\/D-interior_-Espacio-Aretha-2-1024x1024.jpg","type":"image\/jpeg"}],"twitter_card":"summary_large_image","twitter_title":"Espacio Aretha, dise\u00f1ado por Ubicca en Dise\u00f1o Interior","twitter_description":"El dise\u00f1o del nuevo showroom de Ubicca Arquitectura para Espacio Aretha publicado en la revista Dise\u00f1o Interior sobre oficinas flexibles","twitter_image":"https:\/\/espacioaretha.com\/explora\/wp-content\/uploads\/2024\/08\/D-interior_-Espacio-Aretha-2.jpg","twitter_misc":{"Tiempo de lectura":"2 minutos"},"schema":{"@context":"https:\/\/schema.org","@graph":[{"@type":"WebPage","@id":"https:\/\/espacioaretha.com\/explora\/actualidad\/espacio-aretha-en-diseno-interior\/","url":"https:\/\/espacioaretha.com\/explora\/actualidad\/espacio-aretha-en-diseno-interior\/","name":"Ubicca dise\u00f1a el nuevo showroom de Espacio Aretha | Aretha Explora","isPartOf":{"@id":"https:\/\/espacioaretha.com\/explora\/#website"},"primaryImageOfPage":{"@id":"https:\/\/espacioaretha.com\/explora\/actualidad\/espacio-aretha-en-diseno-interior\/#primaryimage"},"image":{"@id":"https:\/\/espacioaretha.com\/explora\/actualidad\/espacio-aretha-en-diseno-interior\/#primaryimage"},"thumbnailUrl":"https:\/\/espacioaretha.com\/explora\/wp-content\/uploads\/2024\/08\/D-interior_-Espacio-Aretha.jpg","datePublished":"2021-03-27T09:08:00+00:00","dateModified":"2024-08-27T08:11:48+00:00","description":"El dise\u00f1o del nuevo showroom de Ubicca Arquitectura para Espacio Aretha publicado en la revista Dise\u00f1o Interior sobre oficinas flexibles","breadcrumb":{"@id":"https:\/\/espacioaretha.com\/explora\/actualidad\/espacio-aretha-en-diseno-interior\/#breadcrumb"},"inLanguage":"es","potentialAction":[{"@type":"ReadAction","target":["https:\/\/espacioaretha.com\/explora\/actualidad\/espacio-aretha-en-diseno-interior\/"]}]},{"@type":"ImageObject","inLanguage":"es","@id":"https:\/\/espacioaretha.com\/explora\/actualidad\/espacio-aretha-en-diseno-interior\/#primaryimage","url":"https:\/\/espacioaretha.com\/explora\/wp-content\/uploads\/2024\/08\/D-interior_-Espacio-Aretha.jpg","contentUrl":"https:\/\/espacioaretha.com\/explora\/wp-content\/uploads\/2024\/08\/D-interior_-Espacio-Aretha.jpg","width":2560,"height":2560,"caption":"Proyectos de Espacio Aretha en la revista Dise\u00f1o Interior"},{"@type":"BreadcrumbList","@id":"https:\/\/espacioaretha.com\/explora\/actualidad\/espacio-aretha-en-diseno-interior\/#breadcrumb","itemListElement":[{"@type":"ListItem","position":1,"name":"Portada","item":"https:\/\/espacioaretha.com\/explora\/"},{"@type":"ListItem","position":2,"name":"Actualidad","item":"https:\/\/espacioaretha.com\/explora\/actualidad\/"},{"@type":"ListItem","position":3,"name":"Espacio Aretha en Dise\u00f1o Interior"}]},{"@type":"WebSite","@id":"https:\/\/espacioaretha.com\/explora\/#website","url":"https:\/\/espacioaretha.com\/explora\/","name":"Aretha Explora","description":"Plataforma de contenidos e inspiraci\u00f3n sobre arquitectura, dise\u00f1o y mucho m\u00e1s","publisher":{"@id":"https:\/\/espacioaretha.com\/explora\/#organization"},"potentialAction":[{"@type":"SearchAction","target":{"@type":"EntryPoint","urlTemplate":"https:\/\/espacioaretha.com\/explora\/?s={search_term_string}"},"query-input":{"@type":"PropertyValueSpecification","valueRequired":true,"valueName":"search_term_string"}}],"inLanguage":"es"},{"@type":"Organization","@id":"https:\/\/espacioaretha.com\/explora\/#organization","name":"Aretha Explora","alternateName":"Aretha","url":"https:\/\/espacioaretha.com\/explora\/","logo":{"@type":"ImageObject","inLanguage":"es","@id":"https:\/\/espacioaretha.com\/explora\/#\/schema\/logo\/image\/","url":"https:\/\/espacioaretha.com\/explora\/wp-content\/uploads\/2022\/05\/Ojo-web.jpg","contentUrl":"https:\/\/espacioaretha.com\/explora\/wp-content\/uploads\/2022\/05\/Ojo-web.jpg","width":1920,"height":1080,"caption":"Aretha Explora"},"image":{"@id":"https:\/\/espacioaretha.com\/explora\/#\/schema\/logo\/image\/"}}]}},"_links":{"self":[{"href":"https:\/\/espacioaretha.com\/explora\/wp-json\/wp\/v2\/actualidad\/4545","targetHints":{"allow":["GET"]}}],"collection":[{"href":"https:\/\/espacioaretha.com\/explora\/wp-json\/wp\/v2\/actualidad"}],"about":[{"href":"https:\/\/espacioaretha.com\/explora\/wp-json\/wp\/v2\/types\/actualidad"}],"author":[{"embeddable":true,"href":"https:\/\/espacioaretha.com\/explora\/wp-json\/wp\/v2\/users\/25"}],"version-history":[{"count":6,"href":"https:\/\/espacioaretha.com\/explora\/wp-json\/wp\/v2\/actualidad\/4545\/revisions"}],"predecessor-version":[{"id":4556,"href":"https:\/\/espacioaretha.com\/explora\/wp-json\/wp\/v2\/actualidad\/4545\/revisions\/4556"}],"wp:featuredmedia":[{"embeddable":true,"href":"https:\/\/espacioaretha.com\/explora\/wp-json\/wp\/v2\/media\/4535"}],"wp:attachment":[{"href":"https:\/\/espacioaretha.com\/explora\/wp-json\/wp\/v2\/media?parent=4545"}],"wp:term":[{"taxonomy":"actualidad_category","embeddable":true,"href":"https:\/\/espacioaretha.com\/explora\/wp-json\/wp\/v2\/actualidad_category?post=4545"}],"curies":[{"name":"wp","href":"https:\/\/api.w.org\/{rel}","templated":true}]}}