{"id":4557,"date":"2022-02-09T10:25:00","date_gmt":"2022-02-09T09:25:00","guid":{"rendered":"https:\/\/espacioaretha.com\/explora\/?post_type=actualidad&#038;p=4557"},"modified":"2024-08-27T11:13:31","modified_gmt":"2024-08-27T09:13:31","slug":"arquitectura-viva-destaca-el-campus-iese","status":"publish","type":"actualidad","link":"https:\/\/espacioaretha.com\/explora\/actualidad\/arquitectura-viva-destaca-el-campus-iese\/","title":{"rendered":"Arquitectura Viva destaca el campus IESE"},"content":{"rendered":"\n<p>IESE Business School, una de las escuelas de negocio m\u00e1s prestigiosas del mundo, ha puesto en marcha su nuevo Campus en Madrid.\u00a0Una ampliaci\u00f3n que triplica la superficie anterior.<\/p>\n\n\n\n<p>El nuevo edificio, denominado Executive, tiene una superficie de 16.300 m2, mientras que el edificio antiguo, el edificio Master, suma 13.600 m2. Las nuevas instalaciones cuentan con cuatro nuevas aulas anfiteatro, un aula polivalente de alta tecnolog\u00eda, un auditorio con luz natural para m\u00e1s de 500 personas y un parking subterr\u00e1neo para 300 veh\u00edculos. El nuevo edificio ha obtenido la certificaci\u00f3n Leed Oro, que reconoce sus elevados est\u00e1ndares medioambientales.\u00a0<\/p>\n\n\n\n<p>Para<strong> <a href=\"https:\/\/espacioaretha.com\/proyectos\/campus-iese\/\" target=\"_blank\" rel=\"noreferrer noopener\">Aretha<\/a><\/strong> ha sido un placer poder colaborar en el equipamiento de este singular proyecto. <\/p>\n\n\n\n<p>Os invitamos a leer el reportaje detallado en <strong><a href=\"https:\/\/arquitecturaviva.com\/publicaciones\/av\/sancho-madridejos-3\" target=\"_blank\" rel=\"noreferrer noopener\">Arquitectura Viva<\/a><\/strong>.<\/p>\n\n\n\n<p><\/p>\n\n\n\n<div class=\"wp-block-buttons is-content-justification-right is-layout-flex wp-container-core-buttons-is-layout-765c4724 wp-block-buttons-is-layout-flex\">\n<div class=\"wp-block-button\"><a class=\"wp-block-button__link wp-element-button\" href=\"https:\/\/espacioaretha.com\/proyectos\/campus-iese\/\" target=\"_blank\" rel=\"noreferrer noopener\">Proyecto IESE<\/a><\/div>\n\n\n\n<div class=\"wp-block-button\"><a class=\"wp-block-button__link wp-element-button\" href=\"https:\/\/arquitecturaviva.com\/publicaciones\/av\/sancho-madridejos-3\" target=\"_blank\" rel=\"noreferrer noopener\">Art\u00edculo en Arquitectura Viva<\/a><\/div>\n<\/div>\n\n\n\n<figure class=\"wp-block-gallery has-nested-images columns-default is-cropped wp-block-gallery-1 is-layout-flex wp-block-gallery-is-layout-flex\">\n<figure class=\"wp-block-image size-large\"><img loading=\"lazy\" decoding=\"async\" width=\"1024\" height=\"1024\" data-id=\"4534\" src=\"https:\/\/espacioaretha.com\/explora\/wp-content\/uploads\/2024\/08\/Arq-Viva_IESE3jpg-1024x1024.jpg\" alt=\"Proyectos de Espacio Aretha en la revista Arquitectura Viva\" class=\"wp-image-4534\" srcset=\"https:\/\/espacioaretha.com\/explora\/wp-content\/uploads\/2024\/08\/Arq-Viva_IESE3jpg-1024x1024.jpg 1024w, https:\/\/espacioaretha.com\/explora\/wp-content\/uploads\/2024\/08\/Arq-Viva_IESE3jpg-300x300.jpg 300w, https:\/\/espacioaretha.com\/explora\/wp-content\/uploads\/2024\/08\/Arq-Viva_IESE3jpg-150x150.jpg 150w, https:\/\/espacioaretha.com\/explora\/wp-content\/uploads\/2024\/08\/Arq-Viva_IESE3jpg-768x768.jpg 768w, https:\/\/espacioaretha.com\/explora\/wp-content\/uploads\/2024\/08\/Arq-Viva_IESE3jpg-1536x1536.jpg 1536w, https:\/\/espacioaretha.com\/explora\/wp-content\/uploads\/2024\/08\/Arq-Viva_IESE3jpg-2048x2048.jpg 2048w\" sizes=\"auto, (max-width: 1024px) 100vw, 1024px\" \/><\/figure>\n\n\n\n<figure class=\"wp-block-image size-large\"><img loading=\"lazy\" decoding=\"async\" width=\"1024\" height=\"1024\" data-id=\"4533\" src=\"https:\/\/espacioaretha.com\/explora\/wp-content\/uploads\/2024\/08\/Arq-Viva_IESE2-1024x1024.jpg\" alt=\"Proyectos de Espacio Aretha en la revista Arquitectura Viva\" class=\"wp-image-4533\" srcset=\"https:\/\/espacioaretha.com\/explora\/wp-content\/uploads\/2024\/08\/Arq-Viva_IESE2-1024x1024.jpg 1024w, https:\/\/espacioaretha.com\/explora\/wp-content\/uploads\/2024\/08\/Arq-Viva_IESE2-300x300.jpg 300w, https:\/\/espacioaretha.com\/explora\/wp-content\/uploads\/2024\/08\/Arq-Viva_IESE2-150x150.jpg 150w, https:\/\/espacioaretha.com\/explora\/wp-content\/uploads\/2024\/08\/Arq-Viva_IESE2-768x768.jpg 768w, https:\/\/espacioaretha.com\/explora\/wp-content\/uploads\/2024\/08\/Arq-Viva_IESE2-1536x1536.jpg 1536w, https:\/\/espacioaretha.com\/explora\/wp-content\/uploads\/2024\/08\/Arq-Viva_IESE2-2048x2048.jpg 2048w\" sizes=\"auto, (max-width: 1024px) 100vw, 1024px\" \/><\/figure>\n<\/figure>\n","protected":false},"excerpt":{"rendered":"<p>Arquitectura Viva destaca el proyecto de arquitectura del nuevo campus de la escuela de negocios IESE<\/p>\n","protected":false},"author":25,"featured_media":4532,"template":"","meta":{"footnotes":""},"actualidad_category":[198],"class_list":["post-4557","actualidad","type-actualidad","status-publish","has-post-thumbnail","hentry","actualidad_category-medios"],"yoast_head":"<!-- This site is optimized with the Yoast SEO plugin v27.4 - https:\/\/yoast.com\/product\/yoast-seo-wordpress\/ -->\n<title>El campus de la escuela de negocios IESE en Madrid | Aretha Explora<\/title>\n<meta name=\"description\" content=\"Arquitectura Viva destaca el nuevo campus de la escuela de negocios IESE Business School. Un proyecto en el que colabora Espacio Aretha\" \/>\n<meta name=\"robots\" content=\"index, follow, max-snippet:-1, max-image-preview:large, max-video-preview:-1\" \/>\n<link rel=\"canonical\" href=\"https:\/\/espacioaretha.com\/explora\/actualidad\/arquitectura-viva-destaca-el-campus-iese\/\" \/>\n<meta property=\"og:locale\" content=\"es_ES\" \/>\n<meta property=\"og:type\" content=\"article\" \/>\n<meta property=\"og:title\" content=\"Arquitectura Viva destaca el campus IESE\" \/>\n<meta property=\"og:description\" content=\"Arquitectura Viva destaca el nuevo campus de la escuela de negocios IESE Business School. Un proyecto en el que colabora Espacio Aretha\" \/>\n<meta property=\"og:url\" content=\"https:\/\/espacioaretha.com\/explora\/actualidad\/arquitectura-viva-destaca-el-campus-iese\/\" \/>\n<meta property=\"og:site_name\" content=\"Aretha Explora\" \/>\n<meta property=\"article:modified_time\" content=\"2024-08-27T09:13:31+00:00\" \/>\n<meta property=\"og:image\" content=\"https:\/\/espacioaretha.com\/explora\/wp-content\/uploads\/2024\/08\/Arq-Viva_IESE-1024x1024.jpg\" \/>\n\t<meta property=\"og:image:width\" content=\"1024\" \/>\n\t<meta property=\"og:image:height\" content=\"1024\" \/>\n\t<meta property=\"og:image:type\" content=\"image\/jpeg\" \/>\n<meta name=\"twitter:card\" content=\"summary_large_image\" \/>\n<meta name=\"twitter:title\" content=\"Arquitectura Viva destaca el campus IESE\" \/>\n<meta name=\"twitter:description\" content=\"Arquitectura Viva destaca el nuevo campus de la escuela de negocios IESE Business School. Un proyecto en el que colabora Espacio Aretha\" \/>\n<meta name=\"twitter:image\" content=\"https:\/\/espacioaretha.com\/explora\/wp-content\/uploads\/2024\/08\/Arq-Viva_IESE.jpg\" \/>\n<meta name=\"twitter:label1\" content=\"Tiempo de lectura\" \/>\n\t<meta name=\"twitter:data1\" content=\"2 minutos\" \/>\n<script type=\"application\/ld+json\" class=\"yoast-schema-graph\">{\"@context\":\"https:\\\/\\\/schema.org\",\"@graph\":[{\"@type\":\"WebPage\",\"@id\":\"https:\\\/\\\/espacioaretha.com\\\/explora\\\/actualidad\\\/arquitectura-viva-destaca-el-campus-iese\\\/\",\"url\":\"https:\\\/\\\/espacioaretha.com\\\/explora\\\/actualidad\\\/arquitectura-viva-destaca-el-campus-iese\\\/\",\"name\":\"El campus de la escuela de negocios IESE en Madrid | Aretha Explora\",\"isPartOf\":{\"@id\":\"https:\\\/\\\/espacioaretha.com\\\/explora\\\/#website\"},\"primaryImageOfPage\":{\"@id\":\"https:\\\/\\\/espacioaretha.com\\\/explora\\\/actualidad\\\/arquitectura-viva-destaca-el-campus-iese\\\/#primaryimage\"},\"image\":{\"@id\":\"https:\\\/\\\/espacioaretha.com\\\/explora\\\/actualidad\\\/arquitectura-viva-destaca-el-campus-iese\\\/#primaryimage\"},\"thumbnailUrl\":\"https:\\\/\\\/espacioaretha.com\\\/explora\\\/wp-content\\\/uploads\\\/2024\\\/08\\\/Arq-Viva_IESE.jpg\",\"datePublished\":\"2022-02-09T09:25:00+00:00\",\"dateModified\":\"2024-08-27T09:13:31+00:00\",\"description\":\"Arquitectura Viva destaca el nuevo campus de la escuela de negocios IESE Business School. Un proyecto en el que colabora Espacio Aretha\",\"breadcrumb\":{\"@id\":\"https:\\\/\\\/espacioaretha.com\\\/explora\\\/actualidad\\\/arquitectura-viva-destaca-el-campus-iese\\\/#breadcrumb\"},\"inLanguage\":\"es\",\"potentialAction\":[{\"@type\":\"ReadAction\",\"target\":[\"https:\\\/\\\/espacioaretha.com\\\/explora\\\/actualidad\\\/arquitectura-viva-destaca-el-campus-iese\\\/\"]}]},{\"@type\":\"ImageObject\",\"inLanguage\":\"es\",\"@id\":\"https:\\\/\\\/espacioaretha.com\\\/explora\\\/actualidad\\\/arquitectura-viva-destaca-el-campus-iese\\\/#primaryimage\",\"url\":\"https:\\\/\\\/espacioaretha.com\\\/explora\\\/wp-content\\\/uploads\\\/2024\\\/08\\\/Arq-Viva_IESE.jpg\",\"contentUrl\":\"https:\\\/\\\/espacioaretha.com\\\/explora\\\/wp-content\\\/uploads\\\/2024\\\/08\\\/Arq-Viva_IESE.jpg\",\"width\":2560,\"height\":2560,\"caption\":\"Proyectos de Espacio Aretha en la revista Arquitectura Viva\"},{\"@type\":\"BreadcrumbList\",\"@id\":\"https:\\\/\\\/espacioaretha.com\\\/explora\\\/actualidad\\\/arquitectura-viva-destaca-el-campus-iese\\\/#breadcrumb\",\"itemListElement\":[{\"@type\":\"ListItem\",\"position\":1,\"name\":\"Portada\",\"item\":\"https:\\\/\\\/espacioaretha.com\\\/explora\\\/\"},{\"@type\":\"ListItem\",\"position\":2,\"name\":\"Actualidad\",\"item\":\"https:\\\/\\\/espacioaretha.com\\\/explora\\\/actualidad\\\/\"},{\"@type\":\"ListItem\",\"position\":3,\"name\":\"Arquitectura Viva destaca el campus IESE\"}]},{\"@type\":\"WebSite\",\"@id\":\"https:\\\/\\\/espacioaretha.com\\\/explora\\\/#website\",\"url\":\"https:\\\/\\\/espacioaretha.com\\\/explora\\\/\",\"name\":\"Aretha Explora\",\"description\":\"Plataforma de contenidos e inspiraci\u00f3n sobre arquitectura, dise\u00f1o y mucho m\u00e1s\",\"publisher\":{\"@id\":\"https:\\\/\\\/espacioaretha.com\\\/explora\\\/#organization\"},\"potentialAction\":[{\"@type\":\"SearchAction\",\"target\":{\"@type\":\"EntryPoint\",\"urlTemplate\":\"https:\\\/\\\/espacioaretha.com\\\/explora\\\/?s={search_term_string}\"},\"query-input\":{\"@type\":\"PropertyValueSpecification\",\"valueRequired\":true,\"valueName\":\"search_term_string\"}}],\"inLanguage\":\"es\"},{\"@type\":\"Organization\",\"@id\":\"https:\\\/\\\/espacioaretha.com\\\/explora\\\/#organization\",\"name\":\"Aretha Explora\",\"alternateName\":\"Aretha\",\"url\":\"https:\\\/\\\/espacioaretha.com\\\/explora\\\/\",\"logo\":{\"@type\":\"ImageObject\",\"inLanguage\":\"es\",\"@id\":\"https:\\\/\\\/espacioaretha.com\\\/explora\\\/#\\\/schema\\\/logo\\\/image\\\/\",\"url\":\"https:\\\/\\\/espacioaretha.com\\\/explora\\\/wp-content\\\/uploads\\\/2022\\\/05\\\/Ojo-web.jpg\",\"contentUrl\":\"https:\\\/\\\/espacioaretha.com\\\/explora\\\/wp-content\\\/uploads\\\/2022\\\/05\\\/Ojo-web.jpg\",\"width\":1920,\"height\":1080,\"caption\":\"Aretha Explora\"},\"image\":{\"@id\":\"https:\\\/\\\/espacioaretha.com\\\/explora\\\/#\\\/schema\\\/logo\\\/image\\\/\"}}]}<\/script>\n<!-- \/ Yoast SEO plugin. -->","yoast_head_json":{"title":"El campus de la escuela de negocios IESE en Madrid | Aretha Explora","description":"Arquitectura Viva destaca el nuevo campus de la escuela de negocios IESE Business School. Un proyecto en el que colabora Espacio Aretha","robots":{"index":"index","follow":"follow","max-snippet":"max-snippet:-1","max-image-preview":"max-image-preview:large","max-video-preview":"max-video-preview:-1"},"canonical":"https:\/\/espacioaretha.com\/explora\/actualidad\/arquitectura-viva-destaca-el-campus-iese\/","og_locale":"es_ES","og_type":"article","og_title":"Arquitectura Viva destaca el campus IESE","og_description":"Arquitectura Viva destaca el nuevo campus de la escuela de negocios IESE Business School. Un proyecto en el que colabora Espacio Aretha","og_url":"https:\/\/espacioaretha.com\/explora\/actualidad\/arquitectura-viva-destaca-el-campus-iese\/","og_site_name":"Aretha Explora","article_modified_time":"2024-08-27T09:13:31+00:00","og_image":[{"width":1024,"height":1024,"url":"https:\/\/espacioaretha.com\/explora\/wp-content\/uploads\/2024\/08\/Arq-Viva_IESE-1024x1024.jpg","type":"image\/jpeg"}],"twitter_card":"summary_large_image","twitter_title":"Arquitectura Viva destaca el campus IESE","twitter_description":"Arquitectura Viva destaca el nuevo campus de la escuela de negocios IESE Business School. Un proyecto en el que colabora Espacio Aretha","twitter_image":"https:\/\/espacioaretha.com\/explora\/wp-content\/uploads\/2024\/08\/Arq-Viva_IESE.jpg","twitter_misc":{"Tiempo de lectura":"2 minutos"},"schema":{"@context":"https:\/\/schema.org","@graph":[{"@type":"WebPage","@id":"https:\/\/espacioaretha.com\/explora\/actualidad\/arquitectura-viva-destaca-el-campus-iese\/","url":"https:\/\/espacioaretha.com\/explora\/actualidad\/arquitectura-viva-destaca-el-campus-iese\/","name":"El campus de la escuela de negocios IESE en Madrid | Aretha Explora","isPartOf":{"@id":"https:\/\/espacioaretha.com\/explora\/#website"},"primaryImageOfPage":{"@id":"https:\/\/espacioaretha.com\/explora\/actualidad\/arquitectura-viva-destaca-el-campus-iese\/#primaryimage"},"image":{"@id":"https:\/\/espacioaretha.com\/explora\/actualidad\/arquitectura-viva-destaca-el-campus-iese\/#primaryimage"},"thumbnailUrl":"https:\/\/espacioaretha.com\/explora\/wp-content\/uploads\/2024\/08\/Arq-Viva_IESE.jpg","datePublished":"2022-02-09T09:25:00+00:00","dateModified":"2024-08-27T09:13:31+00:00","description":"Arquitectura Viva destaca el nuevo campus de la escuela de negocios IESE Business School. Un proyecto en el que colabora Espacio Aretha","breadcrumb":{"@id":"https:\/\/espacioaretha.com\/explora\/actualidad\/arquitectura-viva-destaca-el-campus-iese\/#breadcrumb"},"inLanguage":"es","potentialAction":[{"@type":"ReadAction","target":["https:\/\/espacioaretha.com\/explora\/actualidad\/arquitectura-viva-destaca-el-campus-iese\/"]}]},{"@type":"ImageObject","inLanguage":"es","@id":"https:\/\/espacioaretha.com\/explora\/actualidad\/arquitectura-viva-destaca-el-campus-iese\/#primaryimage","url":"https:\/\/espacioaretha.com\/explora\/wp-content\/uploads\/2024\/08\/Arq-Viva_IESE.jpg","contentUrl":"https:\/\/espacioaretha.com\/explora\/wp-content\/uploads\/2024\/08\/Arq-Viva_IESE.jpg","width":2560,"height":2560,"caption":"Proyectos de Espacio Aretha en la revista Arquitectura Viva"},{"@type":"BreadcrumbList","@id":"https:\/\/espacioaretha.com\/explora\/actualidad\/arquitectura-viva-destaca-el-campus-iese\/#breadcrumb","itemListElement":[{"@type":"ListItem","position":1,"name":"Portada","item":"https:\/\/espacioaretha.com\/explora\/"},{"@type":"ListItem","position":2,"name":"Actualidad","item":"https:\/\/espacioaretha.com\/explora\/actualidad\/"},{"@type":"ListItem","position":3,"name":"Arquitectura Viva destaca el campus IESE"}]},{"@type":"WebSite","@id":"https:\/\/espacioaretha.com\/explora\/#website","url":"https:\/\/espacioaretha.com\/explora\/","name":"Aretha Explora","description":"Plataforma de contenidos e inspiraci\u00f3n sobre arquitectura, dise\u00f1o y mucho m\u00e1s","publisher":{"@id":"https:\/\/espacioaretha.com\/explora\/#organization"},"potentialAction":[{"@type":"SearchAction","target":{"@type":"EntryPoint","urlTemplate":"https:\/\/espacioaretha.com\/explora\/?s={search_term_string}"},"query-input":{"@type":"PropertyValueSpecification","valueRequired":true,"valueName":"search_term_string"}}],"inLanguage":"es"},{"@type":"Organization","@id":"https:\/\/espacioaretha.com\/explora\/#organization","name":"Aretha Explora","alternateName":"Aretha","url":"https:\/\/espacioaretha.com\/explora\/","logo":{"@type":"ImageObject","inLanguage":"es","@id":"https:\/\/espacioaretha.com\/explora\/#\/schema\/logo\/image\/","url":"https:\/\/espacioaretha.com\/explora\/wp-content\/uploads\/2022\/05\/Ojo-web.jpg","contentUrl":"https:\/\/espacioaretha.com\/explora\/wp-content\/uploads\/2022\/05\/Ojo-web.jpg","width":1920,"height":1080,"caption":"Aretha Explora"},"image":{"@id":"https:\/\/espacioaretha.com\/explora\/#\/schema\/logo\/image\/"}}]}},"_links":{"self":[{"href":"https:\/\/espacioaretha.com\/explora\/wp-json\/wp\/v2\/actualidad\/4557","targetHints":{"allow":["GET"]}}],"collection":[{"href":"https:\/\/espacioaretha.com\/explora\/wp-json\/wp\/v2\/actualidad"}],"about":[{"href":"https:\/\/espacioaretha.com\/explora\/wp-json\/wp\/v2\/types\/actualidad"}],"author":[{"embeddable":true,"href":"https:\/\/espacioaretha.com\/explora\/wp-json\/wp\/v2\/users\/25"}],"version-history":[{"count":4,"href":"https:\/\/espacioaretha.com\/explora\/wp-json\/wp\/v2\/actualidad\/4557\/revisions"}],"predecessor-version":[{"id":4561,"href":"https:\/\/espacioaretha.com\/explora\/wp-json\/wp\/v2\/actualidad\/4557\/revisions\/4561"}],"wp:featuredmedia":[{"embeddable":true,"href":"https:\/\/espacioaretha.com\/explora\/wp-json\/wp\/v2\/media\/4532"}],"wp:attachment":[{"href":"https:\/\/espacioaretha.com\/explora\/wp-json\/wp\/v2\/media?parent=4557"}],"wp:term":[{"taxonomy":"actualidad_category","embeddable":true,"href":"https:\/\/espacioaretha.com\/explora\/wp-json\/wp\/v2\/actualidad_category?post=4557"}],"curies":[{"name":"wp","href":"https:\/\/api.w.org\/{rel}","templated":true}]}}