{"id":4576,"date":"2024-10-07T15:55:12","date_gmt":"2024-10-07T13:55:12","guid":{"rendered":"https:\/\/espacioaretha.com\/explora\/?post_type=actualidad&#038;p=4576"},"modified":"2024-10-07T16:15:14","modified_gmt":"2024-10-07T14:15:14","slug":"i-congreso-de-arquitectura-saludable","status":"publish","type":"actualidad","link":"https:\/\/espacioaretha.com\/explora\/actualidad\/i-congreso-de-arquitectura-saludable\/","title":{"rendered":"I Congreso de Arquitectura Saludable"},"content":{"rendered":"\n<p>El <a href=\"https:\/\/oasaludable.com\/\">Observatorio de Arquitectura Saludable (OAS)<\/a> organiz\u00f3, el pasado 3 de octubre, en la sede del <a href=\"https:\/\/www.coam.org\/\">Colegio de Arquitectos de Madrid<\/a> (COAM) coincidiendo con la Semana Internacional de la Arquitectura de Madrid, el <strong>primer Congreso de Arquitectura Saludable: Neuroarquitectura y ESG <\/strong>donde se dieron cita cient\u00edficos, acad\u00e9micos, arquitectos y profesionales del sector para abordar las principales cuestiones que preocupan sobre la arquitectura saludable.<\/p>\n\n\n\n<p>Un espacio que cont\u00f3 con la participaci\u00f3n de diversas instituciones y profesionales que mostraron su apoyo al objetivo del congreso. <\/p>\n\n\n\n<p>Sigfrido Herr\u00e1ez, decano del Colegio Oficial de Arquitectos de Madrid, reforz\u00f3 la idea de que \u201cel objetivo principal de la arquitectura saludable es mejorar el bienestar y la calidad de vida de las personas. Hay que intentar que la ciudadan\u00eda perciba que los arquitectos tambi\u00e9n trabajan por la salud de las personas\u201d.<\/p>\n\n\n\n<p>Y Rita Gasalla, presidenta del OAS, incidi\u00f3 en que \u201chay que impactar desde todos los \u00e1mbitos porque la arquitectura saludable es la arquitectura del futuro.\u201d \u201cConstruyamos entre todos la arquitectura que merecemos\u201d.<\/p>\n\n\n\n<p>Desde <a href=\"http:\/\/www.espacioaretha.com\">Aretha<\/a> participamos en el espacio dedicado al \u201c<em>Poder y el Impacto de la Ac\u00fastica<\/em>\u201d como indicadores de la Arquitectura Saludable, resaltando el valor de incluir elementos ac\u00fasticos en todo tipo de proyectos para mejorar la calidad de los espacios y la salud de sus usuarios. Desde aqu\u00ed agradecemos nuevamente al OAS por invitarnos a participar en este primer Congreso de Arquitectura Saludable.<\/p>\n\n\n\n<p><\/p>\n\n\n\n<div class=\"wp-block-buttons is-layout-flex wp-block-buttons-is-layout-flex\">\n<div class=\"wp-block-button\"><a class=\"wp-block-button__link wp-element-button\" href=\"https:\/\/oasaludable.com\/\" target=\"_blank\" rel=\"noreferrer noopener\">Descubre m\u00e1s del OAS<\/a><\/div>\n<\/div>\n\n\n\n<figure class=\"wp-block-gallery has-nested-images columns-default is-cropped wp-block-gallery-1 is-layout-flex wp-block-gallery-is-layout-flex\">\n<figure class=\"wp-block-image size-large\"><img loading=\"lazy\" decoding=\"async\" width=\"1024\" height=\"667\" data-id=\"4581\" src=\"https:\/\/espacioaretha.com\/explora\/wp-content\/uploads\/2024\/10\/ARO_7250-1024x667.jpg\" alt=\"Panel de ac\u00fastica en el congreso arquitectura saludable\" class=\"wp-image-4581\" srcset=\"https:\/\/espacioaretha.com\/explora\/wp-content\/uploads\/2024\/10\/ARO_7250-1024x667.jpg 1024w, https:\/\/espacioaretha.com\/explora\/wp-content\/uploads\/2024\/10\/ARO_7250-300x195.jpg 300w, https:\/\/espacioaretha.com\/explora\/wp-content\/uploads\/2024\/10\/ARO_7250-768x500.jpg 768w, https:\/\/espacioaretha.com\/explora\/wp-content\/uploads\/2024\/10\/ARO_7250-1536x1000.jpg 1536w, https:\/\/espacioaretha.com\/explora\/wp-content\/uploads\/2024\/10\/ARO_7250.jpg 2000w\" sizes=\"auto, (max-width: 1024px) 100vw, 1024px\" \/><\/figure>\n\n\n\n<figure class=\"wp-block-image size-large\"><img loading=\"lazy\" decoding=\"async\" width=\"1024\" height=\"682\" data-id=\"4578\" src=\"https:\/\/espacioaretha.com\/explora\/wp-content\/uploads\/2024\/10\/ARO_7183-1024x682.jpg\" alt=\"Aretha en el congreso de arquitectura saludable\" class=\"wp-image-4578\" srcset=\"https:\/\/espacioaretha.com\/explora\/wp-content\/uploads\/2024\/10\/ARO_7183-1024x682.jpg 1024w, https:\/\/espacioaretha.com\/explora\/wp-content\/uploads\/2024\/10\/ARO_7183-300x200.jpg 300w, https:\/\/espacioaretha.com\/explora\/wp-content\/uploads\/2024\/10\/ARO_7183-768x512.jpg 768w, https:\/\/espacioaretha.com\/explora\/wp-content\/uploads\/2024\/10\/ARO_7183-1536x1024.jpg 1536w, https:\/\/espacioaretha.com\/explora\/wp-content\/uploads\/2024\/10\/ARO_7183.jpg 2000w\" sizes=\"auto, (max-width: 1024px) 100vw, 1024px\" \/><\/figure>\n\n\n\n<figure class=\"wp-block-image size-large\"><img loading=\"lazy\" decoding=\"async\" width=\"1024\" height=\"656\" data-id=\"4579\" src=\"https:\/\/espacioaretha.com\/explora\/wp-content\/uploads\/2024\/10\/ARO_7194-1024x656.jpg\" alt=\"Aretha en el congreso de arquitectura saludable\" class=\"wp-image-4579\" srcset=\"https:\/\/espacioaretha.com\/explora\/wp-content\/uploads\/2024\/10\/ARO_7194-1024x656.jpg 1024w, https:\/\/espacioaretha.com\/explora\/wp-content\/uploads\/2024\/10\/ARO_7194-300x192.jpg 300w, https:\/\/espacioaretha.com\/explora\/wp-content\/uploads\/2024\/10\/ARO_7194-768x492.jpg 768w, https:\/\/espacioaretha.com\/explora\/wp-content\/uploads\/2024\/10\/ARO_7194-1536x984.jpg 1536w, https:\/\/espacioaretha.com\/explora\/wp-content\/uploads\/2024\/10\/ARO_7194.jpg 2000w\" sizes=\"auto, (max-width: 1024px) 100vw, 1024px\" \/><\/figure>\n\n\n\n<figure class=\"wp-block-image size-large\"><img loading=\"lazy\" decoding=\"async\" width=\"1024\" height=\"682\" data-id=\"4580\" src=\"https:\/\/espacioaretha.com\/explora\/wp-content\/uploads\/2024\/10\/ARO_7201-1024x682.jpg\" alt=\"Panel de ac\u00fastica en el congreso arquitectura saludable\" class=\"wp-image-4580\" srcset=\"https:\/\/espacioaretha.com\/explora\/wp-content\/uploads\/2024\/10\/ARO_7201-1024x682.jpg 1024w, https:\/\/espacioaretha.com\/explora\/wp-content\/uploads\/2024\/10\/ARO_7201-300x200.jpg 300w, https:\/\/espacioaretha.com\/explora\/wp-content\/uploads\/2024\/10\/ARO_7201-768x512.jpg 768w, https:\/\/espacioaretha.com\/explora\/wp-content\/uploads\/2024\/10\/ARO_7201-1536x1024.jpg 1536w, https:\/\/espacioaretha.com\/explora\/wp-content\/uploads\/2024\/10\/ARO_7201.jpg 2000w\" sizes=\"auto, (max-width: 1024px) 100vw, 1024px\" \/><\/figure>\n<\/figure>\n","protected":false},"excerpt":{"rendered":"<p>Desde Aretha hemos tenido el placer de participar en el primer Congreso de Arquitectura Saludable.<\/p>\n","protected":false},"author":25,"featured_media":4582,"template":"","meta":{"footnotes":""},"actualidad_category":[158],"class_list":["post-4576","actualidad","type-actualidad","status-publish","has-post-thumbnail","hentry","actualidad_category-relaciones-institucionales"],"yoast_head":"<!-- This site is optimized with the Yoast SEO plugin v27.4 - https:\/\/yoast.com\/product\/yoast-seo-wordpress\/ -->\n<title>I Congreso de Arquitectura Saludable | Aretha Explora<\/title>\n<meta name=\"description\" content=\"En Aretha exploramos las soluciones ac\u00fasticas sostenibles de Echojazz en un taller para crear espacios de trabajo, restaurantes u hoteles\" \/>\n<meta name=\"robots\" content=\"index, follow, max-snippet:-1, max-image-preview:large, max-video-preview:-1\" \/>\n<link rel=\"canonical\" href=\"https:\/\/espacioaretha.com\/explora\/actualidad\/i-congreso-de-arquitectura-saludable\/\" \/>\n<meta property=\"og:locale\" content=\"es_ES\" \/>\n<meta property=\"og:type\" content=\"article\" \/>\n<meta property=\"og:title\" content=\"Explorando soluciones ac\u00fasticas de Echojazz &amp; Aretha\" \/>\n<meta property=\"og:description\" content=\"En Aretha exploramos las soluciones ac\u00fasticas sostenibles de Echojazz en un taller para crear espacios de trabajo, restaurantes u hoteles\" \/>\n<meta property=\"og:url\" content=\"https:\/\/espacioaretha.com\/explora\/actualidad\/i-congreso-de-arquitectura-saludable\/\" \/>\n<meta property=\"og:site_name\" content=\"Aretha Explora\" \/>\n<meta property=\"article:modified_time\" content=\"2024-10-07T14:15:14+00:00\" \/>\n<meta property=\"og:image\" content=\"https:\/\/espacioaretha.com\/explora\/wp-content\/uploads\/2024\/07\/GIF-fotos-evento.gif\" \/>\n\t<meta property=\"og:image:width\" content=\"1000\" \/>\n\t<meta property=\"og:image:height\" content=\"700\" \/>\n\t<meta property=\"og:image:type\" content=\"image\/gif\" \/>\n<meta name=\"twitter:card\" content=\"summary_large_image\" \/>\n<meta name=\"twitter:title\" content=\"Explorando soluciones ac\u00fasticas de Echojazz &amp; Aretha\" \/>\n<meta name=\"twitter:description\" content=\"En Aretha exploramos las soluciones ac\u00fasticas sostenibles de Echojazz en un taller para crear espacios de trabajo, restaurantes u hoteles\" \/>\n<meta name=\"twitter:image\" content=\"https:\/\/espacioaretha.com\/explora\/wp-content\/uploads\/2024\/07\/GIF-fotos-evento.gif\" \/>\n<meta name=\"twitter:label1\" content=\"Tiempo de lectura\" \/>\n\t<meta name=\"twitter:data1\" content=\"2 minutos\" \/>\n<script type=\"application\/ld+json\" class=\"yoast-schema-graph\">{\"@context\":\"https:\\\/\\\/schema.org\",\"@graph\":[{\"@type\":\"WebPage\",\"@id\":\"https:\\\/\\\/espacioaretha.com\\\/explora\\\/actualidad\\\/i-congreso-de-arquitectura-saludable\\\/\",\"url\":\"https:\\\/\\\/espacioaretha.com\\\/explora\\\/actualidad\\\/i-congreso-de-arquitectura-saludable\\\/\",\"name\":\"I Congreso de Arquitectura Saludable | Aretha Explora\",\"isPartOf\":{\"@id\":\"https:\\\/\\\/espacioaretha.com\\\/explora\\\/#website\"},\"primaryImageOfPage\":{\"@id\":\"https:\\\/\\\/espacioaretha.com\\\/explora\\\/actualidad\\\/i-congreso-de-arquitectura-saludable\\\/#primaryimage\"},\"image\":{\"@id\":\"https:\\\/\\\/espacioaretha.com\\\/explora\\\/actualidad\\\/i-congreso-de-arquitectura-saludable\\\/#primaryimage\"},\"thumbnailUrl\":\"https:\\\/\\\/espacioaretha.com\\\/explora\\\/wp-content\\\/uploads\\\/2024\\\/10\\\/PORTADA-OAS.jpg\",\"datePublished\":\"2024-10-07T13:55:12+00:00\",\"dateModified\":\"2024-10-07T14:15:14+00:00\",\"description\":\"En Aretha exploramos las soluciones ac\u00fasticas sostenibles de Echojazz en un taller para crear espacios de trabajo, restaurantes u hoteles\",\"breadcrumb\":{\"@id\":\"https:\\\/\\\/espacioaretha.com\\\/explora\\\/actualidad\\\/i-congreso-de-arquitectura-saludable\\\/#breadcrumb\"},\"inLanguage\":\"es\",\"potentialAction\":[{\"@type\":\"ReadAction\",\"target\":[\"https:\\\/\\\/espacioaretha.com\\\/explora\\\/actualidad\\\/i-congreso-de-arquitectura-saludable\\\/\"]}]},{\"@type\":\"ImageObject\",\"inLanguage\":\"es\",\"@id\":\"https:\\\/\\\/espacioaretha.com\\\/explora\\\/actualidad\\\/i-congreso-de-arquitectura-saludable\\\/#primaryimage\",\"url\":\"https:\\\/\\\/espacioaretha.com\\\/explora\\\/wp-content\\\/uploads\\\/2024\\\/10\\\/PORTADA-OAS.jpg\",\"contentUrl\":\"https:\\\/\\\/espacioaretha.com\\\/explora\\\/wp-content\\\/uploads\\\/2024\\\/10\\\/PORTADA-OAS.jpg\",\"width\":1000,\"height\":700},{\"@type\":\"BreadcrumbList\",\"@id\":\"https:\\\/\\\/espacioaretha.com\\\/explora\\\/actualidad\\\/i-congreso-de-arquitectura-saludable\\\/#breadcrumb\",\"itemListElement\":[{\"@type\":\"ListItem\",\"position\":1,\"name\":\"Portada\",\"item\":\"https:\\\/\\\/espacioaretha.com\\\/explora\\\/\"},{\"@type\":\"ListItem\",\"position\":2,\"name\":\"Actualidad\",\"item\":\"https:\\\/\\\/espacioaretha.com\\\/explora\\\/actualidad\\\/\"},{\"@type\":\"ListItem\",\"position\":3,\"name\":\"I Congreso de Arquitectura Saludable\"}]},{\"@type\":\"WebSite\",\"@id\":\"https:\\\/\\\/espacioaretha.com\\\/explora\\\/#website\",\"url\":\"https:\\\/\\\/espacioaretha.com\\\/explora\\\/\",\"name\":\"Aretha Explora\",\"description\":\"Plataforma de contenidos e inspiraci\u00f3n sobre arquitectura, dise\u00f1o y mucho m\u00e1s\",\"publisher\":{\"@id\":\"https:\\\/\\\/espacioaretha.com\\\/explora\\\/#organization\"},\"potentialAction\":[{\"@type\":\"SearchAction\",\"target\":{\"@type\":\"EntryPoint\",\"urlTemplate\":\"https:\\\/\\\/espacioaretha.com\\\/explora\\\/?s={search_term_string}\"},\"query-input\":{\"@type\":\"PropertyValueSpecification\",\"valueRequired\":true,\"valueName\":\"search_term_string\"}}],\"inLanguage\":\"es\"},{\"@type\":\"Organization\",\"@id\":\"https:\\\/\\\/espacioaretha.com\\\/explora\\\/#organization\",\"name\":\"Aretha Explora\",\"alternateName\":\"Aretha\",\"url\":\"https:\\\/\\\/espacioaretha.com\\\/explora\\\/\",\"logo\":{\"@type\":\"ImageObject\",\"inLanguage\":\"es\",\"@id\":\"https:\\\/\\\/espacioaretha.com\\\/explora\\\/#\\\/schema\\\/logo\\\/image\\\/\",\"url\":\"https:\\\/\\\/espacioaretha.com\\\/explora\\\/wp-content\\\/uploads\\\/2022\\\/05\\\/Ojo-web.jpg\",\"contentUrl\":\"https:\\\/\\\/espacioaretha.com\\\/explora\\\/wp-content\\\/uploads\\\/2022\\\/05\\\/Ojo-web.jpg\",\"width\":1920,\"height\":1080,\"caption\":\"Aretha Explora\"},\"image\":{\"@id\":\"https:\\\/\\\/espacioaretha.com\\\/explora\\\/#\\\/schema\\\/logo\\\/image\\\/\"}}]}<\/script>\n<!-- \/ Yoast SEO plugin. -->","yoast_head_json":{"title":"I Congreso de Arquitectura Saludable | Aretha Explora","description":"En Aretha exploramos las soluciones ac\u00fasticas sostenibles de Echojazz en un taller para crear espacios de trabajo, restaurantes u hoteles","robots":{"index":"index","follow":"follow","max-snippet":"max-snippet:-1","max-image-preview":"max-image-preview:large","max-video-preview":"max-video-preview:-1"},"canonical":"https:\/\/espacioaretha.com\/explora\/actualidad\/i-congreso-de-arquitectura-saludable\/","og_locale":"es_ES","og_type":"article","og_title":"Explorando soluciones ac\u00fasticas de Echojazz & Aretha","og_description":"En Aretha exploramos las soluciones ac\u00fasticas sostenibles de Echojazz en un taller para crear espacios de trabajo, restaurantes u hoteles","og_url":"https:\/\/espacioaretha.com\/explora\/actualidad\/i-congreso-de-arquitectura-saludable\/","og_site_name":"Aretha Explora","article_modified_time":"2024-10-07T14:15:14+00:00","og_image":[{"url":"https:\/\/espacioaretha.com\/explora\/wp-content\/uploads\/2024\/07\/GIF-fotos-evento.gif","width":1000,"height":700,"type":"image\/gif"}],"twitter_card":"summary_large_image","twitter_title":"Explorando soluciones ac\u00fasticas de Echojazz & Aretha","twitter_description":"En Aretha exploramos las soluciones ac\u00fasticas sostenibles de Echojazz en un taller para crear espacios de trabajo, restaurantes u hoteles","twitter_image":"https:\/\/espacioaretha.com\/explora\/wp-content\/uploads\/2024\/07\/GIF-fotos-evento.gif","twitter_misc":{"Tiempo de lectura":"2 minutos"},"schema":{"@context":"https:\/\/schema.org","@graph":[{"@type":"WebPage","@id":"https:\/\/espacioaretha.com\/explora\/actualidad\/i-congreso-de-arquitectura-saludable\/","url":"https:\/\/espacioaretha.com\/explora\/actualidad\/i-congreso-de-arquitectura-saludable\/","name":"I Congreso de Arquitectura Saludable | Aretha Explora","isPartOf":{"@id":"https:\/\/espacioaretha.com\/explora\/#website"},"primaryImageOfPage":{"@id":"https:\/\/espacioaretha.com\/explora\/actualidad\/i-congreso-de-arquitectura-saludable\/#primaryimage"},"image":{"@id":"https:\/\/espacioaretha.com\/explora\/actualidad\/i-congreso-de-arquitectura-saludable\/#primaryimage"},"thumbnailUrl":"https:\/\/espacioaretha.com\/explora\/wp-content\/uploads\/2024\/10\/PORTADA-OAS.jpg","datePublished":"2024-10-07T13:55:12+00:00","dateModified":"2024-10-07T14:15:14+00:00","description":"En Aretha exploramos las soluciones ac\u00fasticas sostenibles de Echojazz en un taller para crear espacios de trabajo, restaurantes u hoteles","breadcrumb":{"@id":"https:\/\/espacioaretha.com\/explora\/actualidad\/i-congreso-de-arquitectura-saludable\/#breadcrumb"},"inLanguage":"es","potentialAction":[{"@type":"ReadAction","target":["https:\/\/espacioaretha.com\/explora\/actualidad\/i-congreso-de-arquitectura-saludable\/"]}]},{"@type":"ImageObject","inLanguage":"es","@id":"https:\/\/espacioaretha.com\/explora\/actualidad\/i-congreso-de-arquitectura-saludable\/#primaryimage","url":"https:\/\/espacioaretha.com\/explora\/wp-content\/uploads\/2024\/10\/PORTADA-OAS.jpg","contentUrl":"https:\/\/espacioaretha.com\/explora\/wp-content\/uploads\/2024\/10\/PORTADA-OAS.jpg","width":1000,"height":700},{"@type":"BreadcrumbList","@id":"https:\/\/espacioaretha.com\/explora\/actualidad\/i-congreso-de-arquitectura-saludable\/#breadcrumb","itemListElement":[{"@type":"ListItem","position":1,"name":"Portada","item":"https:\/\/espacioaretha.com\/explora\/"},{"@type":"ListItem","position":2,"name":"Actualidad","item":"https:\/\/espacioaretha.com\/explora\/actualidad\/"},{"@type":"ListItem","position":3,"name":"I Congreso de Arquitectura Saludable"}]},{"@type":"WebSite","@id":"https:\/\/espacioaretha.com\/explora\/#website","url":"https:\/\/espacioaretha.com\/explora\/","name":"Aretha Explora","description":"Plataforma de contenidos e inspiraci\u00f3n sobre arquitectura, dise\u00f1o y mucho m\u00e1s","publisher":{"@id":"https:\/\/espacioaretha.com\/explora\/#organization"},"potentialAction":[{"@type":"SearchAction","target":{"@type":"EntryPoint","urlTemplate":"https:\/\/espacioaretha.com\/explora\/?s={search_term_string}"},"query-input":{"@type":"PropertyValueSpecification","valueRequired":true,"valueName":"search_term_string"}}],"inLanguage":"es"},{"@type":"Organization","@id":"https:\/\/espacioaretha.com\/explora\/#organization","name":"Aretha Explora","alternateName":"Aretha","url":"https:\/\/espacioaretha.com\/explora\/","logo":{"@type":"ImageObject","inLanguage":"es","@id":"https:\/\/espacioaretha.com\/explora\/#\/schema\/logo\/image\/","url":"https:\/\/espacioaretha.com\/explora\/wp-content\/uploads\/2022\/05\/Ojo-web.jpg","contentUrl":"https:\/\/espacioaretha.com\/explora\/wp-content\/uploads\/2022\/05\/Ojo-web.jpg","width":1920,"height":1080,"caption":"Aretha Explora"},"image":{"@id":"https:\/\/espacioaretha.com\/explora\/#\/schema\/logo\/image\/"}}]}},"_links":{"self":[{"href":"https:\/\/espacioaretha.com\/explora\/wp-json\/wp\/v2\/actualidad\/4576","targetHints":{"allow":["GET"]}}],"collection":[{"href":"https:\/\/espacioaretha.com\/explora\/wp-json\/wp\/v2\/actualidad"}],"about":[{"href":"https:\/\/espacioaretha.com\/explora\/wp-json\/wp\/v2\/types\/actualidad"}],"author":[{"embeddable":true,"href":"https:\/\/espacioaretha.com\/explora\/wp-json\/wp\/v2\/users\/25"}],"version-history":[{"count":6,"href":"https:\/\/espacioaretha.com\/explora\/wp-json\/wp\/v2\/actualidad\/4576\/revisions"}],"predecessor-version":[{"id":4588,"href":"https:\/\/espacioaretha.com\/explora\/wp-json\/wp\/v2\/actualidad\/4576\/revisions\/4588"}],"wp:featuredmedia":[{"embeddable":true,"href":"https:\/\/espacioaretha.com\/explora\/wp-json\/wp\/v2\/media\/4582"}],"wp:attachment":[{"href":"https:\/\/espacioaretha.com\/explora\/wp-json\/wp\/v2\/media?parent=4576"}],"wp:term":[{"taxonomy":"actualidad_category","embeddable":true,"href":"https:\/\/espacioaretha.com\/explora\/wp-json\/wp\/v2\/actualidad_category?post=4576"}],"curies":[{"name":"wp","href":"https:\/\/api.w.org\/{rel}","templated":true}]}}