{"id":4594,"date":"2024-11-25T11:17:40","date_gmt":"2024-11-25T10:17:40","guid":{"rendered":"https:\/\/espacioaretha.com\/explora\/?post_type=actualidad&#038;p=4594"},"modified":"2024-12-05T08:53:18","modified_gmt":"2024-12-05T07:53:18","slug":"presentacion-de-cosmos-en-madrid","status":"publish","type":"actualidad","link":"https:\/\/espacioaretha.com\/explora\/actualidad\/presentacion-de-cosmos-en-madrid\/","title":{"rendered":"Presentaci\u00f3n de Cosmos en Madrid"},"content":{"rendered":"\n<p>El evento de presentaci\u00f3n en Madrid se desarroll\u00f3 en la sede de <strong><a href=\"https:\/\/normanfosterfoundation.org\/\" target=\"_blank\" rel=\"noreferrer noopener\">Norman Foster Foundation<\/a><\/strong>, un evento exclusivo en un entorno extraordinario donde se descubri\u00f3 el presente y futuro del dise\u00f1o.<\/p>\n\n\n\n<p>Con una visita guiada a la Fundaci\u00f3n se explor\u00f3 su firme relaci\u00f3n con el dise\u00f1o y la vanguardia, y se contempl\u00f3 en primera mano las m\u00faltiples configuraciones de su \u00faltima colaboraci\u00f3n con la firma italiana Tecno.<\/p>\n\n\n\n<p>El sistema <strong>Cosmos<\/strong> es una iniciativa de la Unidad de Dise\u00f1o e Innovaci\u00f3n de <strong>Norman Foster Foundation <\/strong>para <strong><a href=\"https:\/\/espacioaretha.com\/firmas\/tecno\" target=\"_blank\" rel=\"noreferrer noopener\">Tecno<\/a><\/strong>, que nace con la ambici\u00f3n de explorar la intersecci\u00f3n de la ingenier\u00eda aeron\u00e1utica y la innovaci\u00f3n de materiales de dise\u00f1o. Cosmos, es un sistema de mobiliario modular que se abre a infinitas conexiones y configuraciones.<\/p>\n\n\n\n<p>Desde <a href=\"http:\/\/www.espacioaretha.com\">Are<\/a><a href=\"http:\/\/www.espacioaretha.com\" target=\"_blank\" rel=\"noreferrer noopener\">tha<\/a> agradecemos a todos los que nos acompa\u00f1aron a este espacio que inspira creatividad y vanguardia, disfrutaron de la visita guiada y se sumergieron en el futuro del dise\u00f1o.<\/p>\n\n\n\n<div class=\"wp-block-buttons is-layout-flex wp-block-buttons-is-layout-flex\">\n<div class=\"wp-block-button\"><a class=\"wp-block-button__link wp-element-button\" href=\"https:\/\/espacioaretha.com\/firmas\/tecno\" target=\"_blank\" rel=\"noreferrer noopener\">Descubre m\u00e1s de Tecno<\/a><\/div>\n<\/div>\n\n\n\n<figure class=\"wp-block-gallery has-nested-images columns-default is-cropped wp-block-gallery-1 is-layout-flex wp-block-gallery-is-layout-flex\">\n<figure class=\"wp-block-image size-full\"><img loading=\"lazy\" decoding=\"async\" width=\"1000\" height=\"700\" data-id=\"4606\" src=\"https:\/\/espacioaretha.com\/explora\/wp-content\/uploads\/2024\/11\/7_Evento-NFF-y-Tecno.jpg\" alt=\"Cosmos en Madrid por Norman Foster Foundation, Tecno y Aretha\" class=\"wp-image-4606\" srcset=\"https:\/\/espacioaretha.com\/explora\/wp-content\/uploads\/2024\/11\/7_Evento-NFF-y-Tecno.jpg 1000w, https:\/\/espacioaretha.com\/explora\/wp-content\/uploads\/2024\/11\/7_Evento-NFF-y-Tecno-300x210.jpg 300w, https:\/\/espacioaretha.com\/explora\/wp-content\/uploads\/2024\/11\/7_Evento-NFF-y-Tecno-768x538.jpg 768w\" sizes=\"auto, (max-width: 1000px) 100vw, 1000px\" \/><\/figure>\n\n\n\n<figure class=\"wp-block-image size-full\"><img loading=\"lazy\" decoding=\"async\" width=\"1000\" height=\"700\" data-id=\"4600\" src=\"https:\/\/espacioaretha.com\/explora\/wp-content\/uploads\/2024\/11\/1_Evento-NFF-y-Tecno.jpg\" alt=\"Cosmos en Madrid por Norman Foster Foundation, Tecno y Aretha\" class=\"wp-image-4600\" srcset=\"https:\/\/espacioaretha.com\/explora\/wp-content\/uploads\/2024\/11\/1_Evento-NFF-y-Tecno.jpg 1000w, https:\/\/espacioaretha.com\/explora\/wp-content\/uploads\/2024\/11\/1_Evento-NFF-y-Tecno-300x210.jpg 300w, https:\/\/espacioaretha.com\/explora\/wp-content\/uploads\/2024\/11\/1_Evento-NFF-y-Tecno-768x538.jpg 768w\" sizes=\"auto, (max-width: 1000px) 100vw, 1000px\" \/><\/figure>\n\n\n\n<figure class=\"wp-block-image size-full\"><img loading=\"lazy\" decoding=\"async\" width=\"1000\" height=\"700\" data-id=\"4602\" src=\"https:\/\/espacioaretha.com\/explora\/wp-content\/uploads\/2024\/11\/3_Evento-NFF-y-Tecno.jpg\" alt=\"Cosmos en Madrid por Norman Foster Foundation, Tecno y Aretha\" class=\"wp-image-4602\" srcset=\"https:\/\/espacioaretha.com\/explora\/wp-content\/uploads\/2024\/11\/3_Evento-NFF-y-Tecno.jpg 1000w, https:\/\/espacioaretha.com\/explora\/wp-content\/uploads\/2024\/11\/3_Evento-NFF-y-Tecno-300x210.jpg 300w, https:\/\/espacioaretha.com\/explora\/wp-content\/uploads\/2024\/11\/3_Evento-NFF-y-Tecno-768x538.jpg 768w\" sizes=\"auto, (max-width: 1000px) 100vw, 1000px\" \/><\/figure>\n\n\n\n<figure class=\"wp-block-image size-full\"><img loading=\"lazy\" decoding=\"async\" width=\"1000\" height=\"700\" data-id=\"4605\" src=\"https:\/\/espacioaretha.com\/explora\/wp-content\/uploads\/2024\/11\/6_Evento-NFF-y-Tecno.jpg\" alt=\"Cosmos en Madrid por Norman Foster Foundation, Tecno y Aretha\" class=\"wp-image-4605\" srcset=\"https:\/\/espacioaretha.com\/explora\/wp-content\/uploads\/2024\/11\/6_Evento-NFF-y-Tecno.jpg 1000w, https:\/\/espacioaretha.com\/explora\/wp-content\/uploads\/2024\/11\/6_Evento-NFF-y-Tecno-300x210.jpg 300w, https:\/\/espacioaretha.com\/explora\/wp-content\/uploads\/2024\/11\/6_Evento-NFF-y-Tecno-768x538.jpg 768w\" sizes=\"auto, (max-width: 1000px) 100vw, 1000px\" \/><\/figure>\n\n\n\n<figure class=\"wp-block-image size-full\"><img loading=\"lazy\" decoding=\"async\" width=\"1000\" height=\"700\" data-id=\"4604\" src=\"https:\/\/espacioaretha.com\/explora\/wp-content\/uploads\/2024\/11\/5_Evento-NFF-y-Tecno.jpg\" alt=\"Cosmos en Madrid por Norman Foster Foundation, Tecno y Aretha\" class=\"wp-image-4604\" srcset=\"https:\/\/espacioaretha.com\/explora\/wp-content\/uploads\/2024\/11\/5_Evento-NFF-y-Tecno.jpg 1000w, https:\/\/espacioaretha.com\/explora\/wp-content\/uploads\/2024\/11\/5_Evento-NFF-y-Tecno-300x210.jpg 300w, https:\/\/espacioaretha.com\/explora\/wp-content\/uploads\/2024\/11\/5_Evento-NFF-y-Tecno-768x538.jpg 768w\" sizes=\"auto, (max-width: 1000px) 100vw, 1000px\" \/><\/figure>\n\n\n\n<figure class=\"wp-block-image size-full\"><img loading=\"lazy\" decoding=\"async\" width=\"1000\" height=\"700\" data-id=\"4607\" src=\"https:\/\/espacioaretha.com\/explora\/wp-content\/uploads\/2024\/11\/8_Evento-NFF-y-Tecno.jpg\" alt=\"Cosmos en Madrid por Norman Foster Foundation, Tecno y Aretha\" class=\"wp-image-4607\" srcset=\"https:\/\/espacioaretha.com\/explora\/wp-content\/uploads\/2024\/11\/8_Evento-NFF-y-Tecno.jpg 1000w, https:\/\/espacioaretha.com\/explora\/wp-content\/uploads\/2024\/11\/8_Evento-NFF-y-Tecno-300x210.jpg 300w, https:\/\/espacioaretha.com\/explora\/wp-content\/uploads\/2024\/11\/8_Evento-NFF-y-Tecno-768x538.jpg 768w\" sizes=\"auto, (max-width: 1000px) 100vw, 1000px\" \/><\/figure>\n<\/figure>\n\n\n\n<figure class=\"wp-block-video\"><video height=\"1920\" style=\"aspect-ratio: 1080 \/ 1920;\" width=\"1080\" controls src=\"https:\/\/espacioaretha.com\/explora\/wp-content\/uploads\/2024\/11\/NFF-Tecno-evento-_reel.mp4\"><\/video><\/figure>\n","protected":false},"excerpt":{"rendered":"<p>Tecno y Norman Foster Foundation, en colaboraci\u00f3n con Aretha, presentaron el pasado d\u00eda 21 la innovadora colecci\u00f3n de mobiliario Cosmos, un sistema que se expande infinitamente en el espacio.<\/p>\n","protected":false},"author":25,"featured_media":4598,"template":"","meta":{"footnotes":""},"actualidad_category":[158],"class_list":["post-4594","actualidad","type-actualidad","status-publish","has-post-thumbnail","hentry","actualidad_category-relaciones-institucionales"],"yoast_head":"<!-- This site is optimized with the Yoast SEO plugin v27.4 - https:\/\/yoast.com\/product\/yoast-seo-wordpress\/ -->\n<title>Presentaci\u00f3n de Cosmos en Madrid | Aretha Explora<\/title>\n<meta name=\"description\" content=\"Tecno y Norman Foster Foundation, en colaboraci\u00f3n con Aretha, presentan la colecci\u00f3n de mobiliario COSMOS en Madrid\" \/>\n<meta name=\"robots\" content=\"index, follow, max-snippet:-1, max-image-preview:large, max-video-preview:-1\" \/>\n<link rel=\"canonical\" href=\"https:\/\/espacioaretha.com\/explora\/actualidad\/presentacion-de-cosmos-en-madrid\/\" \/>\n<meta property=\"og:locale\" content=\"es_ES\" \/>\n<meta property=\"og:type\" content=\"article\" \/>\n<meta property=\"og:title\" content=\"Presentaci\u00f3n de Cosmos en Madrid por NFF y Tecno\" \/>\n<meta property=\"og:description\" content=\"Tecno y Norman Foster Foundation, en colaboraci\u00f3n con Aretha, presentan la colecci\u00f3n de mobiliario COSMOS en Madrid\" \/>\n<meta property=\"og:url\" content=\"https:\/\/espacioaretha.com\/explora\/actualidad\/presentacion-de-cosmos-en-madrid\/\" \/>\n<meta property=\"og:site_name\" content=\"Aretha Explora\" \/>\n<meta property=\"article:modified_time\" content=\"2024-12-05T07:53:18+00:00\" \/>\n<meta property=\"og:image\" content=\"https:\/\/espacioaretha.com\/explora\/wp-content\/uploads\/2024\/11\/3_Evento-NFF-y-Tecno.jpg\" \/>\n\t<meta property=\"og:image:width\" content=\"1000\" \/>\n\t<meta property=\"og:image:height\" content=\"700\" \/>\n\t<meta property=\"og:image:type\" content=\"image\/jpeg\" \/>\n<meta name=\"twitter:card\" content=\"summary_large_image\" \/>\n<meta name=\"twitter:title\" content=\"Presentaci\u00f3n de Cosmos en Madrid por NFF y Tecno\" \/>\n<meta name=\"twitter:description\" content=\"Tecno y Norman Foster Foundation, en colaboraci\u00f3n con Aretha, presentan la colecci\u00f3n de mobiliario COSMOS en Madrid\" \/>\n<meta name=\"twitter:image\" content=\"https:\/\/espacioaretha.com\/explora\/wp-content\/uploads\/2024\/11\/3_Evento-NFF-y-Tecno.jpg\" \/>\n<meta name=\"twitter:label1\" content=\"Tiempo de lectura\" \/>\n\t<meta name=\"twitter:data1\" content=\"2 minutos\" \/>\n<script type=\"application\/ld+json\" class=\"yoast-schema-graph\">{\"@context\":\"https:\\\/\\\/schema.org\",\"@graph\":[{\"@type\":\"WebPage\",\"@id\":\"https:\\\/\\\/espacioaretha.com\\\/explora\\\/actualidad\\\/presentacion-de-cosmos-en-madrid\\\/\",\"url\":\"https:\\\/\\\/espacioaretha.com\\\/explora\\\/actualidad\\\/presentacion-de-cosmos-en-madrid\\\/\",\"name\":\"Presentaci\u00f3n de Cosmos en Madrid | Aretha Explora\",\"isPartOf\":{\"@id\":\"https:\\\/\\\/espacioaretha.com\\\/explora\\\/#website\"},\"primaryImageOfPage\":{\"@id\":\"https:\\\/\\\/espacioaretha.com\\\/explora\\\/actualidad\\\/presentacion-de-cosmos-en-madrid\\\/#primaryimage\"},\"image\":{\"@id\":\"https:\\\/\\\/espacioaretha.com\\\/explora\\\/actualidad\\\/presentacion-de-cosmos-en-madrid\\\/#primaryimage\"},\"thumbnailUrl\":\"https:\\\/\\\/espacioaretha.com\\\/explora\\\/wp-content\\\/uploads\\\/2024\\\/11\\\/after-event_GIF.gif\",\"datePublished\":\"2024-11-25T10:17:40+00:00\",\"dateModified\":\"2024-12-05T07:53:18+00:00\",\"description\":\"Tecno y Norman Foster Foundation, en colaboraci\u00f3n con Aretha, presentan la colecci\u00f3n de mobiliario COSMOS en Madrid\",\"breadcrumb\":{\"@id\":\"https:\\\/\\\/espacioaretha.com\\\/explora\\\/actualidad\\\/presentacion-de-cosmos-en-madrid\\\/#breadcrumb\"},\"inLanguage\":\"es\",\"potentialAction\":[{\"@type\":\"ReadAction\",\"target\":[\"https:\\\/\\\/espacioaretha.com\\\/explora\\\/actualidad\\\/presentacion-de-cosmos-en-madrid\\\/\"]}]},{\"@type\":\"ImageObject\",\"inLanguage\":\"es\",\"@id\":\"https:\\\/\\\/espacioaretha.com\\\/explora\\\/actualidad\\\/presentacion-de-cosmos-en-madrid\\\/#primaryimage\",\"url\":\"https:\\\/\\\/espacioaretha.com\\\/explora\\\/wp-content\\\/uploads\\\/2024\\\/11\\\/after-event_GIF.gif\",\"contentUrl\":\"https:\\\/\\\/espacioaretha.com\\\/explora\\\/wp-content\\\/uploads\\\/2024\\\/11\\\/after-event_GIF.gif\",\"width\":1000,\"height\":700,\"caption\":\"Cosmos en Madrid por Norman Foster Foundation, Tecno y Aretha\"},{\"@type\":\"BreadcrumbList\",\"@id\":\"https:\\\/\\\/espacioaretha.com\\\/explora\\\/actualidad\\\/presentacion-de-cosmos-en-madrid\\\/#breadcrumb\",\"itemListElement\":[{\"@type\":\"ListItem\",\"position\":1,\"name\":\"Portada\",\"item\":\"https:\\\/\\\/espacioaretha.com\\\/explora\\\/\"},{\"@type\":\"ListItem\",\"position\":2,\"name\":\"Actualidad\",\"item\":\"https:\\\/\\\/espacioaretha.com\\\/explora\\\/actualidad\\\/\"},{\"@type\":\"ListItem\",\"position\":3,\"name\":\"Presentaci\u00f3n de Cosmos en Madrid\"}]},{\"@type\":\"WebSite\",\"@id\":\"https:\\\/\\\/espacioaretha.com\\\/explora\\\/#website\",\"url\":\"https:\\\/\\\/espacioaretha.com\\\/explora\\\/\",\"name\":\"Aretha Explora\",\"description\":\"Plataforma de contenidos e inspiraci\u00f3n sobre arquitectura, dise\u00f1o y mucho m\u00e1s\",\"publisher\":{\"@id\":\"https:\\\/\\\/espacioaretha.com\\\/explora\\\/#organization\"},\"potentialAction\":[{\"@type\":\"SearchAction\",\"target\":{\"@type\":\"EntryPoint\",\"urlTemplate\":\"https:\\\/\\\/espacioaretha.com\\\/explora\\\/?s={search_term_string}\"},\"query-input\":{\"@type\":\"PropertyValueSpecification\",\"valueRequired\":true,\"valueName\":\"search_term_string\"}}],\"inLanguage\":\"es\"},{\"@type\":\"Organization\",\"@id\":\"https:\\\/\\\/espacioaretha.com\\\/explora\\\/#organization\",\"name\":\"Aretha Explora\",\"alternateName\":\"Aretha\",\"url\":\"https:\\\/\\\/espacioaretha.com\\\/explora\\\/\",\"logo\":{\"@type\":\"ImageObject\",\"inLanguage\":\"es\",\"@id\":\"https:\\\/\\\/espacioaretha.com\\\/explora\\\/#\\\/schema\\\/logo\\\/image\\\/\",\"url\":\"https:\\\/\\\/espacioaretha.com\\\/explora\\\/wp-content\\\/uploads\\\/2022\\\/05\\\/Ojo-web.jpg\",\"contentUrl\":\"https:\\\/\\\/espacioaretha.com\\\/explora\\\/wp-content\\\/uploads\\\/2022\\\/05\\\/Ojo-web.jpg\",\"width\":1920,\"height\":1080,\"caption\":\"Aretha Explora\"},\"image\":{\"@id\":\"https:\\\/\\\/espacioaretha.com\\\/explora\\\/#\\\/schema\\\/logo\\\/image\\\/\"}}]}<\/script>\n<!-- \/ Yoast SEO plugin. -->","yoast_head_json":{"title":"Presentaci\u00f3n de Cosmos en Madrid | Aretha Explora","description":"Tecno y Norman Foster Foundation, en colaboraci\u00f3n con Aretha, presentan la colecci\u00f3n de mobiliario COSMOS en Madrid","robots":{"index":"index","follow":"follow","max-snippet":"max-snippet:-1","max-image-preview":"max-image-preview:large","max-video-preview":"max-video-preview:-1"},"canonical":"https:\/\/espacioaretha.com\/explora\/actualidad\/presentacion-de-cosmos-en-madrid\/","og_locale":"es_ES","og_type":"article","og_title":"Presentaci\u00f3n de Cosmos en Madrid por NFF y Tecno","og_description":"Tecno y Norman Foster Foundation, en colaboraci\u00f3n con Aretha, presentan la colecci\u00f3n de mobiliario COSMOS en Madrid","og_url":"https:\/\/espacioaretha.com\/explora\/actualidad\/presentacion-de-cosmos-en-madrid\/","og_site_name":"Aretha Explora","article_modified_time":"2024-12-05T07:53:18+00:00","og_image":[{"width":1000,"height":700,"url":"https:\/\/espacioaretha.com\/explora\/wp-content\/uploads\/2024\/11\/3_Evento-NFF-y-Tecno.jpg","type":"image\/jpeg"}],"twitter_card":"summary_large_image","twitter_title":"Presentaci\u00f3n de Cosmos en Madrid por NFF y Tecno","twitter_description":"Tecno y Norman Foster Foundation, en colaboraci\u00f3n con Aretha, presentan la colecci\u00f3n de mobiliario COSMOS en Madrid","twitter_image":"https:\/\/espacioaretha.com\/explora\/wp-content\/uploads\/2024\/11\/3_Evento-NFF-y-Tecno.jpg","twitter_misc":{"Tiempo de lectura":"2 minutos"},"schema":{"@context":"https:\/\/schema.org","@graph":[{"@type":"WebPage","@id":"https:\/\/espacioaretha.com\/explora\/actualidad\/presentacion-de-cosmos-en-madrid\/","url":"https:\/\/espacioaretha.com\/explora\/actualidad\/presentacion-de-cosmos-en-madrid\/","name":"Presentaci\u00f3n de Cosmos en Madrid | Aretha Explora","isPartOf":{"@id":"https:\/\/espacioaretha.com\/explora\/#website"},"primaryImageOfPage":{"@id":"https:\/\/espacioaretha.com\/explora\/actualidad\/presentacion-de-cosmos-en-madrid\/#primaryimage"},"image":{"@id":"https:\/\/espacioaretha.com\/explora\/actualidad\/presentacion-de-cosmos-en-madrid\/#primaryimage"},"thumbnailUrl":"https:\/\/espacioaretha.com\/explora\/wp-content\/uploads\/2024\/11\/after-event_GIF.gif","datePublished":"2024-11-25T10:17:40+00:00","dateModified":"2024-12-05T07:53:18+00:00","description":"Tecno y Norman Foster Foundation, en colaboraci\u00f3n con Aretha, presentan la colecci\u00f3n de mobiliario COSMOS en Madrid","breadcrumb":{"@id":"https:\/\/espacioaretha.com\/explora\/actualidad\/presentacion-de-cosmos-en-madrid\/#breadcrumb"},"inLanguage":"es","potentialAction":[{"@type":"ReadAction","target":["https:\/\/espacioaretha.com\/explora\/actualidad\/presentacion-de-cosmos-en-madrid\/"]}]},{"@type":"ImageObject","inLanguage":"es","@id":"https:\/\/espacioaretha.com\/explora\/actualidad\/presentacion-de-cosmos-en-madrid\/#primaryimage","url":"https:\/\/espacioaretha.com\/explora\/wp-content\/uploads\/2024\/11\/after-event_GIF.gif","contentUrl":"https:\/\/espacioaretha.com\/explora\/wp-content\/uploads\/2024\/11\/after-event_GIF.gif","width":1000,"height":700,"caption":"Cosmos en Madrid por Norman Foster Foundation, Tecno y Aretha"},{"@type":"BreadcrumbList","@id":"https:\/\/espacioaretha.com\/explora\/actualidad\/presentacion-de-cosmos-en-madrid\/#breadcrumb","itemListElement":[{"@type":"ListItem","position":1,"name":"Portada","item":"https:\/\/espacioaretha.com\/explora\/"},{"@type":"ListItem","position":2,"name":"Actualidad","item":"https:\/\/espacioaretha.com\/explora\/actualidad\/"},{"@type":"ListItem","position":3,"name":"Presentaci\u00f3n de Cosmos en Madrid"}]},{"@type":"WebSite","@id":"https:\/\/espacioaretha.com\/explora\/#website","url":"https:\/\/espacioaretha.com\/explora\/","name":"Aretha Explora","description":"Plataforma de contenidos e inspiraci\u00f3n sobre arquitectura, dise\u00f1o y mucho m\u00e1s","publisher":{"@id":"https:\/\/espacioaretha.com\/explora\/#organization"},"potentialAction":[{"@type":"SearchAction","target":{"@type":"EntryPoint","urlTemplate":"https:\/\/espacioaretha.com\/explora\/?s={search_term_string}"},"query-input":{"@type":"PropertyValueSpecification","valueRequired":true,"valueName":"search_term_string"}}],"inLanguage":"es"},{"@type":"Organization","@id":"https:\/\/espacioaretha.com\/explora\/#organization","name":"Aretha Explora","alternateName":"Aretha","url":"https:\/\/espacioaretha.com\/explora\/","logo":{"@type":"ImageObject","inLanguage":"es","@id":"https:\/\/espacioaretha.com\/explora\/#\/schema\/logo\/image\/","url":"https:\/\/espacioaretha.com\/explora\/wp-content\/uploads\/2022\/05\/Ojo-web.jpg","contentUrl":"https:\/\/espacioaretha.com\/explora\/wp-content\/uploads\/2022\/05\/Ojo-web.jpg","width":1920,"height":1080,"caption":"Aretha Explora"},"image":{"@id":"https:\/\/espacioaretha.com\/explora\/#\/schema\/logo\/image\/"}}]}},"_links":{"self":[{"href":"https:\/\/espacioaretha.com\/explora\/wp-json\/wp\/v2\/actualidad\/4594","targetHints":{"allow":["GET"]}}],"collection":[{"href":"https:\/\/espacioaretha.com\/explora\/wp-json\/wp\/v2\/actualidad"}],"about":[{"href":"https:\/\/espacioaretha.com\/explora\/wp-json\/wp\/v2\/types\/actualidad"}],"author":[{"embeddable":true,"href":"https:\/\/espacioaretha.com\/explora\/wp-json\/wp\/v2\/users\/25"}],"version-history":[{"count":7,"href":"https:\/\/espacioaretha.com\/explora\/wp-json\/wp\/v2\/actualidad\/4594\/revisions"}],"predecessor-version":[{"id":4616,"href":"https:\/\/espacioaretha.com\/explora\/wp-json\/wp\/v2\/actualidad\/4594\/revisions\/4616"}],"wp:featuredmedia":[{"embeddable":true,"href":"https:\/\/espacioaretha.com\/explora\/wp-json\/wp\/v2\/media\/4598"}],"wp:attachment":[{"href":"https:\/\/espacioaretha.com\/explora\/wp-json\/wp\/v2\/media?parent=4594"}],"wp:term":[{"taxonomy":"actualidad_category","embeddable":true,"href":"https:\/\/espacioaretha.com\/explora\/wp-json\/wp\/v2\/actualidad_category?post=4594"}],"curies":[{"name":"wp","href":"https:\/\/api.w.org\/{rel}","templated":true}]}}