{"id":4637,"date":"2025-01-27T12:13:28","date_gmt":"2025-01-27T11:13:28","guid":{"rendered":"https:\/\/espacioaretha.com\/explora\/?post_type=actualidad&#038;p=4637"},"modified":"2025-01-27T13:25:22","modified_gmt":"2025-01-27T12:25:22","slug":"masterclass-el-futuro-de-los-espacios-de-trabajo-en-matcoam","status":"publish","type":"actualidad","link":"https:\/\/espacioaretha.com\/explora\/actualidad\/masterclass-el-futuro-de-los-espacios-de-trabajo-en-matcoam\/","title":{"rendered":"Masterclass El futuro de los espacios de trabajo en MATCOAM"},"content":{"rendered":"\n<p>Empezamos el a\u00f1o participando en la Masterclass \u00abEl futuro de los espacios de trabajo\u00bb, organizada por <a href=\"https:\/\/matcoam.coam.org\/\">MATCOAM<\/a>. Una sesi\u00f3n dedicada a descubrir c\u00f3mo las oficinas se est\u00e1n transformando y adaptando a los nuevos conceptos y metodolog\u00edas.<\/p>\n\n\n\n<p>Desde <strong><a href=\"https:\/\/espacioaretha.com\/firmas\/\">Aretha<\/a><\/strong> participamos en el bloque dedicado a la <em>Innovaci\u00f3n en el dise\u00f1o de oficinas<\/em>, presentando nuestras soluciones para el equipamiento y acondicionamiento de los espacios de trabajo.<\/p>\n\n\n\n<p>Agradecemos a MATCOAM la invitaci\u00f3n, y a todos los asistentes de este primer evento del a\u00f1o.<\/p>\n\n\n\n<figure class=\"wp-block-gallery has-nested-images columns-default is-cropped wp-block-gallery-1 is-layout-flex wp-block-gallery-is-layout-flex\">\n<figure class=\"wp-block-image size-large\"><img loading=\"lazy\" decoding=\"async\" width=\"1024\" height=\"1024\" data-id=\"4641\" src=\"https:\/\/espacioaretha.com\/explora\/wp-content\/uploads\/2025\/01\/4-evento-workplace-1024x1024.jpg\" alt=\"evento futuro espacios de trabajo\" class=\"wp-image-4641\" srcset=\"https:\/\/espacioaretha.com\/explora\/wp-content\/uploads\/2025\/01\/4-evento-workplace-1024x1024.jpg 1024w, https:\/\/espacioaretha.com\/explora\/wp-content\/uploads\/2025\/01\/4-evento-workplace-300x300.jpg 300w, https:\/\/espacioaretha.com\/explora\/wp-content\/uploads\/2025\/01\/4-evento-workplace-150x150.jpg 150w, https:\/\/espacioaretha.com\/explora\/wp-content\/uploads\/2025\/01\/4-evento-workplace-768x768.jpg 768w, https:\/\/espacioaretha.com\/explora\/wp-content\/uploads\/2025\/01\/4-evento-workplace.jpg 1080w\" sizes=\"auto, (max-width: 1024px) 100vw, 1024px\" \/><\/figure>\n\n\n\n<figure class=\"wp-block-image size-large\"><img loading=\"lazy\" decoding=\"async\" width=\"1024\" height=\"1024\" data-id=\"4640\" src=\"https:\/\/espacioaretha.com\/explora\/wp-content\/uploads\/2025\/01\/3-evento-workplace-1024x1024.jpg\" alt=\"evento futuro espacios de trabajo\" class=\"wp-image-4640\" srcset=\"https:\/\/espacioaretha.com\/explora\/wp-content\/uploads\/2025\/01\/3-evento-workplace-1024x1024.jpg 1024w, https:\/\/espacioaretha.com\/explora\/wp-content\/uploads\/2025\/01\/3-evento-workplace-300x300.jpg 300w, https:\/\/espacioaretha.com\/explora\/wp-content\/uploads\/2025\/01\/3-evento-workplace-150x150.jpg 150w, https:\/\/espacioaretha.com\/explora\/wp-content\/uploads\/2025\/01\/3-evento-workplace-768x768.jpg 768w, https:\/\/espacioaretha.com\/explora\/wp-content\/uploads\/2025\/01\/3-evento-workplace.jpg 1080w\" sizes=\"auto, (max-width: 1024px) 100vw, 1024px\" \/><\/figure>\n\n\n\n<figure class=\"wp-block-image size-large\"><img loading=\"lazy\" decoding=\"async\" width=\"1024\" height=\"1024\" data-id=\"4639\" src=\"https:\/\/espacioaretha.com\/explora\/wp-content\/uploads\/2025\/01\/2-evento-workplace-1024x1024.jpg\" alt=\"evento futuro espacios de trabajo\" class=\"wp-image-4639\" srcset=\"https:\/\/espacioaretha.com\/explora\/wp-content\/uploads\/2025\/01\/2-evento-workplace-1024x1024.jpg 1024w, https:\/\/espacioaretha.com\/explora\/wp-content\/uploads\/2025\/01\/2-evento-workplace-300x300.jpg 300w, https:\/\/espacioaretha.com\/explora\/wp-content\/uploads\/2025\/01\/2-evento-workplace-150x150.jpg 150w, https:\/\/espacioaretha.com\/explora\/wp-content\/uploads\/2025\/01\/2-evento-workplace-768x768.jpg 768w, https:\/\/espacioaretha.com\/explora\/wp-content\/uploads\/2025\/01\/2-evento-workplace.jpg 1080w\" sizes=\"auto, (max-width: 1024px) 100vw, 1024px\" \/><\/figure>\n<\/figure>\n\n\n\n<p><\/p>\n","protected":false},"excerpt":{"rendered":"<p>Invitados por el departamento de materiales del COAM (MATCOAM) participamos en su masterclass dedicada al dise\u00f1o de los espacios de trabajo<\/p>\n","protected":false},"author":25,"featured_media":4642,"template":"","meta":{"footnotes":""},"actualidad_category":[158],"class_list":["post-4637","actualidad","type-actualidad","status-publish","has-post-thumbnail","hentry","actualidad_category-relaciones-institucionales"],"yoast_head":"<!-- This site is optimized with the Yoast SEO plugin v27.4 - https:\/\/yoast.com\/product\/yoast-seo-wordpress\/ -->\n<title>Masterclass el Futuro de los espacios de trabajo<\/title>\n<meta name=\"description\" content=\"Colaboramos en la masterclass sobre el Futuro de los espacios de trabajo de MATCOAM. Presentando soluciones para el equipamiento de oficinas.\" \/>\n<meta name=\"robots\" content=\"index, follow, max-snippet:-1, max-image-preview:large, max-video-preview:-1\" \/>\n<link rel=\"canonical\" href=\"https:\/\/espacioaretha.com\/explora\/actualidad\/masterclass-el-futuro-de-los-espacios-de-trabajo-en-matcoam\/\" \/>\n<meta property=\"og:locale\" content=\"es_ES\" \/>\n<meta property=\"og:type\" content=\"article\" \/>\n<meta property=\"og:title\" content=\"Masterclass el Futuro de los espacios de trabajo\" \/>\n<meta property=\"og:description\" content=\"Colaboramos en la masterclass sobre el Futuro de los espacios de trabajo de MATCOAM. Presentando soluciones para el equipamiento de oficinas.\" \/>\n<meta property=\"og:url\" content=\"https:\/\/espacioaretha.com\/explora\/actualidad\/masterclass-el-futuro-de-los-espacios-de-trabajo-en-matcoam\/\" \/>\n<meta property=\"og:site_name\" content=\"Aretha Explora\" \/>\n<meta property=\"article:modified_time\" content=\"2025-01-27T12:25:22+00:00\" \/>\n<meta property=\"og:image\" content=\"https:\/\/espacioaretha.com\/explora\/wp-content\/uploads\/2025\/01\/1.jpg\" \/>\n\t<meta property=\"og:image:width\" content=\"1440\" \/>\n\t<meta property=\"og:image:height\" content=\"900\" \/>\n\t<meta property=\"og:image:type\" content=\"image\/jpeg\" \/>\n<meta name=\"twitter:card\" content=\"summary_large_image\" \/>\n<meta name=\"twitter:title\" content=\"Masterclass el Futuro de los espacios de trabajo\" \/>\n<meta name=\"twitter:description\" content=\"Colaboramos en la masterclass sobre el Futuro de los espacios de trabajo de MATCOAM. Presentando soluciones para el equipamiento de oficinas.\" \/>\n<meta name=\"twitter:image\" content=\"https:\/\/espacioaretha.com\/explora\/wp-content\/uploads\/2025\/01\/1.jpg\" \/>\n<meta name=\"twitter:label1\" content=\"Tiempo de lectura\" \/>\n\t<meta name=\"twitter:data1\" content=\"2 minutos\" \/>\n<script type=\"application\/ld+json\" class=\"yoast-schema-graph\">{\"@context\":\"https:\\\/\\\/schema.org\",\"@graph\":[{\"@type\":\"WebPage\",\"@id\":\"https:\\\/\\\/espacioaretha.com\\\/explora\\\/actualidad\\\/masterclass-el-futuro-de-los-espacios-de-trabajo-en-matcoam\\\/\",\"url\":\"https:\\\/\\\/espacioaretha.com\\\/explora\\\/actualidad\\\/masterclass-el-futuro-de-los-espacios-de-trabajo-en-matcoam\\\/\",\"name\":\"Masterclass el Futuro de los espacios de trabajo\",\"isPartOf\":{\"@id\":\"https:\\\/\\\/espacioaretha.com\\\/explora\\\/#website\"},\"primaryImageOfPage\":{\"@id\":\"https:\\\/\\\/espacioaretha.com\\\/explora\\\/actualidad\\\/masterclass-el-futuro-de-los-espacios-de-trabajo-en-matcoam\\\/#primaryimage\"},\"image\":{\"@id\":\"https:\\\/\\\/espacioaretha.com\\\/explora\\\/actualidad\\\/masterclass-el-futuro-de-los-espacios-de-trabajo-en-matcoam\\\/#primaryimage\"},\"thumbnailUrl\":\"https:\\\/\\\/espacioaretha.com\\\/explora\\\/wp-content\\\/uploads\\\/2025\\\/01\\\/1.jpg\",\"datePublished\":\"2025-01-27T11:13:28+00:00\",\"dateModified\":\"2025-01-27T12:25:22+00:00\",\"description\":\"Colaboramos en la masterclass sobre el Futuro de los espacios de trabajo de MATCOAM. Presentando soluciones para el equipamiento de oficinas.\",\"breadcrumb\":{\"@id\":\"https:\\\/\\\/espacioaretha.com\\\/explora\\\/actualidad\\\/masterclass-el-futuro-de-los-espacios-de-trabajo-en-matcoam\\\/#breadcrumb\"},\"inLanguage\":\"es\",\"potentialAction\":[{\"@type\":\"ReadAction\",\"target\":[\"https:\\\/\\\/espacioaretha.com\\\/explora\\\/actualidad\\\/masterclass-el-futuro-de-los-espacios-de-trabajo-en-matcoam\\\/\"]}]},{\"@type\":\"ImageObject\",\"inLanguage\":\"es\",\"@id\":\"https:\\\/\\\/espacioaretha.com\\\/explora\\\/actualidad\\\/masterclass-el-futuro-de-los-espacios-de-trabajo-en-matcoam\\\/#primaryimage\",\"url\":\"https:\\\/\\\/espacioaretha.com\\\/explora\\\/wp-content\\\/uploads\\\/2025\\\/01\\\/1.jpg\",\"contentUrl\":\"https:\\\/\\\/espacioaretha.com\\\/explora\\\/wp-content\\\/uploads\\\/2025\\\/01\\\/1.jpg\",\"width\":1440,\"height\":900,\"caption\":\"evento espacio de trabajo\"},{\"@type\":\"BreadcrumbList\",\"@id\":\"https:\\\/\\\/espacioaretha.com\\\/explora\\\/actualidad\\\/masterclass-el-futuro-de-los-espacios-de-trabajo-en-matcoam\\\/#breadcrumb\",\"itemListElement\":[{\"@type\":\"ListItem\",\"position\":1,\"name\":\"Portada\",\"item\":\"https:\\\/\\\/espacioaretha.com\\\/explora\\\/\"},{\"@type\":\"ListItem\",\"position\":2,\"name\":\"Actualidad\",\"item\":\"https:\\\/\\\/espacioaretha.com\\\/explora\\\/actualidad\\\/\"},{\"@type\":\"ListItem\",\"position\":3,\"name\":\"Masterclass El futuro de los espacios de trabajo en MATCOAM\"}]},{\"@type\":\"WebSite\",\"@id\":\"https:\\\/\\\/espacioaretha.com\\\/explora\\\/#website\",\"url\":\"https:\\\/\\\/espacioaretha.com\\\/explora\\\/\",\"name\":\"Aretha Explora\",\"description\":\"Plataforma de contenidos e inspiraci\u00f3n sobre arquitectura, dise\u00f1o y mucho m\u00e1s\",\"publisher\":{\"@id\":\"https:\\\/\\\/espacioaretha.com\\\/explora\\\/#organization\"},\"potentialAction\":[{\"@type\":\"SearchAction\",\"target\":{\"@type\":\"EntryPoint\",\"urlTemplate\":\"https:\\\/\\\/espacioaretha.com\\\/explora\\\/?s={search_term_string}\"},\"query-input\":{\"@type\":\"PropertyValueSpecification\",\"valueRequired\":true,\"valueName\":\"search_term_string\"}}],\"inLanguage\":\"es\"},{\"@type\":\"Organization\",\"@id\":\"https:\\\/\\\/espacioaretha.com\\\/explora\\\/#organization\",\"name\":\"Aretha Explora\",\"alternateName\":\"Aretha\",\"url\":\"https:\\\/\\\/espacioaretha.com\\\/explora\\\/\",\"logo\":{\"@type\":\"ImageObject\",\"inLanguage\":\"es\",\"@id\":\"https:\\\/\\\/espacioaretha.com\\\/explora\\\/#\\\/schema\\\/logo\\\/image\\\/\",\"url\":\"https:\\\/\\\/espacioaretha.com\\\/explora\\\/wp-content\\\/uploads\\\/2022\\\/05\\\/Ojo-web.jpg\",\"contentUrl\":\"https:\\\/\\\/espacioaretha.com\\\/explora\\\/wp-content\\\/uploads\\\/2022\\\/05\\\/Ojo-web.jpg\",\"width\":1920,\"height\":1080,\"caption\":\"Aretha Explora\"},\"image\":{\"@id\":\"https:\\\/\\\/espacioaretha.com\\\/explora\\\/#\\\/schema\\\/logo\\\/image\\\/\"}}]}<\/script>\n<!-- \/ Yoast SEO plugin. -->","yoast_head_json":{"title":"Masterclass el Futuro de los espacios de trabajo","description":"Colaboramos en la masterclass sobre el Futuro de los espacios de trabajo de MATCOAM. Presentando soluciones para el equipamiento de oficinas.","robots":{"index":"index","follow":"follow","max-snippet":"max-snippet:-1","max-image-preview":"max-image-preview:large","max-video-preview":"max-video-preview:-1"},"canonical":"https:\/\/espacioaretha.com\/explora\/actualidad\/masterclass-el-futuro-de-los-espacios-de-trabajo-en-matcoam\/","og_locale":"es_ES","og_type":"article","og_title":"Masterclass el Futuro de los espacios de trabajo","og_description":"Colaboramos en la masterclass sobre el Futuro de los espacios de trabajo de MATCOAM. Presentando soluciones para el equipamiento de oficinas.","og_url":"https:\/\/espacioaretha.com\/explora\/actualidad\/masterclass-el-futuro-de-los-espacios-de-trabajo-en-matcoam\/","og_site_name":"Aretha Explora","article_modified_time":"2025-01-27T12:25:22+00:00","og_image":[{"width":1440,"height":900,"url":"https:\/\/espacioaretha.com\/explora\/wp-content\/uploads\/2025\/01\/1.jpg","type":"image\/jpeg"}],"twitter_card":"summary_large_image","twitter_title":"Masterclass el Futuro de los espacios de trabajo","twitter_description":"Colaboramos en la masterclass sobre el Futuro de los espacios de trabajo de MATCOAM. Presentando soluciones para el equipamiento de oficinas.","twitter_image":"https:\/\/espacioaretha.com\/explora\/wp-content\/uploads\/2025\/01\/1.jpg","twitter_misc":{"Tiempo de lectura":"2 minutos"},"schema":{"@context":"https:\/\/schema.org","@graph":[{"@type":"WebPage","@id":"https:\/\/espacioaretha.com\/explora\/actualidad\/masterclass-el-futuro-de-los-espacios-de-trabajo-en-matcoam\/","url":"https:\/\/espacioaretha.com\/explora\/actualidad\/masterclass-el-futuro-de-los-espacios-de-trabajo-en-matcoam\/","name":"Masterclass el Futuro de los espacios de trabajo","isPartOf":{"@id":"https:\/\/espacioaretha.com\/explora\/#website"},"primaryImageOfPage":{"@id":"https:\/\/espacioaretha.com\/explora\/actualidad\/masterclass-el-futuro-de-los-espacios-de-trabajo-en-matcoam\/#primaryimage"},"image":{"@id":"https:\/\/espacioaretha.com\/explora\/actualidad\/masterclass-el-futuro-de-los-espacios-de-trabajo-en-matcoam\/#primaryimage"},"thumbnailUrl":"https:\/\/espacioaretha.com\/explora\/wp-content\/uploads\/2025\/01\/1.jpg","datePublished":"2025-01-27T11:13:28+00:00","dateModified":"2025-01-27T12:25:22+00:00","description":"Colaboramos en la masterclass sobre el Futuro de los espacios de trabajo de MATCOAM. Presentando soluciones para el equipamiento de oficinas.","breadcrumb":{"@id":"https:\/\/espacioaretha.com\/explora\/actualidad\/masterclass-el-futuro-de-los-espacios-de-trabajo-en-matcoam\/#breadcrumb"},"inLanguage":"es","potentialAction":[{"@type":"ReadAction","target":["https:\/\/espacioaretha.com\/explora\/actualidad\/masterclass-el-futuro-de-los-espacios-de-trabajo-en-matcoam\/"]}]},{"@type":"ImageObject","inLanguage":"es","@id":"https:\/\/espacioaretha.com\/explora\/actualidad\/masterclass-el-futuro-de-los-espacios-de-trabajo-en-matcoam\/#primaryimage","url":"https:\/\/espacioaretha.com\/explora\/wp-content\/uploads\/2025\/01\/1.jpg","contentUrl":"https:\/\/espacioaretha.com\/explora\/wp-content\/uploads\/2025\/01\/1.jpg","width":1440,"height":900,"caption":"evento espacio de trabajo"},{"@type":"BreadcrumbList","@id":"https:\/\/espacioaretha.com\/explora\/actualidad\/masterclass-el-futuro-de-los-espacios-de-trabajo-en-matcoam\/#breadcrumb","itemListElement":[{"@type":"ListItem","position":1,"name":"Portada","item":"https:\/\/espacioaretha.com\/explora\/"},{"@type":"ListItem","position":2,"name":"Actualidad","item":"https:\/\/espacioaretha.com\/explora\/actualidad\/"},{"@type":"ListItem","position":3,"name":"Masterclass El futuro de los espacios de trabajo en MATCOAM"}]},{"@type":"WebSite","@id":"https:\/\/espacioaretha.com\/explora\/#website","url":"https:\/\/espacioaretha.com\/explora\/","name":"Aretha Explora","description":"Plataforma de contenidos e inspiraci\u00f3n sobre arquitectura, dise\u00f1o y mucho m\u00e1s","publisher":{"@id":"https:\/\/espacioaretha.com\/explora\/#organization"},"potentialAction":[{"@type":"SearchAction","target":{"@type":"EntryPoint","urlTemplate":"https:\/\/espacioaretha.com\/explora\/?s={search_term_string}"},"query-input":{"@type":"PropertyValueSpecification","valueRequired":true,"valueName":"search_term_string"}}],"inLanguage":"es"},{"@type":"Organization","@id":"https:\/\/espacioaretha.com\/explora\/#organization","name":"Aretha Explora","alternateName":"Aretha","url":"https:\/\/espacioaretha.com\/explora\/","logo":{"@type":"ImageObject","inLanguage":"es","@id":"https:\/\/espacioaretha.com\/explora\/#\/schema\/logo\/image\/","url":"https:\/\/espacioaretha.com\/explora\/wp-content\/uploads\/2022\/05\/Ojo-web.jpg","contentUrl":"https:\/\/espacioaretha.com\/explora\/wp-content\/uploads\/2022\/05\/Ojo-web.jpg","width":1920,"height":1080,"caption":"Aretha Explora"},"image":{"@id":"https:\/\/espacioaretha.com\/explora\/#\/schema\/logo\/image\/"}}]}},"_links":{"self":[{"href":"https:\/\/espacioaretha.com\/explora\/wp-json\/wp\/v2\/actualidad\/4637","targetHints":{"allow":["GET"]}}],"collection":[{"href":"https:\/\/espacioaretha.com\/explora\/wp-json\/wp\/v2\/actualidad"}],"about":[{"href":"https:\/\/espacioaretha.com\/explora\/wp-json\/wp\/v2\/types\/actualidad"}],"author":[{"embeddable":true,"href":"https:\/\/espacioaretha.com\/explora\/wp-json\/wp\/v2\/users\/25"}],"version-history":[{"count":4,"href":"https:\/\/espacioaretha.com\/explora\/wp-json\/wp\/v2\/actualidad\/4637\/revisions"}],"predecessor-version":[{"id":4646,"href":"https:\/\/espacioaretha.com\/explora\/wp-json\/wp\/v2\/actualidad\/4637\/revisions\/4646"}],"wp:featuredmedia":[{"embeddable":true,"href":"https:\/\/espacioaretha.com\/explora\/wp-json\/wp\/v2\/media\/4642"}],"wp:attachment":[{"href":"https:\/\/espacioaretha.com\/explora\/wp-json\/wp\/v2\/media?parent=4637"}],"wp:term":[{"taxonomy":"actualidad_category","embeddable":true,"href":"https:\/\/espacioaretha.com\/explora\/wp-json\/wp\/v2\/actualidad_category?post=4637"}],"curies":[{"name":"wp","href":"https:\/\/api.w.org\/{rel}","templated":true}]}}