{"id":4672,"date":"2025-02-25T10:39:24","date_gmt":"2025-02-25T09:39:24","guid":{"rendered":"https:\/\/espacioaretha.com\/explora\/?post_type=actualidad&#038;p=4672"},"modified":"2025-02-25T11:51:24","modified_gmt":"2025-02-25T10:51:24","slug":"proyectos-que-transforman-ciudades","status":"publish","type":"actualidad","link":"https:\/\/espacioaretha.com\/explora\/actualidad\/proyectos-que-transforman-ciudades\/","title":{"rendered":"Proyectos que transforman ciudades"},"content":{"rendered":"\n<p><strong>Un evento que explor\u00f3, junto a l\u00edderes arquitectos y urbanistas, la transformaci\u00f3n de nuestras ciudades ante los pr\u00f3ximos desaf\u00edos globales de la sociedad.<\/strong><\/p>\n\n\n\n<p>Inaugurado por <strong>Pablo Olalquiaga, <\/strong>vicedecano del<strong> COAM<\/strong>, nos acercamos a la ciudad de Madrid y destapando el papel que la arquitectura ha desempe\u00f1ado en su transformaci\u00f3n social, cultural y ambiental.<\/p>\n\n\n\n<p>La sesi\u00f3n introductoria continu\u00f3 con la intervenci\u00f3n de <strong>Jose Mar\u00eda Ezquiaga<\/strong>, Doctor arquitecto y soci\u00f3logo, para trasladar su visi\u00f3n sobre la&nbsp;ciudad&nbsp;que&nbsp;queremos y merecemos, y c\u00f3mo la condici\u00f3n urbana contempor\u00e1nea demanda nuevos modos de&nbsp;pensar&nbsp;y&nbsp;proyectar&nbsp;las&nbsp;ciudades.<\/p>\n\n\n\n<p>Cerrando el bloque introductorio <strong>Rita Gasalla<\/strong>, <strong>CEO&nbsp;de&nbsp;Gal\u00f6w y presidenta&nbsp;del Observatorio&nbsp;de&nbsp;Arquitectura Saludable<\/strong>, habl\u00f3 sobre la ciudad saludable, una visi\u00f3n del urbanismo centrada en la vida. Su reflexi\u00f3n profundiz\u00f3 en el impacto que el entorno urbano ejerce sobre la salud y la calidad de vida, con una mirada m\u00e1s amplia hacia las ciudades del futuro y la clave para el futuro, las&nbsp;Healthy Smart Cities.<\/p>\n\n\n\n<p>El encuentro continu\u00f3 con la presentaci\u00f3n de proyectos arquitect\u00f3nicos y urban\u00edsticos de referencia que han impactado significativamente en las ciudades contempor\u00e1neas. En este contexto, se puso un \u00e9nfasis especial en la capital, analizando proyectos que han contribuido a su transformaci\u00f3n hacia un modelo de innovaci\u00f3n y sostenibilidad urbana.<\/p>\n\n\n\n<p>La directora gerente del<strong> Colegio Oficial de Arquitectos de Madrid, \u00c1ngela Baldellou, <\/strong>moder\u00f3 un debate en el que participaron arquitectos y profesionales de renombre. <\/p>\n\n\n\n<figure class=\"wp-block-image size-large\"><img loading=\"lazy\" decoding=\"async\" width=\"1024\" height=\"683\" src=\"https:\/\/espacioaretha.com\/explora\/wp-content\/uploads\/2025\/02\/ARETHA_NUEVAS_CIUDADES_087-1024x683.jpg\" alt=\"\" class=\"wp-image-4687\" srcset=\"https:\/\/espacioaretha.com\/explora\/wp-content\/uploads\/2025\/02\/ARETHA_NUEVAS_CIUDADES_087-1024x683.jpg 1024w, https:\/\/espacioaretha.com\/explora\/wp-content\/uploads\/2025\/02\/ARETHA_NUEVAS_CIUDADES_087-300x200.jpg 300w, https:\/\/espacioaretha.com\/explora\/wp-content\/uploads\/2025\/02\/ARETHA_NUEVAS_CIUDADES_087-768x512.jpg 768w, https:\/\/espacioaretha.com\/explora\/wp-content\/uploads\/2025\/02\/ARETHA_NUEVAS_CIUDADES_087-1536x1024.jpg 1536w, https:\/\/espacioaretha.com\/explora\/wp-content\/uploads\/2025\/02\/ARETHA_NUEVAS_CIUDADES_087-2048x1365.jpg 2048w\" sizes=\"auto, (max-width: 1024px) 100vw, 1024px\" \/><\/figure>\n\n\n\n<p><strong>Carlos Lamela, presidente ejecutivo de Estudio Lamela<\/strong>, present\u00f3 el proyecto de Centro Canalejas, una de las intervenciones urbanas m\u00e1s importantes desarrolladas en Europa en los \u00faltimos tiempos.<\/p>\n\n\n\n<p><strong>Ferm\u00edn V\u00e1zquez, arquitecto y socio fundador de b720 Ferm\u00edn V\u00e1zquez Arquitectos,<\/strong> nos acerc\u00f3 a los proyectos de Renazca y la Nueva Estaci\u00f3n de Chamart\u00edn, proyectos que aspiran a cambiar la imagen de la ciudad de Madrid y que, con la sostenibilidad en su n\u00facleo, pretenden reactivar el espacio p\u00fablico.<\/p>\n\n\n\n<p><strong>Trist\u00e1n L\u00f3pez Chicheri, CEO Senior Partner de L35<\/strong>, expuso proyectos internacionales transformadores y generadores para las ciudades que los acogen.<\/p>\n\n\n\n<p><strong>Agust\u00edn P\u00e9rez-Torres, arquitecto y socio del estudio internacional BIG Bjarke Ingels Group<\/strong>, bas\u00f3 su exposici\u00f3n en la premisa de si es posible utilizar los valores de sostenibilidad como elemento clave de&nbsp;la renovaci\u00f3n urbana. Utilizando como ejemplo&nbsp;las oficinas para la comisi\u00f3n europea en Sevilla ( Joint Research Center \/ JRC) , y la central energ\u00e9tica (Copenhill) en Copenhague, como casos potencialmente extrapolables a otras ciudades, independientemente de su situaci\u00f3n geogr\u00e1fica.<\/p>\n\n\n\n<p><strong>Catherine Cummings, directora de Sostenibilidad y RRII Sanitas<\/strong>, nos acerc\u00f3 al proyecto de sostenibilidad de Sanitas, Healthy Cities. Una iniciativa que promueve la que promueve la actividad f\u00edsica diaria entre las personas para mejorar su salud y la del entorno urbano en el que viven, consciente de la interconexi\u00f3n que existe entre ambas.<\/p>\n\n\n\n<p>Un di\u00e1logo que se centr\u00f3 en c\u00f3mo la arquitectura, la sostenibilidad y la innovaci\u00f3n tecnol\u00f3gica est\u00e1n configurando el futuro de las ciudades, ofreciendo ideas y perspectivas clave para afrontar los desaf\u00edos del siglo XXI. Recalcando la importancia de replantear el futuro de nuestras ciudades, y explorar c\u00f3mo la tecnolog\u00eda, el cuidado del medio ambiente y el bienestar de las personas han de convertirse en el eje central del desarrollo urbano.<\/p>\n\n\n\n<p>Este evento, que forma parte de la sexta edici\u00f3n de <strong><em><u><a href=\"https:\/\/espacioaretha.com\/explora\/video-category\/conversacion\/\">#ConversacionesconAretha<\/a><\/u><\/em><\/strong>, fue un punto de encuentro para arquitectos, urbanistas y profesionales del sector. Un espacio de reflexi\u00f3n, promovido por <strong><a href=\"http:\/\/www.espacioaretha.com\">Aretha<\/a><\/strong>, que buscaba conectar a expertos y fomentar un di\u00e1logo profundo sobre los temas m\u00e1s relevantes y actuales de la arquitectura y el dise\u00f1o.<\/p>\n\n\n\n<p><\/p>\n\n\n\n<figure class=\"wp-block-gallery has-nested-images columns-default is-cropped wp-block-gallery-1 is-layout-flex wp-block-gallery-is-layout-flex\">\n<figure class=\"wp-block-image size-large\"><img loading=\"lazy\" decoding=\"async\" width=\"1024\" height=\"683\" data-id=\"4684\" src=\"https:\/\/espacioaretha.com\/explora\/wp-content\/uploads\/2025\/02\/ARETHA_NUEVAS_CIUDADES_131-1024x683.jpg\" alt=\"\" class=\"wp-image-4684\" srcset=\"https:\/\/espacioaretha.com\/explora\/wp-content\/uploads\/2025\/02\/ARETHA_NUEVAS_CIUDADES_131-1024x683.jpg 1024w, https:\/\/espacioaretha.com\/explora\/wp-content\/uploads\/2025\/02\/ARETHA_NUEVAS_CIUDADES_131-300x200.jpg 300w, https:\/\/espacioaretha.com\/explora\/wp-content\/uploads\/2025\/02\/ARETHA_NUEVAS_CIUDADES_131-768x512.jpg 768w, https:\/\/espacioaretha.com\/explora\/wp-content\/uploads\/2025\/02\/ARETHA_NUEVAS_CIUDADES_131-1536x1024.jpg 1536w, https:\/\/espacioaretha.com\/explora\/wp-content\/uploads\/2025\/02\/ARETHA_NUEVAS_CIUDADES_131-2048x1365.jpg 2048w\" sizes=\"auto, (max-width: 1024px) 100vw, 1024px\" \/><\/figure>\n\n\n\n<figure class=\"wp-block-image size-large\"><img loading=\"lazy\" decoding=\"async\" width=\"1024\" height=\"683\" data-id=\"4683\" src=\"https:\/\/espacioaretha.com\/explora\/wp-content\/uploads\/2025\/02\/ARETHA_NUEVAS_CIUDADES_039-1024x683.jpg\" alt=\"\" class=\"wp-image-4683\" srcset=\"https:\/\/espacioaretha.com\/explora\/wp-content\/uploads\/2025\/02\/ARETHA_NUEVAS_CIUDADES_039-1024x683.jpg 1024w, https:\/\/espacioaretha.com\/explora\/wp-content\/uploads\/2025\/02\/ARETHA_NUEVAS_CIUDADES_039-300x200.jpg 300w, https:\/\/espacioaretha.com\/explora\/wp-content\/uploads\/2025\/02\/ARETHA_NUEVAS_CIUDADES_039-768x512.jpg 768w, https:\/\/espacioaretha.com\/explora\/wp-content\/uploads\/2025\/02\/ARETHA_NUEVAS_CIUDADES_039-1536x1024.jpg 1536w, https:\/\/espacioaretha.com\/explora\/wp-content\/uploads\/2025\/02\/ARETHA_NUEVAS_CIUDADES_039-2048x1365.jpg 2048w\" sizes=\"auto, (max-width: 1024px) 100vw, 1024px\" \/><\/figure>\n\n\n\n<figure class=\"wp-block-image size-large\"><img loading=\"lazy\" decoding=\"async\" width=\"1024\" height=\"683\" data-id=\"4678\" src=\"https:\/\/espacioaretha.com\/explora\/wp-content\/uploads\/2025\/02\/ARETHA_NUEVAS_CIUDADES_071-1024x683.jpg\" alt=\"\" class=\"wp-image-4678\" srcset=\"https:\/\/espacioaretha.com\/explora\/wp-content\/uploads\/2025\/02\/ARETHA_NUEVAS_CIUDADES_071-1024x683.jpg 1024w, https:\/\/espacioaretha.com\/explora\/wp-content\/uploads\/2025\/02\/ARETHA_NUEVAS_CIUDADES_071-300x200.jpg 300w, https:\/\/espacioaretha.com\/explora\/wp-content\/uploads\/2025\/02\/ARETHA_NUEVAS_CIUDADES_071-768x512.jpg 768w, https:\/\/espacioaretha.com\/explora\/wp-content\/uploads\/2025\/02\/ARETHA_NUEVAS_CIUDADES_071-1536x1024.jpg 1536w, https:\/\/espacioaretha.com\/explora\/wp-content\/uploads\/2025\/02\/ARETHA_NUEVAS_CIUDADES_071-2048x1365.jpg 2048w\" sizes=\"auto, (max-width: 1024px) 100vw, 1024px\" \/><\/figure>\n\n\n\n<figure class=\"wp-block-image size-large\"><img loading=\"lazy\" decoding=\"async\" width=\"1024\" height=\"683\" data-id=\"4681\" src=\"https:\/\/espacioaretha.com\/explora\/wp-content\/uploads\/2025\/02\/ARETHA_NUEVAS_CIUDADES_028-1024x683.jpg\" alt=\"\" class=\"wp-image-4681\" srcset=\"https:\/\/espacioaretha.com\/explora\/wp-content\/uploads\/2025\/02\/ARETHA_NUEVAS_CIUDADES_028-1024x683.jpg 1024w, https:\/\/espacioaretha.com\/explora\/wp-content\/uploads\/2025\/02\/ARETHA_NUEVAS_CIUDADES_028-300x200.jpg 300w, https:\/\/espacioaretha.com\/explora\/wp-content\/uploads\/2025\/02\/ARETHA_NUEVAS_CIUDADES_028-768x512.jpg 768w, https:\/\/espacioaretha.com\/explora\/wp-content\/uploads\/2025\/02\/ARETHA_NUEVAS_CIUDADES_028-1536x1024.jpg 1536w, https:\/\/espacioaretha.com\/explora\/wp-content\/uploads\/2025\/02\/ARETHA_NUEVAS_CIUDADES_028-2048x1365.jpg 2048w\" sizes=\"auto, (max-width: 1024px) 100vw, 1024px\" \/><\/figure>\n\n\n\n<figure class=\"wp-block-image size-large\"><img loading=\"lazy\" decoding=\"async\" width=\"1024\" height=\"683\" data-id=\"4676\" src=\"https:\/\/espacioaretha.com\/explora\/wp-content\/uploads\/2025\/02\/ARETHA_NUEVAS_CIUDADES_099-1024x683.jpg\" alt=\"\" class=\"wp-image-4676\" srcset=\"https:\/\/espacioaretha.com\/explora\/wp-content\/uploads\/2025\/02\/ARETHA_NUEVAS_CIUDADES_099-1024x683.jpg 1024w, https:\/\/espacioaretha.com\/explora\/wp-content\/uploads\/2025\/02\/ARETHA_NUEVAS_CIUDADES_099-300x200.jpg 300w, https:\/\/espacioaretha.com\/explora\/wp-content\/uploads\/2025\/02\/ARETHA_NUEVAS_CIUDADES_099-768x512.jpg 768w, https:\/\/espacioaretha.com\/explora\/wp-content\/uploads\/2025\/02\/ARETHA_NUEVAS_CIUDADES_099-1536x1024.jpg 1536w, https:\/\/espacioaretha.com\/explora\/wp-content\/uploads\/2025\/02\/ARETHA_NUEVAS_CIUDADES_099-2048x1365.jpg 2048w\" sizes=\"auto, (max-width: 1024px) 100vw, 1024px\" \/><\/figure>\n\n\n\n<figure class=\"wp-block-image size-large\"><img loading=\"lazy\" decoding=\"async\" width=\"683\" height=\"1024\" data-id=\"4679\" src=\"https:\/\/espacioaretha.com\/explora\/wp-content\/uploads\/2025\/02\/ARETHA_NUEVAS_CIUDADES_060-683x1024.jpg\" alt=\"\" class=\"wp-image-4679\" srcset=\"https:\/\/espacioaretha.com\/explora\/wp-content\/uploads\/2025\/02\/ARETHA_NUEVAS_CIUDADES_060-683x1024.jpg 683w, https:\/\/espacioaretha.com\/explora\/wp-content\/uploads\/2025\/02\/ARETHA_NUEVAS_CIUDADES_060-200x300.jpg 200w, https:\/\/espacioaretha.com\/explora\/wp-content\/uploads\/2025\/02\/ARETHA_NUEVAS_CIUDADES_060-768x1152.jpg 768w, https:\/\/espacioaretha.com\/explora\/wp-content\/uploads\/2025\/02\/ARETHA_NUEVAS_CIUDADES_060-1024x1536.jpg 1024w, https:\/\/espacioaretha.com\/explora\/wp-content\/uploads\/2025\/02\/ARETHA_NUEVAS_CIUDADES_060-1365x2048.jpg 1365w, https:\/\/espacioaretha.com\/explora\/wp-content\/uploads\/2025\/02\/ARETHA_NUEVAS_CIUDADES_060-scaled.jpg 1707w\" sizes=\"auto, (max-width: 683px) 100vw, 683px\" \/><\/figure>\n\n\n\n<figure class=\"wp-block-image size-large\"><img loading=\"lazy\" decoding=\"async\" width=\"1024\" height=\"683\" data-id=\"4682\" src=\"https:\/\/espacioaretha.com\/explora\/wp-content\/uploads\/2025\/02\/ARETHA_NUEVAS_CIUDADES_023-1024x683.jpg\" alt=\"\" class=\"wp-image-4682\" srcset=\"https:\/\/espacioaretha.com\/explora\/wp-content\/uploads\/2025\/02\/ARETHA_NUEVAS_CIUDADES_023-1024x683.jpg 1024w, https:\/\/espacioaretha.com\/explora\/wp-content\/uploads\/2025\/02\/ARETHA_NUEVAS_CIUDADES_023-300x200.jpg 300w, https:\/\/espacioaretha.com\/explora\/wp-content\/uploads\/2025\/02\/ARETHA_NUEVAS_CIUDADES_023-768x512.jpg 768w, https:\/\/espacioaretha.com\/explora\/wp-content\/uploads\/2025\/02\/ARETHA_NUEVAS_CIUDADES_023-1536x1024.jpg 1536w, https:\/\/espacioaretha.com\/explora\/wp-content\/uploads\/2025\/02\/ARETHA_NUEVAS_CIUDADES_023-2048x1365.jpg 2048w\" sizes=\"auto, (max-width: 1024px) 100vw, 1024px\" \/><\/figure>\n\n\n\n<figure class=\"wp-block-image size-large\"><img loading=\"lazy\" decoding=\"async\" width=\"1024\" height=\"683\" data-id=\"4677\" src=\"https:\/\/espacioaretha.com\/explora\/wp-content\/uploads\/2025\/02\/ARETHA_NUEVAS_CIUDADES_096-1024x683.jpg\" alt=\"\" class=\"wp-image-4677\" srcset=\"https:\/\/espacioaretha.com\/explora\/wp-content\/uploads\/2025\/02\/ARETHA_NUEVAS_CIUDADES_096-1024x683.jpg 1024w, https:\/\/espacioaretha.com\/explora\/wp-content\/uploads\/2025\/02\/ARETHA_NUEVAS_CIUDADES_096-300x200.jpg 300w, https:\/\/espacioaretha.com\/explora\/wp-content\/uploads\/2025\/02\/ARETHA_NUEVAS_CIUDADES_096-768x512.jpg 768w, https:\/\/espacioaretha.com\/explora\/wp-content\/uploads\/2025\/02\/ARETHA_NUEVAS_CIUDADES_096-1536x1024.jpg 1536w, https:\/\/espacioaretha.com\/explora\/wp-content\/uploads\/2025\/02\/ARETHA_NUEVAS_CIUDADES_096-2048x1365.jpg 2048w\" sizes=\"auto, (max-width: 1024px) 100vw, 1024px\" \/><\/figure>\n\n\n\n<figure class=\"wp-block-image size-large\"><img loading=\"lazy\" decoding=\"async\" width=\"683\" height=\"1024\" data-id=\"4675\" src=\"https:\/\/espacioaretha.com\/explora\/wp-content\/uploads\/2025\/02\/ARETHA_NUEVAS_CIUDADES_119-683x1024.jpg\" alt=\"\" class=\"wp-image-4675\" srcset=\"https:\/\/espacioaretha.com\/explora\/wp-content\/uploads\/2025\/02\/ARETHA_NUEVAS_CIUDADES_119-683x1024.jpg 683w, https:\/\/espacioaretha.com\/explora\/wp-content\/uploads\/2025\/02\/ARETHA_NUEVAS_CIUDADES_119-200x300.jpg 200w, https:\/\/espacioaretha.com\/explora\/wp-content\/uploads\/2025\/02\/ARETHA_NUEVAS_CIUDADES_119-768x1152.jpg 768w, https:\/\/espacioaretha.com\/explora\/wp-content\/uploads\/2025\/02\/ARETHA_NUEVAS_CIUDADES_119-1024x1536.jpg 1024w, https:\/\/espacioaretha.com\/explora\/wp-content\/uploads\/2025\/02\/ARETHA_NUEVAS_CIUDADES_119-1365x2048.jpg 1365w, https:\/\/espacioaretha.com\/explora\/wp-content\/uploads\/2025\/02\/ARETHA_NUEVAS_CIUDADES_119-scaled.jpg 1706w\" sizes=\"auto, (max-width: 683px) 100vw, 683px\" \/><\/figure>\n<\/figure>\n","protected":false},"excerpt":{"rendered":"<p>Aretha organiz\u00f3, el pasado 20 de febrero en el Colegio Oficial de Arquitectos de Madrid, una cita especial en la que se analiz\u00f3 la transformaci\u00f3n de las ciudades y entornos urbanos ante los retos de un mundo en constante evoluci\u00f3n.<\/p>\n","protected":false},"author":25,"featured_media":4673,"template":"","meta":{"footnotes":""},"actualidad_category":[158],"class_list":["post-4672","actualidad","type-actualidad","status-publish","has-post-thumbnail","hentry","actualidad_category-relaciones-institucionales"],"yoast_head":"<!-- This site is optimized with the Yoast SEO plugin v27.4 - https:\/\/yoast.com\/product\/yoast-seo-wordpress\/ -->\n<title>Proyectos que transforman ciudades | Aretha Explora<\/title>\n<meta name=\"description\" content=\"Urbanistas y arquitectos debaten en el evento Proyectos que transforman ciudades organizado por Aretha y COAM.\" \/>\n<meta name=\"robots\" content=\"index, follow, max-snippet:-1, max-image-preview:large, max-video-preview:-1\" \/>\n<link rel=\"canonical\" href=\"https:\/\/espacioaretha.com\/explora\/actualidad\/proyectos-que-transforman-ciudades\/\" \/>\n<meta property=\"og:locale\" content=\"es_ES\" \/>\n<meta property=\"og:type\" content=\"article\" \/>\n<meta property=\"og:title\" content=\"Proyectos que transforman ciudades | Evento by Aretha\" \/>\n<meta property=\"og:description\" content=\"Urbanistas y arquitectos debaten en el evento Proyectos que transforman ciudades organizado por Aretha y COAM.\" \/>\n<meta property=\"og:url\" content=\"https:\/\/espacioaretha.com\/explora\/actualidad\/proyectos-que-transforman-ciudades\/\" \/>\n<meta property=\"og:site_name\" content=\"Aretha Explora\" \/>\n<meta property=\"article:modified_time\" content=\"2025-02-25T10:51:24+00:00\" \/>\n<meta property=\"og:image\" content=\"https:\/\/espacioaretha.com\/explora\/wp-content\/uploads\/2025\/02\/ARETHA_NUEVAS_CIUDADES_151-scaled.jpg\" \/>\n\t<meta property=\"og:image:width\" content=\"2560\" \/>\n\t<meta property=\"og:image:height\" content=\"1706\" \/>\n\t<meta property=\"og:image:type\" content=\"image\/jpeg\" \/>\n<meta name=\"twitter:card\" content=\"summary_large_image\" \/>\n<meta name=\"twitter:title\" content=\"Proyectos que transforman ciudades | Evento by Aretha\" \/>\n<meta name=\"twitter:description\" content=\"Urbanistas y arquitectos debaten en el evento Proyectos que transforman ciudades organizado por Aretha y COAM.\" \/>\n<meta name=\"twitter:image\" content=\"https:\/\/espacioaretha.com\/explora\/wp-content\/uploads\/2025\/02\/ARETHA_NUEVAS_CIUDADES_151-scaled.jpg\" \/>\n<meta name=\"twitter:label1\" content=\"Tiempo de lectura\" \/>\n\t<meta name=\"twitter:data1\" content=\"2 minutos\" \/>\n<script type=\"application\/ld+json\" class=\"yoast-schema-graph\">{\"@context\":\"https:\\\/\\\/schema.org\",\"@graph\":[{\"@type\":\"WebPage\",\"@id\":\"https:\\\/\\\/espacioaretha.com\\\/explora\\\/actualidad\\\/proyectos-que-transforman-ciudades\\\/\",\"url\":\"https:\\\/\\\/espacioaretha.com\\\/explora\\\/actualidad\\\/proyectos-que-transforman-ciudades\\\/\",\"name\":\"Proyectos que transforman ciudades | Aretha Explora\",\"isPartOf\":{\"@id\":\"https:\\\/\\\/espacioaretha.com\\\/explora\\\/#website\"},\"primaryImageOfPage\":{\"@id\":\"https:\\\/\\\/espacioaretha.com\\\/explora\\\/actualidad\\\/proyectos-que-transforman-ciudades\\\/#primaryimage\"},\"image\":{\"@id\":\"https:\\\/\\\/espacioaretha.com\\\/explora\\\/actualidad\\\/proyectos-que-transforman-ciudades\\\/#primaryimage\"},\"thumbnailUrl\":\"https:\\\/\\\/espacioaretha.com\\\/explora\\\/wp-content\\\/uploads\\\/2025\\\/02\\\/ARETHA_NUEVAS_CIUDADES_151-scaled.jpg\",\"datePublished\":\"2025-02-25T09:39:24+00:00\",\"dateModified\":\"2025-02-25T10:51:24+00:00\",\"description\":\"Urbanistas y arquitectos debaten en el evento Proyectos que transforman ciudades organizado por Aretha y COAM.\",\"breadcrumb\":{\"@id\":\"https:\\\/\\\/espacioaretha.com\\\/explora\\\/actualidad\\\/proyectos-que-transforman-ciudades\\\/#breadcrumb\"},\"inLanguage\":\"es\",\"potentialAction\":[{\"@type\":\"ReadAction\",\"target\":[\"https:\\\/\\\/espacioaretha.com\\\/explora\\\/actualidad\\\/proyectos-que-transforman-ciudades\\\/\"]}]},{\"@type\":\"ImageObject\",\"inLanguage\":\"es\",\"@id\":\"https:\\\/\\\/espacioaretha.com\\\/explora\\\/actualidad\\\/proyectos-que-transforman-ciudades\\\/#primaryimage\",\"url\":\"https:\\\/\\\/espacioaretha.com\\\/explora\\\/wp-content\\\/uploads\\\/2025\\\/02\\\/ARETHA_NUEVAS_CIUDADES_151-scaled.jpg\",\"contentUrl\":\"https:\\\/\\\/espacioaretha.com\\\/explora\\\/wp-content\\\/uploads\\\/2025\\\/02\\\/ARETHA_NUEVAS_CIUDADES_151-scaled.jpg\",\"width\":2560,\"height\":1706,\"caption\":\"ARETHA evento proeyctos que transforman ciudades\"},{\"@type\":\"BreadcrumbList\",\"@id\":\"https:\\\/\\\/espacioaretha.com\\\/explora\\\/actualidad\\\/proyectos-que-transforman-ciudades\\\/#breadcrumb\",\"itemListElement\":[{\"@type\":\"ListItem\",\"position\":1,\"name\":\"Portada\",\"item\":\"https:\\\/\\\/espacioaretha.com\\\/explora\\\/\"},{\"@type\":\"ListItem\",\"position\":2,\"name\":\"Actualidad\",\"item\":\"https:\\\/\\\/espacioaretha.com\\\/explora\\\/actualidad\\\/\"},{\"@type\":\"ListItem\",\"position\":3,\"name\":\"Proyectos que transforman ciudades\"}]},{\"@type\":\"WebSite\",\"@id\":\"https:\\\/\\\/espacioaretha.com\\\/explora\\\/#website\",\"url\":\"https:\\\/\\\/espacioaretha.com\\\/explora\\\/\",\"name\":\"Aretha Explora\",\"description\":\"Plataforma de contenidos e inspiraci\u00f3n sobre arquitectura, dise\u00f1o y mucho m\u00e1s\",\"publisher\":{\"@id\":\"https:\\\/\\\/espacioaretha.com\\\/explora\\\/#organization\"},\"potentialAction\":[{\"@type\":\"SearchAction\",\"target\":{\"@type\":\"EntryPoint\",\"urlTemplate\":\"https:\\\/\\\/espacioaretha.com\\\/explora\\\/?s={search_term_string}\"},\"query-input\":{\"@type\":\"PropertyValueSpecification\",\"valueRequired\":true,\"valueName\":\"search_term_string\"}}],\"inLanguage\":\"es\"},{\"@type\":\"Organization\",\"@id\":\"https:\\\/\\\/espacioaretha.com\\\/explora\\\/#organization\",\"name\":\"Aretha Explora\",\"alternateName\":\"Aretha\",\"url\":\"https:\\\/\\\/espacioaretha.com\\\/explora\\\/\",\"logo\":{\"@type\":\"ImageObject\",\"inLanguage\":\"es\",\"@id\":\"https:\\\/\\\/espacioaretha.com\\\/explora\\\/#\\\/schema\\\/logo\\\/image\\\/\",\"url\":\"https:\\\/\\\/espacioaretha.com\\\/explora\\\/wp-content\\\/uploads\\\/2022\\\/05\\\/Ojo-web.jpg\",\"contentUrl\":\"https:\\\/\\\/espacioaretha.com\\\/explora\\\/wp-content\\\/uploads\\\/2022\\\/05\\\/Ojo-web.jpg\",\"width\":1920,\"height\":1080,\"caption\":\"Aretha Explora\"},\"image\":{\"@id\":\"https:\\\/\\\/espacioaretha.com\\\/explora\\\/#\\\/schema\\\/logo\\\/image\\\/\"}}]}<\/script>\n<!-- \/ Yoast SEO plugin. -->","yoast_head_json":{"title":"Proyectos que transforman ciudades | Aretha Explora","description":"Urbanistas y arquitectos debaten en el evento Proyectos que transforman ciudades organizado por Aretha y COAM.","robots":{"index":"index","follow":"follow","max-snippet":"max-snippet:-1","max-image-preview":"max-image-preview:large","max-video-preview":"max-video-preview:-1"},"canonical":"https:\/\/espacioaretha.com\/explora\/actualidad\/proyectos-que-transforman-ciudades\/","og_locale":"es_ES","og_type":"article","og_title":"Proyectos que transforman ciudades | Evento by Aretha","og_description":"Urbanistas y arquitectos debaten en el evento Proyectos que transforman ciudades organizado por Aretha y COAM.","og_url":"https:\/\/espacioaretha.com\/explora\/actualidad\/proyectos-que-transforman-ciudades\/","og_site_name":"Aretha Explora","article_modified_time":"2025-02-25T10:51:24+00:00","og_image":[{"width":2560,"height":1706,"url":"https:\/\/espacioaretha.com\/explora\/wp-content\/uploads\/2025\/02\/ARETHA_NUEVAS_CIUDADES_151-scaled.jpg","type":"image\/jpeg"}],"twitter_card":"summary_large_image","twitter_title":"Proyectos que transforman ciudades | Evento by Aretha","twitter_description":"Urbanistas y arquitectos debaten en el evento Proyectos que transforman ciudades organizado por Aretha y COAM.","twitter_image":"https:\/\/espacioaretha.com\/explora\/wp-content\/uploads\/2025\/02\/ARETHA_NUEVAS_CIUDADES_151-scaled.jpg","twitter_misc":{"Tiempo de lectura":"2 minutos"},"schema":{"@context":"https:\/\/schema.org","@graph":[{"@type":"WebPage","@id":"https:\/\/espacioaretha.com\/explora\/actualidad\/proyectos-que-transforman-ciudades\/","url":"https:\/\/espacioaretha.com\/explora\/actualidad\/proyectos-que-transforman-ciudades\/","name":"Proyectos que transforman ciudades | Aretha Explora","isPartOf":{"@id":"https:\/\/espacioaretha.com\/explora\/#website"},"primaryImageOfPage":{"@id":"https:\/\/espacioaretha.com\/explora\/actualidad\/proyectos-que-transforman-ciudades\/#primaryimage"},"image":{"@id":"https:\/\/espacioaretha.com\/explora\/actualidad\/proyectos-que-transforman-ciudades\/#primaryimage"},"thumbnailUrl":"https:\/\/espacioaretha.com\/explora\/wp-content\/uploads\/2025\/02\/ARETHA_NUEVAS_CIUDADES_151-scaled.jpg","datePublished":"2025-02-25T09:39:24+00:00","dateModified":"2025-02-25T10:51:24+00:00","description":"Urbanistas y arquitectos debaten en el evento Proyectos que transforman ciudades organizado por Aretha y COAM.","breadcrumb":{"@id":"https:\/\/espacioaretha.com\/explora\/actualidad\/proyectos-que-transforman-ciudades\/#breadcrumb"},"inLanguage":"es","potentialAction":[{"@type":"ReadAction","target":["https:\/\/espacioaretha.com\/explora\/actualidad\/proyectos-que-transforman-ciudades\/"]}]},{"@type":"ImageObject","inLanguage":"es","@id":"https:\/\/espacioaretha.com\/explora\/actualidad\/proyectos-que-transforman-ciudades\/#primaryimage","url":"https:\/\/espacioaretha.com\/explora\/wp-content\/uploads\/2025\/02\/ARETHA_NUEVAS_CIUDADES_151-scaled.jpg","contentUrl":"https:\/\/espacioaretha.com\/explora\/wp-content\/uploads\/2025\/02\/ARETHA_NUEVAS_CIUDADES_151-scaled.jpg","width":2560,"height":1706,"caption":"ARETHA evento proeyctos que transforman ciudades"},{"@type":"BreadcrumbList","@id":"https:\/\/espacioaretha.com\/explora\/actualidad\/proyectos-que-transforman-ciudades\/#breadcrumb","itemListElement":[{"@type":"ListItem","position":1,"name":"Portada","item":"https:\/\/espacioaretha.com\/explora\/"},{"@type":"ListItem","position":2,"name":"Actualidad","item":"https:\/\/espacioaretha.com\/explora\/actualidad\/"},{"@type":"ListItem","position":3,"name":"Proyectos que transforman ciudades"}]},{"@type":"WebSite","@id":"https:\/\/espacioaretha.com\/explora\/#website","url":"https:\/\/espacioaretha.com\/explora\/","name":"Aretha Explora","description":"Plataforma de contenidos e inspiraci\u00f3n sobre arquitectura, dise\u00f1o y mucho m\u00e1s","publisher":{"@id":"https:\/\/espacioaretha.com\/explora\/#organization"},"potentialAction":[{"@type":"SearchAction","target":{"@type":"EntryPoint","urlTemplate":"https:\/\/espacioaretha.com\/explora\/?s={search_term_string}"},"query-input":{"@type":"PropertyValueSpecification","valueRequired":true,"valueName":"search_term_string"}}],"inLanguage":"es"},{"@type":"Organization","@id":"https:\/\/espacioaretha.com\/explora\/#organization","name":"Aretha Explora","alternateName":"Aretha","url":"https:\/\/espacioaretha.com\/explora\/","logo":{"@type":"ImageObject","inLanguage":"es","@id":"https:\/\/espacioaretha.com\/explora\/#\/schema\/logo\/image\/","url":"https:\/\/espacioaretha.com\/explora\/wp-content\/uploads\/2022\/05\/Ojo-web.jpg","contentUrl":"https:\/\/espacioaretha.com\/explora\/wp-content\/uploads\/2022\/05\/Ojo-web.jpg","width":1920,"height":1080,"caption":"Aretha Explora"},"image":{"@id":"https:\/\/espacioaretha.com\/explora\/#\/schema\/logo\/image\/"}}]}},"_links":{"self":[{"href":"https:\/\/espacioaretha.com\/explora\/wp-json\/wp\/v2\/actualidad\/4672","targetHints":{"allow":["GET"]}}],"collection":[{"href":"https:\/\/espacioaretha.com\/explora\/wp-json\/wp\/v2\/actualidad"}],"about":[{"href":"https:\/\/espacioaretha.com\/explora\/wp-json\/wp\/v2\/types\/actualidad"}],"author":[{"embeddable":true,"href":"https:\/\/espacioaretha.com\/explora\/wp-json\/wp\/v2\/users\/25"}],"version-history":[{"count":4,"href":"https:\/\/espacioaretha.com\/explora\/wp-json\/wp\/v2\/actualidad\/4672\/revisions"}],"predecessor-version":[{"id":4690,"href":"https:\/\/espacioaretha.com\/explora\/wp-json\/wp\/v2\/actualidad\/4672\/revisions\/4690"}],"wp:featuredmedia":[{"embeddable":true,"href":"https:\/\/espacioaretha.com\/explora\/wp-json\/wp\/v2\/media\/4673"}],"wp:attachment":[{"href":"https:\/\/espacioaretha.com\/explora\/wp-json\/wp\/v2\/media?parent=4672"}],"wp:term":[{"taxonomy":"actualidad_category","embeddable":true,"href":"https:\/\/espacioaretha.com\/explora\/wp-json\/wp\/v2\/actualidad_category?post=4672"}],"curies":[{"name":"wp","href":"https:\/\/api.w.org\/{rel}","templated":true}]}}