{"id":4894,"date":"2025-07-14T15:41:47","date_gmt":"2025-07-14T13:41:47","guid":{"rendered":"https:\/\/espacioaretha.com\/explora\/?post_type=actualidad&#038;p=4894"},"modified":"2025-07-16T15:07:36","modified_gmt":"2025-07-16T13:07:36","slug":"remodelacion-oficina-bilbao-zelestra","status":"publish","type":"actualidad","link":"https:\/\/espacioaretha.com\/explora\/actualidad\/remodelacion-oficina-bilbao-zelestra\/","title":{"rendered":"El proyecto Zelestra en Distrito Oficina"},"content":{"rendered":"\n<p>La firma de energ\u00edas renovables Zelestra encarga a Gaztelu Arquitectos la remodelaci\u00f3n de un venerable edificio de Bilbao para adaptarlo a sus necesidades.<\/p>\n\n\n\n<p>Para<strong> <a href=\"https:\/\/espacioaretha.com\/proyectos\/oficinas-zelestra-diseno\/\">Aretha<\/a><\/strong> ha sido un placer poder colaborar en este proyecto integrando soluciones de mobiliario, ac\u00fastica y mamparas que a\u00f1aden confort y bienestar al espacio.<\/p>\n\n\n\n<p>El resultado es una oficina que trasciende su funci\u00f3n operativa para convertirse en una experiencia inmersiva, un laboratorio de ideas y colaboraci\u00f3n donde el dise\u00f1o y la tecnolog\u00eda van mano a mano estimulando creatividad e innovaci\u00f3n en cada esquina. <\/p>\n\n\n\n<p>Os invitamos a leer el reportaje de <strong><a href=\"https:\/\/distritooficina.com\/\">Distrito Oficina<\/a><\/strong> al completo y explorar este proyecto del estudio Bel\u00e9n Ferr\u00e1ndiz Arquitectura y dise\u00f1o al detalle.<\/p>\n\n\n\n<p><\/p>\n\n\n\n<div class=\"wp-block-buttons is-content-justification-right is-layout-flex wp-container-core-buttons-is-layout-765c4724 wp-block-buttons-is-layout-flex\">\n<div class=\"wp-block-button\"><a class=\"wp-block-button__link wp-element-button\" href=\"https:\/\/espacioaretha.com\/proyectos\/oficinas-zelestra-diseno\/\" target=\"_blank\" rel=\"noreferrer noopener\">Proyecto Zelestra<\/a><\/div>\n<\/div>\n\n\n\n<figure class=\"wp-block-embed is-type-rich is-provider-issuu wp-block-embed-issuu\"><div class=\"wp-block-embed__wrapper\">\n<iframe title=\"El \u00e1gora de la creatividad | Oficinas de Zelestra por Gaztelu Arquitectos\" src=\"https:\/\/e.issuu.com\/embed.html?u=espacioaretha&#038;d=el_gora_de_la_creatividad_oficinas_de_zelestra_\" style=\"border:none; width: 500px; height: 383px;\" allow=\"clipboard-write,allow-top-navigation,allow-top-navigation-by-user-activation,allow-downloads,allow-scripts,allow-same-origin,allow-popups,allow-modals,allow-popups-to-escape-sandbox,allow-forms\"  allowfullscreen=\"true\"><\/iframe>\n<\/div><\/figure>\n","protected":false},"excerpt":{"rendered":"<p>El proyecto del estudio Gaztelu Arquitectos ha sido publicado en la edici\u00f3n de Co Working de la revista Distrito Oficina<\/p>\n","protected":false},"author":25,"featured_media":4900,"template":"","meta":{"footnotes":""},"actualidad_category":[198],"class_list":["post-4894","actualidad","type-actualidad","status-publish","has-post-thumbnail","hentry","actualidad_category-medios"],"yoast_head":"<!-- This site is optimized with the Yoast SEO plugin v27.4 - https:\/\/yoast.com\/product\/yoast-seo-wordpress\/ -->\n<title>Remodelaci\u00f3n de oficina en Bilbao: dise\u00f1o, innovaci\u00f3n y confort | Aretha Explora<\/title>\n<meta name=\"description\" content=\"Descubre c\u00f3mo Zelestra transform\u00f3 un edificio hist\u00f3rico en Bilbao en una oficina moderna e innovadora. Dise\u00f1o, tecnolog\u00eda y confort se integran en este proyecto de Gaztelu Arquitectos y Aretha.\" \/>\n<meta name=\"robots\" content=\"index, follow, max-snippet:-1, max-image-preview:large, max-video-preview:-1\" \/>\n<link rel=\"canonical\" href=\"https:\/\/espacioaretha.com\/explora\/actualidad\/remodelacion-oficina-bilbao-zelestra\/\" \/>\n<meta property=\"og:locale\" content=\"es_ES\" \/>\n<meta property=\"og:type\" content=\"article\" \/>\n<meta property=\"og:title\" content=\"El proyecto Swiftair en Distrito Oficina\" \/>\n<meta property=\"og:description\" content=\"Bel\u00e9n Ferr\u00e1ndiz transforma un hangar en unas oficinas modernas para Swiftair. Aretha es la responsable del equipamiento de este proyecto.\" \/>\n<meta property=\"og:url\" content=\"https:\/\/espacioaretha.com\/explora\/actualidad\/remodelacion-oficina-bilbao-zelestra\/\" \/>\n<meta property=\"og:site_name\" content=\"Aretha Explora\" \/>\n<meta property=\"article:modified_time\" content=\"2025-07-16T13:07:36+00:00\" \/>\n<meta property=\"og:image\" content=\"https:\/\/espacioaretha.com\/explora\/wp-content\/uploads\/2024\/06\/1.-D-oficina-scaled.jpeg\" \/>\n\t<meta property=\"og:image:width\" content=\"2560\" \/>\n\t<meta property=\"og:image:height\" content=\"2560\" \/>\n\t<meta property=\"og:image:type\" content=\"image\/jpeg\" \/>\n<meta name=\"twitter:card\" content=\"summary_large_image\" \/>\n<meta name=\"twitter:title\" content=\"El proyecto Swiftair en Distrito Oficina\" \/>\n<meta name=\"twitter:description\" content=\"Bel\u00e9n Ferr\u00e1ndiz transforma un hangar en unas oficinas modernas para Swiftair. Aretha es la responsable del equipamiento de este proyecto.\" \/>\n<meta name=\"twitter:image\" content=\"https:\/\/espacioaretha.com\/explora\/wp-content\/uploads\/2024\/06\/1.-D-oficina-scaled.jpeg\" \/>\n<meta name=\"twitter:label1\" content=\"Tiempo de lectura\" \/>\n\t<meta name=\"twitter:data1\" content=\"2 minutos\" \/>\n<script type=\"application\/ld+json\" class=\"yoast-schema-graph\">{\"@context\":\"https:\\\/\\\/schema.org\",\"@graph\":[{\"@type\":\"WebPage\",\"@id\":\"https:\\\/\\\/espacioaretha.com\\\/explora\\\/actualidad\\\/remodelacion-oficina-bilbao-zelestra\\\/\",\"url\":\"https:\\\/\\\/espacioaretha.com\\\/explora\\\/actualidad\\\/remodelacion-oficina-bilbao-zelestra\\\/\",\"name\":\"Remodelaci\u00f3n de oficina en Bilbao: dise\u00f1o, innovaci\u00f3n y confort | Aretha Explora\",\"isPartOf\":{\"@id\":\"https:\\\/\\\/espacioaretha.com\\\/explora\\\/#website\"},\"primaryImageOfPage\":{\"@id\":\"https:\\\/\\\/espacioaretha.com\\\/explora\\\/actualidad\\\/remodelacion-oficina-bilbao-zelestra\\\/#primaryimage\"},\"image\":{\"@id\":\"https:\\\/\\\/espacioaretha.com\\\/explora\\\/actualidad\\\/remodelacion-oficina-bilbao-zelestra\\\/#primaryimage\"},\"thumbnailUrl\":\"https:\\\/\\\/espacioaretha.com\\\/explora\\\/wp-content\\\/uploads\\\/2025\\\/07\\\/Magazine-Mockup-scaled.jpg\",\"datePublished\":\"2025-07-14T13:41:47+00:00\",\"dateModified\":\"2025-07-16T13:07:36+00:00\",\"description\":\"Descubre c\u00f3mo Zelestra transform\u00f3 un edificio hist\u00f3rico en Bilbao en una oficina moderna e innovadora. Dise\u00f1o, tecnolog\u00eda y confort se integran en este proyecto de Gaztelu Arquitectos y Aretha.\",\"breadcrumb\":{\"@id\":\"https:\\\/\\\/espacioaretha.com\\\/explora\\\/actualidad\\\/remodelacion-oficina-bilbao-zelestra\\\/#breadcrumb\"},\"inLanguage\":\"es\",\"potentialAction\":[{\"@type\":\"ReadAction\",\"target\":[\"https:\\\/\\\/espacioaretha.com\\\/explora\\\/actualidad\\\/remodelacion-oficina-bilbao-zelestra\\\/\"]}]},{\"@type\":\"ImageObject\",\"inLanguage\":\"es\",\"@id\":\"https:\\\/\\\/espacioaretha.com\\\/explora\\\/actualidad\\\/remodelacion-oficina-bilbao-zelestra\\\/#primaryimage\",\"url\":\"https:\\\/\\\/espacioaretha.com\\\/explora\\\/wp-content\\\/uploads\\\/2025\\\/07\\\/Magazine-Mockup-scaled.jpg\",\"contentUrl\":\"https:\\\/\\\/espacioaretha.com\\\/explora\\\/wp-content\\\/uploads\\\/2025\\\/07\\\/Magazine-Mockup-scaled.jpg\",\"width\":2560,\"height\":1592},{\"@type\":\"BreadcrumbList\",\"@id\":\"https:\\\/\\\/espacioaretha.com\\\/explora\\\/actualidad\\\/remodelacion-oficina-bilbao-zelestra\\\/#breadcrumb\",\"itemListElement\":[{\"@type\":\"ListItem\",\"position\":1,\"name\":\"Portada\",\"item\":\"https:\\\/\\\/espacioaretha.com\\\/explora\\\/\"},{\"@type\":\"ListItem\",\"position\":2,\"name\":\"Actualidad\",\"item\":\"https:\\\/\\\/espacioaretha.com\\\/explora\\\/actualidad\\\/\"},{\"@type\":\"ListItem\",\"position\":3,\"name\":\"El proyecto Zelestra en Distrito Oficina\"}]},{\"@type\":\"WebSite\",\"@id\":\"https:\\\/\\\/espacioaretha.com\\\/explora\\\/#website\",\"url\":\"https:\\\/\\\/espacioaretha.com\\\/explora\\\/\",\"name\":\"Aretha Explora\",\"description\":\"Plataforma de contenidos e inspiraci\u00f3n sobre arquitectura, dise\u00f1o y mucho m\u00e1s\",\"publisher\":{\"@id\":\"https:\\\/\\\/espacioaretha.com\\\/explora\\\/#organization\"},\"potentialAction\":[{\"@type\":\"SearchAction\",\"target\":{\"@type\":\"EntryPoint\",\"urlTemplate\":\"https:\\\/\\\/espacioaretha.com\\\/explora\\\/?s={search_term_string}\"},\"query-input\":{\"@type\":\"PropertyValueSpecification\",\"valueRequired\":true,\"valueName\":\"search_term_string\"}}],\"inLanguage\":\"es\"},{\"@type\":\"Organization\",\"@id\":\"https:\\\/\\\/espacioaretha.com\\\/explora\\\/#organization\",\"name\":\"Aretha Explora\",\"alternateName\":\"Aretha\",\"url\":\"https:\\\/\\\/espacioaretha.com\\\/explora\\\/\",\"logo\":{\"@type\":\"ImageObject\",\"inLanguage\":\"es\",\"@id\":\"https:\\\/\\\/espacioaretha.com\\\/explora\\\/#\\\/schema\\\/logo\\\/image\\\/\",\"url\":\"https:\\\/\\\/espacioaretha.com\\\/explora\\\/wp-content\\\/uploads\\\/2022\\\/05\\\/Ojo-web.jpg\",\"contentUrl\":\"https:\\\/\\\/espacioaretha.com\\\/explora\\\/wp-content\\\/uploads\\\/2022\\\/05\\\/Ojo-web.jpg\",\"width\":1920,\"height\":1080,\"caption\":\"Aretha Explora\"},\"image\":{\"@id\":\"https:\\\/\\\/espacioaretha.com\\\/explora\\\/#\\\/schema\\\/logo\\\/image\\\/\"}}]}<\/script>\n<!-- \/ Yoast SEO plugin. -->","yoast_head_json":{"title":"Remodelaci\u00f3n de oficina en Bilbao: dise\u00f1o, innovaci\u00f3n y confort | Aretha Explora","description":"Descubre c\u00f3mo Zelestra transform\u00f3 un edificio hist\u00f3rico en Bilbao en una oficina moderna e innovadora. Dise\u00f1o, tecnolog\u00eda y confort se integran en este proyecto de Gaztelu Arquitectos y Aretha.","robots":{"index":"index","follow":"follow","max-snippet":"max-snippet:-1","max-image-preview":"max-image-preview:large","max-video-preview":"max-video-preview:-1"},"canonical":"https:\/\/espacioaretha.com\/explora\/actualidad\/remodelacion-oficina-bilbao-zelestra\/","og_locale":"es_ES","og_type":"article","og_title":"El proyecto Swiftair en Distrito Oficina","og_description":"Bel\u00e9n Ferr\u00e1ndiz transforma un hangar en unas oficinas modernas para Swiftair. Aretha es la responsable del equipamiento de este proyecto.","og_url":"https:\/\/espacioaretha.com\/explora\/actualidad\/remodelacion-oficina-bilbao-zelestra\/","og_site_name":"Aretha Explora","article_modified_time":"2025-07-16T13:07:36+00:00","og_image":[{"width":2560,"height":2560,"url":"https:\/\/espacioaretha.com\/explora\/wp-content\/uploads\/2024\/06\/1.-D-oficina-scaled.jpeg","type":"image\/jpeg"}],"twitter_card":"summary_large_image","twitter_title":"El proyecto Swiftair en Distrito Oficina","twitter_description":"Bel\u00e9n Ferr\u00e1ndiz transforma un hangar en unas oficinas modernas para Swiftair. Aretha es la responsable del equipamiento de este proyecto.","twitter_image":"https:\/\/espacioaretha.com\/explora\/wp-content\/uploads\/2024\/06\/1.-D-oficina-scaled.jpeg","twitter_misc":{"Tiempo de lectura":"2 minutos"},"schema":{"@context":"https:\/\/schema.org","@graph":[{"@type":"WebPage","@id":"https:\/\/espacioaretha.com\/explora\/actualidad\/remodelacion-oficina-bilbao-zelestra\/","url":"https:\/\/espacioaretha.com\/explora\/actualidad\/remodelacion-oficina-bilbao-zelestra\/","name":"Remodelaci\u00f3n de oficina en Bilbao: dise\u00f1o, innovaci\u00f3n y confort | Aretha Explora","isPartOf":{"@id":"https:\/\/espacioaretha.com\/explora\/#website"},"primaryImageOfPage":{"@id":"https:\/\/espacioaretha.com\/explora\/actualidad\/remodelacion-oficina-bilbao-zelestra\/#primaryimage"},"image":{"@id":"https:\/\/espacioaretha.com\/explora\/actualidad\/remodelacion-oficina-bilbao-zelestra\/#primaryimage"},"thumbnailUrl":"https:\/\/espacioaretha.com\/explora\/wp-content\/uploads\/2025\/07\/Magazine-Mockup-scaled.jpg","datePublished":"2025-07-14T13:41:47+00:00","dateModified":"2025-07-16T13:07:36+00:00","description":"Descubre c\u00f3mo Zelestra transform\u00f3 un edificio hist\u00f3rico en Bilbao en una oficina moderna e innovadora. Dise\u00f1o, tecnolog\u00eda y confort se integran en este proyecto de Gaztelu Arquitectos y Aretha.","breadcrumb":{"@id":"https:\/\/espacioaretha.com\/explora\/actualidad\/remodelacion-oficina-bilbao-zelestra\/#breadcrumb"},"inLanguage":"es","potentialAction":[{"@type":"ReadAction","target":["https:\/\/espacioaretha.com\/explora\/actualidad\/remodelacion-oficina-bilbao-zelestra\/"]}]},{"@type":"ImageObject","inLanguage":"es","@id":"https:\/\/espacioaretha.com\/explora\/actualidad\/remodelacion-oficina-bilbao-zelestra\/#primaryimage","url":"https:\/\/espacioaretha.com\/explora\/wp-content\/uploads\/2025\/07\/Magazine-Mockup-scaled.jpg","contentUrl":"https:\/\/espacioaretha.com\/explora\/wp-content\/uploads\/2025\/07\/Magazine-Mockup-scaled.jpg","width":2560,"height":1592},{"@type":"BreadcrumbList","@id":"https:\/\/espacioaretha.com\/explora\/actualidad\/remodelacion-oficina-bilbao-zelestra\/#breadcrumb","itemListElement":[{"@type":"ListItem","position":1,"name":"Portada","item":"https:\/\/espacioaretha.com\/explora\/"},{"@type":"ListItem","position":2,"name":"Actualidad","item":"https:\/\/espacioaretha.com\/explora\/actualidad\/"},{"@type":"ListItem","position":3,"name":"El proyecto Zelestra en Distrito Oficina"}]},{"@type":"WebSite","@id":"https:\/\/espacioaretha.com\/explora\/#website","url":"https:\/\/espacioaretha.com\/explora\/","name":"Aretha Explora","description":"Plataforma de contenidos e inspiraci\u00f3n sobre arquitectura, dise\u00f1o y mucho m\u00e1s","publisher":{"@id":"https:\/\/espacioaretha.com\/explora\/#organization"},"potentialAction":[{"@type":"SearchAction","target":{"@type":"EntryPoint","urlTemplate":"https:\/\/espacioaretha.com\/explora\/?s={search_term_string}"},"query-input":{"@type":"PropertyValueSpecification","valueRequired":true,"valueName":"search_term_string"}}],"inLanguage":"es"},{"@type":"Organization","@id":"https:\/\/espacioaretha.com\/explora\/#organization","name":"Aretha Explora","alternateName":"Aretha","url":"https:\/\/espacioaretha.com\/explora\/","logo":{"@type":"ImageObject","inLanguage":"es","@id":"https:\/\/espacioaretha.com\/explora\/#\/schema\/logo\/image\/","url":"https:\/\/espacioaretha.com\/explora\/wp-content\/uploads\/2022\/05\/Ojo-web.jpg","contentUrl":"https:\/\/espacioaretha.com\/explora\/wp-content\/uploads\/2022\/05\/Ojo-web.jpg","width":1920,"height":1080,"caption":"Aretha Explora"},"image":{"@id":"https:\/\/espacioaretha.com\/explora\/#\/schema\/logo\/image\/"}}]}},"_links":{"self":[{"href":"https:\/\/espacioaretha.com\/explora\/wp-json\/wp\/v2\/actualidad\/4894","targetHints":{"allow":["GET"]}}],"collection":[{"href":"https:\/\/espacioaretha.com\/explora\/wp-json\/wp\/v2\/actualidad"}],"about":[{"href":"https:\/\/espacioaretha.com\/explora\/wp-json\/wp\/v2\/types\/actualidad"}],"author":[{"embeddable":true,"href":"https:\/\/espacioaretha.com\/explora\/wp-json\/wp\/v2\/users\/25"}],"version-history":[{"count":5,"href":"https:\/\/espacioaretha.com\/explora\/wp-json\/wp\/v2\/actualidad\/4894\/revisions"}],"predecessor-version":[{"id":4904,"href":"https:\/\/espacioaretha.com\/explora\/wp-json\/wp\/v2\/actualidad\/4894\/revisions\/4904"}],"wp:featuredmedia":[{"embeddable":true,"href":"https:\/\/espacioaretha.com\/explora\/wp-json\/wp\/v2\/media\/4900"}],"wp:attachment":[{"href":"https:\/\/espacioaretha.com\/explora\/wp-json\/wp\/v2\/media?parent=4894"}],"wp:term":[{"taxonomy":"actualidad_category","embeddable":true,"href":"https:\/\/espacioaretha.com\/explora\/wp-json\/wp\/v2\/actualidad_category?post=4894"}],"curies":[{"name":"wp","href":"https:\/\/api.w.org\/{rel}","templated":true}]}}