{"id":4920,"date":"2025-09-25T14:50:58","date_gmt":"2025-09-25T12:50:58","guid":{"rendered":"https:\/\/espacioaretha.com\/explora\/?post_type=actualidad&#038;p=4920"},"modified":"2025-09-25T14:50:59","modified_gmt":"2025-09-25T12:50:59","slug":"workplace-design-conference-madrid-2025-organizada-por-3g-office-y-repsol","status":"publish","type":"actualidad","link":"https:\/\/espacioaretha.com\/explora\/actualidad\/workplace-design-conference-madrid-2025-organizada-por-3g-office-y-repsol\/","title":{"rendered":"Workplace Design Conference Madrid 2025 organizada por 3g Office y Repsol"},"content":{"rendered":"\n<p><strong>El Campus Repsol en Madrid acogi\u00f3 la Workplace Design Conference 2025, un encuentro de referencia internacional organizado por 3g Office y Repsol, con el patrocinio de Espacio Aretha, entre otras compa\u00f1\u00edas.<\/strong><\/p>\n\n\n\n<p>Bajo el lema<em> \u201cNi cu\u00e1ndo, ni c\u00f3mo, sino para qu\u00e9\u201d,<\/em> la jornada invit\u00f3 a reflexionar sobre el futuro del espacio laboral desde perspectivas diversas: liderazgo, cultura organizacional, innovaci\u00f3n, talento y bienestar.<\/p>\n\n\n\n<p>El evento cont\u00f3 con la apertura de <strong>Pedro Alarc\u00f3n (Repsol), Susana G\u00f3mez (AEDIPE) y Francisco V\u00e1zquez (3g Office<\/strong>), quien destac\u00f3 el papel de empresas que apuestan por la creaci\u00f3n de entornos de trabajo inspiradores.<\/p>\n\n\n\n<p><strong>Inspiraci\u00f3n y futuro del trabajo<\/strong><\/p>\n\n\n\n<p>El keynote inaugural lo ofreci\u00f3 <strong>Sergi Corbeto<\/strong>, experto en liderazgo y cambio organizacional, con un dec\u00e1logo para la longevidad empresarial en tiempos de inteligencia artificial y culturas l\u00edquidas. <strong>\u201cNo se trata de invertir en licencias de IA, sino en las personas que saben aprovecharla\u201d<\/strong>, se\u00f1al\u00f3, subrayando la importancia de formar a los equipos para un uso consciente de la tecnolog\u00eda.<\/p>\n\n\n\n<figure class=\"wp-block-image size-large\"><img loading=\"lazy\" decoding=\"async\" width=\"1024\" height=\"768\" src=\"https:\/\/espacioaretha.com\/explora\/wp-content\/uploads\/2025\/09\/1758718168262-1024x768.jpg\" alt=\"\" class=\"wp-image-4927\" srcset=\"https:\/\/espacioaretha.com\/explora\/wp-content\/uploads\/2025\/09\/1758718168262-1024x768.jpg 1024w, https:\/\/espacioaretha.com\/explora\/wp-content\/uploads\/2025\/09\/1758718168262-300x225.jpg 300w, https:\/\/espacioaretha.com\/explora\/wp-content\/uploads\/2025\/09\/1758718168262-768x576.jpg 768w, https:\/\/espacioaretha.com\/explora\/wp-content\/uploads\/2025\/09\/1758718168262-1536x1152.jpg 1536w, https:\/\/espacioaretha.com\/explora\/wp-content\/uploads\/2025\/09\/1758718168262.jpg 2048w\" sizes=\"auto, (max-width: 1024px) 100vw, 1024px\" \/><\/figure>\n\n\n\n<p><strong>Realidad espa\u00f1ola. Flexibilidad y nuevo contrato emocional<\/strong><\/p>\n\n\n\n<p>En la mesa redonda sobre RRHH y Talento, moderada por <strong>Andr\u00e9s Ortega (Petit Palace)<\/strong>, se abord\u00f3 el nuevo contrato emocional con los empleados.<\/p>\n\n\n\n<p>\u00b7 <strong>Mar\u00eda Pilar Rojas (Repsol)<\/strong> apunt\u00f3 que <em>\u201ctodos queremos un trabajo interesante, rodeados de personas a las que admirar y de las que aprender, con un prop\u00f3sito mayor que el nuestro\u201d.<\/em><\/p>\n\n\n\n<p>\u00b7<strong> Javier Vidaurreta (KPMG) <\/strong>defendi\u00f3 la necesidad de disfrutar trabajando: \u201c<em>Si tu trabajo te gusta, nunca sentir\u00e1s que est\u00e1s trabajando\u201d.<\/em><\/p>\n\n\n\n<p>\u00b7 <strong>Carmen Campos (Mutua Madrile\u00f1a) <\/strong>asegur\u00f3 que <em>\u201cla flexibilidad est\u00e1 aqu\u00ed para quedarse\u201d<\/em> y que las oficinas deben evolucionar hacia hubs de colaboraci\u00f3n y bienestar.<\/p>\n\n\n\n<p>\u00b7<strong> M\u00f3nica Zai (Heineken<\/strong>) recalc\u00f3 que <em>\u201ces fundamental confiar en la gente; el nuevo modelo de trabajo flexible nos est\u00e1 ayudando a ser m\u00e1s colaborativos y cercanos<\/em>\u201d.<\/p>\n\n\n\n<p><strong>Voces internacionales y casos pr\u00e1cticos<\/strong><\/p>\n\n\n\n<p>El encuentro cont\u00f3 tambi\u00e9n con ponencias de referentes internacionales como <strong>Bertie Van Wyk (MillerKnoll)<\/strong>, quien destac\u00f3 que <em>\u201clas oficinas deben actualizarse para seguir siendo el mejor espacio de trabajo en equipo\u201d<\/em>; o <strong>Jane Clay (Gensler)<\/strong>, que comparti\u00f3 c\u00f3mo las organizaciones m\u00e1s avanzadas transforman sus sedes en hubs de comunidad, identidad y cultura.<\/p>\n\n\n\n<p>Un momento destacado fue el caso Repsol, presentado por sus propios protagonistas, quienes relataron de primera mano el proceso de transformaci\u00f3n cultural y espacial de la compa\u00f1\u00eda, con aprendizajes y retos reales.<\/p>\n\n\n\n<p><strong>Espacio de inspiraci\u00f3n compartida<\/strong><\/p>\n\n\n\n<p>La jornada concluy\u00f3 con una reflexi\u00f3n de <strong>Francisco V\u00e1zquez (3g Office)<\/strong> y un espacio de networking en el que los asistentes compartieron aprendizajes e ideas.<\/p>\n\n\n\n<p>Con su participaci\u00f3n como patrocinador, <strong>Espacio Aretha reafirma su compromiso con la creaci\u00f3n de entornos de trabajo que impulsen la innovaci\u00f3n, el talento y el bienestar<\/strong>, alineados con las nuevas necesidades de las personas y las organizaciones<\/p>\n\n\n\n<figure class=\"wp-block-gallery has-nested-images columns-default is-cropped wp-block-gallery-1 is-layout-flex wp-block-gallery-is-layout-flex\">\n<figure class=\"wp-block-image size-large\"><img loading=\"lazy\" decoding=\"async\" width=\"768\" height=\"1024\" data-id=\"4928\" src=\"https:\/\/espacioaretha.com\/explora\/wp-content\/uploads\/2025\/09\/IMG_5352-768x1024.jpg\" alt=\"\" class=\"wp-image-4928\" srcset=\"https:\/\/espacioaretha.com\/explora\/wp-content\/uploads\/2025\/09\/IMG_5352-768x1024.jpg 768w, https:\/\/espacioaretha.com\/explora\/wp-content\/uploads\/2025\/09\/IMG_5352-225x300.jpg 225w, https:\/\/espacioaretha.com\/explora\/wp-content\/uploads\/2025\/09\/IMG_5352-1152x1536.jpg 1152w, https:\/\/espacioaretha.com\/explora\/wp-content\/uploads\/2025\/09\/IMG_5352-1536x2048.jpg 1536w, https:\/\/espacioaretha.com\/explora\/wp-content\/uploads\/2025\/09\/IMG_5352-scaled.jpg 1920w\" sizes=\"auto, (max-width: 768px) 100vw, 768px\" \/><\/figure>\n\n\n\n<figure class=\"wp-block-image size-large\"><img loading=\"lazy\" decoding=\"async\" width=\"1024\" height=\"768\" data-id=\"4921\" src=\"https:\/\/espacioaretha.com\/explora\/wp-content\/uploads\/2025\/09\/IMG_5379-1024x768.jpg\" alt=\"\" class=\"wp-image-4921\" srcset=\"https:\/\/espacioaretha.com\/explora\/wp-content\/uploads\/2025\/09\/IMG_5379-1024x768.jpg 1024w, https:\/\/espacioaretha.com\/explora\/wp-content\/uploads\/2025\/09\/IMG_5379-300x225.jpg 300w, https:\/\/espacioaretha.com\/explora\/wp-content\/uploads\/2025\/09\/IMG_5379-768x576.jpg 768w, https:\/\/espacioaretha.com\/explora\/wp-content\/uploads\/2025\/09\/IMG_5379-1536x1152.jpg 1536w, https:\/\/espacioaretha.com\/explora\/wp-content\/uploads\/2025\/09\/IMG_5379-2048x1536.jpg 2048w\" sizes=\"auto, (max-width: 1024px) 100vw, 1024px\" \/><\/figure>\n\n\n\n<figure class=\"wp-block-image size-large\"><img loading=\"lazy\" decoding=\"async\" width=\"768\" height=\"1024\" data-id=\"4931\" src=\"https:\/\/espacioaretha.com\/explora\/wp-content\/uploads\/2025\/09\/IMG_5366-768x1024.jpg\" alt=\"\" class=\"wp-image-4931\" srcset=\"https:\/\/espacioaretha.com\/explora\/wp-content\/uploads\/2025\/09\/IMG_5366-768x1024.jpg 768w, https:\/\/espacioaretha.com\/explora\/wp-content\/uploads\/2025\/09\/IMG_5366-225x300.jpg 225w, https:\/\/espacioaretha.com\/explora\/wp-content\/uploads\/2025\/09\/IMG_5366-1152x1536.jpg 1152w, https:\/\/espacioaretha.com\/explora\/wp-content\/uploads\/2025\/09\/IMG_5366-1536x2048.jpg 1536w, https:\/\/espacioaretha.com\/explora\/wp-content\/uploads\/2025\/09\/IMG_5366-scaled.jpg 1920w\" sizes=\"auto, (max-width: 768px) 100vw, 768px\" \/><\/figure>\n\n\n\n<figure class=\"wp-block-image size-large\"><img loading=\"lazy\" decoding=\"async\" width=\"768\" height=\"1024\" data-id=\"4932\" src=\"https:\/\/espacioaretha.com\/explora\/wp-content\/uploads\/2025\/09\/IMG_5368-768x1024.jpg\" alt=\"\" class=\"wp-image-4932\" srcset=\"https:\/\/espacioaretha.com\/explora\/wp-content\/uploads\/2025\/09\/IMG_5368-768x1024.jpg 768w, https:\/\/espacioaretha.com\/explora\/wp-content\/uploads\/2025\/09\/IMG_5368-225x300.jpg 225w, https:\/\/espacioaretha.com\/explora\/wp-content\/uploads\/2025\/09\/IMG_5368-1152x1536.jpg 1152w, https:\/\/espacioaretha.com\/explora\/wp-content\/uploads\/2025\/09\/IMG_5368-1536x2048.jpg 1536w, https:\/\/espacioaretha.com\/explora\/wp-content\/uploads\/2025\/09\/IMG_5368-scaled.jpg 1920w\" sizes=\"auto, (max-width: 768px) 100vw, 768px\" \/><\/figure>\n\n\n\n<figure class=\"wp-block-image size-large\"><img loading=\"lazy\" decoding=\"async\" width=\"768\" height=\"1024\" data-id=\"4924\" src=\"https:\/\/espacioaretha.com\/explora\/wp-content\/uploads\/2025\/09\/IMG_5417-768x1024.jpg\" alt=\"\" class=\"wp-image-4924\" srcset=\"https:\/\/espacioaretha.com\/explora\/wp-content\/uploads\/2025\/09\/IMG_5417-768x1024.jpg 768w, https:\/\/espacioaretha.com\/explora\/wp-content\/uploads\/2025\/09\/IMG_5417-225x300.jpg 225w, https:\/\/espacioaretha.com\/explora\/wp-content\/uploads\/2025\/09\/IMG_5417-1152x1536.jpg 1152w, https:\/\/espacioaretha.com\/explora\/wp-content\/uploads\/2025\/09\/IMG_5417-1536x2048.jpg 1536w, https:\/\/espacioaretha.com\/explora\/wp-content\/uploads\/2025\/09\/IMG_5417-scaled.jpg 1920w\" sizes=\"auto, (max-width: 768px) 100vw, 768px\" \/><\/figure>\n<\/figure>\n","protected":false},"excerpt":{"rendered":"<p>Aretha patrocin\u00f3 la Workplace Design Conference 2025 en el Campus Repsol de Madrid, organizada por 3g Office y Repsol. El evento reuni\u00f3 a expertos en liderazgo, innovaci\u00f3n y bienestar laboral para debatir sobre el futuro del trabajo.<\/p>\n","protected":false},"author":25,"featured_media":4926,"template":"","meta":{"footnotes":""},"actualidad_category":[158],"class_list":["post-4920","actualidad","type-actualidad","status-publish","has-post-thumbnail","hentry","actualidad_category-relaciones-institucionales"],"yoast_head":"<!-- This site is optimized with the Yoast SEO plugin v27.4 - https:\/\/yoast.com\/product\/yoast-seo-wordpress\/ -->\n<title>ARETHA patrocina la Workplace Design Conference 2025<\/title>\n<meta name=\"description\" content=\"ARETHA participa como patrocinador en la Workplace Design Conference 2025, impulsando espacios de trabajo innovadores, flexibles y centrados en las personas.\" \/>\n<meta name=\"robots\" content=\"index, follow, max-snippet:-1, max-image-preview:large, max-video-preview:-1\" \/>\n<link rel=\"canonical\" href=\"https:\/\/espacioaretha.com\/explora\/actualidad\/workplace-design-conference-madrid-2025-organizada-por-3g-office-y-repsol\/\" \/>\n<meta property=\"og:locale\" content=\"es_ES\" \/>\n<meta property=\"og:type\" content=\"article\" \/>\n<meta property=\"og:title\" content=\"Proyectos que transforman ciudades | Evento by Aretha\" \/>\n<meta property=\"og:description\" content=\"Urbanistas y arquitectos debaten en el evento Proyectos que transforman ciudades organizado por Aretha y COAM.\" \/>\n<meta property=\"og:url\" content=\"https:\/\/espacioaretha.com\/explora\/actualidad\/workplace-design-conference-madrid-2025-organizada-por-3g-office-y-repsol\/\" \/>\n<meta property=\"og:site_name\" content=\"Aretha Explora\" \/>\n<meta property=\"article:modified_time\" content=\"2025-09-25T12:50:59+00:00\" \/>\n<meta property=\"og:image\" content=\"https:\/\/espacioaretha.com\/explora\/wp-content\/uploads\/2025\/02\/ARETHA_NUEVAS_CIUDADES_151-scaled.jpg\" \/>\n\t<meta property=\"og:image:width\" content=\"2560\" \/>\n\t<meta property=\"og:image:height\" content=\"1706\" \/>\n\t<meta property=\"og:image:type\" content=\"image\/jpeg\" \/>\n<meta name=\"twitter:card\" content=\"summary_large_image\" \/>\n<meta name=\"twitter:title\" content=\"Proyectos que transforman ciudades | Evento by Aretha\" \/>\n<meta name=\"twitter:description\" content=\"Urbanistas y arquitectos debaten en el evento Proyectos que transforman ciudades organizado por Aretha y COAM.\" \/>\n<meta name=\"twitter:image\" content=\"https:\/\/espacioaretha.com\/explora\/wp-content\/uploads\/2025\/02\/ARETHA_NUEVAS_CIUDADES_151-scaled.jpg\" \/>\n<meta name=\"twitter:label1\" content=\"Tiempo de lectura\" \/>\n\t<meta name=\"twitter:data1\" content=\"2 minutos\" \/>\n<script type=\"application\/ld+json\" class=\"yoast-schema-graph\">{\"@context\":\"https:\\\/\\\/schema.org\",\"@graph\":[{\"@type\":\"WebPage\",\"@id\":\"https:\\\/\\\/espacioaretha.com\\\/explora\\\/actualidad\\\/workplace-design-conference-madrid-2025-organizada-por-3g-office-y-repsol\\\/\",\"url\":\"https:\\\/\\\/espacioaretha.com\\\/explora\\\/actualidad\\\/workplace-design-conference-madrid-2025-organizada-por-3g-office-y-repsol\\\/\",\"name\":\"ARETHA patrocina la Workplace Design Conference 2025\",\"isPartOf\":{\"@id\":\"https:\\\/\\\/espacioaretha.com\\\/explora\\\/#website\"},\"primaryImageOfPage\":{\"@id\":\"https:\\\/\\\/espacioaretha.com\\\/explora\\\/actualidad\\\/workplace-design-conference-madrid-2025-organizada-por-3g-office-y-repsol\\\/#primaryimage\"},\"image\":{\"@id\":\"https:\\\/\\\/espacioaretha.com\\\/explora\\\/actualidad\\\/workplace-design-conference-madrid-2025-organizada-por-3g-office-y-repsol\\\/#primaryimage\"},\"thumbnailUrl\":\"https:\\\/\\\/espacioaretha.com\\\/explora\\\/wp-content\\\/uploads\\\/2025\\\/09\\\/1758709674968.jpg\",\"datePublished\":\"2025-09-25T12:50:58+00:00\",\"dateModified\":\"2025-09-25T12:50:59+00:00\",\"description\":\"ARETHA participa como patrocinador en la Workplace Design Conference 2025, impulsando espacios de trabajo innovadores, flexibles y centrados en las personas.\",\"breadcrumb\":{\"@id\":\"https:\\\/\\\/espacioaretha.com\\\/explora\\\/actualidad\\\/workplace-design-conference-madrid-2025-organizada-por-3g-office-y-repsol\\\/#breadcrumb\"},\"inLanguage\":\"es\",\"potentialAction\":[{\"@type\":\"ReadAction\",\"target\":[\"https:\\\/\\\/espacioaretha.com\\\/explora\\\/actualidad\\\/workplace-design-conference-madrid-2025-organizada-por-3g-office-y-repsol\\\/\"]}]},{\"@type\":\"ImageObject\",\"inLanguage\":\"es\",\"@id\":\"https:\\\/\\\/espacioaretha.com\\\/explora\\\/actualidad\\\/workplace-design-conference-madrid-2025-organizada-por-3g-office-y-repsol\\\/#primaryimage\",\"url\":\"https:\\\/\\\/espacioaretha.com\\\/explora\\\/wp-content\\\/uploads\\\/2025\\\/09\\\/1758709674968.jpg\",\"contentUrl\":\"https:\\\/\\\/espacioaretha.com\\\/explora\\\/wp-content\\\/uploads\\\/2025\\\/09\\\/1758709674968.jpg\",\"width\":2048,\"height\":1536},{\"@type\":\"BreadcrumbList\",\"@id\":\"https:\\\/\\\/espacioaretha.com\\\/explora\\\/actualidad\\\/workplace-design-conference-madrid-2025-organizada-por-3g-office-y-repsol\\\/#breadcrumb\",\"itemListElement\":[{\"@type\":\"ListItem\",\"position\":1,\"name\":\"Portada\",\"item\":\"https:\\\/\\\/espacioaretha.com\\\/explora\\\/\"},{\"@type\":\"ListItem\",\"position\":2,\"name\":\"Actualidad\",\"item\":\"https:\\\/\\\/espacioaretha.com\\\/explora\\\/actualidad\\\/\"},{\"@type\":\"ListItem\",\"position\":3,\"name\":\"Workplace Design Conference Madrid 2025 organizada por 3g Office y Repsol\"}]},{\"@type\":\"WebSite\",\"@id\":\"https:\\\/\\\/espacioaretha.com\\\/explora\\\/#website\",\"url\":\"https:\\\/\\\/espacioaretha.com\\\/explora\\\/\",\"name\":\"Aretha Explora\",\"description\":\"Plataforma de contenidos e inspiraci\u00f3n sobre arquitectura, dise\u00f1o y mucho m\u00e1s\",\"publisher\":{\"@id\":\"https:\\\/\\\/espacioaretha.com\\\/explora\\\/#organization\"},\"potentialAction\":[{\"@type\":\"SearchAction\",\"target\":{\"@type\":\"EntryPoint\",\"urlTemplate\":\"https:\\\/\\\/espacioaretha.com\\\/explora\\\/?s={search_term_string}\"},\"query-input\":{\"@type\":\"PropertyValueSpecification\",\"valueRequired\":true,\"valueName\":\"search_term_string\"}}],\"inLanguage\":\"es\"},{\"@type\":\"Organization\",\"@id\":\"https:\\\/\\\/espacioaretha.com\\\/explora\\\/#organization\",\"name\":\"Aretha Explora\",\"alternateName\":\"Aretha\",\"url\":\"https:\\\/\\\/espacioaretha.com\\\/explora\\\/\",\"logo\":{\"@type\":\"ImageObject\",\"inLanguage\":\"es\",\"@id\":\"https:\\\/\\\/espacioaretha.com\\\/explora\\\/#\\\/schema\\\/logo\\\/image\\\/\",\"url\":\"https:\\\/\\\/espacioaretha.com\\\/explora\\\/wp-content\\\/uploads\\\/2022\\\/05\\\/Ojo-web.jpg\",\"contentUrl\":\"https:\\\/\\\/espacioaretha.com\\\/explora\\\/wp-content\\\/uploads\\\/2022\\\/05\\\/Ojo-web.jpg\",\"width\":1920,\"height\":1080,\"caption\":\"Aretha Explora\"},\"image\":{\"@id\":\"https:\\\/\\\/espacioaretha.com\\\/explora\\\/#\\\/schema\\\/logo\\\/image\\\/\"}}]}<\/script>\n<!-- \/ Yoast SEO plugin. -->","yoast_head_json":{"title":"ARETHA patrocina la Workplace Design Conference 2025","description":"ARETHA participa como patrocinador en la Workplace Design Conference 2025, impulsando espacios de trabajo innovadores, flexibles y centrados en las personas.","robots":{"index":"index","follow":"follow","max-snippet":"max-snippet:-1","max-image-preview":"max-image-preview:large","max-video-preview":"max-video-preview:-1"},"canonical":"https:\/\/espacioaretha.com\/explora\/actualidad\/workplace-design-conference-madrid-2025-organizada-por-3g-office-y-repsol\/","og_locale":"es_ES","og_type":"article","og_title":"Proyectos que transforman ciudades | Evento by Aretha","og_description":"Urbanistas y arquitectos debaten en el evento Proyectos que transforman ciudades organizado por Aretha y COAM.","og_url":"https:\/\/espacioaretha.com\/explora\/actualidad\/workplace-design-conference-madrid-2025-organizada-por-3g-office-y-repsol\/","og_site_name":"Aretha Explora","article_modified_time":"2025-09-25T12:50:59+00:00","og_image":[{"width":2560,"height":1706,"url":"https:\/\/espacioaretha.com\/explora\/wp-content\/uploads\/2025\/02\/ARETHA_NUEVAS_CIUDADES_151-scaled.jpg","type":"image\/jpeg"}],"twitter_card":"summary_large_image","twitter_title":"Proyectos que transforman ciudades | Evento by Aretha","twitter_description":"Urbanistas y arquitectos debaten en el evento Proyectos que transforman ciudades organizado por Aretha y COAM.","twitter_image":"https:\/\/espacioaretha.com\/explora\/wp-content\/uploads\/2025\/02\/ARETHA_NUEVAS_CIUDADES_151-scaled.jpg","twitter_misc":{"Tiempo de lectura":"2 minutos"},"schema":{"@context":"https:\/\/schema.org","@graph":[{"@type":"WebPage","@id":"https:\/\/espacioaretha.com\/explora\/actualidad\/workplace-design-conference-madrid-2025-organizada-por-3g-office-y-repsol\/","url":"https:\/\/espacioaretha.com\/explora\/actualidad\/workplace-design-conference-madrid-2025-organizada-por-3g-office-y-repsol\/","name":"ARETHA patrocina la Workplace Design Conference 2025","isPartOf":{"@id":"https:\/\/espacioaretha.com\/explora\/#website"},"primaryImageOfPage":{"@id":"https:\/\/espacioaretha.com\/explora\/actualidad\/workplace-design-conference-madrid-2025-organizada-por-3g-office-y-repsol\/#primaryimage"},"image":{"@id":"https:\/\/espacioaretha.com\/explora\/actualidad\/workplace-design-conference-madrid-2025-organizada-por-3g-office-y-repsol\/#primaryimage"},"thumbnailUrl":"https:\/\/espacioaretha.com\/explora\/wp-content\/uploads\/2025\/09\/1758709674968.jpg","datePublished":"2025-09-25T12:50:58+00:00","dateModified":"2025-09-25T12:50:59+00:00","description":"ARETHA participa como patrocinador en la Workplace Design Conference 2025, impulsando espacios de trabajo innovadores, flexibles y centrados en las personas.","breadcrumb":{"@id":"https:\/\/espacioaretha.com\/explora\/actualidad\/workplace-design-conference-madrid-2025-organizada-por-3g-office-y-repsol\/#breadcrumb"},"inLanguage":"es","potentialAction":[{"@type":"ReadAction","target":["https:\/\/espacioaretha.com\/explora\/actualidad\/workplace-design-conference-madrid-2025-organizada-por-3g-office-y-repsol\/"]}]},{"@type":"ImageObject","inLanguage":"es","@id":"https:\/\/espacioaretha.com\/explora\/actualidad\/workplace-design-conference-madrid-2025-organizada-por-3g-office-y-repsol\/#primaryimage","url":"https:\/\/espacioaretha.com\/explora\/wp-content\/uploads\/2025\/09\/1758709674968.jpg","contentUrl":"https:\/\/espacioaretha.com\/explora\/wp-content\/uploads\/2025\/09\/1758709674968.jpg","width":2048,"height":1536},{"@type":"BreadcrumbList","@id":"https:\/\/espacioaretha.com\/explora\/actualidad\/workplace-design-conference-madrid-2025-organizada-por-3g-office-y-repsol\/#breadcrumb","itemListElement":[{"@type":"ListItem","position":1,"name":"Portada","item":"https:\/\/espacioaretha.com\/explora\/"},{"@type":"ListItem","position":2,"name":"Actualidad","item":"https:\/\/espacioaretha.com\/explora\/actualidad\/"},{"@type":"ListItem","position":3,"name":"Workplace Design Conference Madrid 2025 organizada por 3g Office y Repsol"}]},{"@type":"WebSite","@id":"https:\/\/espacioaretha.com\/explora\/#website","url":"https:\/\/espacioaretha.com\/explora\/","name":"Aretha Explora","description":"Plataforma de contenidos e inspiraci\u00f3n sobre arquitectura, dise\u00f1o y mucho m\u00e1s","publisher":{"@id":"https:\/\/espacioaretha.com\/explora\/#organization"},"potentialAction":[{"@type":"SearchAction","target":{"@type":"EntryPoint","urlTemplate":"https:\/\/espacioaretha.com\/explora\/?s={search_term_string}"},"query-input":{"@type":"PropertyValueSpecification","valueRequired":true,"valueName":"search_term_string"}}],"inLanguage":"es"},{"@type":"Organization","@id":"https:\/\/espacioaretha.com\/explora\/#organization","name":"Aretha Explora","alternateName":"Aretha","url":"https:\/\/espacioaretha.com\/explora\/","logo":{"@type":"ImageObject","inLanguage":"es","@id":"https:\/\/espacioaretha.com\/explora\/#\/schema\/logo\/image\/","url":"https:\/\/espacioaretha.com\/explora\/wp-content\/uploads\/2022\/05\/Ojo-web.jpg","contentUrl":"https:\/\/espacioaretha.com\/explora\/wp-content\/uploads\/2022\/05\/Ojo-web.jpg","width":1920,"height":1080,"caption":"Aretha Explora"},"image":{"@id":"https:\/\/espacioaretha.com\/explora\/#\/schema\/logo\/image\/"}}]}},"_links":{"self":[{"href":"https:\/\/espacioaretha.com\/explora\/wp-json\/wp\/v2\/actualidad\/4920","targetHints":{"allow":["GET"]}}],"collection":[{"href":"https:\/\/espacioaretha.com\/explora\/wp-json\/wp\/v2\/actualidad"}],"about":[{"href":"https:\/\/espacioaretha.com\/explora\/wp-json\/wp\/v2\/types\/actualidad"}],"author":[{"embeddable":true,"href":"https:\/\/espacioaretha.com\/explora\/wp-json\/wp\/v2\/users\/25"}],"version-history":[{"count":1,"href":"https:\/\/espacioaretha.com\/explora\/wp-json\/wp\/v2\/actualidad\/4920\/revisions"}],"predecessor-version":[{"id":4933,"href":"https:\/\/espacioaretha.com\/explora\/wp-json\/wp\/v2\/actualidad\/4920\/revisions\/4933"}],"wp:featuredmedia":[{"embeddable":true,"href":"https:\/\/espacioaretha.com\/explora\/wp-json\/wp\/v2\/media\/4926"}],"wp:attachment":[{"href":"https:\/\/espacioaretha.com\/explora\/wp-json\/wp\/v2\/media?parent=4920"}],"wp:term":[{"taxonomy":"actualidad_category","embeddable":true,"href":"https:\/\/espacioaretha.com\/explora\/wp-json\/wp\/v2\/actualidad_category?post=4920"}],"curies":[{"name":"wp","href":"https:\/\/api.w.org\/{rel}","templated":true}]}}