{"id":1013,"date":"2020-03-26T11:29:00","date_gmt":"2020-03-26T10:29:00","guid":{"rendered":"https:\/\/espacioaretha.com\/explora\/?p=1013"},"modified":"2022-04-28T19:54:25","modified_gmt":"2022-04-28T17:54:25","slug":"gestionar-el-cambio-mas-alla-del-teletrabajo","status":"publish","type":"post","link":"https:\/\/espacioaretha.com\/explora\/gestionar-el-cambio-mas-alla-del-teletrabajo\/","title":{"rendered":"Gestionar el cambio, m\u00e1s all\u00e1 del teletrabajo"},"content":{"rendered":"\n<p>En tan solo unos d\u00edas, hemos vivido el mayor cambio social de nuestra historia reciente, nuestros h\u00e1bitos de trabajo, relaci\u00f3n, consumo y familiares se han modificado radicalmente, empujados por las medidas adoptadas para frenar la expansi\u00f3n del coronavirus Covid-19.&nbsp;<\/p>\n\n\n\n<p>La globalizaci\u00f3n y la conciencia social empujaba poco a poco a Teletrabajar para, por un lado, ser m\u00e1s eficiente en las relaciones laborales, especialmente con compa\u00f1eros de oficinas de otras ciudades o pa\u00edses, y por otro, para lograr conciliar y hacer m\u00e1s vida en familia\u2026&nbsp;<\/p>\n\n\n\n<p>Empresas, administraci\u00f3n, trabajadores, legislaci\u00f3n\u2026 todos camin\u00e1bamos a trav\u00e9s de \u201cprocesos de cambio\u201d m\u00e1s o menos activos o paulatinos, adaptando nuevos modelos, impulsando medidas, aprendiendo el uso de nuevas herramientas, favoreciendo poco a poco la tan manida transformaci\u00f3n digital. Habl\u00e1bamos de la \u201ccurva de adaptaci\u00f3n al cambio\u201d, para comprender mejor los momentos de \u201cnegaci\u00f3n, enfado, tristeza, aceptaci\u00f3n, y acci\u00f3n\u201d.&nbsp;<\/p>\n\n\n\n<figure class=\"wp-block-image size-full\"><img loading=\"lazy\" decoding=\"async\" width=\"1024\" height=\"683\" src=\"https:\/\/espacioaretha.com\/explora\/wp-content\/uploads\/2022\/03\/04.QuinzeMilan-LittleMissO-1024x683-1.jpg\" alt=\"\" class=\"wp-image-1015\" srcset=\"https:\/\/espacioaretha.com\/explora\/wp-content\/uploads\/2022\/03\/04.QuinzeMilan-LittleMissO-1024x683-1.jpg 1024w, https:\/\/espacioaretha.com\/explora\/wp-content\/uploads\/2022\/03\/04.QuinzeMilan-LittleMissO-1024x683-1-300x200.jpg 300w, https:\/\/espacioaretha.com\/explora\/wp-content\/uploads\/2022\/03\/04.QuinzeMilan-LittleMissO-1024x683-1-768x512.jpg 768w\" sizes=\"auto, (max-width: 1024px) 100vw, 1024px\" \/><\/figure>\n\n\n\n<p>La crisis sanitaria nos ha situado en el futuro del teletrabajo en menos de cinco d\u00edas, con millones de personas conectadas desde sus casas de forma concurrente. El tr\u00e1fico de datos y uso de redes aument\u00f3 a nivel global un 56% en comparaci\u00f3n con la media de los \u00faltimos 60 d\u00edas seg\u00fan la compa\u00f1\u00eda tecnol\u00f3gica Akami. Espa\u00f1a ha sido el segundo pa\u00eds de la UE con m\u00e1s tr\u00e1fico de datos en internet, solo por detr\u00e1s de Alemania y el sexto a nivel mundial, encabezado por Estados Unidos, que representaba el 17% del total.&nbsp; Un trafico de red que tal vez represente el inversamente proporcional que vivimos en las relaciones interpersonales.&nbsp;<\/p>\n\n\n\n<p>En las empresas estamos viviendo diversas casu\u00edsticas: empresas ya habituadas a mecanismos de teletrabajo han visto reforzada su actividad, al mantener su capacidad de prestar servicio o trabajar en prestarlo desde el primer momento. Otras han tenido que adaptarse de manera veloz, instalando nuevas herramientas en remoto y comunicando a sus empleados c\u00f3mo abordar la nueva situaci\u00f3n. La \u00faltima crisis sanitaria es, sin duda, una oportunidad para analizar la capacidad de cada compa\u00f1\u00eda para integrar el teletrabajo en su cultura de empresa y para aprender cada d\u00eda.&nbsp;<\/p>\n\n\n\n<p>En 3g office trabajamos desde hace m\u00e1s de 10 a\u00f1os en dise\u00f1ar oficinas que integren espacios, tecnolog\u00edas y herramientas de comunicaci\u00f3n para impulsar el trabajo en remoto de manera eficiente. Nuestros servicios estimulan la cultura del teletrabajo al definir con empleados y direcci\u00f3n pautas y consejos que ayuden a vivir los procesos de cambio de manera positiva y activa. Nuestros propios profesionales est\u00e1n acostumbrados a conectarse de manera remota con equipos a\u00fan estando cerca y por supuesto con los equipos de las diferentes ciudades del mundo en las que operamos. Nuestra cultura de empresa ha fomentado siempre el trabajo desde casa para ser m\u00e1s eficientes con el tiempo, la conciliaci\u00f3n familiar y hasta para poner nuestro granito de arena con el planeta, al evitar viajes innecesarios.&nbsp;<\/p>\n\n\n\n<figure class=\"wp-block-image size-full\"><img loading=\"lazy\" decoding=\"async\" width=\"1024\" height=\"512\" src=\"https:\/\/espacioaretha.com\/explora\/wp-content\/uploads\/2022\/03\/01.SEDUS_TurnAround-TemptationHighDesk-1024x512-1.jpg\" alt=\"\" class=\"wp-image-1016\" srcset=\"https:\/\/espacioaretha.com\/explora\/wp-content\/uploads\/2022\/03\/01.SEDUS_TurnAround-TemptationHighDesk-1024x512-1.jpg 1024w, https:\/\/espacioaretha.com\/explora\/wp-content\/uploads\/2022\/03\/01.SEDUS_TurnAround-TemptationHighDesk-1024x512-1-300x150.jpg 300w, https:\/\/espacioaretha.com\/explora\/wp-content\/uploads\/2022\/03\/01.SEDUS_TurnAround-TemptationHighDesk-1024x512-1-768x384.jpg 768w\" sizes=\"auto, (max-width: 1024px) 100vw, 1024px\" \/><\/figure>\n\n\n\n<p>Tenemos mucho conocimiento adquirido en tiempos pasados que podemos aplicar, pero tambi\u00e9n tenemos mucho que aprender de este nuevo periodo. A los consejos sobre el teletrabajo a\u00f1adimos otros tantos que ayuden a vivir de la mejor manera la situaci\u00f3n de confinamiento que vivimos d\u00eda tras d\u00eda.&nbsp;<\/p>\n\n\n\n<p>M\u00e1s que nunca debemos buscar el bienestar de los empleados, velar por su salud y las de sus familias, favorecer una gesti\u00f3n lo m\u00e1s positiva posible en este cambio repentino, ayudando a mitigar situaciones de estr\u00e9s\u2026&nbsp;<\/p>\n\n\n\n<p>En 3g Smart Group hemos implantado acciones de comunicaci\u00f3n online para este fin, con espacios temporales definidos para que los equipos pueden unirse de manera voluntaria y que nos permiten relacionarnos para no hablar de trabajo, sino para compartir experiencias personales, distraer nuestras preocupaciones por un rato y por supuesto, ayudar en lo que cada miembro del equipo pueda necesitar.&nbsp;<\/p>\n\n\n\n<p>Hoy m\u00e1s que nunca, las empresas debemos estrechar las relaciones humanas y afectivas con las personas que forman parte de los equipos, para afianzar, m\u00e1s que nunca, esa \u201ccomunidad\u201d que siempre hemos sido.&nbsp;<\/p>\n\n\n\n<figure class=\"wp-block-gallery has-nested-images columns-default is-cropped wp-block-gallery-1 is-layout-flex wp-block-gallery-is-layout-flex\">\n<figure class=\"wp-block-image size-large\"><img loading=\"lazy\" decoding=\"async\" width=\"1024\" height=\"682\" data-id=\"1017\" src=\"https:\/\/espacioaretha.com\/explora\/wp-content\/uploads\/2022\/03\/00destacada-coinview-app-S8XDzdF4Tf0-unsplash-scaled-1-1024x682.jpeg\" alt=\"\" class=\"wp-image-1017\" srcset=\"https:\/\/espacioaretha.com\/explora\/wp-content\/uploads\/2022\/03\/00destacada-coinview-app-S8XDzdF4Tf0-unsplash-scaled-1-1024x682.jpeg 1024w, https:\/\/espacioaretha.com\/explora\/wp-content\/uploads\/2022\/03\/00destacada-coinview-app-S8XDzdF4Tf0-unsplash-scaled-1-300x200.jpeg 300w, https:\/\/espacioaretha.com\/explora\/wp-content\/uploads\/2022\/03\/00destacada-coinview-app-S8XDzdF4Tf0-unsplash-scaled-1-768x512.jpeg 768w, https:\/\/espacioaretha.com\/explora\/wp-content\/uploads\/2022\/03\/00destacada-coinview-app-S8XDzdF4Tf0-unsplash-scaled-1-1536x1024.jpeg 1536w, https:\/\/espacioaretha.com\/explora\/wp-content\/uploads\/2022\/03\/00destacada-coinview-app-S8XDzdF4Tf0-unsplash-scaled-1-2048x1365.jpeg 2048w\" sizes=\"auto, (max-width: 1024px) 100vw, 1024px\" \/><\/figure>\n\n\n\n<figure class=\"wp-block-image size-large\"><img loading=\"lazy\" decoding=\"async\" width=\"850\" height=\"601\" data-id=\"1018\" src=\"https:\/\/espacioaretha.com\/explora\/wp-content\/uploads\/2022\/03\/CATALOGO_GENERAL_SLALOM_2018_Pa\u0301gina_074_Imagen_0001.jpeg\" alt=\"\" class=\"wp-image-1018\" srcset=\"https:\/\/espacioaretha.com\/explora\/wp-content\/uploads\/2022\/03\/CATALOGO_GENERAL_SLALOM_2018_Pa\u0301gina_074_Imagen_0001.jpeg 850w, https:\/\/espacioaretha.com\/explora\/wp-content\/uploads\/2022\/03\/CATALOGO_GENERAL_SLALOM_2018_Pa\u0301gina_074_Imagen_0001-300x212.jpeg 300w, https:\/\/espacioaretha.com\/explora\/wp-content\/uploads\/2022\/03\/CATALOGO_GENERAL_SLALOM_2018_Pa\u0301gina_074_Imagen_0001-768x543.jpeg 768w\" sizes=\"auto, (max-width: 850px) 100vw, 850px\" \/><\/figure>\n<\/figure>\n","protected":false},"excerpt":{"rendered":"<p>Hasta hace menos de una semana, Espa\u00f1a era uno de los pa\u00edses que, seg\u00fan Eurostat, estaba m\u00e1s a la cola de en la implantaci\u00f3n de las medidas de teletrabajo: tan solo un 3% lo hac\u00eda desde casa, un 7% de vez en cuando y solo un 27% de las empresas se mostraban favorables a ponerlo en marcha de manera progresiva*<\/p>\n","protected":false},"author":18,"featured_media":1015,"comment_status":"open","ping_status":"open","sticky":false,"template":"","format":"standard","meta":{"footnotes":""},"categories":[31],"tags":[72,90],"class_list":["post-1013","post","type-post","status-publish","format-standard","has-post-thumbnail","hentry","category-espacios-de-trabajo","tag-espacios","tag-tecnologia"],"yoast_head":"<!-- This site is optimized with the Yoast SEO plugin v27.4 - https:\/\/yoast.com\/product\/yoast-seo-wordpress\/ -->\n<title>Gestionar el cambio, m\u00e1s all\u00e1 del teletrabajo<\/title>\n<meta name=\"description\" content=\"Aretha Explora es una plataforma de contenidos e inspiraci\u00f3n sobre arquitectura, dise\u00f1o y mucho m\u00e1s.\" \/>\n<meta name=\"robots\" content=\"index, follow, max-snippet:-1, max-image-preview:large, max-video-preview:-1\" \/>\n<link rel=\"canonical\" href=\"https:\/\/espacioaretha.com\/explora\/gestionar-el-cambio-mas-alla-del-teletrabajo\/\" \/>\n<meta property=\"og:locale\" content=\"es_ES\" \/>\n<meta property=\"og:type\" content=\"article\" \/>\n<meta property=\"og:title\" content=\"Gestionar el cambio, m\u00e1s all\u00e1 del teletrabajo\" \/>\n<meta property=\"og:description\" content=\"Aretha Explora es una plataforma de contenidos e inspiraci\u00f3n sobre arquitectura, dise\u00f1o y mucho m\u00e1s.\" \/>\n<meta property=\"og:url\" content=\"https:\/\/espacioaretha.com\/explora\/gestionar-el-cambio-mas-alla-del-teletrabajo\/\" \/>\n<meta property=\"og:site_name\" content=\"Aretha Explora\" \/>\n<meta property=\"article:published_time\" content=\"2020-03-26T10:29:00+00:00\" \/>\n<meta property=\"article:modified_time\" content=\"2022-04-28T17:54:25+00:00\" \/>\n<meta property=\"og:image\" content=\"https:\/\/espacioaretha.com\/explora\/wp-content\/uploads\/2022\/03\/04.QuinzeMilan-LittleMissO-1024x683-1.jpg\" \/>\n\t<meta property=\"og:image:width\" content=\"1024\" \/>\n\t<meta property=\"og:image:height\" content=\"683\" \/>\n\t<meta property=\"og:image:type\" content=\"image\/jpeg\" \/>\n<meta name=\"author\" content=\"Francisco V\u00e1zquez M\u00e9dem\" \/>\n<meta name=\"twitter:card\" content=\"summary_large_image\" \/>\n<meta name=\"twitter:label1\" content=\"Escrito por\" \/>\n\t<meta name=\"twitter:data1\" content=\"Francisco V\u00e1zquez M\u00e9dem\" \/>\n\t<meta name=\"twitter:label2\" content=\"Tiempo de lectura\" \/>\n\t<meta name=\"twitter:data2\" content=\"4 minutos\" \/>\n<script type=\"application\/ld+json\" class=\"yoast-schema-graph\">{\"@context\":\"https:\\\/\\\/schema.org\",\"@graph\":[{\"@type\":\"Article\",\"@id\":\"https:\\\/\\\/espacioaretha.com\\\/explora\\\/gestionar-el-cambio-mas-alla-del-teletrabajo\\\/#article\",\"isPartOf\":{\"@id\":\"https:\\\/\\\/espacioaretha.com\\\/explora\\\/gestionar-el-cambio-mas-alla-del-teletrabajo\\\/\"},\"author\":{\"name\":\"Francisco V\u00e1zquez M\u00e9dem\",\"@id\":\"https:\\\/\\\/espacioaretha.com\\\/explora\\\/#\\\/schema\\\/person\\\/2b511f5cd36649ea261e0f50af0ec4d5\"},\"headline\":\"Gestionar el cambio, m\u00e1s all\u00e1 del teletrabajo\",\"datePublished\":\"2020-03-26T10:29:00+00:00\",\"dateModified\":\"2022-04-28T17:54:25+00:00\",\"mainEntityOfPage\":{\"@id\":\"https:\\\/\\\/espacioaretha.com\\\/explora\\\/gestionar-el-cambio-mas-alla-del-teletrabajo\\\/\"},\"wordCount\":714,\"commentCount\":0,\"publisher\":{\"@id\":\"https:\\\/\\\/espacioaretha.com\\\/explora\\\/#organization\"},\"image\":{\"@id\":\"https:\\\/\\\/espacioaretha.com\\\/explora\\\/gestionar-el-cambio-mas-alla-del-teletrabajo\\\/#primaryimage\"},\"thumbnailUrl\":\"https:\\\/\\\/espacioaretha.com\\\/explora\\\/wp-content\\\/uploads\\\/2022\\\/03\\\/04.QuinzeMilan-LittleMissO-1024x683-1.jpg\",\"keywords\":[\"Espacios\",\"Tecnolog\u00eda\"],\"articleSection\":[\"Espacios de trabajo\"],\"inLanguage\":\"es\",\"potentialAction\":[{\"@type\":\"CommentAction\",\"name\":\"Comment\",\"target\":[\"https:\\\/\\\/espacioaretha.com\\\/explora\\\/gestionar-el-cambio-mas-alla-del-teletrabajo\\\/#respond\"]}]},{\"@type\":\"WebPage\",\"@id\":\"https:\\\/\\\/espacioaretha.com\\\/explora\\\/gestionar-el-cambio-mas-alla-del-teletrabajo\\\/\",\"url\":\"https:\\\/\\\/espacioaretha.com\\\/explora\\\/gestionar-el-cambio-mas-alla-del-teletrabajo\\\/\",\"name\":\"Gestionar el cambio, m\u00e1s all\u00e1 del teletrabajo\",\"isPartOf\":{\"@id\":\"https:\\\/\\\/espacioaretha.com\\\/explora\\\/#website\"},\"primaryImageOfPage\":{\"@id\":\"https:\\\/\\\/espacioaretha.com\\\/explora\\\/gestionar-el-cambio-mas-alla-del-teletrabajo\\\/#primaryimage\"},\"image\":{\"@id\":\"https:\\\/\\\/espacioaretha.com\\\/explora\\\/gestionar-el-cambio-mas-alla-del-teletrabajo\\\/#primaryimage\"},\"thumbnailUrl\":\"https:\\\/\\\/espacioaretha.com\\\/explora\\\/wp-content\\\/uploads\\\/2022\\\/03\\\/04.QuinzeMilan-LittleMissO-1024x683-1.jpg\",\"datePublished\":\"2020-03-26T10:29:00+00:00\",\"dateModified\":\"2022-04-28T17:54:25+00:00\",\"description\":\"Aretha Explora es una plataforma de contenidos e inspiraci\u00f3n sobre arquitectura, dise\u00f1o y mucho m\u00e1s.\",\"breadcrumb\":{\"@id\":\"https:\\\/\\\/espacioaretha.com\\\/explora\\\/gestionar-el-cambio-mas-alla-del-teletrabajo\\\/#breadcrumb\"},\"inLanguage\":\"es\",\"potentialAction\":[{\"@type\":\"ReadAction\",\"target\":[\"https:\\\/\\\/espacioaretha.com\\\/explora\\\/gestionar-el-cambio-mas-alla-del-teletrabajo\\\/\"]}]},{\"@type\":\"ImageObject\",\"inLanguage\":\"es\",\"@id\":\"https:\\\/\\\/espacioaretha.com\\\/explora\\\/gestionar-el-cambio-mas-alla-del-teletrabajo\\\/#primaryimage\",\"url\":\"https:\\\/\\\/espacioaretha.com\\\/explora\\\/wp-content\\\/uploads\\\/2022\\\/03\\\/04.QuinzeMilan-LittleMissO-1024x683-1.jpg\",\"contentUrl\":\"https:\\\/\\\/espacioaretha.com\\\/explora\\\/wp-content\\\/uploads\\\/2022\\\/03\\\/04.QuinzeMilan-LittleMissO-1024x683-1.jpg\",\"width\":1024,\"height\":683},{\"@type\":\"BreadcrumbList\",\"@id\":\"https:\\\/\\\/espacioaretha.com\\\/explora\\\/gestionar-el-cambio-mas-alla-del-teletrabajo\\\/#breadcrumb\",\"itemListElement\":[{\"@type\":\"ListItem\",\"position\":1,\"name\":\"Portada\",\"item\":\"https:\\\/\\\/espacioaretha.com\\\/explora\\\/\"},{\"@type\":\"ListItem\",\"position\":2,\"name\":\"Gestionar el cambio, m\u00e1s all\u00e1 del teletrabajo\"}]},{\"@type\":\"WebSite\",\"@id\":\"https:\\\/\\\/espacioaretha.com\\\/explora\\\/#website\",\"url\":\"https:\\\/\\\/espacioaretha.com\\\/explora\\\/\",\"name\":\"Aretha Explora\",\"description\":\"Plataforma de contenidos e inspiraci\u00f3n sobre arquitectura, dise\u00f1o y mucho m\u00e1s\",\"publisher\":{\"@id\":\"https:\\\/\\\/espacioaretha.com\\\/explora\\\/#organization\"},\"potentialAction\":[{\"@type\":\"SearchAction\",\"target\":{\"@type\":\"EntryPoint\",\"urlTemplate\":\"https:\\\/\\\/espacioaretha.com\\\/explora\\\/?s={search_term_string}\"},\"query-input\":{\"@type\":\"PropertyValueSpecification\",\"valueRequired\":true,\"valueName\":\"search_term_string\"}}],\"inLanguage\":\"es\"},{\"@type\":\"Organization\",\"@id\":\"https:\\\/\\\/espacioaretha.com\\\/explora\\\/#organization\",\"name\":\"Aretha Explora\",\"alternateName\":\"Aretha\",\"url\":\"https:\\\/\\\/espacioaretha.com\\\/explora\\\/\",\"logo\":{\"@type\":\"ImageObject\",\"inLanguage\":\"es\",\"@id\":\"https:\\\/\\\/espacioaretha.com\\\/explora\\\/#\\\/schema\\\/logo\\\/image\\\/\",\"url\":\"https:\\\/\\\/espacioaretha.com\\\/explora\\\/wp-content\\\/uploads\\\/2022\\\/05\\\/Ojo-web.jpg\",\"contentUrl\":\"https:\\\/\\\/espacioaretha.com\\\/explora\\\/wp-content\\\/uploads\\\/2022\\\/05\\\/Ojo-web.jpg\",\"width\":1920,\"height\":1080,\"caption\":\"Aretha Explora\"},\"image\":{\"@id\":\"https:\\\/\\\/espacioaretha.com\\\/explora\\\/#\\\/schema\\\/logo\\\/image\\\/\"}},{\"@type\":\"Person\",\"@id\":\"https:\\\/\\\/espacioaretha.com\\\/explora\\\/#\\\/schema\\\/person\\\/2b511f5cd36649ea261e0f50af0ec4d5\",\"name\":\"Francisco V\u00e1zquez M\u00e9dem\",\"image\":{\"@type\":\"ImageObject\",\"inLanguage\":\"es\",\"@id\":\"https:\\\/\\\/espacioaretha.com\\\/explora\\\/wp-content\\\/uploads\\\/2022\\\/03\\\/Grupo-3014-1.png\",\"url\":\"https:\\\/\\\/espacioaretha.com\\\/explora\\\/wp-content\\\/uploads\\\/2022\\\/03\\\/Grupo-3014-1.png\",\"contentUrl\":\"https:\\\/\\\/espacioaretha.com\\\/explora\\\/wp-content\\\/uploads\\\/2022\\\/03\\\/Grupo-3014-1.png\",\"caption\":\"Francisco V\u00e1zquez M\u00e9dem\"},\"description\":\"Architect\\\/Founder 3g Smart Group\",\"sameAs\":[\"http:\\\/\\\/www.3gsmartgroup.com\"],\"url\":\"https:\\\/\\\/espacioaretha.com\\\/explora\\\/author\\\/francisco-vazquez\\\/\"}]}<\/script>\n<!-- \/ Yoast SEO plugin. -->","yoast_head_json":{"title":"Gestionar el cambio, m\u00e1s all\u00e1 del teletrabajo","description":"Aretha Explora es una plataforma de contenidos e inspiraci\u00f3n sobre arquitectura, dise\u00f1o y mucho m\u00e1s.","robots":{"index":"index","follow":"follow","max-snippet":"max-snippet:-1","max-image-preview":"max-image-preview:large","max-video-preview":"max-video-preview:-1"},"canonical":"https:\/\/espacioaretha.com\/explora\/gestionar-el-cambio-mas-alla-del-teletrabajo\/","og_locale":"es_ES","og_type":"article","og_title":"Gestionar el cambio, m\u00e1s all\u00e1 del teletrabajo","og_description":"Aretha Explora es una plataforma de contenidos e inspiraci\u00f3n sobre arquitectura, dise\u00f1o y mucho m\u00e1s.","og_url":"https:\/\/espacioaretha.com\/explora\/gestionar-el-cambio-mas-alla-del-teletrabajo\/","og_site_name":"Aretha Explora","article_published_time":"2020-03-26T10:29:00+00:00","article_modified_time":"2022-04-28T17:54:25+00:00","og_image":[{"width":1024,"height":683,"url":"https:\/\/espacioaretha.com\/explora\/wp-content\/uploads\/2022\/03\/04.QuinzeMilan-LittleMissO-1024x683-1.jpg","type":"image\/jpeg"}],"author":"Francisco V\u00e1zquez M\u00e9dem","twitter_card":"summary_large_image","twitter_misc":{"Escrito por":"Francisco V\u00e1zquez M\u00e9dem","Tiempo de lectura":"4 minutos"},"schema":{"@context":"https:\/\/schema.org","@graph":[{"@type":"Article","@id":"https:\/\/espacioaretha.com\/explora\/gestionar-el-cambio-mas-alla-del-teletrabajo\/#article","isPartOf":{"@id":"https:\/\/espacioaretha.com\/explora\/gestionar-el-cambio-mas-alla-del-teletrabajo\/"},"author":{"name":"Francisco V\u00e1zquez M\u00e9dem","@id":"https:\/\/espacioaretha.com\/explora\/#\/schema\/person\/2b511f5cd36649ea261e0f50af0ec4d5"},"headline":"Gestionar el cambio, m\u00e1s all\u00e1 del teletrabajo","datePublished":"2020-03-26T10:29:00+00:00","dateModified":"2022-04-28T17:54:25+00:00","mainEntityOfPage":{"@id":"https:\/\/espacioaretha.com\/explora\/gestionar-el-cambio-mas-alla-del-teletrabajo\/"},"wordCount":714,"commentCount":0,"publisher":{"@id":"https:\/\/espacioaretha.com\/explora\/#organization"},"image":{"@id":"https:\/\/espacioaretha.com\/explora\/gestionar-el-cambio-mas-alla-del-teletrabajo\/#primaryimage"},"thumbnailUrl":"https:\/\/espacioaretha.com\/explora\/wp-content\/uploads\/2022\/03\/04.QuinzeMilan-LittleMissO-1024x683-1.jpg","keywords":["Espacios","Tecnolog\u00eda"],"articleSection":["Espacios de trabajo"],"inLanguage":"es","potentialAction":[{"@type":"CommentAction","name":"Comment","target":["https:\/\/espacioaretha.com\/explora\/gestionar-el-cambio-mas-alla-del-teletrabajo\/#respond"]}]},{"@type":"WebPage","@id":"https:\/\/espacioaretha.com\/explora\/gestionar-el-cambio-mas-alla-del-teletrabajo\/","url":"https:\/\/espacioaretha.com\/explora\/gestionar-el-cambio-mas-alla-del-teletrabajo\/","name":"Gestionar el cambio, m\u00e1s all\u00e1 del teletrabajo","isPartOf":{"@id":"https:\/\/espacioaretha.com\/explora\/#website"},"primaryImageOfPage":{"@id":"https:\/\/espacioaretha.com\/explora\/gestionar-el-cambio-mas-alla-del-teletrabajo\/#primaryimage"},"image":{"@id":"https:\/\/espacioaretha.com\/explora\/gestionar-el-cambio-mas-alla-del-teletrabajo\/#primaryimage"},"thumbnailUrl":"https:\/\/espacioaretha.com\/explora\/wp-content\/uploads\/2022\/03\/04.QuinzeMilan-LittleMissO-1024x683-1.jpg","datePublished":"2020-03-26T10:29:00+00:00","dateModified":"2022-04-28T17:54:25+00:00","description":"Aretha Explora es una plataforma de contenidos e inspiraci\u00f3n sobre arquitectura, dise\u00f1o y mucho m\u00e1s.","breadcrumb":{"@id":"https:\/\/espacioaretha.com\/explora\/gestionar-el-cambio-mas-alla-del-teletrabajo\/#breadcrumb"},"inLanguage":"es","potentialAction":[{"@type":"ReadAction","target":["https:\/\/espacioaretha.com\/explora\/gestionar-el-cambio-mas-alla-del-teletrabajo\/"]}]},{"@type":"ImageObject","inLanguage":"es","@id":"https:\/\/espacioaretha.com\/explora\/gestionar-el-cambio-mas-alla-del-teletrabajo\/#primaryimage","url":"https:\/\/espacioaretha.com\/explora\/wp-content\/uploads\/2022\/03\/04.QuinzeMilan-LittleMissO-1024x683-1.jpg","contentUrl":"https:\/\/espacioaretha.com\/explora\/wp-content\/uploads\/2022\/03\/04.QuinzeMilan-LittleMissO-1024x683-1.jpg","width":1024,"height":683},{"@type":"BreadcrumbList","@id":"https:\/\/espacioaretha.com\/explora\/gestionar-el-cambio-mas-alla-del-teletrabajo\/#breadcrumb","itemListElement":[{"@type":"ListItem","position":1,"name":"Portada","item":"https:\/\/espacioaretha.com\/explora\/"},{"@type":"ListItem","position":2,"name":"Gestionar el cambio, m\u00e1s all\u00e1 del teletrabajo"}]},{"@type":"WebSite","@id":"https:\/\/espacioaretha.com\/explora\/#website","url":"https:\/\/espacioaretha.com\/explora\/","name":"Aretha Explora","description":"Plataforma de contenidos e inspiraci\u00f3n sobre arquitectura, dise\u00f1o y mucho m\u00e1s","publisher":{"@id":"https:\/\/espacioaretha.com\/explora\/#organization"},"potentialAction":[{"@type":"SearchAction","target":{"@type":"EntryPoint","urlTemplate":"https:\/\/espacioaretha.com\/explora\/?s={search_term_string}"},"query-input":{"@type":"PropertyValueSpecification","valueRequired":true,"valueName":"search_term_string"}}],"inLanguage":"es"},{"@type":"Organization","@id":"https:\/\/espacioaretha.com\/explora\/#organization","name":"Aretha Explora","alternateName":"Aretha","url":"https:\/\/espacioaretha.com\/explora\/","logo":{"@type":"ImageObject","inLanguage":"es","@id":"https:\/\/espacioaretha.com\/explora\/#\/schema\/logo\/image\/","url":"https:\/\/espacioaretha.com\/explora\/wp-content\/uploads\/2022\/05\/Ojo-web.jpg","contentUrl":"https:\/\/espacioaretha.com\/explora\/wp-content\/uploads\/2022\/05\/Ojo-web.jpg","width":1920,"height":1080,"caption":"Aretha Explora"},"image":{"@id":"https:\/\/espacioaretha.com\/explora\/#\/schema\/logo\/image\/"}},{"@type":"Person","@id":"https:\/\/espacioaretha.com\/explora\/#\/schema\/person\/2b511f5cd36649ea261e0f50af0ec4d5","name":"Francisco V\u00e1zquez M\u00e9dem","image":{"@type":"ImageObject","inLanguage":"es","@id":"https:\/\/espacioaretha.com\/explora\/wp-content\/uploads\/2022\/03\/Grupo-3014-1.png","url":"https:\/\/espacioaretha.com\/explora\/wp-content\/uploads\/2022\/03\/Grupo-3014-1.png","contentUrl":"https:\/\/espacioaretha.com\/explora\/wp-content\/uploads\/2022\/03\/Grupo-3014-1.png","caption":"Francisco V\u00e1zquez M\u00e9dem"},"description":"Architect\/Founder 3g Smart Group","sameAs":["http:\/\/www.3gsmartgroup.com"],"url":"https:\/\/espacioaretha.com\/explora\/author\/francisco-vazquez\/"}]}},"_links":{"self":[{"href":"https:\/\/espacioaretha.com\/explora\/wp-json\/wp\/v2\/posts\/1013","targetHints":{"allow":["GET"]}}],"collection":[{"href":"https:\/\/espacioaretha.com\/explora\/wp-json\/wp\/v2\/posts"}],"about":[{"href":"https:\/\/espacioaretha.com\/explora\/wp-json\/wp\/v2\/types\/post"}],"author":[{"embeddable":true,"href":"https:\/\/espacioaretha.com\/explora\/wp-json\/wp\/v2\/users\/18"}],"replies":[{"embeddable":true,"href":"https:\/\/espacioaretha.com\/explora\/wp-json\/wp\/v2\/comments?post=1013"}],"version-history":[{"count":2,"href":"https:\/\/espacioaretha.com\/explora\/wp-json\/wp\/v2\/posts\/1013\/revisions"}],"predecessor-version":[{"id":1020,"href":"https:\/\/espacioaretha.com\/explora\/wp-json\/wp\/v2\/posts\/1013\/revisions\/1020"}],"wp:featuredmedia":[{"embeddable":true,"href":"https:\/\/espacioaretha.com\/explora\/wp-json\/wp\/v2\/media\/1015"}],"wp:attachment":[{"href":"https:\/\/espacioaretha.com\/explora\/wp-json\/wp\/v2\/media?parent=1013"}],"wp:term":[{"taxonomy":"category","embeddable":true,"href":"https:\/\/espacioaretha.com\/explora\/wp-json\/wp\/v2\/categories?post=1013"},{"taxonomy":"post_tag","embeddable":true,"href":"https:\/\/espacioaretha.com\/explora\/wp-json\/wp\/v2\/tags?post=1013"}],"curies":[{"name":"wp","href":"https:\/\/api.w.org\/{rel}","templated":true}]}}