{"id":1021,"date":"2020-05-21T11:37:00","date_gmt":"2020-05-21T09:37:00","guid":{"rendered":"https:\/\/espacioaretha.com\/explora\/?p=1021"},"modified":"2022-04-28T19:52:54","modified_gmt":"2022-04-28T17:52:54","slug":"no-volveremos-al-mismo-lugar","status":"publish","type":"post","link":"https:\/\/espacioaretha.com\/explora\/no-volveremos-al-mismo-lugar\/","title":{"rendered":"No volveremos al mismo lugar"},"content":{"rendered":"\n<figure class=\"wp-block-image size-large\"><img loading=\"lazy\" decoding=\"async\" width=\"1024\" height=\"684\" src=\"https:\/\/espacioaretha.com\/explora\/wp-content\/uploads\/2022\/03\/01.photo-by-Andy-Beales-on-Unsplash-1024x684.jpg\" alt=\"\" class=\"wp-image-1023\" srcset=\"https:\/\/espacioaretha.com\/explora\/wp-content\/uploads\/2022\/03\/01.photo-by-Andy-Beales-on-Unsplash-1024x684.jpg 1024w, https:\/\/espacioaretha.com\/explora\/wp-content\/uploads\/2022\/03\/01.photo-by-Andy-Beales-on-Unsplash-300x200.jpg 300w, https:\/\/espacioaretha.com\/explora\/wp-content\/uploads\/2022\/03\/01.photo-by-Andy-Beales-on-Unsplash-768x513.jpg 768w, https:\/\/espacioaretha.com\/explora\/wp-content\/uploads\/2022\/03\/01.photo-by-Andy-Beales-on-Unsplash-1536x1026.jpg 1536w, https:\/\/espacioaretha.com\/explora\/wp-content\/uploads\/2022\/03\/01.photo-by-Andy-Beales-on-Unsplash.jpg 1649w\" sizes=\"auto, (max-width: 1024px) 100vw, 1024px\" \/><\/figure>\n\n\n\n<p>Estamos estresados, si, a pesar de la aparente calma lo estamos, solo el 34% de las personas que lo est\u00e1n haciendo dice que volver\u00eda a teletrabajar<sup>1<\/sup> cuando esto acabe, el 66% de los que est\u00e1n trabajando en casa quiere volver corriendo a su oficina. Algunos lo est\u00e1n pasando tan mal, que por primera vez habr\u00e1 tanta gente con ganas de ir a la oficina como a los bares.&nbsp;<\/p>\n\n\n\n<p><sup>1<\/sup> Seg\u00fan la encuesta FUNCAS <a href=\"https:\/\/blog.funcas.es\/expansion-del-teletrabajo\/\">\u201cLa expansi\u00f3n (\u00bftemporal?) del teletrabajo<\/a><\/p>\n\n\n\n<p>No nos enga\u00f1emos, esto no es teletrabajo ni se le parece. Hay que tener mucho cuidado con las conclusiones que sacamos, si lo hacemos hoy, lo m\u00e1s seguro es que partamos de premisas equivocadas.<\/p>\n\n\n\n<p>Para lo que s\u00ed ha servido esta situaci\u00f3n es para convencer a los gerentes, antes eran los m\u00e1s esc\u00e9pticos, pero han visto con sus propios ojos el ahorro de costes (alquileres, servicios, comedores, etc\u2026) y han entendido finalmente que la productividad no va atada al presentismo (habr\u00e1 que ver c\u00f3mo evoluciona todo cuando la novedad pase y la fatiga haga efecto). La realidad ha convencido (a la fuerza) a los que toman las decisiones, de que pueden ahorrar mucho sin que los resultados se vean afectados de forma importante, y este, sin duda, ser\u00e1 el principal factor para que el trabajo flexible se implante definitivamente en el futuro.<\/p>\n\n\n\n<p>Y cuando ese 66% queramos volver corriendo a la oficina, mientras las organizaciones est\u00e1n planteando seriamente que quieren mantenernos en casa, \u00bfpara que volveremos? \u00bfqu\u00e9 pasar\u00e1 en esas nuevas oficinas?.<\/p>\n\n\n\n<p>Las mamparas, el distanciamiento social y la disminuci\u00f3n de los contactos ser\u00e1n evidentes, tanto que aburren, pero \u00bfqu\u00e9 podremos decir de unas oficinas en las que la regla general es tratarnos los unos a los otros como riesgos, y las reuniones se realicen a trav\u00e9s de un cristal c\u00f3mo en una prisi\u00f3n de m\u00e1xima seguridad?<\/p>\n\n\n\n<figure class=\"wp-block-image size-large\"><img loading=\"lazy\" decoding=\"async\" width=\"1024\" height=\"619\" src=\"https:\/\/espacioaretha.com\/explora\/wp-content\/uploads\/2022\/03\/02.Photo-by-Belinda-Fewings-on-Unsplash-1536x928-1-1024x619.jpg\" alt=\"\" class=\"wp-image-1024\" srcset=\"https:\/\/espacioaretha.com\/explora\/wp-content\/uploads\/2022\/03\/02.Photo-by-Belinda-Fewings-on-Unsplash-1536x928-1-1024x619.jpg 1024w, https:\/\/espacioaretha.com\/explora\/wp-content\/uploads\/2022\/03\/02.Photo-by-Belinda-Fewings-on-Unsplash-1536x928-1-300x181.jpg 300w, https:\/\/espacioaretha.com\/explora\/wp-content\/uploads\/2022\/03\/02.Photo-by-Belinda-Fewings-on-Unsplash-1536x928-1-768x464.jpg 768w, https:\/\/espacioaretha.com\/explora\/wp-content\/uploads\/2022\/03\/02.Photo-by-Belinda-Fewings-on-Unsplash-1536x928-1.jpg 1536w\" sizes=\"auto, (max-width: 1024px) 100vw, 1024px\" \/><\/figure>\n\n\n\n<p>Los estudios, tanto en los EE.UU como en Reino Unido muestran cierta unanimidad. Las dos cosas que m\u00e1s se echan en falta de la oficina tradicional son la colaboraci\u00f3n cara a cara y la socializaci\u00f3n con los compa\u00f1eros. Somos seres sociales, animales de manada, y no volveremos a la oficina porque queremos sentarnos delante de un ordenador; volveremos para estar con otros, as\u00ed que caminar solo en una direcci\u00f3n por el pasillo mirando la espalda de mis compa\u00f1eros no parece la mejor soluci\u00f3n.<\/p>\n\n\n\n<p>Querremos volver por dos razones fundamentales, porque nuestras casas, tal como son ahora no son un buen lugar para trabajar, y porque en nuestras oficinas tenemos una vida social que nos satisface mucho m\u00e1s que el aislamiento.<\/p>\n\n\n\n<figure class=\"wp-block-image size-large\"><img loading=\"lazy\" decoding=\"async\" width=\"1024\" height=\"683\" src=\"https:\/\/espacioaretha.com\/explora\/wp-content\/uploads\/2022\/03\/03.Photo-by-Sharon-McCutcheon-on-Unsplash-1536x1024-1-1024x683.jpg\" alt=\"\" class=\"wp-image-1025\" srcset=\"https:\/\/espacioaretha.com\/explora\/wp-content\/uploads\/2022\/03\/03.Photo-by-Sharon-McCutcheon-on-Unsplash-1536x1024-1-1024x683.jpg 1024w, https:\/\/espacioaretha.com\/explora\/wp-content\/uploads\/2022\/03\/03.Photo-by-Sharon-McCutcheon-on-Unsplash-1536x1024-1-300x200.jpg 300w, https:\/\/espacioaretha.com\/explora\/wp-content\/uploads\/2022\/03\/03.Photo-by-Sharon-McCutcheon-on-Unsplash-1536x1024-1-768x512.jpg 768w, https:\/\/espacioaretha.com\/explora\/wp-content\/uploads\/2022\/03\/03.Photo-by-Sharon-McCutcheon-on-Unsplash-1536x1024-1.jpg 1536w\" sizes=\"auto, (max-width: 1024px) 100vw, 1024px\" \/><\/figure>\n\n\n\n<p>Si queremos que el futuro del trabajo flexible sea exitoso, ahora que hemos convencido a los gerentes de que es rentable, debemos trabajar en estos dos contextos el hogar y la oficina, y en los hilos que los unen, que son las pol\u00edticas sobre c\u00f3mo nos comportaremos y las herramientas que usaremos.<\/p>\n\n\n\n<p>Debemos garantizar que el hogar sea un lugar adecuado para trabajar, seguro, confortable y desde el que podamos refugiarnos a la vez que conectarnos. \u00bfC\u00f3mo ser\u00e1n nuestras casas, nuestros edificios e incluso el entorno urbano ahora que pasaremos m\u00e1s tiempo en ellos? \u00bfcuanto del ahorro de costes son en realidad gastos transferidos al trabajador? \u00bfhablaremos m\u00e1s con nuestros vecinos?\u00bfcompraremos m\u00e1s en el barrio?. Pero tambi\u00e9n tendremos que entender las diferencias de trabajar desde&nbsp; all\u00ed, en un entorno dom\u00e9stico donde el gato puede venir a visitarnos durante una call y no pasa nada, donde un ni\u00f1o puede estar presente mientras trabajamos, porque sino la conciliaci\u00f3n tendr\u00eda poco sentido.<\/p>\n\n\n\n<figure class=\"wp-block-image size-full\"><img loading=\"lazy\" decoding=\"async\" width=\"640\" height=\"411\" src=\"https:\/\/espacioaretha.com\/explora\/wp-content\/uploads\/2022\/03\/04.Photo-by-Nathan-Dumlao-on-Unsplash.jpg\" alt=\"\" class=\"wp-image-1026\" srcset=\"https:\/\/espacioaretha.com\/explora\/wp-content\/uploads\/2022\/03\/04.Photo-by-Nathan-Dumlao-on-Unsplash.jpg 640w, https:\/\/espacioaretha.com\/explora\/wp-content\/uploads\/2022\/03\/04.Photo-by-Nathan-Dumlao-on-Unsplash-300x193.jpg 300w\" sizes=\"auto, (max-width: 640px) 100vw, 640px\" \/><\/figure>\n\n\n\n<p>Convertiremos nuestras oficinas en un lugar seguro que inspire confianza, al tiempo que satisfaga nuestras necesidades sociales, en el que inventemos nuevas formas de abrazarnos, podamos colaborar con los otros y que brinde el contexto para que pensemos, colaboremos, compartamos juntos, en direcci\u00f3n al prop\u00f3sito de la empresa. Pasaremos menos tiempo en la oficina, habr\u00e1 que aprovecharlo al m\u00e1ximo. Ser\u00e1n oficinas difusas, con menos densidad, m\u00e1s distribuidas, focos de comunidad y del esp\u00edritu colectivo de la marca; pero a la vez comprometidas con el ahorro, la optimizaci\u00f3n y todos los ajustes que vienen.<\/p>\n\n\n\n<p>Tenemos que crear nuevas reglas, trabajar desde cualquier lugar no puede ser lo mismo que estar concentrados en la sede. La flexibilidad horaria, de ubicaci\u00f3n y el trabajo por objetivos exigen que pensemos mucho m\u00e1s en c\u00f3mo hacemos nuestro trabajo. Suena muy f\u00e1cil cuando los gur\u00fas dicen aquello de \u201ctrabajar por objetivos\u201d, pero definir que entrega cada qui\u00e9n, en qu\u00e9 plazo, con que nivel de calidad, y en otras muchas condiciones va a ser un trabajo descomunal para algunos, acostumbrados a que lo \u00fanico que tienen que medir es la hora de entrada y salida de los suyos. Difuminar los l\u00edmites entre el trabajo y el resto de mi vida parece genial para conciliar, pero debemos escribir las reglas para diferenciar trabajo flexible de el\u00e1stico, no puede expandirse infinitamente a todos los rincones de la vida. El gran reto ser\u00e1 definir las nuevas formas de hacer las cosas.<\/p>\n\n\n\n<figure class=\"wp-block-image size-large\"><img loading=\"lazy\" decoding=\"async\" width=\"1024\" height=\"683\" src=\"https:\/\/espacioaretha.com\/explora\/wp-content\/uploads\/2022\/03\/05.Photo-by-freestocks-on-Unsplash-1536x1024-1-1024x683.jpg\" alt=\"\" class=\"wp-image-1027\" srcset=\"https:\/\/espacioaretha.com\/explora\/wp-content\/uploads\/2022\/03\/05.Photo-by-freestocks-on-Unsplash-1536x1024-1-1024x683.jpg 1024w, https:\/\/espacioaretha.com\/explora\/wp-content\/uploads\/2022\/03\/05.Photo-by-freestocks-on-Unsplash-1536x1024-1-300x200.jpg 300w, https:\/\/espacioaretha.com\/explora\/wp-content\/uploads\/2022\/03\/05.Photo-by-freestocks-on-Unsplash-1536x1024-1-768x512.jpg 768w, https:\/\/espacioaretha.com\/explora\/wp-content\/uploads\/2022\/03\/05.Photo-by-freestocks-on-Unsplash-1536x1024-1.jpg 1536w\" sizes=\"auto, (max-width: 1024px) 100vw, 1024px\" \/><\/figure>\n\n\n\n<p>Asombrosamente, las herramientas y la tecnolog\u00eda ha sido la menor de las barreras en esta transformaci\u00f3n. Menos del 30% de las personas se ha quejado de que encuentra dificultades t\u00e9cnicas para teletrabajar. Pero en el futuro deben servir para m\u00e1s, no solo para producir sino para suplir de verdad las carencias de la distancia.<\/p>\n\n\n\n<p>Vienen d\u00edas inciertos y probablemente complicados, habr\u00e1 que ajustar costes, y&nbsp; el trabajo flexible es nuestra mejor oportunidad tanto para salir adelante como para mitigar los efectos si se repite una nueva crisis como esta. Pero tenemos que esforzarnos mucho para hacerlo bien, pensar antes de actuar, porque lo contrario puede moverse entre lo in\u00fatil y lo peligroso. Y sobre todo, no caer en los errores de las crisis del pasado, centrarnos en las personas para conseguir una soluci\u00f3n con la que todos salgamos fortalecidos.<\/p>\n","protected":false},"excerpt":{"rendered":"<p>No imagino proponerme clasificar para Tokio dosmilcuandotoque en solo un par de semanas, y es lo que hemos hecho. En solo d\u00edas, hemos pasado de estar a la cola de Europa a ser pioneros mundiales del trabajo remoto, sin formaci\u00f3n, sin entrenamiento previo ni estar preparados, pero \u00bfa qu\u00e9 coste?. La curva de aprendizaje ha sido terrible, multiplicando las horas online para atender a la vez y en el mismo lugar la call de trabajo, la clase virtual de los ni\u00f1os, preparar la comida, y estar atentos al telediario, saber c\u00f3mo avanza la situaci\u00f3n, la salud y la econom\u00eda en Espa\u00f1a, en Europa y en el mundo.<\/p>\n","protected":false},"author":19,"featured_media":1023,"comment_status":"open","ping_status":"open","sticky":false,"template":"","format":"standard","meta":{"footnotes":""},"categories":[31],"tags":[121,73],"class_list":["post-1021","post","type-post","status-publish","format-standard","has-post-thumbnail","hentry","category-espacios-de-trabajo","tag-flexibilidad-laboral","tag-futuro"],"yoast_head":"<!-- This site is optimized with the Yoast SEO plugin v27.4 - https:\/\/yoast.com\/product\/yoast-seo-wordpress\/ -->\n<title>No volveremos al mismo lugar<\/title>\n<meta name=\"description\" content=\"Aretha Explora es una plataforma de contenidos e inspiraci\u00f3n sobre arquitectura, dise\u00f1o y mucho m\u00e1s.\" \/>\n<meta name=\"robots\" content=\"index, follow, max-snippet:-1, max-image-preview:large, max-video-preview:-1\" \/>\n<link rel=\"canonical\" href=\"https:\/\/espacioaretha.com\/explora\/no-volveremos-al-mismo-lugar\/\" \/>\n<meta property=\"og:locale\" content=\"es_ES\" \/>\n<meta property=\"og:type\" content=\"article\" \/>\n<meta property=\"og:title\" content=\"No volveremos al mismo lugar\" \/>\n<meta property=\"og:description\" content=\"Aretha Explora es una plataforma de contenidos e inspiraci\u00f3n sobre arquitectura, dise\u00f1o y mucho m\u00e1s.\" \/>\n<meta property=\"og:url\" content=\"https:\/\/espacioaretha.com\/explora\/no-volveremos-al-mismo-lugar\/\" \/>\n<meta property=\"og:site_name\" content=\"Aretha Explora\" \/>\n<meta property=\"article:published_time\" content=\"2020-05-21T09:37:00+00:00\" \/>\n<meta property=\"article:modified_time\" content=\"2022-04-28T17:52:54+00:00\" \/>\n<meta property=\"og:image\" content=\"https:\/\/espacioaretha.com\/explora\/wp-content\/uploads\/2022\/03\/01.photo-by-Andy-Beales-on-Unsplash.jpg\" \/>\n\t<meta property=\"og:image:width\" content=\"1649\" \/>\n\t<meta property=\"og:image:height\" content=\"1101\" \/>\n\t<meta property=\"og:image:type\" content=\"image\/jpeg\" \/>\n<meta name=\"author\" content=\"Jaime M\u00e9ndez Quintero\" \/>\n<meta name=\"twitter:card\" content=\"summary_large_image\" \/>\n<meta name=\"twitter:label1\" content=\"Escrito por\" \/>\n\t<meta name=\"twitter:data1\" content=\"Jaime M\u00e9ndez Quintero\" \/>\n\t<meta name=\"twitter:label2\" content=\"Tiempo de lectura\" \/>\n\t<meta name=\"twitter:data2\" content=\"5 minutos\" \/>\n<script type=\"application\/ld+json\" class=\"yoast-schema-graph\">{\"@context\":\"https:\\\/\\\/schema.org\",\"@graph\":[{\"@type\":\"Article\",\"@id\":\"https:\\\/\\\/espacioaretha.com\\\/explora\\\/no-volveremos-al-mismo-lugar\\\/#article\",\"isPartOf\":{\"@id\":\"https:\\\/\\\/espacioaretha.com\\\/explora\\\/no-volveremos-al-mismo-lugar\\\/\"},\"author\":{\"name\":\"Jaime M\u00e9ndez Quintero\",\"@id\":\"https:\\\/\\\/espacioaretha.com\\\/explora\\\/#\\\/schema\\\/person\\\/b247d0260176449f5ee52f2fbcf9676a\"},\"headline\":\"No volveremos al mismo lugar\",\"datePublished\":\"2020-05-21T09:37:00+00:00\",\"dateModified\":\"2022-04-28T17:52:54+00:00\",\"mainEntityOfPage\":{\"@id\":\"https:\\\/\\\/espacioaretha.com\\\/explora\\\/no-volveremos-al-mismo-lugar\\\/\"},\"wordCount\":1030,\"commentCount\":0,\"publisher\":{\"@id\":\"https:\\\/\\\/espacioaretha.com\\\/explora\\\/#organization\"},\"image\":{\"@id\":\"https:\\\/\\\/espacioaretha.com\\\/explora\\\/no-volveremos-al-mismo-lugar\\\/#primaryimage\"},\"thumbnailUrl\":\"https:\\\/\\\/espacioaretha.com\\\/explora\\\/wp-content\\\/uploads\\\/2022\\\/03\\\/01.photo-by-Andy-Beales-on-Unsplash.jpg\",\"keywords\":[\"Flexibilidad laboral\",\"Futuro\"],\"articleSection\":[\"Espacios de trabajo\"],\"inLanguage\":\"es\",\"potentialAction\":[{\"@type\":\"CommentAction\",\"name\":\"Comment\",\"target\":[\"https:\\\/\\\/espacioaretha.com\\\/explora\\\/no-volveremos-al-mismo-lugar\\\/#respond\"]}]},{\"@type\":\"WebPage\",\"@id\":\"https:\\\/\\\/espacioaretha.com\\\/explora\\\/no-volveremos-al-mismo-lugar\\\/\",\"url\":\"https:\\\/\\\/espacioaretha.com\\\/explora\\\/no-volveremos-al-mismo-lugar\\\/\",\"name\":\"No volveremos al mismo lugar\",\"isPartOf\":{\"@id\":\"https:\\\/\\\/espacioaretha.com\\\/explora\\\/#website\"},\"primaryImageOfPage\":{\"@id\":\"https:\\\/\\\/espacioaretha.com\\\/explora\\\/no-volveremos-al-mismo-lugar\\\/#primaryimage\"},\"image\":{\"@id\":\"https:\\\/\\\/espacioaretha.com\\\/explora\\\/no-volveremos-al-mismo-lugar\\\/#primaryimage\"},\"thumbnailUrl\":\"https:\\\/\\\/espacioaretha.com\\\/explora\\\/wp-content\\\/uploads\\\/2022\\\/03\\\/01.photo-by-Andy-Beales-on-Unsplash.jpg\",\"datePublished\":\"2020-05-21T09:37:00+00:00\",\"dateModified\":\"2022-04-28T17:52:54+00:00\",\"description\":\"Aretha Explora es una plataforma de contenidos e inspiraci\u00f3n sobre arquitectura, dise\u00f1o y mucho m\u00e1s.\",\"breadcrumb\":{\"@id\":\"https:\\\/\\\/espacioaretha.com\\\/explora\\\/no-volveremos-al-mismo-lugar\\\/#breadcrumb\"},\"inLanguage\":\"es\",\"potentialAction\":[{\"@type\":\"ReadAction\",\"target\":[\"https:\\\/\\\/espacioaretha.com\\\/explora\\\/no-volveremos-al-mismo-lugar\\\/\"]}]},{\"@type\":\"ImageObject\",\"inLanguage\":\"es\",\"@id\":\"https:\\\/\\\/espacioaretha.com\\\/explora\\\/no-volveremos-al-mismo-lugar\\\/#primaryimage\",\"url\":\"https:\\\/\\\/espacioaretha.com\\\/explora\\\/wp-content\\\/uploads\\\/2022\\\/03\\\/01.photo-by-Andy-Beales-on-Unsplash.jpg\",\"contentUrl\":\"https:\\\/\\\/espacioaretha.com\\\/explora\\\/wp-content\\\/uploads\\\/2022\\\/03\\\/01.photo-by-Andy-Beales-on-Unsplash.jpg\",\"width\":1649,\"height\":1101},{\"@type\":\"BreadcrumbList\",\"@id\":\"https:\\\/\\\/espacioaretha.com\\\/explora\\\/no-volveremos-al-mismo-lugar\\\/#breadcrumb\",\"itemListElement\":[{\"@type\":\"ListItem\",\"position\":1,\"name\":\"Portada\",\"item\":\"https:\\\/\\\/espacioaretha.com\\\/explora\\\/\"},{\"@type\":\"ListItem\",\"position\":2,\"name\":\"No volveremos al mismo lugar\"}]},{\"@type\":\"WebSite\",\"@id\":\"https:\\\/\\\/espacioaretha.com\\\/explora\\\/#website\",\"url\":\"https:\\\/\\\/espacioaretha.com\\\/explora\\\/\",\"name\":\"Aretha Explora\",\"description\":\"Plataforma de contenidos e inspiraci\u00f3n sobre arquitectura, dise\u00f1o y mucho m\u00e1s\",\"publisher\":{\"@id\":\"https:\\\/\\\/espacioaretha.com\\\/explora\\\/#organization\"},\"potentialAction\":[{\"@type\":\"SearchAction\",\"target\":{\"@type\":\"EntryPoint\",\"urlTemplate\":\"https:\\\/\\\/espacioaretha.com\\\/explora\\\/?s={search_term_string}\"},\"query-input\":{\"@type\":\"PropertyValueSpecification\",\"valueRequired\":true,\"valueName\":\"search_term_string\"}}],\"inLanguage\":\"es\"},{\"@type\":\"Organization\",\"@id\":\"https:\\\/\\\/espacioaretha.com\\\/explora\\\/#organization\",\"name\":\"Aretha Explora\",\"alternateName\":\"Aretha\",\"url\":\"https:\\\/\\\/espacioaretha.com\\\/explora\\\/\",\"logo\":{\"@type\":\"ImageObject\",\"inLanguage\":\"es\",\"@id\":\"https:\\\/\\\/espacioaretha.com\\\/explora\\\/#\\\/schema\\\/logo\\\/image\\\/\",\"url\":\"https:\\\/\\\/espacioaretha.com\\\/explora\\\/wp-content\\\/uploads\\\/2022\\\/05\\\/Ojo-web.jpg\",\"contentUrl\":\"https:\\\/\\\/espacioaretha.com\\\/explora\\\/wp-content\\\/uploads\\\/2022\\\/05\\\/Ojo-web.jpg\",\"width\":1920,\"height\":1080,\"caption\":\"Aretha Explora\"},\"image\":{\"@id\":\"https:\\\/\\\/espacioaretha.com\\\/explora\\\/#\\\/schema\\\/logo\\\/image\\\/\"}},{\"@type\":\"Person\",\"@id\":\"https:\\\/\\\/espacioaretha.com\\\/explora\\\/#\\\/schema\\\/person\\\/b247d0260176449f5ee52f2fbcf9676a\",\"name\":\"Jaime M\u00e9ndez Quintero\",\"image\":{\"@type\":\"ImageObject\",\"inLanguage\":\"es\",\"@id\":\"https:\\\/\\\/espacioaretha.com\\\/explora\\\/wp-content\\\/uploads\\\/2022\\\/03\\\/jaime-mendez-quintero.png\",\"url\":\"https:\\\/\\\/espacioaretha.com\\\/explora\\\/wp-content\\\/uploads\\\/2022\\\/03\\\/jaime-mendez-quintero.png\",\"contentUrl\":\"https:\\\/\\\/espacioaretha.com\\\/explora\\\/wp-content\\\/uploads\\\/2022\\\/03\\\/jaime-mendez-quintero.png\",\"caption\":\"Jaime M\u00e9ndez Quintero\"},\"sameAs\":[\"https:\\\/\\\/www.themove.es\\\/\"],\"url\":\"https:\\\/\\\/espacioaretha.com\\\/explora\\\/author\\\/jaime-mendez\\\/\"}]}<\/script>\n<!-- \/ Yoast SEO plugin. -->","yoast_head_json":{"title":"No volveremos al mismo lugar","description":"Aretha Explora es una plataforma de contenidos e inspiraci\u00f3n sobre arquitectura, dise\u00f1o y mucho m\u00e1s.","robots":{"index":"index","follow":"follow","max-snippet":"max-snippet:-1","max-image-preview":"max-image-preview:large","max-video-preview":"max-video-preview:-1"},"canonical":"https:\/\/espacioaretha.com\/explora\/no-volveremos-al-mismo-lugar\/","og_locale":"es_ES","og_type":"article","og_title":"No volveremos al mismo lugar","og_description":"Aretha Explora es una plataforma de contenidos e inspiraci\u00f3n sobre arquitectura, dise\u00f1o y mucho m\u00e1s.","og_url":"https:\/\/espacioaretha.com\/explora\/no-volveremos-al-mismo-lugar\/","og_site_name":"Aretha Explora","article_published_time":"2020-05-21T09:37:00+00:00","article_modified_time":"2022-04-28T17:52:54+00:00","og_image":[{"width":1649,"height":1101,"url":"https:\/\/espacioaretha.com\/explora\/wp-content\/uploads\/2022\/03\/01.photo-by-Andy-Beales-on-Unsplash.jpg","type":"image\/jpeg"}],"author":"Jaime M\u00e9ndez Quintero","twitter_card":"summary_large_image","twitter_misc":{"Escrito por":"Jaime M\u00e9ndez Quintero","Tiempo de lectura":"5 minutos"},"schema":{"@context":"https:\/\/schema.org","@graph":[{"@type":"Article","@id":"https:\/\/espacioaretha.com\/explora\/no-volveremos-al-mismo-lugar\/#article","isPartOf":{"@id":"https:\/\/espacioaretha.com\/explora\/no-volveremos-al-mismo-lugar\/"},"author":{"name":"Jaime M\u00e9ndez Quintero","@id":"https:\/\/espacioaretha.com\/explora\/#\/schema\/person\/b247d0260176449f5ee52f2fbcf9676a"},"headline":"No volveremos al mismo lugar","datePublished":"2020-05-21T09:37:00+00:00","dateModified":"2022-04-28T17:52:54+00:00","mainEntityOfPage":{"@id":"https:\/\/espacioaretha.com\/explora\/no-volveremos-al-mismo-lugar\/"},"wordCount":1030,"commentCount":0,"publisher":{"@id":"https:\/\/espacioaretha.com\/explora\/#organization"},"image":{"@id":"https:\/\/espacioaretha.com\/explora\/no-volveremos-al-mismo-lugar\/#primaryimage"},"thumbnailUrl":"https:\/\/espacioaretha.com\/explora\/wp-content\/uploads\/2022\/03\/01.photo-by-Andy-Beales-on-Unsplash.jpg","keywords":["Flexibilidad laboral","Futuro"],"articleSection":["Espacios de trabajo"],"inLanguage":"es","potentialAction":[{"@type":"CommentAction","name":"Comment","target":["https:\/\/espacioaretha.com\/explora\/no-volveremos-al-mismo-lugar\/#respond"]}]},{"@type":"WebPage","@id":"https:\/\/espacioaretha.com\/explora\/no-volveremos-al-mismo-lugar\/","url":"https:\/\/espacioaretha.com\/explora\/no-volveremos-al-mismo-lugar\/","name":"No volveremos al mismo lugar","isPartOf":{"@id":"https:\/\/espacioaretha.com\/explora\/#website"},"primaryImageOfPage":{"@id":"https:\/\/espacioaretha.com\/explora\/no-volveremos-al-mismo-lugar\/#primaryimage"},"image":{"@id":"https:\/\/espacioaretha.com\/explora\/no-volveremos-al-mismo-lugar\/#primaryimage"},"thumbnailUrl":"https:\/\/espacioaretha.com\/explora\/wp-content\/uploads\/2022\/03\/01.photo-by-Andy-Beales-on-Unsplash.jpg","datePublished":"2020-05-21T09:37:00+00:00","dateModified":"2022-04-28T17:52:54+00:00","description":"Aretha Explora es una plataforma de contenidos e inspiraci\u00f3n sobre arquitectura, dise\u00f1o y mucho m\u00e1s.","breadcrumb":{"@id":"https:\/\/espacioaretha.com\/explora\/no-volveremos-al-mismo-lugar\/#breadcrumb"},"inLanguage":"es","potentialAction":[{"@type":"ReadAction","target":["https:\/\/espacioaretha.com\/explora\/no-volveremos-al-mismo-lugar\/"]}]},{"@type":"ImageObject","inLanguage":"es","@id":"https:\/\/espacioaretha.com\/explora\/no-volveremos-al-mismo-lugar\/#primaryimage","url":"https:\/\/espacioaretha.com\/explora\/wp-content\/uploads\/2022\/03\/01.photo-by-Andy-Beales-on-Unsplash.jpg","contentUrl":"https:\/\/espacioaretha.com\/explora\/wp-content\/uploads\/2022\/03\/01.photo-by-Andy-Beales-on-Unsplash.jpg","width":1649,"height":1101},{"@type":"BreadcrumbList","@id":"https:\/\/espacioaretha.com\/explora\/no-volveremos-al-mismo-lugar\/#breadcrumb","itemListElement":[{"@type":"ListItem","position":1,"name":"Portada","item":"https:\/\/espacioaretha.com\/explora\/"},{"@type":"ListItem","position":2,"name":"No volveremos al mismo lugar"}]},{"@type":"WebSite","@id":"https:\/\/espacioaretha.com\/explora\/#website","url":"https:\/\/espacioaretha.com\/explora\/","name":"Aretha Explora","description":"Plataforma de contenidos e inspiraci\u00f3n sobre arquitectura, dise\u00f1o y mucho m\u00e1s","publisher":{"@id":"https:\/\/espacioaretha.com\/explora\/#organization"},"potentialAction":[{"@type":"SearchAction","target":{"@type":"EntryPoint","urlTemplate":"https:\/\/espacioaretha.com\/explora\/?s={search_term_string}"},"query-input":{"@type":"PropertyValueSpecification","valueRequired":true,"valueName":"search_term_string"}}],"inLanguage":"es"},{"@type":"Organization","@id":"https:\/\/espacioaretha.com\/explora\/#organization","name":"Aretha Explora","alternateName":"Aretha","url":"https:\/\/espacioaretha.com\/explora\/","logo":{"@type":"ImageObject","inLanguage":"es","@id":"https:\/\/espacioaretha.com\/explora\/#\/schema\/logo\/image\/","url":"https:\/\/espacioaretha.com\/explora\/wp-content\/uploads\/2022\/05\/Ojo-web.jpg","contentUrl":"https:\/\/espacioaretha.com\/explora\/wp-content\/uploads\/2022\/05\/Ojo-web.jpg","width":1920,"height":1080,"caption":"Aretha Explora"},"image":{"@id":"https:\/\/espacioaretha.com\/explora\/#\/schema\/logo\/image\/"}},{"@type":"Person","@id":"https:\/\/espacioaretha.com\/explora\/#\/schema\/person\/b247d0260176449f5ee52f2fbcf9676a","name":"Jaime M\u00e9ndez Quintero","image":{"@type":"ImageObject","inLanguage":"es","@id":"https:\/\/espacioaretha.com\/explora\/wp-content\/uploads\/2022\/03\/jaime-mendez-quintero.png","url":"https:\/\/espacioaretha.com\/explora\/wp-content\/uploads\/2022\/03\/jaime-mendez-quintero.png","contentUrl":"https:\/\/espacioaretha.com\/explora\/wp-content\/uploads\/2022\/03\/jaime-mendez-quintero.png","caption":"Jaime M\u00e9ndez Quintero"},"sameAs":["https:\/\/www.themove.es\/"],"url":"https:\/\/espacioaretha.com\/explora\/author\/jaime-mendez\/"}]}},"_links":{"self":[{"href":"https:\/\/espacioaretha.com\/explora\/wp-json\/wp\/v2\/posts\/1021","targetHints":{"allow":["GET"]}}],"collection":[{"href":"https:\/\/espacioaretha.com\/explora\/wp-json\/wp\/v2\/posts"}],"about":[{"href":"https:\/\/espacioaretha.com\/explora\/wp-json\/wp\/v2\/types\/post"}],"author":[{"embeddable":true,"href":"https:\/\/espacioaretha.com\/explora\/wp-json\/wp\/v2\/users\/19"}],"replies":[{"embeddable":true,"href":"https:\/\/espacioaretha.com\/explora\/wp-json\/wp\/v2\/comments?post=1021"}],"version-history":[{"count":2,"href":"https:\/\/espacioaretha.com\/explora\/wp-json\/wp\/v2\/posts\/1021\/revisions"}],"predecessor-version":[{"id":1029,"href":"https:\/\/espacioaretha.com\/explora\/wp-json\/wp\/v2\/posts\/1021\/revisions\/1029"}],"wp:featuredmedia":[{"embeddable":true,"href":"https:\/\/espacioaretha.com\/explora\/wp-json\/wp\/v2\/media\/1023"}],"wp:attachment":[{"href":"https:\/\/espacioaretha.com\/explora\/wp-json\/wp\/v2\/media?parent=1021"}],"wp:term":[{"taxonomy":"category","embeddable":true,"href":"https:\/\/espacioaretha.com\/explora\/wp-json\/wp\/v2\/categories?post=1021"},{"taxonomy":"post_tag","embeddable":true,"href":"https:\/\/espacioaretha.com\/explora\/wp-json\/wp\/v2\/tags?post=1021"}],"curies":[{"name":"wp","href":"https:\/\/api.w.org\/{rel}","templated":true}]}}