{"id":1053,"date":"2020-08-21T11:49:00","date_gmt":"2020-08-21T09:49:00","guid":{"rendered":"https:\/\/espacioaretha.com\/explora\/?p=1053"},"modified":"2022-04-28T19:51:15","modified_gmt":"2022-04-28T17:51:15","slug":"identidad-corporativa-y-los-nuevos-escenarios-laborales","status":"publish","type":"post","link":"https:\/\/espacioaretha.com\/explora\/identidad-corporativa-y-los-nuevos-escenarios-laborales\/","title":{"rendered":"Identidad corporativa y los nuevos escenarios laborales"},"content":{"rendered":"\n<p>Muchos son los estudios, informes, documentos, webinars, protocolos de actuaci\u00f3n que cada d\u00eda encontramos en los medios y en las comunicaciones de empresas relacionadas con estos aspectos. Algunos quiz\u00e1 tengan una visi\u00f3n de corto recorrido, pero otros muchos aspectos ser\u00e1n estructurales e impactar\u00e1n en conceptos arquitect\u00f3nicos, urban\u00edsticos y de educaci\u00f3n social.<\/p>\n\n\n\n<figure class=\"wp-block-image size-large\"><img loading=\"lazy\" decoding=\"async\" width=\"1024\" height=\"683\" src=\"https:\/\/espacioaretha.com\/explora\/wp-content\/uploads\/2022\/03\/ARETHA_0011_02.SEDUS_-1024x683.jpg\" alt=\"\" class=\"wp-image-1055\" srcset=\"https:\/\/espacioaretha.com\/explora\/wp-content\/uploads\/2022\/03\/ARETHA_0011_02.SEDUS_-1024x683.jpg 1024w, https:\/\/espacioaretha.com\/explora\/wp-content\/uploads\/2022\/03\/ARETHA_0011_02.SEDUS_-300x200.jpg 300w, https:\/\/espacioaretha.com\/explora\/wp-content\/uploads\/2022\/03\/ARETHA_0011_02.SEDUS_-768x512.jpg 768w, https:\/\/espacioaretha.com\/explora\/wp-content\/uploads\/2022\/03\/ARETHA_0011_02.SEDUS_-1536x1024.jpg 1536w, https:\/\/espacioaretha.com\/explora\/wp-content\/uploads\/2022\/03\/ARETHA_0011_02.SEDUS_.jpg 1620w\" sizes=\"auto, (max-width: 1024px) 100vw, 1024px\" \/><\/figure>\n\n\n\n<p>La oficina tradicional ha pasado en las \u00faltimas dos d\u00e9cadas de un concepto territorial y jer\u00e1rquico en la distribuci\u00f3n de espacios a otro m\u00e1s colaborativo, integrador, democr\u00e1tico y favorecedor de la creatividad y el talento en las organizaciones.<\/p>\n\n\n\n<p>Tambi\u00e9n desde su nacimiento en 2005, pero sobre todo en los \u00faltimos 5 a\u00f1os, hemos experimentado una transformaci\u00f3n de los espacios de trabajo con el nacimiento y explosi\u00f3n de los espacios de coworking modernos, o m\u00e1s recientemente los coliving. Estos modelos han transformado el mundo de la oficina ofreciendo soluciones eficaces para la integraci\u00f3n de talento, tecnolog\u00eda, nuevas profesiones y nuevos proyectos de emprendimiento que quiz\u00e1, con el modelo tradicional de espacio de trabajo no hubieran tenido, en muchos casos, siquiera la posibilidad de haber nacido.<\/p>\n\n\n\n<p>El tercer elemento que a\u00f1adir se refiere al proceso de deslocalizaci\u00f3n del lugar de trabajo desde espacios corporativos concretos y definidos hacia nuestra propia casa. Hasta hace tan s\u00f3lo un par de meses el teletrabajo, home office, trabajo en casa o smartwork como en algunos pa\u00edses se denomina, era s\u00f3lo una posibilidad que s\u00f3lo grandes corporaciones favorec\u00edan por motivos relacionados con conciliaci\u00f3n personal y profesional. Por supuesto que muchos peque\u00f1os emprendedores y aut\u00f3nomos ven\u00edan desarrollando desde hace tiempo, ya no s\u00f3lo en casa, sino en cualquier lugar que permitiese conectarnos.<\/p>\n\n\n\n<figure class=\"wp-block-image size-large\"><img loading=\"lazy\" decoding=\"async\" width=\"1024\" height=\"683\" src=\"https:\/\/espacioaretha.com\/explora\/wp-content\/uploads\/2022\/03\/Socializing_Area-01-2-1024x683.jpeg\" alt=\"\" class=\"wp-image-1056\" srcset=\"https:\/\/espacioaretha.com\/explora\/wp-content\/uploads\/2022\/03\/Socializing_Area-01-2-1024x683.jpeg 1024w, https:\/\/espacioaretha.com\/explora\/wp-content\/uploads\/2022\/03\/Socializing_Area-01-2-300x200.jpeg 300w, https:\/\/espacioaretha.com\/explora\/wp-content\/uploads\/2022\/03\/Socializing_Area-01-2-768x512.jpeg 768w, https:\/\/espacioaretha.com\/explora\/wp-content\/uploads\/2022\/03\/Socializing_Area-01-2.jpeg 1500w\" sizes=\"auto, (max-width: 1024px) 100vw, 1024px\" \/><\/figure>\n\n\n\n<p>Pero lo que ha sucedido de modo repentino y sin tiempo para pensar en muchos casos, ha sido que la sociedad de manera simult\u00e1nea en todo el mundo se ha visto obligada a adaptarse en un tiempo r\u00e9cord al modo de trabajo remoto desde casa, poniendo a prueba las infraestructuras de comunicaci\u00f3n y transmisi\u00f3n de datos, as\u00ed como la capacidad de empresas, instituciones y personas para redefinir y testar sus procesos de gesti\u00f3n, comunicaci\u00f3n, reuni\u00f3n interna y su relaci\u00f3n con el mundo exterior.<\/p>\n\n\n\n<p>Hemos pasado de una concepci\u00f3n arcaica de concepto del trabajo en casa, identificada con la posibilidad de trabajar en bermudas en cualquier rinc\u00f3n de nuestro hogar y distribuyendo nuestro tiempo como y cuando quer\u00edamos, a otra totalmente diferente en la que el lugar de trabajo pasa a ser un concepto m\u00e1s completo y complejo: el lugar de trabajo pasa a ser la conjunci\u00f3n del talento adecuado en el momento adecuado en el entorno de trabajo adecuado, f\u00edsico o virtual.<\/p>\n\n\n\n<figure class=\"wp-block-image size-large\"><img loading=\"lazy\" decoding=\"async\" width=\"1024\" height=\"683\" src=\"https:\/\/espacioaretha.com\/explora\/wp-content\/uploads\/2022\/03\/02.Lammhults_Portus_TRE-STOCKHOLM-SWEDEN-1024x683.jpeg\" alt=\"\" class=\"wp-image-1057\" srcset=\"https:\/\/espacioaretha.com\/explora\/wp-content\/uploads\/2022\/03\/02.Lammhults_Portus_TRE-STOCKHOLM-SWEDEN-1024x683.jpeg 1024w, https:\/\/espacioaretha.com\/explora\/wp-content\/uploads\/2022\/03\/02.Lammhults_Portus_TRE-STOCKHOLM-SWEDEN-300x200.jpeg 300w, https:\/\/espacioaretha.com\/explora\/wp-content\/uploads\/2022\/03\/02.Lammhults_Portus_TRE-STOCKHOLM-SWEDEN-768x512.jpeg 768w, https:\/\/espacioaretha.com\/explora\/wp-content\/uploads\/2022\/03\/02.Lammhults_Portus_TRE-STOCKHOLM-SWEDEN.jpeg 1500w\" sizes=\"auto, (max-width: 1024px) 100vw, 1024px\" \/><\/figure>\n\n\n\n<p>El entorno de trabajo se eleva desde su concepci\u00f3n f\u00edsica tradicional del espacio concreto ubicado en un lugar determinado hacia otro paradigma m\u00e1s complejo: se trata de disponer siempre en modo real o virtual, que el mejor talento est\u00e9 disponible para las empresas cuando se le requiera, equilibrando como es l\u00f3gico la vida personal y la vida profesional.<\/p>\n\n\n\n<p>La pregunta es si tanto el trabajo en casa o el trabajo en espacios de coworking o de coliving permiten una adecuada identificaci\u00f3n del empleado con la misi\u00f3n, valores y objetivos de la empresa para la que trabajan.<\/p>\n\n\n\n<p>Las ventajas de los espacios de coworking son muchas en t\u00e9rminos de optimizaci\u00f3n de costes, lanzadera o incubadoras de empresas, socializaci\u00f3n y conectividad, servicios compartidos. Podr\u00eda pensarse que los espacios de coworking diluyen la identidad corporativa de las empresas o de los emprendedores que las eligen toda vez que tienen normas, procesos, y valores que podr\u00edan entrar en conflicto con las de la propia empresa, pero lo cierto es que permiten una mayor productividad a sus usuarios, as\u00ed como un sentimiento de grupo muy fuerte que se traduce en una fuerte sensaci\u00f3n de profesionalidad y credibilidad hacia el exterior. Es un s\u00edmbolo de legitimaci\u00f3n de la persona y de muchas start up. (As\u00ed se demuestra en la investigaci\u00f3n realizada sobre 1.100 usuarios en USA de espacios de coworking coworking y que se recoge en la bibliograf\u00eda del art\u00edculo).<\/p>\n\n\n\n<figure class=\"wp-block-image size-large\"><img loading=\"lazy\" decoding=\"async\" width=\"1024\" height=\"574\" src=\"https:\/\/espacioaretha.com\/explora\/wp-content\/uploads\/2022\/03\/02_Teamworking_6244_Hi-Res-TIF_18284-1024x574.jpeg\" alt=\"\" class=\"wp-image-1058\" srcset=\"https:\/\/espacioaretha.com\/explora\/wp-content\/uploads\/2022\/03\/02_Teamworking_6244_Hi-Res-TIF_18284-1024x574.jpeg 1024w, https:\/\/espacioaretha.com\/explora\/wp-content\/uploads\/2022\/03\/02_Teamworking_6244_Hi-Res-TIF_18284-300x168.jpeg 300w, https:\/\/espacioaretha.com\/explora\/wp-content\/uploads\/2022\/03\/02_Teamworking_6244_Hi-Res-TIF_18284-768x431.jpeg 768w, https:\/\/espacioaretha.com\/explora\/wp-content\/uploads\/2022\/03\/02_Teamworking_6244_Hi-Res-TIF_18284.jpeg 1500w\" sizes=\"auto, (max-width: 1024px) 100vw, 1024px\" \/><figcaption>02_Teamworking_6244.tif<\/figcaption><\/figure>\n\n\n\n<p>El reto ahora para los espacios de coworking y para los espacios de oficina corporativos es garantizar la salud de los usuarios y de sus visitantes, y las pr\u00f3ximas semanas y meses ser\u00e1n claves para experimentar soluciones que algunas tendr\u00e1n un car\u00e1cter temporal, pero muchas otras se ir\u00e1n consolidando y perfeccionando con el tiempo.<\/p>\n\n\n\n<p>De la misma forma, el nuevo escenario de trabajo en casa debe evolucionar hacia un modelo m\u00e1s profesional donde nos sintamos parte integrante de nuestra propia empresa, donde podamos mantener encuentros con colegas&nbsp; y directivos de nuestras propias organizaciones, pero tambi\u00e9n podamos reunirnos con clientes potenciales o reales, proveedores de producto o servicio en todo el mundo transmitiendo el mismo nivel de profesionalidad que nuestro entorno laboral en las oficinas centrales nos aporta cotidianamente.<\/p>\n\n\n\n<p>Cualificar ese espacio, hacerlo profesional a los ojos de los dem\u00e1s, acondicionarlo adecuadamente para abrazar de modo natural la tecnolog\u00eda, una correcta iluminaci\u00f3n, un buen aislamiento y confort ac\u00fastico y una ambientaci\u00f3n adecuada permitir\u00e1 alinear los aspectos profesionales individuales y corporativos.<\/p>\n\n\n\n<figure class=\"wp-block-image size-full\"><img loading=\"lazy\" decoding=\"async\" width=\"850\" height=\"601\" src=\"https:\/\/espacioaretha.com\/explora\/wp-content\/uploads\/2022\/03\/SLALOM_PLEXdesk-6.jpeg\" alt=\"\" class=\"wp-image-1059\" srcset=\"https:\/\/espacioaretha.com\/explora\/wp-content\/uploads\/2022\/03\/SLALOM_PLEXdesk-6.jpeg 850w, https:\/\/espacioaretha.com\/explora\/wp-content\/uploads\/2022\/03\/SLALOM_PLEXdesk-6-300x212.jpeg 300w, https:\/\/espacioaretha.com\/explora\/wp-content\/uploads\/2022\/03\/SLALOM_PLEXdesk-6-768x543.jpeg 768w\" sizes=\"auto, (max-width: 850px) 100vw, 850px\" \/><\/figure>\n\n\n\n<p>En definitiva, tanto el trabajo en casa como en un espacio de coworking como en las oficinas centrales tendr\u00e1n que convivir en el futuro, siendo la tecnolog\u00eda el elemento clave que permita su correcta vinculaci\u00f3n y las m\u00e1ximas sinergias para el empleado, el emprendedor, la empresa y los clientes finales.<\/p>\n\n\n\n<p>Frente a las visiones catastrofistas de quienes auguran el final de la oficina, lo razonable es que asistamos a un proceso de transformaci\u00f3n y evoluci\u00f3n de los entornos laborales que deben permitir la m\u00e1xima flexibilidad, la total conectividad, las protecci\u00f3n higi\u00e9nico-sanitaria de las personas y la conciliaci\u00f3n de vida personal y familiar.<\/p>\n","protected":false},"excerpt":{"rendered":"<p>La transformaci\u00f3n que nuestra sociedad est\u00e1 experimentando desde el inicio de este a\u00f1o ha abierto un amplio debate acerca de muchos aspectos de nuestra vida cotidiana. Entre ellos, y de la misma forma que la correcta y adecuada planificaci\u00f3n de la vuelta a los colegios y universidades en los diferentes pa\u00edses (confiemos que el nuestro sea capaz de resolverlo con urgencia al ser un aspecto esencial de futuro),  es la manera en que se transformar\u00e1n los espacios de trabajo, c\u00f3mo y durante cu\u00e1nto tiempo afectar\u00e1 en el inmediato, y a futuro en el dise\u00f1o y la configuraci\u00f3n de los entornos de trabajo y c\u00f3mo estar preparados frente a futuras amenazas que, a buen seguro, nuestra sociedad padecer\u00e1.<\/p>\n","protected":false},"author":6,"featured_media":1055,"comment_status":"open","ping_status":"open","sticky":false,"template":"","format":"standard","meta":{"footnotes":""},"categories":[31],"tags":[88,44,71],"class_list":["post-1053","post","type-post","status-publish","format-standard","has-post-thumbnail","hentry","category-espacios-de-trabajo","tag-coworking","tag-diseno","tag-identidad"],"yoast_head":"<!-- This site is optimized with the Yoast SEO plugin v27.4 - https:\/\/yoast.com\/product\/yoast-seo-wordpress\/ -->\n<title>Identidad corporativa y los nuevos escenarios laborales<\/title>\n<meta name=\"description\" content=\"Aretha Explora es una plataforma de contenidos e inspiraci\u00f3n sobre arquitectura, dise\u00f1o y mucho m\u00e1s.\" \/>\n<meta name=\"robots\" content=\"index, follow, max-snippet:-1, max-image-preview:large, max-video-preview:-1\" \/>\n<link rel=\"canonical\" href=\"https:\/\/espacioaretha.com\/explora\/identidad-corporativa-y-los-nuevos-escenarios-laborales\/\" \/>\n<meta property=\"og:locale\" content=\"es_ES\" \/>\n<meta property=\"og:type\" content=\"article\" \/>\n<meta property=\"og:title\" content=\"Identidad corporativa y los nuevos escenarios laborales\" \/>\n<meta property=\"og:description\" content=\"Aretha Explora es una plataforma de contenidos e inspiraci\u00f3n sobre arquitectura, dise\u00f1o y mucho m\u00e1s.\" \/>\n<meta property=\"og:url\" content=\"https:\/\/espacioaretha.com\/explora\/identidad-corporativa-y-los-nuevos-escenarios-laborales\/\" \/>\n<meta property=\"og:site_name\" content=\"Aretha Explora\" \/>\n<meta property=\"article:published_time\" content=\"2020-08-21T09:49:00+00:00\" \/>\n<meta property=\"article:modified_time\" content=\"2022-04-28T17:51:15+00:00\" \/>\n<meta property=\"og:image\" content=\"https:\/\/espacioaretha.com\/explora\/wp-content\/uploads\/2022\/03\/ARETHA_0011_02.SEDUS_.jpg\" \/>\n\t<meta property=\"og:image:width\" content=\"1620\" \/>\n\t<meta property=\"og:image:height\" content=\"1080\" \/>\n\t<meta property=\"og:image:type\" content=\"image\/jpeg\" \/>\n<meta name=\"author\" content=\"Fco Javier Blanco\" \/>\n<meta name=\"twitter:card\" content=\"summary_large_image\" \/>\n<meta name=\"twitter:label1\" content=\"Escrito por\" \/>\n\t<meta name=\"twitter:data1\" content=\"Fco Javier Blanco\" \/>\n\t<meta name=\"twitter:label2\" content=\"Tiempo de lectura\" \/>\n\t<meta name=\"twitter:data2\" content=\"5 minutos\" \/>\n<script type=\"application\/ld+json\" class=\"yoast-schema-graph\">{\"@context\":\"https:\\\/\\\/schema.org\",\"@graph\":[{\"@type\":\"Article\",\"@id\":\"https:\\\/\\\/espacioaretha.com\\\/explora\\\/identidad-corporativa-y-los-nuevos-escenarios-laborales\\\/#article\",\"isPartOf\":{\"@id\":\"https:\\\/\\\/espacioaretha.com\\\/explora\\\/identidad-corporativa-y-los-nuevos-escenarios-laborales\\\/\"},\"author\":{\"name\":\"Fco Javier Blanco\",\"@id\":\"https:\\\/\\\/espacioaretha.com\\\/explora\\\/#\\\/schema\\\/person\\\/147851aa68fa4acde9c12bd233c54920\"},\"headline\":\"Identidad corporativa y los nuevos escenarios laborales\",\"datePublished\":\"2020-08-21T09:49:00+00:00\",\"dateModified\":\"2022-04-28T17:51:15+00:00\",\"mainEntityOfPage\":{\"@id\":\"https:\\\/\\\/espacioaretha.com\\\/explora\\\/identidad-corporativa-y-los-nuevos-escenarios-laborales\\\/\"},\"wordCount\":1024,\"commentCount\":0,\"publisher\":{\"@id\":\"https:\\\/\\\/espacioaretha.com\\\/explora\\\/#organization\"},\"image\":{\"@id\":\"https:\\\/\\\/espacioaretha.com\\\/explora\\\/identidad-corporativa-y-los-nuevos-escenarios-laborales\\\/#primaryimage\"},\"thumbnailUrl\":\"https:\\\/\\\/espacioaretha.com\\\/explora\\\/wp-content\\\/uploads\\\/2022\\\/03\\\/ARETHA_0011_02.SEDUS_.jpg\",\"keywords\":[\"Coworking\",\"Dise\u00f1o\",\"Identidad\"],\"articleSection\":[\"Espacios de trabajo\"],\"inLanguage\":\"es\",\"potentialAction\":[{\"@type\":\"CommentAction\",\"name\":\"Comment\",\"target\":[\"https:\\\/\\\/espacioaretha.com\\\/explora\\\/identidad-corporativa-y-los-nuevos-escenarios-laborales\\\/#respond\"]}]},{\"@type\":\"WebPage\",\"@id\":\"https:\\\/\\\/espacioaretha.com\\\/explora\\\/identidad-corporativa-y-los-nuevos-escenarios-laborales\\\/\",\"url\":\"https:\\\/\\\/espacioaretha.com\\\/explora\\\/identidad-corporativa-y-los-nuevos-escenarios-laborales\\\/\",\"name\":\"Identidad corporativa y los nuevos escenarios laborales\",\"isPartOf\":{\"@id\":\"https:\\\/\\\/espacioaretha.com\\\/explora\\\/#website\"},\"primaryImageOfPage\":{\"@id\":\"https:\\\/\\\/espacioaretha.com\\\/explora\\\/identidad-corporativa-y-los-nuevos-escenarios-laborales\\\/#primaryimage\"},\"image\":{\"@id\":\"https:\\\/\\\/espacioaretha.com\\\/explora\\\/identidad-corporativa-y-los-nuevos-escenarios-laborales\\\/#primaryimage\"},\"thumbnailUrl\":\"https:\\\/\\\/espacioaretha.com\\\/explora\\\/wp-content\\\/uploads\\\/2022\\\/03\\\/ARETHA_0011_02.SEDUS_.jpg\",\"datePublished\":\"2020-08-21T09:49:00+00:00\",\"dateModified\":\"2022-04-28T17:51:15+00:00\",\"description\":\"Aretha Explora es una plataforma de contenidos e inspiraci\u00f3n sobre arquitectura, dise\u00f1o y mucho m\u00e1s.\",\"breadcrumb\":{\"@id\":\"https:\\\/\\\/espacioaretha.com\\\/explora\\\/identidad-corporativa-y-los-nuevos-escenarios-laborales\\\/#breadcrumb\"},\"inLanguage\":\"es\",\"potentialAction\":[{\"@type\":\"ReadAction\",\"target\":[\"https:\\\/\\\/espacioaretha.com\\\/explora\\\/identidad-corporativa-y-los-nuevos-escenarios-laborales\\\/\"]}]},{\"@type\":\"ImageObject\",\"inLanguage\":\"es\",\"@id\":\"https:\\\/\\\/espacioaretha.com\\\/explora\\\/identidad-corporativa-y-los-nuevos-escenarios-laborales\\\/#primaryimage\",\"url\":\"https:\\\/\\\/espacioaretha.com\\\/explora\\\/wp-content\\\/uploads\\\/2022\\\/03\\\/ARETHA_0011_02.SEDUS_.jpg\",\"contentUrl\":\"https:\\\/\\\/espacioaretha.com\\\/explora\\\/wp-content\\\/uploads\\\/2022\\\/03\\\/ARETHA_0011_02.SEDUS_.jpg\",\"width\":1620,\"height\":1080},{\"@type\":\"BreadcrumbList\",\"@id\":\"https:\\\/\\\/espacioaretha.com\\\/explora\\\/identidad-corporativa-y-los-nuevos-escenarios-laborales\\\/#breadcrumb\",\"itemListElement\":[{\"@type\":\"ListItem\",\"position\":1,\"name\":\"Portada\",\"item\":\"https:\\\/\\\/espacioaretha.com\\\/explora\\\/\"},{\"@type\":\"ListItem\",\"position\":2,\"name\":\"Identidad corporativa y los nuevos escenarios laborales\"}]},{\"@type\":\"WebSite\",\"@id\":\"https:\\\/\\\/espacioaretha.com\\\/explora\\\/#website\",\"url\":\"https:\\\/\\\/espacioaretha.com\\\/explora\\\/\",\"name\":\"Aretha Explora\",\"description\":\"Plataforma de contenidos e inspiraci\u00f3n sobre arquitectura, dise\u00f1o y mucho m\u00e1s\",\"publisher\":{\"@id\":\"https:\\\/\\\/espacioaretha.com\\\/explora\\\/#organization\"},\"potentialAction\":[{\"@type\":\"SearchAction\",\"target\":{\"@type\":\"EntryPoint\",\"urlTemplate\":\"https:\\\/\\\/espacioaretha.com\\\/explora\\\/?s={search_term_string}\"},\"query-input\":{\"@type\":\"PropertyValueSpecification\",\"valueRequired\":true,\"valueName\":\"search_term_string\"}}],\"inLanguage\":\"es\"},{\"@type\":\"Organization\",\"@id\":\"https:\\\/\\\/espacioaretha.com\\\/explora\\\/#organization\",\"name\":\"Aretha Explora\",\"alternateName\":\"Aretha\",\"url\":\"https:\\\/\\\/espacioaretha.com\\\/explora\\\/\",\"logo\":{\"@type\":\"ImageObject\",\"inLanguage\":\"es\",\"@id\":\"https:\\\/\\\/espacioaretha.com\\\/explora\\\/#\\\/schema\\\/logo\\\/image\\\/\",\"url\":\"https:\\\/\\\/espacioaretha.com\\\/explora\\\/wp-content\\\/uploads\\\/2022\\\/05\\\/Ojo-web.jpg\",\"contentUrl\":\"https:\\\/\\\/espacioaretha.com\\\/explora\\\/wp-content\\\/uploads\\\/2022\\\/05\\\/Ojo-web.jpg\",\"width\":1920,\"height\":1080,\"caption\":\"Aretha Explora\"},\"image\":{\"@id\":\"https:\\\/\\\/espacioaretha.com\\\/explora\\\/#\\\/schema\\\/logo\\\/image\\\/\"}},{\"@type\":\"Person\",\"@id\":\"https:\\\/\\\/espacioaretha.com\\\/explora\\\/#\\\/schema\\\/person\\\/147851aa68fa4acde9c12bd233c54920\",\"name\":\"Fco Javier Blanco\",\"image\":{\"@type\":\"ImageObject\",\"inLanguage\":\"es\",\"@id\":\"https:\\\/\\\/espacioaretha.com\\\/explora\\\/wp-content\\\/uploads\\\/2022\\\/03\\\/Javier-Blanco.png\",\"url\":\"https:\\\/\\\/espacioaretha.com\\\/explora\\\/wp-content\\\/uploads\\\/2022\\\/03\\\/Javier-Blanco.png\",\"contentUrl\":\"https:\\\/\\\/espacioaretha.com\\\/explora\\\/wp-content\\\/uploads\\\/2022\\\/03\\\/Javier-Blanco.png\",\"caption\":\"Fco Javier Blanco\"},\"description\":\"Socio director\",\"url\":\"https:\\\/\\\/espacioaretha.com\\\/explora\\\/author\\\/fco-javier-blanco\\\/\"}]}<\/script>\n<!-- \/ Yoast SEO plugin. -->","yoast_head_json":{"title":"Identidad corporativa y los nuevos escenarios laborales","description":"Aretha Explora es una plataforma de contenidos e inspiraci\u00f3n sobre arquitectura, dise\u00f1o y mucho m\u00e1s.","robots":{"index":"index","follow":"follow","max-snippet":"max-snippet:-1","max-image-preview":"max-image-preview:large","max-video-preview":"max-video-preview:-1"},"canonical":"https:\/\/espacioaretha.com\/explora\/identidad-corporativa-y-los-nuevos-escenarios-laborales\/","og_locale":"es_ES","og_type":"article","og_title":"Identidad corporativa y los nuevos escenarios laborales","og_description":"Aretha Explora es una plataforma de contenidos e inspiraci\u00f3n sobre arquitectura, dise\u00f1o y mucho m\u00e1s.","og_url":"https:\/\/espacioaretha.com\/explora\/identidad-corporativa-y-los-nuevos-escenarios-laborales\/","og_site_name":"Aretha Explora","article_published_time":"2020-08-21T09:49:00+00:00","article_modified_time":"2022-04-28T17:51:15+00:00","og_image":[{"width":1620,"height":1080,"url":"https:\/\/espacioaretha.com\/explora\/wp-content\/uploads\/2022\/03\/ARETHA_0011_02.SEDUS_.jpg","type":"image\/jpeg"}],"author":"Fco Javier Blanco","twitter_card":"summary_large_image","twitter_misc":{"Escrito por":"Fco Javier Blanco","Tiempo de lectura":"5 minutos"},"schema":{"@context":"https:\/\/schema.org","@graph":[{"@type":"Article","@id":"https:\/\/espacioaretha.com\/explora\/identidad-corporativa-y-los-nuevos-escenarios-laborales\/#article","isPartOf":{"@id":"https:\/\/espacioaretha.com\/explora\/identidad-corporativa-y-los-nuevos-escenarios-laborales\/"},"author":{"name":"Fco Javier Blanco","@id":"https:\/\/espacioaretha.com\/explora\/#\/schema\/person\/147851aa68fa4acde9c12bd233c54920"},"headline":"Identidad corporativa y los nuevos escenarios laborales","datePublished":"2020-08-21T09:49:00+00:00","dateModified":"2022-04-28T17:51:15+00:00","mainEntityOfPage":{"@id":"https:\/\/espacioaretha.com\/explora\/identidad-corporativa-y-los-nuevos-escenarios-laborales\/"},"wordCount":1024,"commentCount":0,"publisher":{"@id":"https:\/\/espacioaretha.com\/explora\/#organization"},"image":{"@id":"https:\/\/espacioaretha.com\/explora\/identidad-corporativa-y-los-nuevos-escenarios-laborales\/#primaryimage"},"thumbnailUrl":"https:\/\/espacioaretha.com\/explora\/wp-content\/uploads\/2022\/03\/ARETHA_0011_02.SEDUS_.jpg","keywords":["Coworking","Dise\u00f1o","Identidad"],"articleSection":["Espacios de trabajo"],"inLanguage":"es","potentialAction":[{"@type":"CommentAction","name":"Comment","target":["https:\/\/espacioaretha.com\/explora\/identidad-corporativa-y-los-nuevos-escenarios-laborales\/#respond"]}]},{"@type":"WebPage","@id":"https:\/\/espacioaretha.com\/explora\/identidad-corporativa-y-los-nuevos-escenarios-laborales\/","url":"https:\/\/espacioaretha.com\/explora\/identidad-corporativa-y-los-nuevos-escenarios-laborales\/","name":"Identidad corporativa y los nuevos escenarios laborales","isPartOf":{"@id":"https:\/\/espacioaretha.com\/explora\/#website"},"primaryImageOfPage":{"@id":"https:\/\/espacioaretha.com\/explora\/identidad-corporativa-y-los-nuevos-escenarios-laborales\/#primaryimage"},"image":{"@id":"https:\/\/espacioaretha.com\/explora\/identidad-corporativa-y-los-nuevos-escenarios-laborales\/#primaryimage"},"thumbnailUrl":"https:\/\/espacioaretha.com\/explora\/wp-content\/uploads\/2022\/03\/ARETHA_0011_02.SEDUS_.jpg","datePublished":"2020-08-21T09:49:00+00:00","dateModified":"2022-04-28T17:51:15+00:00","description":"Aretha Explora es una plataforma de contenidos e inspiraci\u00f3n sobre arquitectura, dise\u00f1o y mucho m\u00e1s.","breadcrumb":{"@id":"https:\/\/espacioaretha.com\/explora\/identidad-corporativa-y-los-nuevos-escenarios-laborales\/#breadcrumb"},"inLanguage":"es","potentialAction":[{"@type":"ReadAction","target":["https:\/\/espacioaretha.com\/explora\/identidad-corporativa-y-los-nuevos-escenarios-laborales\/"]}]},{"@type":"ImageObject","inLanguage":"es","@id":"https:\/\/espacioaretha.com\/explora\/identidad-corporativa-y-los-nuevos-escenarios-laborales\/#primaryimage","url":"https:\/\/espacioaretha.com\/explora\/wp-content\/uploads\/2022\/03\/ARETHA_0011_02.SEDUS_.jpg","contentUrl":"https:\/\/espacioaretha.com\/explora\/wp-content\/uploads\/2022\/03\/ARETHA_0011_02.SEDUS_.jpg","width":1620,"height":1080},{"@type":"BreadcrumbList","@id":"https:\/\/espacioaretha.com\/explora\/identidad-corporativa-y-los-nuevos-escenarios-laborales\/#breadcrumb","itemListElement":[{"@type":"ListItem","position":1,"name":"Portada","item":"https:\/\/espacioaretha.com\/explora\/"},{"@type":"ListItem","position":2,"name":"Identidad corporativa y los nuevos escenarios laborales"}]},{"@type":"WebSite","@id":"https:\/\/espacioaretha.com\/explora\/#website","url":"https:\/\/espacioaretha.com\/explora\/","name":"Aretha Explora","description":"Plataforma de contenidos e inspiraci\u00f3n sobre arquitectura, dise\u00f1o y mucho m\u00e1s","publisher":{"@id":"https:\/\/espacioaretha.com\/explora\/#organization"},"potentialAction":[{"@type":"SearchAction","target":{"@type":"EntryPoint","urlTemplate":"https:\/\/espacioaretha.com\/explora\/?s={search_term_string}"},"query-input":{"@type":"PropertyValueSpecification","valueRequired":true,"valueName":"search_term_string"}}],"inLanguage":"es"},{"@type":"Organization","@id":"https:\/\/espacioaretha.com\/explora\/#organization","name":"Aretha Explora","alternateName":"Aretha","url":"https:\/\/espacioaretha.com\/explora\/","logo":{"@type":"ImageObject","inLanguage":"es","@id":"https:\/\/espacioaretha.com\/explora\/#\/schema\/logo\/image\/","url":"https:\/\/espacioaretha.com\/explora\/wp-content\/uploads\/2022\/05\/Ojo-web.jpg","contentUrl":"https:\/\/espacioaretha.com\/explora\/wp-content\/uploads\/2022\/05\/Ojo-web.jpg","width":1920,"height":1080,"caption":"Aretha Explora"},"image":{"@id":"https:\/\/espacioaretha.com\/explora\/#\/schema\/logo\/image\/"}},{"@type":"Person","@id":"https:\/\/espacioaretha.com\/explora\/#\/schema\/person\/147851aa68fa4acde9c12bd233c54920","name":"Fco Javier Blanco","image":{"@type":"ImageObject","inLanguage":"es","@id":"https:\/\/espacioaretha.com\/explora\/wp-content\/uploads\/2022\/03\/Javier-Blanco.png","url":"https:\/\/espacioaretha.com\/explora\/wp-content\/uploads\/2022\/03\/Javier-Blanco.png","contentUrl":"https:\/\/espacioaretha.com\/explora\/wp-content\/uploads\/2022\/03\/Javier-Blanco.png","caption":"Fco Javier Blanco"},"description":"Socio director","url":"https:\/\/espacioaretha.com\/explora\/author\/fco-javier-blanco\/"}]}},"_links":{"self":[{"href":"https:\/\/espacioaretha.com\/explora\/wp-json\/wp\/v2\/posts\/1053","targetHints":{"allow":["GET"]}}],"collection":[{"href":"https:\/\/espacioaretha.com\/explora\/wp-json\/wp\/v2\/posts"}],"about":[{"href":"https:\/\/espacioaretha.com\/explora\/wp-json\/wp\/v2\/types\/post"}],"author":[{"embeddable":true,"href":"https:\/\/espacioaretha.com\/explora\/wp-json\/wp\/v2\/users\/6"}],"replies":[{"embeddable":true,"href":"https:\/\/espacioaretha.com\/explora\/wp-json\/wp\/v2\/comments?post=1053"}],"version-history":[{"count":1,"href":"https:\/\/espacioaretha.com\/explora\/wp-json\/wp\/v2\/posts\/1053\/revisions"}],"predecessor-version":[{"id":1060,"href":"https:\/\/espacioaretha.com\/explora\/wp-json\/wp\/v2\/posts\/1053\/revisions\/1060"}],"wp:featuredmedia":[{"embeddable":true,"href":"https:\/\/espacioaretha.com\/explora\/wp-json\/wp\/v2\/media\/1055"}],"wp:attachment":[{"href":"https:\/\/espacioaretha.com\/explora\/wp-json\/wp\/v2\/media?parent=1053"}],"wp:term":[{"taxonomy":"category","embeddable":true,"href":"https:\/\/espacioaretha.com\/explora\/wp-json\/wp\/v2\/categories?post=1053"},{"taxonomy":"post_tag","embeddable":true,"href":"https:\/\/espacioaretha.com\/explora\/wp-json\/wp\/v2\/tags?post=1053"}],"curies":[{"name":"wp","href":"https:\/\/api.w.org\/{rel}","templated":true}]}}