{"id":1085,"date":"2022-01-05T12:01:00","date_gmt":"2022-01-05T11:01:00","guid":{"rendered":"https:\/\/espacioaretha.com\/explora\/?p=1085"},"modified":"2022-04-28T20:23:10","modified_gmt":"2022-04-28T18:23:10","slug":"diseno-de-espacios-e-identidad-de-marca","status":"publish","type":"post","link":"https:\/\/espacioaretha.com\/explora\/diseno-de-espacios-e-identidad-de-marca\/","title":{"rendered":"Dise\u00f1o de espacios e identidad de marca"},"content":{"rendered":"\n<figure class=\"wp-block-image size-full\"><img loading=\"lazy\" decoding=\"async\" width=\"700\" height=\"700\" src=\"https:\/\/espacioaretha.com\/explora\/wp-content\/uploads\/2022\/03\/1.-Marca_MarinaMarisma-700x700-1.jpg\" alt=\"\" class=\"wp-image-1087\" srcset=\"https:\/\/espacioaretha.com\/explora\/wp-content\/uploads\/2022\/03\/1.-Marca_MarinaMarisma-700x700-1.jpg 700w, https:\/\/espacioaretha.com\/explora\/wp-content\/uploads\/2022\/03\/1.-Marca_MarinaMarisma-700x700-1-300x300.jpg 300w, https:\/\/espacioaretha.com\/explora\/wp-content\/uploads\/2022\/03\/1.-Marca_MarinaMarisma-700x700-1-150x150.jpg 150w\" sizes=\"auto, (max-width: 700px) 100vw, 700px\" \/><\/figure>\n\n\n\n<p>Esto ha generado un desarrollo muy importante del conocido como \u2018trabajador del conocimiento\u2019. En el que las empresas deben invertir no s\u00f3lo en los aspectos relacionados con el salario directo, sino en todos aquellos factores que permitan explotar al m\u00e1ximo sus capacidades para aportar a la compa\u00f1\u00eda y a los equipos en los que trabaja dentro de la misma, el mayor potencial posible.<\/p>\n\n\n\n<figure class=\"wp-block-image size-full\"><img loading=\"lazy\" decoding=\"async\" width=\"700\" height=\"700\" src=\"https:\/\/espacioaretha.com\/explora\/wp-content\/uploads\/2022\/03\/2.-Marca_MarinaMarisma-700x700-1.jpg\" alt=\"\" class=\"wp-image-1088\" srcset=\"https:\/\/espacioaretha.com\/explora\/wp-content\/uploads\/2022\/03\/2.-Marca_MarinaMarisma-700x700-1.jpg 700w, https:\/\/espacioaretha.com\/explora\/wp-content\/uploads\/2022\/03\/2.-Marca_MarinaMarisma-700x700-1-300x300.jpg 300w, https:\/\/espacioaretha.com\/explora\/wp-content\/uploads\/2022\/03\/2.-Marca_MarinaMarisma-700x700-1-150x150.jpg 150w\" sizes=\"auto, (max-width: 700px) 100vw, 700px\" \/><\/figure>\n\n\n\n<p>Identidad de marca como apuesta de valor<br>Esto explica la notable evoluci\u00f3n en la conceptualizaci\u00f3n de los espacios de trabajo si por ejemplo analizamos los \u00faltimos 15 a\u00f1os. Los espacios cerrados apenas existen, y si los hay gozan de total transparencia. Los espacios de colaboraci\u00f3n entre equipos salen de las salas de reuniones y nos los encontramos en peque\u00f1os rincones, zonas confortables, espacios de caf\u00e9, donde se intercambia conocimiento y experiencia. Los momentos de necesidad de aislamiento se concentran en peque\u00f1os phone booths donde nada nos distrae.<\/p>\n\n\n\n<figure class=\"wp-block-image size-full\"><img loading=\"lazy\" decoding=\"async\" width=\"700\" height=\"700\" src=\"https:\/\/espacioaretha.com\/explora\/wp-content\/uploads\/2022\/03\/3.-Marca_MarinaMarisma-700x700-1.jpg\" alt=\"\" class=\"wp-image-1089\" srcset=\"https:\/\/espacioaretha.com\/explora\/wp-content\/uploads\/2022\/03\/3.-Marca_MarinaMarisma-700x700-1.jpg 700w, https:\/\/espacioaretha.com\/explora\/wp-content\/uploads\/2022\/03\/3.-Marca_MarinaMarisma-700x700-1-300x300.jpg 300w, https:\/\/espacioaretha.com\/explora\/wp-content\/uploads\/2022\/03\/3.-Marca_MarinaMarisma-700x700-1-150x150.jpg 150w\" sizes=\"auto, (max-width: 700px) 100vw, 700px\" \/><\/figure>\n\n\n\n<p>Todo ello debe estar dise\u00f1ado respetando la identidad de marca que cada corporaci\u00f3n define. De este modo, cultura empresarial, sistemas directivos, formaci\u00f3n y dise\u00f1o ser\u00e1n factores sin\u00e9rgicos a la hora de identificar a la persona con su empresa y por lo tanto que esta sea capaz de retener el talento como activo esencial en la estrategia a largo plazo.<\/p>\n\n\n\n<figure class=\"wp-block-image size-full\"><img loading=\"lazy\" decoding=\"async\" width=\"700\" height=\"700\" src=\"https:\/\/espacioaretha.com\/explora\/wp-content\/uploads\/2022\/03\/4.-Marca_MarinaMarisma-700x700-1.jpg\" alt=\"\" class=\"wp-image-1090\" srcset=\"https:\/\/espacioaretha.com\/explora\/wp-content\/uploads\/2022\/03\/4.-Marca_MarinaMarisma-700x700-1.jpg 700w, https:\/\/espacioaretha.com\/explora\/wp-content\/uploads\/2022\/03\/4.-Marca_MarinaMarisma-700x700-1-300x300.jpg 300w, https:\/\/espacioaretha.com\/explora\/wp-content\/uploads\/2022\/03\/4.-Marca_MarinaMarisma-700x700-1-150x150.jpg 150w\" sizes=\"auto, (max-width: 700px) 100vw, 700px\" \/><\/figure>\n\n\n\n<p>Art\u00edculo redactado por Bel\u00e9n P\u00e9rez-Ullivarri, comunicaci\u00f3n y marketing en ARETHA.<br>Ilustraciones realizadas por Marina Marisma.<\/p>\n","protected":false},"excerpt":{"rendered":"<p>Dise\u00f1ar un espacio de trabajo tiene innumerables connotaciones y su importancia va creciendo con el tiempo. Se ha evolucionado en las \u00faltimas d\u00e9cadas de modelos en los que se pon\u00eda foco en una extrema concentraci\u00f3n de empleados en la zona \u201cproductiva\u201d, y amplios y cerrados despachos en las zonas directivas.  La sociedad afortunadamente evoluciona, y el grado de conocimiento y preparaci\u00f3n de las sucesivas generaciones ha crecido significativamente, con un apoyo notable de la revoluci\u00f3n tecnolog\u00eda como driver esencial de todos los procesos de cambios.<\/p>\n","protected":false},"author":5,"featured_media":1091,"comment_status":"open","ping_status":"open","sticky":false,"template":"","format":"standard","meta":{"footnotes":""},"categories":[28],"tags":[79,45],"class_list":["post-1085","post","type-post","status-publish","format-standard","has-post-thumbnail","hentry","category-arquitectura","tag-bienestar","tag-espacios-de-trabajo"],"yoast_head":"<!-- This site is optimized with the Yoast SEO plugin v27.4 - https:\/\/yoast.com\/product\/yoast-seo-wordpress\/ -->\n<title>Dise\u00f1o de espacios e identidad de marca<\/title>\n<meta name=\"description\" content=\"Aretha Explora es una plataforma de contenidos e inspiraci\u00f3n sobre arquitectura, dise\u00f1o y mucho m\u00e1s.\" \/>\n<meta name=\"robots\" content=\"index, follow, max-snippet:-1, max-image-preview:large, max-video-preview:-1\" \/>\n<link rel=\"canonical\" href=\"https:\/\/espacioaretha.com\/explora\/diseno-de-espacios-e-identidad-de-marca\/\" \/>\n<meta property=\"og:locale\" content=\"es_ES\" \/>\n<meta property=\"og:type\" content=\"article\" \/>\n<meta property=\"og:title\" content=\"Dise\u00f1o de espacios e identidad de marca\" \/>\n<meta property=\"og:description\" content=\"Aretha Explora es una plataforma de contenidos e inspiraci\u00f3n sobre arquitectura, dise\u00f1o y mucho m\u00e1s.\" \/>\n<meta property=\"og:url\" content=\"https:\/\/espacioaretha.com\/explora\/diseno-de-espacios-e-identidad-de-marca\/\" \/>\n<meta property=\"og:site_name\" content=\"Aretha Explora\" \/>\n<meta property=\"article:published_time\" content=\"2022-01-05T11:01:00+00:00\" \/>\n<meta property=\"article:modified_time\" content=\"2022-04-28T18:23:10+00:00\" \/>\n<meta property=\"og:image\" content=\"https:\/\/espacioaretha.com\/explora\/wp-content\/uploads\/2022\/03\/00destacada-4.-Marca_MarinaMarisma-scaled-1.jpg\" \/>\n\t<meta property=\"og:image:width\" content=\"2560\" \/>\n\t<meta property=\"og:image:height\" content=\"2560\" \/>\n\t<meta property=\"og:image:type\" content=\"image\/jpeg\" \/>\n<meta name=\"author\" content=\"Sin autor\" \/>\n<meta name=\"twitter:card\" content=\"summary_large_image\" \/>\n<meta name=\"twitter:label1\" content=\"Escrito por\" \/>\n\t<meta name=\"twitter:data1\" content=\"Sin autor\" \/>\n\t<meta name=\"twitter:label2\" content=\"Tiempo de lectura\" \/>\n\t<meta name=\"twitter:data2\" content=\"1 minuto\" \/>\n<script type=\"application\/ld+json\" class=\"yoast-schema-graph\">{\"@context\":\"https:\\\/\\\/schema.org\",\"@graph\":[{\"@type\":\"Article\",\"@id\":\"https:\\\/\\\/espacioaretha.com\\\/explora\\\/diseno-de-espacios-e-identidad-de-marca\\\/#article\",\"isPartOf\":{\"@id\":\"https:\\\/\\\/espacioaretha.com\\\/explora\\\/diseno-de-espacios-e-identidad-de-marca\\\/\"},\"author\":{\"name\":\"Sin autor\",\"@id\":\"https:\\\/\\\/espacioaretha.com\\\/explora\\\/#\\\/schema\\\/person\\\/df6ada6ea337b21c5c7acd22716c3dab\"},\"headline\":\"Dise\u00f1o de espacios e identidad de marca\",\"datePublished\":\"2022-01-05T11:01:00+00:00\",\"dateModified\":\"2022-04-28T18:23:10+00:00\",\"mainEntityOfPage\":{\"@id\":\"https:\\\/\\\/espacioaretha.com\\\/explora\\\/diseno-de-espacios-e-identidad-de-marca\\\/\"},\"wordCount\":249,\"commentCount\":0,\"publisher\":{\"@id\":\"https:\\\/\\\/espacioaretha.com\\\/explora\\\/#organization\"},\"image\":{\"@id\":\"https:\\\/\\\/espacioaretha.com\\\/explora\\\/diseno-de-espacios-e-identidad-de-marca\\\/#primaryimage\"},\"thumbnailUrl\":\"https:\\\/\\\/espacioaretha.com\\\/explora\\\/wp-content\\\/uploads\\\/2022\\\/03\\\/00destacada-4.-Marca_MarinaMarisma-scaled-1.jpg\",\"keywords\":[\"Bienestar\",\"Espacios de trabajo\"],\"articleSection\":[\"Arquitectura y dise\u00f1o\"],\"inLanguage\":\"es\",\"potentialAction\":[{\"@type\":\"CommentAction\",\"name\":\"Comment\",\"target\":[\"https:\\\/\\\/espacioaretha.com\\\/explora\\\/diseno-de-espacios-e-identidad-de-marca\\\/#respond\"]}]},{\"@type\":\"WebPage\",\"@id\":\"https:\\\/\\\/espacioaretha.com\\\/explora\\\/diseno-de-espacios-e-identidad-de-marca\\\/\",\"url\":\"https:\\\/\\\/espacioaretha.com\\\/explora\\\/diseno-de-espacios-e-identidad-de-marca\\\/\",\"name\":\"Dise\u00f1o de espacios e identidad de marca\",\"isPartOf\":{\"@id\":\"https:\\\/\\\/espacioaretha.com\\\/explora\\\/#website\"},\"primaryImageOfPage\":{\"@id\":\"https:\\\/\\\/espacioaretha.com\\\/explora\\\/diseno-de-espacios-e-identidad-de-marca\\\/#primaryimage\"},\"image\":{\"@id\":\"https:\\\/\\\/espacioaretha.com\\\/explora\\\/diseno-de-espacios-e-identidad-de-marca\\\/#primaryimage\"},\"thumbnailUrl\":\"https:\\\/\\\/espacioaretha.com\\\/explora\\\/wp-content\\\/uploads\\\/2022\\\/03\\\/00destacada-4.-Marca_MarinaMarisma-scaled-1.jpg\",\"datePublished\":\"2022-01-05T11:01:00+00:00\",\"dateModified\":\"2022-04-28T18:23:10+00:00\",\"description\":\"Aretha Explora es una plataforma de contenidos e inspiraci\u00f3n sobre arquitectura, dise\u00f1o y mucho m\u00e1s.\",\"breadcrumb\":{\"@id\":\"https:\\\/\\\/espacioaretha.com\\\/explora\\\/diseno-de-espacios-e-identidad-de-marca\\\/#breadcrumb\"},\"inLanguage\":\"es\",\"potentialAction\":[{\"@type\":\"ReadAction\",\"target\":[\"https:\\\/\\\/espacioaretha.com\\\/explora\\\/diseno-de-espacios-e-identidad-de-marca\\\/\"]}]},{\"@type\":\"ImageObject\",\"inLanguage\":\"es\",\"@id\":\"https:\\\/\\\/espacioaretha.com\\\/explora\\\/diseno-de-espacios-e-identidad-de-marca\\\/#primaryimage\",\"url\":\"https:\\\/\\\/espacioaretha.com\\\/explora\\\/wp-content\\\/uploads\\\/2022\\\/03\\\/00destacada-4.-Marca_MarinaMarisma-scaled-1.jpg\",\"contentUrl\":\"https:\\\/\\\/espacioaretha.com\\\/explora\\\/wp-content\\\/uploads\\\/2022\\\/03\\\/00destacada-4.-Marca_MarinaMarisma-scaled-1.jpg\",\"width\":2560,\"height\":2560},{\"@type\":\"BreadcrumbList\",\"@id\":\"https:\\\/\\\/espacioaretha.com\\\/explora\\\/diseno-de-espacios-e-identidad-de-marca\\\/#breadcrumb\",\"itemListElement\":[{\"@type\":\"ListItem\",\"position\":1,\"name\":\"Portada\",\"item\":\"https:\\\/\\\/espacioaretha.com\\\/explora\\\/\"},{\"@type\":\"ListItem\",\"position\":2,\"name\":\"Dise\u00f1o de espacios e identidad de marca\"}]},{\"@type\":\"WebSite\",\"@id\":\"https:\\\/\\\/espacioaretha.com\\\/explora\\\/#website\",\"url\":\"https:\\\/\\\/espacioaretha.com\\\/explora\\\/\",\"name\":\"Aretha Explora\",\"description\":\"Plataforma de contenidos e inspiraci\u00f3n sobre arquitectura, dise\u00f1o y mucho m\u00e1s\",\"publisher\":{\"@id\":\"https:\\\/\\\/espacioaretha.com\\\/explora\\\/#organization\"},\"potentialAction\":[{\"@type\":\"SearchAction\",\"target\":{\"@type\":\"EntryPoint\",\"urlTemplate\":\"https:\\\/\\\/espacioaretha.com\\\/explora\\\/?s={search_term_string}\"},\"query-input\":{\"@type\":\"PropertyValueSpecification\",\"valueRequired\":true,\"valueName\":\"search_term_string\"}}],\"inLanguage\":\"es\"},{\"@type\":\"Organization\",\"@id\":\"https:\\\/\\\/espacioaretha.com\\\/explora\\\/#organization\",\"name\":\"Aretha Explora\",\"alternateName\":\"Aretha\",\"url\":\"https:\\\/\\\/espacioaretha.com\\\/explora\\\/\",\"logo\":{\"@type\":\"ImageObject\",\"inLanguage\":\"es\",\"@id\":\"https:\\\/\\\/espacioaretha.com\\\/explora\\\/#\\\/schema\\\/logo\\\/image\\\/\",\"url\":\"https:\\\/\\\/espacioaretha.com\\\/explora\\\/wp-content\\\/uploads\\\/2022\\\/05\\\/Ojo-web.jpg\",\"contentUrl\":\"https:\\\/\\\/espacioaretha.com\\\/explora\\\/wp-content\\\/uploads\\\/2022\\\/05\\\/Ojo-web.jpg\",\"width\":1920,\"height\":1080,\"caption\":\"Aretha Explora\"},\"image\":{\"@id\":\"https:\\\/\\\/espacioaretha.com\\\/explora\\\/#\\\/schema\\\/logo\\\/image\\\/\"}},{\"@type\":\"Person\",\"@id\":\"https:\\\/\\\/espacioaretha.com\\\/explora\\\/#\\\/schema\\\/person\\\/df6ada6ea337b21c5c7acd22716c3dab\",\"name\":\"Sin autor\",\"image\":{\"@type\":\"ImageObject\",\"inLanguage\":\"es\",\"@id\":\"https:\\\/\\\/secure.gravatar.com\\\/avatar\\\/2cd3a4fa0d060891155df0876a0e25a4402231e65115ef7e540e22af3e717e98?s=96&d=mm&r=g\",\"url\":\"https:\\\/\\\/secure.gravatar.com\\\/avatar\\\/2cd3a4fa0d060891155df0876a0e25a4402231e65115ef7e540e22af3e717e98?s=96&d=mm&r=g\",\"contentUrl\":\"https:\\\/\\\/secure.gravatar.com\\\/avatar\\\/2cd3a4fa0d060891155df0876a0e25a4402231e65115ef7e540e22af3e717e98?s=96&d=mm&r=g\",\"caption\":\"Sin autor\"},\"url\":\"https:\\\/\\\/espacioaretha.com\\\/explora\\\/author\\\/sin-autor\\\/\"}]}<\/script>\n<!-- \/ Yoast SEO plugin. -->","yoast_head_json":{"title":"Dise\u00f1o de espacios e identidad de marca","description":"Aretha Explora es una plataforma de contenidos e inspiraci\u00f3n sobre arquitectura, dise\u00f1o y mucho m\u00e1s.","robots":{"index":"index","follow":"follow","max-snippet":"max-snippet:-1","max-image-preview":"max-image-preview:large","max-video-preview":"max-video-preview:-1"},"canonical":"https:\/\/espacioaretha.com\/explora\/diseno-de-espacios-e-identidad-de-marca\/","og_locale":"es_ES","og_type":"article","og_title":"Dise\u00f1o de espacios e identidad de marca","og_description":"Aretha Explora es una plataforma de contenidos e inspiraci\u00f3n sobre arquitectura, dise\u00f1o y mucho m\u00e1s.","og_url":"https:\/\/espacioaretha.com\/explora\/diseno-de-espacios-e-identidad-de-marca\/","og_site_name":"Aretha Explora","article_published_time":"2022-01-05T11:01:00+00:00","article_modified_time":"2022-04-28T18:23:10+00:00","og_image":[{"width":2560,"height":2560,"url":"https:\/\/espacioaretha.com\/explora\/wp-content\/uploads\/2022\/03\/00destacada-4.-Marca_MarinaMarisma-scaled-1.jpg","type":"image\/jpeg"}],"author":"Sin autor","twitter_card":"summary_large_image","twitter_misc":{"Escrito por":"Sin autor","Tiempo de lectura":"1 minuto"},"schema":{"@context":"https:\/\/schema.org","@graph":[{"@type":"Article","@id":"https:\/\/espacioaretha.com\/explora\/diseno-de-espacios-e-identidad-de-marca\/#article","isPartOf":{"@id":"https:\/\/espacioaretha.com\/explora\/diseno-de-espacios-e-identidad-de-marca\/"},"author":{"name":"Sin autor","@id":"https:\/\/espacioaretha.com\/explora\/#\/schema\/person\/df6ada6ea337b21c5c7acd22716c3dab"},"headline":"Dise\u00f1o de espacios e identidad de marca","datePublished":"2022-01-05T11:01:00+00:00","dateModified":"2022-04-28T18:23:10+00:00","mainEntityOfPage":{"@id":"https:\/\/espacioaretha.com\/explora\/diseno-de-espacios-e-identidad-de-marca\/"},"wordCount":249,"commentCount":0,"publisher":{"@id":"https:\/\/espacioaretha.com\/explora\/#organization"},"image":{"@id":"https:\/\/espacioaretha.com\/explora\/diseno-de-espacios-e-identidad-de-marca\/#primaryimage"},"thumbnailUrl":"https:\/\/espacioaretha.com\/explora\/wp-content\/uploads\/2022\/03\/00destacada-4.-Marca_MarinaMarisma-scaled-1.jpg","keywords":["Bienestar","Espacios de trabajo"],"articleSection":["Arquitectura y dise\u00f1o"],"inLanguage":"es","potentialAction":[{"@type":"CommentAction","name":"Comment","target":["https:\/\/espacioaretha.com\/explora\/diseno-de-espacios-e-identidad-de-marca\/#respond"]}]},{"@type":"WebPage","@id":"https:\/\/espacioaretha.com\/explora\/diseno-de-espacios-e-identidad-de-marca\/","url":"https:\/\/espacioaretha.com\/explora\/diseno-de-espacios-e-identidad-de-marca\/","name":"Dise\u00f1o de espacios e identidad de marca","isPartOf":{"@id":"https:\/\/espacioaretha.com\/explora\/#website"},"primaryImageOfPage":{"@id":"https:\/\/espacioaretha.com\/explora\/diseno-de-espacios-e-identidad-de-marca\/#primaryimage"},"image":{"@id":"https:\/\/espacioaretha.com\/explora\/diseno-de-espacios-e-identidad-de-marca\/#primaryimage"},"thumbnailUrl":"https:\/\/espacioaretha.com\/explora\/wp-content\/uploads\/2022\/03\/00destacada-4.-Marca_MarinaMarisma-scaled-1.jpg","datePublished":"2022-01-05T11:01:00+00:00","dateModified":"2022-04-28T18:23:10+00:00","description":"Aretha Explora es una plataforma de contenidos e inspiraci\u00f3n sobre arquitectura, dise\u00f1o y mucho m\u00e1s.","breadcrumb":{"@id":"https:\/\/espacioaretha.com\/explora\/diseno-de-espacios-e-identidad-de-marca\/#breadcrumb"},"inLanguage":"es","potentialAction":[{"@type":"ReadAction","target":["https:\/\/espacioaretha.com\/explora\/diseno-de-espacios-e-identidad-de-marca\/"]}]},{"@type":"ImageObject","inLanguage":"es","@id":"https:\/\/espacioaretha.com\/explora\/diseno-de-espacios-e-identidad-de-marca\/#primaryimage","url":"https:\/\/espacioaretha.com\/explora\/wp-content\/uploads\/2022\/03\/00destacada-4.-Marca_MarinaMarisma-scaled-1.jpg","contentUrl":"https:\/\/espacioaretha.com\/explora\/wp-content\/uploads\/2022\/03\/00destacada-4.-Marca_MarinaMarisma-scaled-1.jpg","width":2560,"height":2560},{"@type":"BreadcrumbList","@id":"https:\/\/espacioaretha.com\/explora\/diseno-de-espacios-e-identidad-de-marca\/#breadcrumb","itemListElement":[{"@type":"ListItem","position":1,"name":"Portada","item":"https:\/\/espacioaretha.com\/explora\/"},{"@type":"ListItem","position":2,"name":"Dise\u00f1o de espacios e identidad de marca"}]},{"@type":"WebSite","@id":"https:\/\/espacioaretha.com\/explora\/#website","url":"https:\/\/espacioaretha.com\/explora\/","name":"Aretha Explora","description":"Plataforma de contenidos e inspiraci\u00f3n sobre arquitectura, dise\u00f1o y mucho m\u00e1s","publisher":{"@id":"https:\/\/espacioaretha.com\/explora\/#organization"},"potentialAction":[{"@type":"SearchAction","target":{"@type":"EntryPoint","urlTemplate":"https:\/\/espacioaretha.com\/explora\/?s={search_term_string}"},"query-input":{"@type":"PropertyValueSpecification","valueRequired":true,"valueName":"search_term_string"}}],"inLanguage":"es"},{"@type":"Organization","@id":"https:\/\/espacioaretha.com\/explora\/#organization","name":"Aretha Explora","alternateName":"Aretha","url":"https:\/\/espacioaretha.com\/explora\/","logo":{"@type":"ImageObject","inLanguage":"es","@id":"https:\/\/espacioaretha.com\/explora\/#\/schema\/logo\/image\/","url":"https:\/\/espacioaretha.com\/explora\/wp-content\/uploads\/2022\/05\/Ojo-web.jpg","contentUrl":"https:\/\/espacioaretha.com\/explora\/wp-content\/uploads\/2022\/05\/Ojo-web.jpg","width":1920,"height":1080,"caption":"Aretha Explora"},"image":{"@id":"https:\/\/espacioaretha.com\/explora\/#\/schema\/logo\/image\/"}},{"@type":"Person","@id":"https:\/\/espacioaretha.com\/explora\/#\/schema\/person\/df6ada6ea337b21c5c7acd22716c3dab","name":"Sin autor","image":{"@type":"ImageObject","inLanguage":"es","@id":"https:\/\/secure.gravatar.com\/avatar\/2cd3a4fa0d060891155df0876a0e25a4402231e65115ef7e540e22af3e717e98?s=96&d=mm&r=g","url":"https:\/\/secure.gravatar.com\/avatar\/2cd3a4fa0d060891155df0876a0e25a4402231e65115ef7e540e22af3e717e98?s=96&d=mm&r=g","contentUrl":"https:\/\/secure.gravatar.com\/avatar\/2cd3a4fa0d060891155df0876a0e25a4402231e65115ef7e540e22af3e717e98?s=96&d=mm&r=g","caption":"Sin autor"},"url":"https:\/\/espacioaretha.com\/explora\/author\/sin-autor\/"}]}},"_links":{"self":[{"href":"https:\/\/espacioaretha.com\/explora\/wp-json\/wp\/v2\/posts\/1085","targetHints":{"allow":["GET"]}}],"collection":[{"href":"https:\/\/espacioaretha.com\/explora\/wp-json\/wp\/v2\/posts"}],"about":[{"href":"https:\/\/espacioaretha.com\/explora\/wp-json\/wp\/v2\/types\/post"}],"author":[{"embeddable":true,"href":"https:\/\/espacioaretha.com\/explora\/wp-json\/wp\/v2\/users\/5"}],"replies":[{"embeddable":true,"href":"https:\/\/espacioaretha.com\/explora\/wp-json\/wp\/v2\/comments?post=1085"}],"version-history":[{"count":1,"href":"https:\/\/espacioaretha.com\/explora\/wp-json\/wp\/v2\/posts\/1085\/revisions"}],"predecessor-version":[{"id":1092,"href":"https:\/\/espacioaretha.com\/explora\/wp-json\/wp\/v2\/posts\/1085\/revisions\/1092"}],"wp:featuredmedia":[{"embeddable":true,"href":"https:\/\/espacioaretha.com\/explora\/wp-json\/wp\/v2\/media\/1091"}],"wp:attachment":[{"href":"https:\/\/espacioaretha.com\/explora\/wp-json\/wp\/v2\/media?parent=1085"}],"wp:term":[{"taxonomy":"category","embeddable":true,"href":"https:\/\/espacioaretha.com\/explora\/wp-json\/wp\/v2\/categories?post=1085"},{"taxonomy":"post_tag","embeddable":true,"href":"https:\/\/espacioaretha.com\/explora\/wp-json\/wp\/v2\/tags?post=1085"}],"curies":[{"name":"wp","href":"https:\/\/api.w.org\/{rel}","templated":true}]}}