{"id":2646,"date":"2022-06-22T14:20:00","date_gmt":"2022-06-22T12:20:00","guid":{"rendered":"https:\/\/espacioaretha.com\/explora\/?p=2646"},"modified":"2022-06-24T08:41:50","modified_gmt":"2022-06-24T06:41:50","slug":"requiem-por-la-oficina-tradicional","status":"publish","type":"post","link":"https:\/\/espacioaretha.com\/explora\/requiem-por-la-oficina-tradicional\/","title":{"rendered":"R\u00e9quiem por la oficina tradicional"},"content":{"rendered":"\n<p><\/p>\n\n\n\n<p>El<strong> Aretha Hub Design<\/strong> supone la fusi\u00f3n del mundo real, representado por nuestro espacio f\u00edsico, con el mundo virtual, representado por Aretha Explora, nuestra plataforma digital generadora de contenido. En ella han participado en este per\u00edodo muchos profesionales de reconocido prestigio pertenecientes a distintos \u00e1mbitos del conocimiento. Gracias a todos ellos hemos ido recopilando ideas acerca de c\u00f3mo la sociedad cambia, de c\u00f3mo la tecnolog\u00eda revolucionar\u00e1 nuestra cotidianidad, y de c\u00f3mo el planeta nos demanda atenci\u00f3n para perdurar.<\/p>\n\n\n\n<figure class=\"wp-block-image size-large\"><img loading=\"lazy\" decoding=\"async\" width=\"1024\" height=\"683\" src=\"https:\/\/espacioaretha.com\/explora\/wp-content\/uploads\/2022\/06\/20211023-Eduardo-Dato-2-Madrid-27-HQ-1-1024x683.jpg\" alt=\"Aretha Hub\" class=\"wp-image-2662\" srcset=\"https:\/\/espacioaretha.com\/explora\/wp-content\/uploads\/2022\/06\/20211023-Eduardo-Dato-2-Madrid-27-HQ-1-1024x683.jpg 1024w, https:\/\/espacioaretha.com\/explora\/wp-content\/uploads\/2022\/06\/20211023-Eduardo-Dato-2-Madrid-27-HQ-1-300x200.jpg 300w, https:\/\/espacioaretha.com\/explora\/wp-content\/uploads\/2022\/06\/20211023-Eduardo-Dato-2-Madrid-27-HQ-1-768x512.jpg 768w, https:\/\/espacioaretha.com\/explora\/wp-content\/uploads\/2022\/06\/20211023-Eduardo-Dato-2-Madrid-27-HQ-1-1536x1024.jpg 1536w, https:\/\/espacioaretha.com\/explora\/wp-content\/uploads\/2022\/06\/20211023-Eduardo-Dato-2-Madrid-27-HQ-1-2048x1365.jpg 2048w\" sizes=\"auto, (max-width: 1024px) 100vw, 1024px\" \/><\/figure>\n\n\n\n<p>Esas visiones del mundo nos ayudan a interpretar nuevas tendencias que se abren paso en el dise\u00f1o y la conceptualizaci\u00f3n de los espacios en los que desarrollamos nuestras actividades: nuestras casas, los espacios p\u00fablicos, espacios culturales, centros comerciales o espacios de trabajo entre otros. Todo cambia, evoluciona, y se transforma de forma exponencial a medida que la tecnolog\u00eda avanza a ritmo desbocado.<\/p>\n\n\n\n<p>Centr\u00e1ndonos concretamente en las oficinas, han sido muchas y muy valiosas las opiniones que han surgido en los debates en los que hemos tenido el privilegio de participar de forma activa, y me gustar\u00eda por ello recopilar a modo de dec\u00e1logo algunos de los aspectos compartidos en este foro y que considero m\u00e1s relevantes:<\/p>\n\n\n\n<ol class=\"wp-block-list\" type=\"1\"><li><p> <strong>El lugar de trabajo es hoy cualquier lugar<\/strong> donde tengo disponible la tecnolog\u00eda que me conecte al mundo, a mi equipo, a mi lugar principal o perif\u00e9rico del trabajo.<\/p><\/li><li><p>El dise\u00f1o del espacio de trabajo no debe responder s\u00f3lo a criterios de dise\u00f1o e imagen corporativa, sino que deber\u00e1 partir de un <strong>an\u00e1lisis profundo<\/strong> de los flujos y procesos internos de cada organizaci\u00f3n. El espacio ha de responder al modo en que el conocimiento fluye y crece en cada empresa, en cada departamento, y en cada equipo por peque\u00f1o o grande que sea. Es en ese proceso de an\u00e1lisis donde participar\u00e1n de manera cada vez m\u00e1s integrada los profesionales de la arquitectura y el interiorismo, y cada vez m\u00e1s<s>,<\/s> los responsables de recursos humanos y facility managers.<\/p><\/li><li><p><strong>El espacio se adapta a las nuevas formas de<\/strong> <strong>gesti\u00f3n de equipos y organizaci\u00f3n<\/strong> de los trabajos. Metodolog\u00edas Agile, zonas para facilitar la formaci\u00f3n, espacios de colaboraci\u00f3n formales e informales o zonas de distensi\u00f3n (m\u00e1s all\u00e1 de un mero futbol\u00edn o billar en medio de una planta de unas oficinas), deben integrarse en origen en el propio dise\u00f1o del espacio de la misma manera que de forma natural la identidad corporativa lo ha venido haciendo hasta ahora.<\/p><\/li><li><p>Cambia el criterio para determinar la <strong>optimizaci\u00f3n del uso del espacio<\/strong>: espacios fluidos, cambiantes, reconfigurables, capaces de albergar actividades diferentes en funci\u00f3n de las necesidades de cada momento. Pasamos de un criterio de optimizaci\u00f3n del coste\/espacio basado en el metro cuadrado por persona, que ha llevado a una hiper inflaci\u00f3n de personas en el espacio, a otro donde una menor concentraci\u00f3n de personas por espacio permita desarrollar actividades adaptativas a este, gracias a soluciones pensadas de manera estrat\u00e9gica que transforman el palco esc\u00e9nico. Por ello, es especialmente importante la parte conceptual inicial que dise\u00f1e bien el juego de tramoyas que nos permita pasar de una escena a otra de forma natural y con el m\u00ednimo coste necesario.<\/p><\/li><li><p><strong>Integraci\u00f3n de la tecnolog\u00eda<\/strong>. Tanto para el desarrollo de las actividades personales, en equipo o con clientes de manera presencial o remota, pero tambi\u00e9n la correcta aplicaci\u00f3n de la tecnolog\u00eda y los sistemas IoT en la gesti\u00f3n de control de accesos, sistemas de archivo inteligentes, taquillas personales, as\u00ed como tambi\u00e9n en el an\u00e1lisis de datos de usos de espacios, control de temperatura, luces, humedad etc.<\/p><\/li><li><p>El <strong>dise\u00f1o de los espacios cada vez m\u00e1s personales<\/strong>, m\u00e1s humanos, que nos har\u00e1n sentir como en casa y que ayudar\u00e1n a potenciar nuestra creatividad y productividad.<\/p><br><img loading=\"lazy\" decoding=\"async\" width=\"1080\" height=\"720\" class=\"wp-image-2664\" style=\"width: 1080px;\" src=\"https:\/\/espacioaretha.com\/explora\/wp-content\/uploads\/2022\/06\/20220509-Oficinas-Warner-Madrid-17-Editar-HQ-scaled.jpg\" alt=\"Warner Music Station\" srcset=\"https:\/\/espacioaretha.com\/explora\/wp-content\/uploads\/2022\/06\/20220509-Oficinas-Warner-Madrid-17-Editar-HQ-scaled.jpg 2560w, https:\/\/espacioaretha.com\/explora\/wp-content\/uploads\/2022\/06\/20220509-Oficinas-Warner-Madrid-17-Editar-HQ-300x200.jpg 300w, https:\/\/espacioaretha.com\/explora\/wp-content\/uploads\/2022\/06\/20220509-Oficinas-Warner-Madrid-17-Editar-HQ-1024x683.jpg 1024w, https:\/\/espacioaretha.com\/explora\/wp-content\/uploads\/2022\/06\/20220509-Oficinas-Warner-Madrid-17-Editar-HQ-768x512.jpg 768w, https:\/\/espacioaretha.com\/explora\/wp-content\/uploads\/2022\/06\/20220509-Oficinas-Warner-Madrid-17-Editar-HQ-1536x1024.jpg 1536w, https:\/\/espacioaretha.com\/explora\/wp-content\/uploads\/2022\/06\/20220509-Oficinas-Warner-Madrid-17-Editar-HQ-2048x1365.jpg 2048w\" sizes=\"auto, (max-width: 1080px) 100vw, 1080px\" \/><br><\/li><li><p><strong>Wellness como factor de atracci\u00f3n y retenci\u00f3n del talento<\/strong>. Puesto que el espacio f\u00edsico debe ser un lugar al que queramos ir para compartir conocimiento e ideas y no un lugar al que obligadamente debamos ir para ocupar nuestra silla. Cada detalle de la experiencia ha de ser especial. En este sentido, en los \u00faltimos a\u00f1os ha habido un crecimiento exponencial en la demanda de soluciones de acondicionamiento ac\u00fastico y de iluminaci\u00f3n en la configuraci\u00f3n de los espacios de trabajo, hecho impensable hace tan solo diez a\u00f1os, cuando estos elementos eran vistos como un coste prescindible: hoy d\u00eda son una inversi\u00f3n necesaria.<\/p><\/li><li><p><strong>Accesibilidad<\/strong>, entendida en sentido amplio, para integrar todo tipo de funcionalidades de cualquier persona con independencia de posibles aspectos f\u00edsicos o intelectuales.<\/p><\/li><li><p><strong>Sostenibilidad<\/strong>, no como un elemento del marketing y de venta, sino aplicado a un compromiso real con nuestro planeta, pensando en materiales sostenibles, reciclables, con largos ciclos de vida, que cumplan requisitos espec\u00edficos que favorezcan el cuidado del medio ambiente.<\/p><\/li><li><p>El compromiso de la empresa hacia sus empleados, en base a los aspectos anteriores, actuar\u00e1 como una inversi\u00f3n a futuro. Se har\u00e1 rentable y rec\u00edproca, ganando en compromiso, efectividad y productividad del talento. Atenci\u00f3n a los costes y a la <strong>rentabilidad de la inversi\u00f3n en el tiempo<\/strong> como parte del compromiso con los empleados y la sociedad en su conjunto.<\/p><\/li><\/ol>\n\n\n\n<p>Hemos de tener conciencia de la importancia de pensar y dise\u00f1ar bien los entornos de trabajo, complementando todas estas visiones. Por ese motivo, desde Aretha nos ponemos a disposici\u00f3n de todos los profesionales del dise\u00f1o y conceptualizaci\u00f3n de espacios de trabajo, aportando nuestro conocimiento y experiencia, as\u00ed como la de nuestros partners, para ayudaros a encontrar las mejoras soluciones, productos y materiales.<\/p>\n\n\n\n<p>Ha llegado el momento que hemos de entonar un r\u00e9quiem por la oficina tradicional, pues el espacio de trabajo es hoy cualquier lugar. Incluso la terraza de este hotel frente al mediterr\u00e1neo, desde donde disfruto de este momento de concentraci\u00f3n en el que pienso y evoluciono mis ideas.<\/p>\n\n\n\n<figure class=\"wp-block-gallery has-nested-images columns-default is-cropped wp-block-gallery-1 is-layout-flex wp-block-gallery-is-layout-flex\">\n<figure class=\"wp-block-image size-large\"><img loading=\"lazy\" decoding=\"async\" width=\"683\" height=\"1024\" data-id=\"2684\" src=\"https:\/\/espacioaretha.com\/explora\/wp-content\/uploads\/2022\/06\/framery-articulo-683x1024.jpg\" alt=\"Remote Work\" class=\"wp-image-2684\" srcset=\"https:\/\/espacioaretha.com\/explora\/wp-content\/uploads\/2022\/06\/framery-articulo-683x1024.jpg 683w, https:\/\/espacioaretha.com\/explora\/wp-content\/uploads\/2022\/06\/framery-articulo-200x300.jpg 200w, https:\/\/espacioaretha.com\/explora\/wp-content\/uploads\/2022\/06\/framery-articulo-768x1152.jpg 768w, https:\/\/espacioaretha.com\/explora\/wp-content\/uploads\/2022\/06\/framery-articulo-1024x1536.jpg 1024w, https:\/\/espacioaretha.com\/explora\/wp-content\/uploads\/2022\/06\/framery-articulo-1365x2048.jpg 1365w, https:\/\/espacioaretha.com\/explora\/wp-content\/uploads\/2022\/06\/framery-articulo-scaled.jpg 1707w\" sizes=\"auto, (max-width: 683px) 100vw, 683px\" \/><\/figure>\n\n\n\n<figure class=\"wp-block-image size-large\"><img loading=\"lazy\" decoding=\"async\" width=\"683\" height=\"1024\" data-id=\"2681\" src=\"https:\/\/espacioaretha.com\/explora\/wp-content\/uploads\/2022\/06\/20211023-Eduardo-Dato-2-Madrid-15-HQ-volt-copia-683x1024.jpg\" alt=\"Cabina acustica_Framery One\" class=\"wp-image-2681\" srcset=\"https:\/\/espacioaretha.com\/explora\/wp-content\/uploads\/2022\/06\/20211023-Eduardo-Dato-2-Madrid-15-HQ-volt-copia-683x1024.jpg 683w, https:\/\/espacioaretha.com\/explora\/wp-content\/uploads\/2022\/06\/20211023-Eduardo-Dato-2-Madrid-15-HQ-volt-copia-200x300.jpg 200w, https:\/\/espacioaretha.com\/explora\/wp-content\/uploads\/2022\/06\/20211023-Eduardo-Dato-2-Madrid-15-HQ-volt-copia-768x1152.jpg 768w, https:\/\/espacioaretha.com\/explora\/wp-content\/uploads\/2022\/06\/20211023-Eduardo-Dato-2-Madrid-15-HQ-volt-copia-1024x1536.jpg 1024w, https:\/\/espacioaretha.com\/explora\/wp-content\/uploads\/2022\/06\/20211023-Eduardo-Dato-2-Madrid-15-HQ-volt-copia-1365x2048.jpg 1365w, https:\/\/espacioaretha.com\/explora\/wp-content\/uploads\/2022\/06\/20211023-Eduardo-Dato-2-Madrid-15-HQ-volt-copia-scaled.jpg 1707w\" sizes=\"auto, (max-width: 683px) 100vw, 683px\" \/><\/figure>\n<\/figure>\n\n\n\n<figure class=\"wp-block-gallery has-nested-images columns-default is-cropped wp-block-gallery-2 is-layout-flex wp-block-gallery-is-layout-flex\">\n<figure class=\"wp-block-image size-large\"><img loading=\"lazy\" decoding=\"async\" width=\"1024\" height=\"683\" data-id=\"2676\" src=\"https:\/\/espacioaretha.com\/explora\/wp-content\/uploads\/2022\/06\/PWC-Melbourne-Futurespace-Nicole-England-2-1536x1025-1-1024x683.jpg\" alt=\"La Cividina_Melbourne\" class=\"wp-image-2676\" srcset=\"https:\/\/espacioaretha.com\/explora\/wp-content\/uploads\/2022\/06\/PWC-Melbourne-Futurespace-Nicole-England-2-1536x1025-1-1024x683.jpg 1024w, https:\/\/espacioaretha.com\/explora\/wp-content\/uploads\/2022\/06\/PWC-Melbourne-Futurespace-Nicole-England-2-1536x1025-1-300x200.jpg 300w, https:\/\/espacioaretha.com\/explora\/wp-content\/uploads\/2022\/06\/PWC-Melbourne-Futurespace-Nicole-England-2-1536x1025-1-768x513.jpg 768w, https:\/\/espacioaretha.com\/explora\/wp-content\/uploads\/2022\/06\/PWC-Melbourne-Futurespace-Nicole-England-2-1536x1025-1.jpg 1536w\" sizes=\"auto, (max-width: 1024px) 100vw, 1024px\" \/><\/figure>\n\n\n\n<figure class=\"wp-block-image size-large\"><img loading=\"lazy\" decoding=\"async\" width=\"1024\" height=\"683\" data-id=\"2678\" src=\"https:\/\/espacioaretha.com\/explora\/wp-content\/uploads\/2022\/06\/unsplash-7rXu_HJO9D8-unsplash-1024x683.jpg\" alt=\"\" class=\"wp-image-2678\" srcset=\"https:\/\/espacioaretha.com\/explora\/wp-content\/uploads\/2022\/06\/unsplash-7rXu_HJO9D8-unsplash-1024x683.jpg 1024w, https:\/\/espacioaretha.com\/explora\/wp-content\/uploads\/2022\/06\/unsplash-7rXu_HJO9D8-unsplash-300x200.jpg 300w, https:\/\/espacioaretha.com\/explora\/wp-content\/uploads\/2022\/06\/unsplash-7rXu_HJO9D8-unsplash-768x512.jpg 768w, https:\/\/espacioaretha.com\/explora\/wp-content\/uploads\/2022\/06\/unsplash-7rXu_HJO9D8-unsplash-1536x1025.jpg 1536w, https:\/\/espacioaretha.com\/explora\/wp-content\/uploads\/2022\/06\/unsplash-7rXu_HJO9D8-unsplash-2048x1366.jpg 2048w\" sizes=\"auto, (max-width: 1024px) 100vw, 1024px\" \/><\/figure>\n\n\n\n<figure class=\"wp-block-image size-large\"><img loading=\"lazy\" decoding=\"async\" width=\"1024\" height=\"683\" data-id=\"2679\" src=\"https:\/\/espacioaretha.com\/explora\/wp-content\/uploads\/2022\/06\/20220426-Oficinas-EDP-Renovables-Madrid-30-HQ-3-1024x683.jpg\" alt=\"EDP_Framery_Fantoni\" class=\"wp-image-2679\" srcset=\"https:\/\/espacioaretha.com\/explora\/wp-content\/uploads\/2022\/06\/20220426-Oficinas-EDP-Renovables-Madrid-30-HQ-3-1024x683.jpg 1024w, https:\/\/espacioaretha.com\/explora\/wp-content\/uploads\/2022\/06\/20220426-Oficinas-EDP-Renovables-Madrid-30-HQ-3-300x200.jpg 300w, https:\/\/espacioaretha.com\/explora\/wp-content\/uploads\/2022\/06\/20220426-Oficinas-EDP-Renovables-Madrid-30-HQ-3-768x512.jpg 768w, https:\/\/espacioaretha.com\/explora\/wp-content\/uploads\/2022\/06\/20220426-Oficinas-EDP-Renovables-Madrid-30-HQ-3-1536x1024.jpg 1536w, https:\/\/espacioaretha.com\/explora\/wp-content\/uploads\/2022\/06\/20220426-Oficinas-EDP-Renovables-Madrid-30-HQ-3-2048x1365.jpg 2048w\" sizes=\"auto, (max-width: 1024px) 100vw, 1024px\" \/><\/figure>\n<\/figure>\n","protected":false},"excerpt":{"rendered":"<p>Si algo nos ha ense\u00f1ado el contexto actual ha sido la inminente necesidad de un cambio de paradigma en muchos aspectos de nuestra vida personal y profesional. En este contexto creamos el Aretha Hub Design un espacio \u00fanico y singular pensado por y para profesionales de la arquitectura y el interiorismo, en el que hemos podido analizar el proceso de transici\u00f3n hacia una realidad h\u00edbrida, cambiante y fluida, que ha transformado el dise\u00f1o y la conceptualizaci\u00f3n de los espacios.<\/p>\n","protected":false},"author":6,"featured_media":2680,"comment_status":"open","ping_status":"open","sticky":false,"template":"","format":"standard","meta":{"footnotes":""},"categories":[31],"tags":[79,84,44,72,45,73,69,136,19,90],"class_list":["post-2646","post","type-post","status-publish","format-standard","has-post-thumbnail","hentry","category-espacios-de-trabajo","tag-bienestar","tag-confort","tag-diseno","tag-espacios","tag-espacios-de-trabajo","tag-futuro","tag-innovacion","tag-oficina","tag-sostenibilidad","tag-tecnologia"],"yoast_head":"<!-- This site is optimized with the Yoast SEO plugin v27.4 - https:\/\/yoast.com\/product\/yoast-seo-wordpress\/ -->\n<title>R\u00e9quiem por la oficina tradicional | Aretha Explora<\/title>\n<meta name=\"description\" content=\"Dec\u00e1logo que recoge el proceso de transici\u00f3n hacia una realidad h\u00edbrida, cambiante y fluida, que ha transformado el dise\u00f1o y la conceptualizaci\u00f3n de los espacios.\" \/>\n<meta name=\"robots\" content=\"index, follow, max-snippet:-1, max-image-preview:large, max-video-preview:-1\" \/>\n<link rel=\"canonical\" href=\"https:\/\/espacioaretha.com\/explora\/requiem-por-la-oficina-tradicional\/\" \/>\n<meta property=\"og:locale\" content=\"es_ES\" \/>\n<meta property=\"og:type\" content=\"article\" \/>\n<meta property=\"og:title\" content=\"Requiem por la oficina\" \/>\n<meta property=\"og:description\" content=\"Si algo nos ha ense\u00f1ado el contexto actual ha sido la inminente necesidad de un cambio de paradigma en muchos aspectos de nuestra vida personal y profesional. En este contexto creamos el Aretha Hub Design un espacio \u00fanico y singular pensado por y para profesionales de la arquitectura y el interiorismo, en el que hemos podido analizar el proceso de transici\u00f3n hacia una realidad h\u00edbrida, cambiante y fluida, que ha transformado el dise\u00f1o y la conceptualizaci\u00f3n de los espacios.\" \/>\n<meta property=\"og:url\" content=\"https:\/\/espacioaretha.com\/explora\/requiem-por-la-oficina-tradicional\/\" \/>\n<meta property=\"og:site_name\" content=\"Aretha Explora\" \/>\n<meta property=\"article:published_time\" content=\"2022-06-22T12:20:00+00:00\" \/>\n<meta property=\"article:modified_time\" content=\"2022-06-24T06:41:50+00:00\" \/>\n<meta property=\"og:image\" content=\"https:\/\/espacioaretha.com\/explora\/wp-content\/uploads\/2022\/06\/20211023-Eduardo-Dato-2-Madrid-27-HQ-1-scaled.jpg\" \/>\n\t<meta property=\"og:image:width\" content=\"2560\" \/>\n\t<meta property=\"og:image:height\" content=\"1707\" \/>\n\t<meta property=\"og:image:type\" content=\"image\/jpeg\" \/>\n<meta name=\"author\" content=\"Fco Javier Blanco\" \/>\n<meta name=\"twitter:card\" content=\"summary_large_image\" \/>\n<meta name=\"twitter:label1\" content=\"Escrito por\" \/>\n\t<meta name=\"twitter:data1\" content=\"Fco Javier Blanco\" \/>\n\t<meta name=\"twitter:label2\" content=\"Tiempo de lectura\" \/>\n\t<meta name=\"twitter:data2\" content=\"6 minutos\" \/>\n<script type=\"application\/ld+json\" class=\"yoast-schema-graph\">{\"@context\":\"https:\\\/\\\/schema.org\",\"@graph\":[{\"@type\":\"Article\",\"@id\":\"https:\\\/\\\/espacioaretha.com\\\/explora\\\/requiem-por-la-oficina-tradicional\\\/#article\",\"isPartOf\":{\"@id\":\"https:\\\/\\\/espacioaretha.com\\\/explora\\\/requiem-por-la-oficina-tradicional\\\/\"},\"author\":{\"name\":\"Fco Javier Blanco\",\"@id\":\"https:\\\/\\\/espacioaretha.com\\\/explora\\\/#\\\/schema\\\/person\\\/147851aa68fa4acde9c12bd233c54920\"},\"headline\":\"R\u00e9quiem por la oficina tradicional\",\"datePublished\":\"2022-06-22T12:20:00+00:00\",\"dateModified\":\"2022-06-24T06:41:50+00:00\",\"mainEntityOfPage\":{\"@id\":\"https:\\\/\\\/espacioaretha.com\\\/explora\\\/requiem-por-la-oficina-tradicional\\\/\"},\"wordCount\":1030,\"commentCount\":0,\"publisher\":{\"@id\":\"https:\\\/\\\/espacioaretha.com\\\/explora\\\/#organization\"},\"image\":{\"@id\":\"https:\\\/\\\/espacioaretha.com\\\/explora\\\/requiem-por-la-oficina-tradicional\\\/#primaryimage\"},\"thumbnailUrl\":\"https:\\\/\\\/espacioaretha.com\\\/explora\\\/wp-content\\\/uploads\\\/2022\\\/06\\\/portada-requiem-oficina.jpg\",\"keywords\":[\"Bienestar\",\"Confort\",\"Dise\u00f1o\",\"Espacios\",\"Espacios de trabajo\",\"Futuro\",\"Innovaci\u00f3n\",\"oficina\",\"Sostenibilidad\",\"Tecnolog\u00eda\"],\"articleSection\":[\"Espacios de trabajo\"],\"inLanguage\":\"es\",\"potentialAction\":[{\"@type\":\"CommentAction\",\"name\":\"Comment\",\"target\":[\"https:\\\/\\\/espacioaretha.com\\\/explora\\\/requiem-por-la-oficina-tradicional\\\/#respond\"]}]},{\"@type\":\"WebPage\",\"@id\":\"https:\\\/\\\/espacioaretha.com\\\/explora\\\/requiem-por-la-oficina-tradicional\\\/\",\"url\":\"https:\\\/\\\/espacioaretha.com\\\/explora\\\/requiem-por-la-oficina-tradicional\\\/\",\"name\":\"R\u00e9quiem por la oficina tradicional | Aretha Explora\",\"isPartOf\":{\"@id\":\"https:\\\/\\\/espacioaretha.com\\\/explora\\\/#website\"},\"primaryImageOfPage\":{\"@id\":\"https:\\\/\\\/espacioaretha.com\\\/explora\\\/requiem-por-la-oficina-tradicional\\\/#primaryimage\"},\"image\":{\"@id\":\"https:\\\/\\\/espacioaretha.com\\\/explora\\\/requiem-por-la-oficina-tradicional\\\/#primaryimage\"},\"thumbnailUrl\":\"https:\\\/\\\/espacioaretha.com\\\/explora\\\/wp-content\\\/uploads\\\/2022\\\/06\\\/portada-requiem-oficina.jpg\",\"datePublished\":\"2022-06-22T12:20:00+00:00\",\"dateModified\":\"2022-06-24T06:41:50+00:00\",\"description\":\"Dec\u00e1logo que recoge el proceso de transici\u00f3n hacia una realidad h\u00edbrida, cambiante y fluida, que ha transformado el dise\u00f1o y la conceptualizaci\u00f3n de los espacios.\",\"breadcrumb\":{\"@id\":\"https:\\\/\\\/espacioaretha.com\\\/explora\\\/requiem-por-la-oficina-tradicional\\\/#breadcrumb\"},\"inLanguage\":\"es\",\"potentialAction\":[{\"@type\":\"ReadAction\",\"target\":[\"https:\\\/\\\/espacioaretha.com\\\/explora\\\/requiem-por-la-oficina-tradicional\\\/\"]}]},{\"@type\":\"ImageObject\",\"inLanguage\":\"es\",\"@id\":\"https:\\\/\\\/espacioaretha.com\\\/explora\\\/requiem-por-la-oficina-tradicional\\\/#primaryimage\",\"url\":\"https:\\\/\\\/espacioaretha.com\\\/explora\\\/wp-content\\\/uploads\\\/2022\\\/06\\\/portada-requiem-oficina.jpg\",\"contentUrl\":\"https:\\\/\\\/espacioaretha.com\\\/explora\\\/wp-content\\\/uploads\\\/2022\\\/06\\\/portada-requiem-oficina.jpg\",\"width\":1920,\"height\":1080},{\"@type\":\"BreadcrumbList\",\"@id\":\"https:\\\/\\\/espacioaretha.com\\\/explora\\\/requiem-por-la-oficina-tradicional\\\/#breadcrumb\",\"itemListElement\":[{\"@type\":\"ListItem\",\"position\":1,\"name\":\"Portada\",\"item\":\"https:\\\/\\\/espacioaretha.com\\\/explora\\\/\"},{\"@type\":\"ListItem\",\"position\":2,\"name\":\"R\u00e9quiem por la oficina tradicional\"}]},{\"@type\":\"WebSite\",\"@id\":\"https:\\\/\\\/espacioaretha.com\\\/explora\\\/#website\",\"url\":\"https:\\\/\\\/espacioaretha.com\\\/explora\\\/\",\"name\":\"Aretha Explora\",\"description\":\"Plataforma de contenidos e inspiraci\u00f3n sobre arquitectura, dise\u00f1o y mucho m\u00e1s\",\"publisher\":{\"@id\":\"https:\\\/\\\/espacioaretha.com\\\/explora\\\/#organization\"},\"potentialAction\":[{\"@type\":\"SearchAction\",\"target\":{\"@type\":\"EntryPoint\",\"urlTemplate\":\"https:\\\/\\\/espacioaretha.com\\\/explora\\\/?s={search_term_string}\"},\"query-input\":{\"@type\":\"PropertyValueSpecification\",\"valueRequired\":true,\"valueName\":\"search_term_string\"}}],\"inLanguage\":\"es\"},{\"@type\":\"Organization\",\"@id\":\"https:\\\/\\\/espacioaretha.com\\\/explora\\\/#organization\",\"name\":\"Aretha Explora\",\"alternateName\":\"Aretha\",\"url\":\"https:\\\/\\\/espacioaretha.com\\\/explora\\\/\",\"logo\":{\"@type\":\"ImageObject\",\"inLanguage\":\"es\",\"@id\":\"https:\\\/\\\/espacioaretha.com\\\/explora\\\/#\\\/schema\\\/logo\\\/image\\\/\",\"url\":\"https:\\\/\\\/espacioaretha.com\\\/explora\\\/wp-content\\\/uploads\\\/2022\\\/05\\\/Ojo-web.jpg\",\"contentUrl\":\"https:\\\/\\\/espacioaretha.com\\\/explora\\\/wp-content\\\/uploads\\\/2022\\\/05\\\/Ojo-web.jpg\",\"width\":1920,\"height\":1080,\"caption\":\"Aretha Explora\"},\"image\":{\"@id\":\"https:\\\/\\\/espacioaretha.com\\\/explora\\\/#\\\/schema\\\/logo\\\/image\\\/\"}},{\"@type\":\"Person\",\"@id\":\"https:\\\/\\\/espacioaretha.com\\\/explora\\\/#\\\/schema\\\/person\\\/147851aa68fa4acde9c12bd233c54920\",\"name\":\"Fco Javier Blanco\",\"image\":{\"@type\":\"ImageObject\",\"inLanguage\":\"es\",\"@id\":\"https:\\\/\\\/espacioaretha.com\\\/explora\\\/wp-content\\\/uploads\\\/2022\\\/03\\\/Javier-Blanco.png\",\"url\":\"https:\\\/\\\/espacioaretha.com\\\/explora\\\/wp-content\\\/uploads\\\/2022\\\/03\\\/Javier-Blanco.png\",\"contentUrl\":\"https:\\\/\\\/espacioaretha.com\\\/explora\\\/wp-content\\\/uploads\\\/2022\\\/03\\\/Javier-Blanco.png\",\"caption\":\"Fco Javier Blanco\"},\"description\":\"Socio director\",\"url\":\"https:\\\/\\\/espacioaretha.com\\\/explora\\\/author\\\/fco-javier-blanco\\\/\"}]}<\/script>\n<!-- \/ Yoast SEO plugin. -->","yoast_head_json":{"title":"R\u00e9quiem por la oficina tradicional | Aretha Explora","description":"Dec\u00e1logo que recoge el proceso de transici\u00f3n hacia una realidad h\u00edbrida, cambiante y fluida, que ha transformado el dise\u00f1o y la conceptualizaci\u00f3n de los espacios.","robots":{"index":"index","follow":"follow","max-snippet":"max-snippet:-1","max-image-preview":"max-image-preview:large","max-video-preview":"max-video-preview:-1"},"canonical":"https:\/\/espacioaretha.com\/explora\/requiem-por-la-oficina-tradicional\/","og_locale":"es_ES","og_type":"article","og_title":"Requiem por la oficina","og_description":"Si algo nos ha ense\u00f1ado el contexto actual ha sido la inminente necesidad de un cambio de paradigma en muchos aspectos de nuestra vida personal y profesional. En este contexto creamos el Aretha Hub Design un espacio \u00fanico y singular pensado por y para profesionales de la arquitectura y el interiorismo, en el que hemos podido analizar el proceso de transici\u00f3n hacia una realidad h\u00edbrida, cambiante y fluida, que ha transformado el dise\u00f1o y la conceptualizaci\u00f3n de los espacios.","og_url":"https:\/\/espacioaretha.com\/explora\/requiem-por-la-oficina-tradicional\/","og_site_name":"Aretha Explora","article_published_time":"2022-06-22T12:20:00+00:00","article_modified_time":"2022-06-24T06:41:50+00:00","og_image":[{"width":2560,"height":1707,"url":"https:\/\/espacioaretha.com\/explora\/wp-content\/uploads\/2022\/06\/20211023-Eduardo-Dato-2-Madrid-27-HQ-1-scaled.jpg","type":"image\/jpeg"}],"author":"Fco Javier Blanco","twitter_card":"summary_large_image","twitter_misc":{"Escrito por":"Fco Javier Blanco","Tiempo de lectura":"6 minutos"},"schema":{"@context":"https:\/\/schema.org","@graph":[{"@type":"Article","@id":"https:\/\/espacioaretha.com\/explora\/requiem-por-la-oficina-tradicional\/#article","isPartOf":{"@id":"https:\/\/espacioaretha.com\/explora\/requiem-por-la-oficina-tradicional\/"},"author":{"name":"Fco Javier Blanco","@id":"https:\/\/espacioaretha.com\/explora\/#\/schema\/person\/147851aa68fa4acde9c12bd233c54920"},"headline":"R\u00e9quiem por la oficina tradicional","datePublished":"2022-06-22T12:20:00+00:00","dateModified":"2022-06-24T06:41:50+00:00","mainEntityOfPage":{"@id":"https:\/\/espacioaretha.com\/explora\/requiem-por-la-oficina-tradicional\/"},"wordCount":1030,"commentCount":0,"publisher":{"@id":"https:\/\/espacioaretha.com\/explora\/#organization"},"image":{"@id":"https:\/\/espacioaretha.com\/explora\/requiem-por-la-oficina-tradicional\/#primaryimage"},"thumbnailUrl":"https:\/\/espacioaretha.com\/explora\/wp-content\/uploads\/2022\/06\/portada-requiem-oficina.jpg","keywords":["Bienestar","Confort","Dise\u00f1o","Espacios","Espacios de trabajo","Futuro","Innovaci\u00f3n","oficina","Sostenibilidad","Tecnolog\u00eda"],"articleSection":["Espacios de trabajo"],"inLanguage":"es","potentialAction":[{"@type":"CommentAction","name":"Comment","target":["https:\/\/espacioaretha.com\/explora\/requiem-por-la-oficina-tradicional\/#respond"]}]},{"@type":"WebPage","@id":"https:\/\/espacioaretha.com\/explora\/requiem-por-la-oficina-tradicional\/","url":"https:\/\/espacioaretha.com\/explora\/requiem-por-la-oficina-tradicional\/","name":"R\u00e9quiem por la oficina tradicional | Aretha Explora","isPartOf":{"@id":"https:\/\/espacioaretha.com\/explora\/#website"},"primaryImageOfPage":{"@id":"https:\/\/espacioaretha.com\/explora\/requiem-por-la-oficina-tradicional\/#primaryimage"},"image":{"@id":"https:\/\/espacioaretha.com\/explora\/requiem-por-la-oficina-tradicional\/#primaryimage"},"thumbnailUrl":"https:\/\/espacioaretha.com\/explora\/wp-content\/uploads\/2022\/06\/portada-requiem-oficina.jpg","datePublished":"2022-06-22T12:20:00+00:00","dateModified":"2022-06-24T06:41:50+00:00","description":"Dec\u00e1logo que recoge el proceso de transici\u00f3n hacia una realidad h\u00edbrida, cambiante y fluida, que ha transformado el dise\u00f1o y la conceptualizaci\u00f3n de los espacios.","breadcrumb":{"@id":"https:\/\/espacioaretha.com\/explora\/requiem-por-la-oficina-tradicional\/#breadcrumb"},"inLanguage":"es","potentialAction":[{"@type":"ReadAction","target":["https:\/\/espacioaretha.com\/explora\/requiem-por-la-oficina-tradicional\/"]}]},{"@type":"ImageObject","inLanguage":"es","@id":"https:\/\/espacioaretha.com\/explora\/requiem-por-la-oficina-tradicional\/#primaryimage","url":"https:\/\/espacioaretha.com\/explora\/wp-content\/uploads\/2022\/06\/portada-requiem-oficina.jpg","contentUrl":"https:\/\/espacioaretha.com\/explora\/wp-content\/uploads\/2022\/06\/portada-requiem-oficina.jpg","width":1920,"height":1080},{"@type":"BreadcrumbList","@id":"https:\/\/espacioaretha.com\/explora\/requiem-por-la-oficina-tradicional\/#breadcrumb","itemListElement":[{"@type":"ListItem","position":1,"name":"Portada","item":"https:\/\/espacioaretha.com\/explora\/"},{"@type":"ListItem","position":2,"name":"R\u00e9quiem por la oficina tradicional"}]},{"@type":"WebSite","@id":"https:\/\/espacioaretha.com\/explora\/#website","url":"https:\/\/espacioaretha.com\/explora\/","name":"Aretha Explora","description":"Plataforma de contenidos e inspiraci\u00f3n sobre arquitectura, dise\u00f1o y mucho m\u00e1s","publisher":{"@id":"https:\/\/espacioaretha.com\/explora\/#organization"},"potentialAction":[{"@type":"SearchAction","target":{"@type":"EntryPoint","urlTemplate":"https:\/\/espacioaretha.com\/explora\/?s={search_term_string}"},"query-input":{"@type":"PropertyValueSpecification","valueRequired":true,"valueName":"search_term_string"}}],"inLanguage":"es"},{"@type":"Organization","@id":"https:\/\/espacioaretha.com\/explora\/#organization","name":"Aretha Explora","alternateName":"Aretha","url":"https:\/\/espacioaretha.com\/explora\/","logo":{"@type":"ImageObject","inLanguage":"es","@id":"https:\/\/espacioaretha.com\/explora\/#\/schema\/logo\/image\/","url":"https:\/\/espacioaretha.com\/explora\/wp-content\/uploads\/2022\/05\/Ojo-web.jpg","contentUrl":"https:\/\/espacioaretha.com\/explora\/wp-content\/uploads\/2022\/05\/Ojo-web.jpg","width":1920,"height":1080,"caption":"Aretha Explora"},"image":{"@id":"https:\/\/espacioaretha.com\/explora\/#\/schema\/logo\/image\/"}},{"@type":"Person","@id":"https:\/\/espacioaretha.com\/explora\/#\/schema\/person\/147851aa68fa4acde9c12bd233c54920","name":"Fco Javier Blanco","image":{"@type":"ImageObject","inLanguage":"es","@id":"https:\/\/espacioaretha.com\/explora\/wp-content\/uploads\/2022\/03\/Javier-Blanco.png","url":"https:\/\/espacioaretha.com\/explora\/wp-content\/uploads\/2022\/03\/Javier-Blanco.png","contentUrl":"https:\/\/espacioaretha.com\/explora\/wp-content\/uploads\/2022\/03\/Javier-Blanco.png","caption":"Fco Javier Blanco"},"description":"Socio director","url":"https:\/\/espacioaretha.com\/explora\/author\/fco-javier-blanco\/"}]}},"_links":{"self":[{"href":"https:\/\/espacioaretha.com\/explora\/wp-json\/wp\/v2\/posts\/2646","targetHints":{"allow":["GET"]}}],"collection":[{"href":"https:\/\/espacioaretha.com\/explora\/wp-json\/wp\/v2\/posts"}],"about":[{"href":"https:\/\/espacioaretha.com\/explora\/wp-json\/wp\/v2\/types\/post"}],"author":[{"embeddable":true,"href":"https:\/\/espacioaretha.com\/explora\/wp-json\/wp\/v2\/users\/6"}],"replies":[{"embeddable":true,"href":"https:\/\/espacioaretha.com\/explora\/wp-json\/wp\/v2\/comments?post=2646"}],"version-history":[{"count":22,"href":"https:\/\/espacioaretha.com\/explora\/wp-json\/wp\/v2\/posts\/2646\/revisions"}],"predecessor-version":[{"id":2702,"href":"https:\/\/espacioaretha.com\/explora\/wp-json\/wp\/v2\/posts\/2646\/revisions\/2702"}],"wp:featuredmedia":[{"embeddable":true,"href":"https:\/\/espacioaretha.com\/explora\/wp-json\/wp\/v2\/media\/2680"}],"wp:attachment":[{"href":"https:\/\/espacioaretha.com\/explora\/wp-json\/wp\/v2\/media?parent=2646"}],"wp:term":[{"taxonomy":"category","embeddable":true,"href":"https:\/\/espacioaretha.com\/explora\/wp-json\/wp\/v2\/categories?post=2646"},{"taxonomy":"post_tag","embeddable":true,"href":"https:\/\/espacioaretha.com\/explora\/wp-json\/wp\/v2\/tags?post=2646"}],"curies":[{"name":"wp","href":"https:\/\/api.w.org\/{rel}","templated":true}]}}