{"id":2729,"date":"2022-09-19T17:12:42","date_gmt":"2022-09-19T15:12:42","guid":{"rendered":"https:\/\/espacioaretha.com\/explora\/?p=2729"},"modified":"2022-09-20T11:18:22","modified_gmt":"2022-09-20T09:18:22","slug":"passivhaus-construcciones-energeticas","status":"publish","type":"post","link":"https:\/\/espacioaretha.com\/explora\/passivhaus-construcciones-energeticas\/","title":{"rendered":"Passivhaus, construcciones energ\u00e9ticas"},"content":{"rendered":"\n<p><\/p>\n\n\n\n<p><strong>Rubinos Arquitectos<\/strong> pone en pr\u00e1ctica estos principios en la concepci\u00f3n del nuevo edificio<strong> <\/strong><em><a href=\"https:\/\/espacioaretha.com\/proyectos\/conferencia-episcopal\/\">Sedes Sapientiae<\/a><\/em> de la Conferencia Episcopal en Madrid. Desde el estudio, Alfonso Rubinos declara que \u201cel reto de construir un edificio dotacional privado para uso religioso que cumpliera con las exigencias del criterio de certificaci\u00f3n<strong> Passivhaus<\/strong>, ha sido un trabajo de equipo donde tanto el proyecto como la ejecuci\u00f3n en detalle de cada elemento se ha estudiado de modo particular por Rubinos Arquitectos y todos los colaboradores que han participado en este proyecto.\u201d<\/p>\n\n\n\n<figure class=\"wp-block-image size-large\"><img loading=\"lazy\" decoding=\"async\" width=\"687\" height=\"1024\" src=\"https:\/\/espacioaretha.com\/explora\/wp-content\/uploads\/2022\/09\/DSC_0548-Conferencia-Episcopal-\u00b7-Aretha-Photo-\u00b7-Javier-de-Paz-Garcia-687x1024.jpg\" alt=\"\" class=\"wp-image-2731\" srcset=\"https:\/\/espacioaretha.com\/explora\/wp-content\/uploads\/2022\/09\/DSC_0548-Conferencia-Episcopal-\u00b7-Aretha-Photo-\u00b7-Javier-de-Paz-Garcia-687x1024.jpg 687w, https:\/\/espacioaretha.com\/explora\/wp-content\/uploads\/2022\/09\/DSC_0548-Conferencia-Episcopal-\u00b7-Aretha-Photo-\u00b7-Javier-de-Paz-Garcia-201x300.jpg 201w, https:\/\/espacioaretha.com\/explora\/wp-content\/uploads\/2022\/09\/DSC_0548-Conferencia-Episcopal-\u00b7-Aretha-Photo-\u00b7-Javier-de-Paz-Garcia-768x1144.jpg 768w, https:\/\/espacioaretha.com\/explora\/wp-content\/uploads\/2022\/09\/DSC_0548-Conferencia-Episcopal-\u00b7-Aretha-Photo-\u00b7-Javier-de-Paz-Garcia-1031x1536.jpg 1031w, https:\/\/espacioaretha.com\/explora\/wp-content\/uploads\/2022\/09\/DSC_0548-Conferencia-Episcopal-\u00b7-Aretha-Photo-\u00b7-Javier-de-Paz-Garcia-1375x2048.jpg 1375w, https:\/\/espacioaretha.com\/explora\/wp-content\/uploads\/2022\/09\/DSC_0548-Conferencia-Episcopal-\u00b7-Aretha-Photo-\u00b7-Javier-de-Paz-Garcia-scaled.jpg 1719w\" sizes=\"auto, (max-width: 687px) 100vw, 687px\" \/><\/figure>\n\n\n\n<p>La certificaci\u00f3n Passivhaus parte de ciertas consideraciones, pues los edificios han de respetar una demanda de energ\u00eda para calefacci\u00f3n (Qh) inferior o igual a 15 kWh\/m\u00b2a. y han de mantener la demanda de energ\u00eda para refrigeraci\u00f3n inferior o igual a 15 kWh\/m\u00b2a. Adicionalmente se deben cuidar los siguientes elementos:<\/p>\n\n\n\n<ol class=\"wp-block-list\" type=\"1\"><li><p> Han de contar con un <strong>excelente aislamiento t\u00e9rmico<\/strong> que dota de la mayor continuidad posible a la envolvente, del edificio, fachadas exteriores, cubierta y la solera deben tener una baja transmitancia t\u00e9rmica. &nbsp;<\/p><\/li><li><p>Es clave la elecci\u00f3n de una carpinter\u00eda exterior que ofrezca garant\u00edas de una <strong>eficiencia energ\u00e9tica <\/strong>superior. En el proyecto se ha recurrido a unas ventanas y puertas de altas prestaciones con muy baja transmitancia t\u00e9rmica, con ventanas de vidrio doble bajo emisivo. Igualmente garantizar la calidad de todo el procedimiento de \u00abMontaje Certificado\u00bb del Institute ift de Rosenheim.<\/p><\/li><li><p><strong style=\"font-size: revert; color: initial;\">Eliminaci\u00f3n o reducci\u00f3n de puentes t\u00e9rmicos.<\/strong><span style=\"font-size: revert; color: initial;\"> Se han estudiado pormenorizadamente diferentes soluciones constructivas desde la etapa de proyecto para evitar la p\u00e9rdida de energ\u00eda que suponen los puentes t\u00e9rmicos. Se ha buscado conseguir la mayor continuidad de la envolvente exterior de manera que se garantice la continuidad del aislamiento en todos los puntos de manera envolvente.<\/span><\/p><\/li><li><p>En cuarto lugar, se ha <strong>cuidado la estanqueidad del aire<\/strong>, buscando una envolvente lo m\u00e1s estanca posible para evitar corrientes de aire entre ventanas y permitiendo que un sistema de ventilaci\u00f3n mec\u00e1nico m\u00e1s eficiente.<\/p><\/li><li><p>Por \u00faltimo, pasamos a la parte activa del edificio, donde las instalaciones, en especial la <strong>ventilaci\u00f3n mec\u00e1nica con recuperaci\u00f3n de calor<\/strong>, son clave. Este permite ventilar de manera continuada el interior de los edificios sin perder la temperatura.&nbsp; Adem\u00e1s, sirve como filtrador y aseguran la calidad higi\u00e9nica de los espacios interiores, garantiza la extracci\u00f3n de CO2 y otros gases nocivos como el rad\u00f3n, vapor de agua, o componentes org\u00e1nicos vol\u00e1tiles (COV).<\/p><\/li><\/ol>\n\n\n\n<p>Los resultados del proyecto del edificio Sedes Sapientiae de la Conferencia Episcopal animan a pensar en otros retos donde seguir aplicando estos conceptos y criterios implantados en este singular proyecto.<\/p>\n\n\n\n<p>El dise\u00f1o de Rubinos Arquitectos, la construcci\u00f3n del edificio realizada por El Corte Ingl\u00e9s, y la participaci\u00f3n de Aretha en el equipamiento integral global de este espacio, convergen en este singular resultado. Inaugurado por el Cardenal Omella este mismo a\u00f1o, os invitamos a descubrir m\u00e1s sobre el proyecto <a href=\"https:\/\/espacioaretha.com\/proyectos\/conferencia-episcopal\/\">aqu\u00ed.<\/a><\/p>\n","protected":false},"excerpt":{"rendered":"<p>Un consumo bajo de la energ\u00eda en calefacci\u00f3n y refrigeraci\u00f3n son claves en el dise\u00f1o y concepci\u00f3n de nuevas construcciones en el contexto actual. Las edificaciones con certificaci\u00f3n Passivhaus ahorran hasta un 75% de la energ\u00eda gracias a la optimizaci\u00f3n de los recursos a trav\u00e9s de t\u00e9cnicas pasivas y unos principios clave.  <\/p>\n","protected":false},"author":25,"featured_media":2730,"comment_status":"open","ping_status":"open","sticky":false,"template":"","format":"standard","meta":{"footnotes":""},"categories":[31,37],"tags":[79,138,84,137,72,45,73,136,19],"class_list":["post-2729","post","type-post","status-publish","format-standard","has-post-thumbnail","hentry","category-espacios-de-trabajo","category-sostenibilidad","tag-bienestar","tag-certificacion","tag-confort","tag-energia","tag-espacios","tag-espacios-de-trabajo","tag-futuro","tag-oficina","tag-sostenibilidad"],"yoast_head":"<!-- This site is optimized with the Yoast SEO plugin v27.4 - https:\/\/yoast.com\/product\/yoast-seo-wordpress\/ -->\n<title>Passivhaus, construcciones energ\u00e9ticas | Aretha Explora<\/title>\n<meta name=\"description\" content=\"Edificios de eficiencia energ\u00e9tica con certificaci\u00f3n Passivhaus\" \/>\n<meta name=\"robots\" content=\"index, follow, max-snippet:-1, max-image-preview:large, max-video-preview:-1\" \/>\n<link rel=\"canonical\" href=\"https:\/\/espacioaretha.com\/explora\/passivhaus-construcciones-energeticas\/\" \/>\n<meta property=\"og:locale\" content=\"es_ES\" \/>\n<meta property=\"og:type\" content=\"article\" \/>\n<meta property=\"og:title\" content=\"Passivhaus, construcciones energ\u00e9ticas\" \/>\n<meta property=\"og:description\" content=\"Ante las necesidades de ahorro energ\u00e9tico en el contexto actual, las edificaciones #Passivhaus se presentan como la soluci\u00f3n en el mercado. Edificaciones que permiten un ahorro de hasta un 75% de la energ\u00eda en base a unos principios clave en su concepci\u00f3n y dise\u00f1o. Rubinos Arquitectos pone en pr\u00e1ctica estos principios en la concepci\u00f3n del nuevo edificio Sedes Sapientiae de la Conferencia Episcopal en Madrid, cuya construcci\u00f3n ha realizado el Corte Ingl\u00e9s, y en el que Aretha ha tenido el privilegio de colaborar en todo su equipamiento integral.\" \/>\n<meta property=\"og:url\" content=\"https:\/\/espacioaretha.com\/explora\/passivhaus-construcciones-energeticas\/\" \/>\n<meta property=\"og:site_name\" content=\"Aretha Explora\" \/>\n<meta property=\"article:published_time\" content=\"2022-09-19T15:12:42+00:00\" \/>\n<meta property=\"article:modified_time\" content=\"2022-09-20T09:18:22+00:00\" \/>\n<meta property=\"og:image\" content=\"https:\/\/espacioaretha.com\/explora\/wp-content\/uploads\/2022\/09\/2-portada.jpg\" \/>\n\t<meta property=\"og:image:width\" content=\"1920\" \/>\n\t<meta property=\"og:image:height\" content=\"1080\" \/>\n\t<meta property=\"og:image:type\" content=\"image\/jpeg\" \/>\n<meta name=\"author\" content=\"Aretha\" \/>\n<meta name=\"twitter:card\" content=\"summary_large_image\" \/>\n<meta name=\"twitter:label1\" content=\"Escrito por\" \/>\n\t<meta name=\"twitter:data1\" content=\"Aretha\" \/>\n\t<meta name=\"twitter:label2\" content=\"Tiempo de lectura\" \/>\n\t<meta name=\"twitter:data2\" content=\"3 minutos\" \/>\n<script type=\"application\/ld+json\" class=\"yoast-schema-graph\">{\"@context\":\"https:\\\/\\\/schema.org\",\"@graph\":[{\"@type\":\"Article\",\"@id\":\"https:\\\/\\\/espacioaretha.com\\\/explora\\\/passivhaus-construcciones-energeticas\\\/#article\",\"isPartOf\":{\"@id\":\"https:\\\/\\\/espacioaretha.com\\\/explora\\\/passivhaus-construcciones-energeticas\\\/\"},\"author\":{\"name\":\"Aretha\",\"@id\":\"https:\\\/\\\/espacioaretha.com\\\/explora\\\/#\\\/schema\\\/person\\\/e8d7a5a3af3095abdb2c9b7af117ff8c\"},\"headline\":\"Passivhaus, construcciones energ\u00e9ticas\",\"datePublished\":\"2022-09-19T15:12:42+00:00\",\"dateModified\":\"2022-09-20T09:18:22+00:00\",\"mainEntityOfPage\":{\"@id\":\"https:\\\/\\\/espacioaretha.com\\\/explora\\\/passivhaus-construcciones-energeticas\\\/\"},\"wordCount\":514,\"commentCount\":0,\"publisher\":{\"@id\":\"https:\\\/\\\/espacioaretha.com\\\/explora\\\/#organization\"},\"image\":{\"@id\":\"https:\\\/\\\/espacioaretha.com\\\/explora\\\/passivhaus-construcciones-energeticas\\\/#primaryimage\"},\"thumbnailUrl\":\"https:\\\/\\\/espacioaretha.com\\\/explora\\\/wp-content\\\/uploads\\\/2022\\\/09\\\/2-portada.jpg\",\"keywords\":[\"Bienestar\",\"certificaci\u00f3n\",\"Confort\",\"energ\u00eda\",\"Espacios\",\"Espacios de trabajo\",\"Futuro\",\"oficina\",\"Sostenibilidad\"],\"articleSection\":[\"Espacios de trabajo\",\"Sostenibilidad\"],\"inLanguage\":\"es\",\"potentialAction\":[{\"@type\":\"CommentAction\",\"name\":\"Comment\",\"target\":[\"https:\\\/\\\/espacioaretha.com\\\/explora\\\/passivhaus-construcciones-energeticas\\\/#respond\"]}]},{\"@type\":\"WebPage\",\"@id\":\"https:\\\/\\\/espacioaretha.com\\\/explora\\\/passivhaus-construcciones-energeticas\\\/\",\"url\":\"https:\\\/\\\/espacioaretha.com\\\/explora\\\/passivhaus-construcciones-energeticas\\\/\",\"name\":\"Passivhaus, construcciones energ\u00e9ticas | Aretha Explora\",\"isPartOf\":{\"@id\":\"https:\\\/\\\/espacioaretha.com\\\/explora\\\/#website\"},\"primaryImageOfPage\":{\"@id\":\"https:\\\/\\\/espacioaretha.com\\\/explora\\\/passivhaus-construcciones-energeticas\\\/#primaryimage\"},\"image\":{\"@id\":\"https:\\\/\\\/espacioaretha.com\\\/explora\\\/passivhaus-construcciones-energeticas\\\/#primaryimage\"},\"thumbnailUrl\":\"https:\\\/\\\/espacioaretha.com\\\/explora\\\/wp-content\\\/uploads\\\/2022\\\/09\\\/2-portada.jpg\",\"datePublished\":\"2022-09-19T15:12:42+00:00\",\"dateModified\":\"2022-09-20T09:18:22+00:00\",\"description\":\"Edificios de eficiencia energ\u00e9tica con certificaci\u00f3n Passivhaus\",\"breadcrumb\":{\"@id\":\"https:\\\/\\\/espacioaretha.com\\\/explora\\\/passivhaus-construcciones-energeticas\\\/#breadcrumb\"},\"inLanguage\":\"es\",\"potentialAction\":[{\"@type\":\"ReadAction\",\"target\":[\"https:\\\/\\\/espacioaretha.com\\\/explora\\\/passivhaus-construcciones-energeticas\\\/\"]}]},{\"@type\":\"ImageObject\",\"inLanguage\":\"es\",\"@id\":\"https:\\\/\\\/espacioaretha.com\\\/explora\\\/passivhaus-construcciones-energeticas\\\/#primaryimage\",\"url\":\"https:\\\/\\\/espacioaretha.com\\\/explora\\\/wp-content\\\/uploads\\\/2022\\\/09\\\/2-portada.jpg\",\"contentUrl\":\"https:\\\/\\\/espacioaretha.com\\\/explora\\\/wp-content\\\/uploads\\\/2022\\\/09\\\/2-portada.jpg\",\"width\":1920,\"height\":1080},{\"@type\":\"BreadcrumbList\",\"@id\":\"https:\\\/\\\/espacioaretha.com\\\/explora\\\/passivhaus-construcciones-energeticas\\\/#breadcrumb\",\"itemListElement\":[{\"@type\":\"ListItem\",\"position\":1,\"name\":\"Portada\",\"item\":\"https:\\\/\\\/espacioaretha.com\\\/explora\\\/\"},{\"@type\":\"ListItem\",\"position\":2,\"name\":\"Passivhaus, construcciones energ\u00e9ticas\"}]},{\"@type\":\"WebSite\",\"@id\":\"https:\\\/\\\/espacioaretha.com\\\/explora\\\/#website\",\"url\":\"https:\\\/\\\/espacioaretha.com\\\/explora\\\/\",\"name\":\"Aretha Explora\",\"description\":\"Plataforma de contenidos e inspiraci\u00f3n sobre arquitectura, dise\u00f1o y mucho m\u00e1s\",\"publisher\":{\"@id\":\"https:\\\/\\\/espacioaretha.com\\\/explora\\\/#organization\"},\"potentialAction\":[{\"@type\":\"SearchAction\",\"target\":{\"@type\":\"EntryPoint\",\"urlTemplate\":\"https:\\\/\\\/espacioaretha.com\\\/explora\\\/?s={search_term_string}\"},\"query-input\":{\"@type\":\"PropertyValueSpecification\",\"valueRequired\":true,\"valueName\":\"search_term_string\"}}],\"inLanguage\":\"es\"},{\"@type\":\"Organization\",\"@id\":\"https:\\\/\\\/espacioaretha.com\\\/explora\\\/#organization\",\"name\":\"Aretha Explora\",\"alternateName\":\"Aretha\",\"url\":\"https:\\\/\\\/espacioaretha.com\\\/explora\\\/\",\"logo\":{\"@type\":\"ImageObject\",\"inLanguage\":\"es\",\"@id\":\"https:\\\/\\\/espacioaretha.com\\\/explora\\\/#\\\/schema\\\/logo\\\/image\\\/\",\"url\":\"https:\\\/\\\/espacioaretha.com\\\/explora\\\/wp-content\\\/uploads\\\/2022\\\/05\\\/Ojo-web.jpg\",\"contentUrl\":\"https:\\\/\\\/espacioaretha.com\\\/explora\\\/wp-content\\\/uploads\\\/2022\\\/05\\\/Ojo-web.jpg\",\"width\":1920,\"height\":1080,\"caption\":\"Aretha Explora\"},\"image\":{\"@id\":\"https:\\\/\\\/espacioaretha.com\\\/explora\\\/#\\\/schema\\\/logo\\\/image\\\/\"}},{\"@type\":\"Person\",\"@id\":\"https:\\\/\\\/espacioaretha.com\\\/explora\\\/#\\\/schema\\\/person\\\/e8d7a5a3af3095abdb2c9b7af117ff8c\",\"name\":\"Aretha\",\"image\":{\"@type\":\"ImageObject\",\"inLanguage\":\"es\",\"@id\":\"https:\\\/\\\/espacioaretha.com\\\/explora\\\/wp-content\\\/uploads\\\/2022\\\/05\\\/aretha.png\",\"url\":\"https:\\\/\\\/espacioaretha.com\\\/explora\\\/wp-content\\\/uploads\\\/2022\\\/05\\\/aretha.png\",\"contentUrl\":\"https:\\\/\\\/espacioaretha.com\\\/explora\\\/wp-content\\\/uploads\\\/2022\\\/05\\\/aretha.png\",\"caption\":\"Aretha\"},\"url\":\"https:\\\/\\\/espacioaretha.com\\\/explora\\\/author\\\/comunicacion-aretha\\\/\"}]}<\/script>\n<!-- \/ Yoast SEO plugin. -->","yoast_head_json":{"title":"Passivhaus, construcciones energ\u00e9ticas | Aretha Explora","description":"Edificios de eficiencia energ\u00e9tica con certificaci\u00f3n Passivhaus","robots":{"index":"index","follow":"follow","max-snippet":"max-snippet:-1","max-image-preview":"max-image-preview:large","max-video-preview":"max-video-preview:-1"},"canonical":"https:\/\/espacioaretha.com\/explora\/passivhaus-construcciones-energeticas\/","og_locale":"es_ES","og_type":"article","og_title":"Passivhaus, construcciones energ\u00e9ticas","og_description":"Ante las necesidades de ahorro energ\u00e9tico en el contexto actual, las edificaciones #Passivhaus se presentan como la soluci\u00f3n en el mercado. Edificaciones que permiten un ahorro de hasta un 75% de la energ\u00eda en base a unos principios clave en su concepci\u00f3n y dise\u00f1o. Rubinos Arquitectos pone en pr\u00e1ctica estos principios en la concepci\u00f3n del nuevo edificio Sedes Sapientiae de la Conferencia Episcopal en Madrid, cuya construcci\u00f3n ha realizado el Corte Ingl\u00e9s, y en el que Aretha ha tenido el privilegio de colaborar en todo su equipamiento integral.","og_url":"https:\/\/espacioaretha.com\/explora\/passivhaus-construcciones-energeticas\/","og_site_name":"Aretha Explora","article_published_time":"2022-09-19T15:12:42+00:00","article_modified_time":"2022-09-20T09:18:22+00:00","og_image":[{"width":1920,"height":1080,"url":"https:\/\/espacioaretha.com\/explora\/wp-content\/uploads\/2022\/09\/2-portada.jpg","type":"image\/jpeg"}],"author":"Aretha","twitter_card":"summary_large_image","twitter_misc":{"Escrito por":"Aretha","Tiempo de lectura":"3 minutos"},"schema":{"@context":"https:\/\/schema.org","@graph":[{"@type":"Article","@id":"https:\/\/espacioaretha.com\/explora\/passivhaus-construcciones-energeticas\/#article","isPartOf":{"@id":"https:\/\/espacioaretha.com\/explora\/passivhaus-construcciones-energeticas\/"},"author":{"name":"Aretha","@id":"https:\/\/espacioaretha.com\/explora\/#\/schema\/person\/e8d7a5a3af3095abdb2c9b7af117ff8c"},"headline":"Passivhaus, construcciones energ\u00e9ticas","datePublished":"2022-09-19T15:12:42+00:00","dateModified":"2022-09-20T09:18:22+00:00","mainEntityOfPage":{"@id":"https:\/\/espacioaretha.com\/explora\/passivhaus-construcciones-energeticas\/"},"wordCount":514,"commentCount":0,"publisher":{"@id":"https:\/\/espacioaretha.com\/explora\/#organization"},"image":{"@id":"https:\/\/espacioaretha.com\/explora\/passivhaus-construcciones-energeticas\/#primaryimage"},"thumbnailUrl":"https:\/\/espacioaretha.com\/explora\/wp-content\/uploads\/2022\/09\/2-portada.jpg","keywords":["Bienestar","certificaci\u00f3n","Confort","energ\u00eda","Espacios","Espacios de trabajo","Futuro","oficina","Sostenibilidad"],"articleSection":["Espacios de trabajo","Sostenibilidad"],"inLanguage":"es","potentialAction":[{"@type":"CommentAction","name":"Comment","target":["https:\/\/espacioaretha.com\/explora\/passivhaus-construcciones-energeticas\/#respond"]}]},{"@type":"WebPage","@id":"https:\/\/espacioaretha.com\/explora\/passivhaus-construcciones-energeticas\/","url":"https:\/\/espacioaretha.com\/explora\/passivhaus-construcciones-energeticas\/","name":"Passivhaus, construcciones energ\u00e9ticas | Aretha Explora","isPartOf":{"@id":"https:\/\/espacioaretha.com\/explora\/#website"},"primaryImageOfPage":{"@id":"https:\/\/espacioaretha.com\/explora\/passivhaus-construcciones-energeticas\/#primaryimage"},"image":{"@id":"https:\/\/espacioaretha.com\/explora\/passivhaus-construcciones-energeticas\/#primaryimage"},"thumbnailUrl":"https:\/\/espacioaretha.com\/explora\/wp-content\/uploads\/2022\/09\/2-portada.jpg","datePublished":"2022-09-19T15:12:42+00:00","dateModified":"2022-09-20T09:18:22+00:00","description":"Edificios de eficiencia energ\u00e9tica con certificaci\u00f3n Passivhaus","breadcrumb":{"@id":"https:\/\/espacioaretha.com\/explora\/passivhaus-construcciones-energeticas\/#breadcrumb"},"inLanguage":"es","potentialAction":[{"@type":"ReadAction","target":["https:\/\/espacioaretha.com\/explora\/passivhaus-construcciones-energeticas\/"]}]},{"@type":"ImageObject","inLanguage":"es","@id":"https:\/\/espacioaretha.com\/explora\/passivhaus-construcciones-energeticas\/#primaryimage","url":"https:\/\/espacioaretha.com\/explora\/wp-content\/uploads\/2022\/09\/2-portada.jpg","contentUrl":"https:\/\/espacioaretha.com\/explora\/wp-content\/uploads\/2022\/09\/2-portada.jpg","width":1920,"height":1080},{"@type":"BreadcrumbList","@id":"https:\/\/espacioaretha.com\/explora\/passivhaus-construcciones-energeticas\/#breadcrumb","itemListElement":[{"@type":"ListItem","position":1,"name":"Portada","item":"https:\/\/espacioaretha.com\/explora\/"},{"@type":"ListItem","position":2,"name":"Passivhaus, construcciones energ\u00e9ticas"}]},{"@type":"WebSite","@id":"https:\/\/espacioaretha.com\/explora\/#website","url":"https:\/\/espacioaretha.com\/explora\/","name":"Aretha Explora","description":"Plataforma de contenidos e inspiraci\u00f3n sobre arquitectura, dise\u00f1o y mucho m\u00e1s","publisher":{"@id":"https:\/\/espacioaretha.com\/explora\/#organization"},"potentialAction":[{"@type":"SearchAction","target":{"@type":"EntryPoint","urlTemplate":"https:\/\/espacioaretha.com\/explora\/?s={search_term_string}"},"query-input":{"@type":"PropertyValueSpecification","valueRequired":true,"valueName":"search_term_string"}}],"inLanguage":"es"},{"@type":"Organization","@id":"https:\/\/espacioaretha.com\/explora\/#organization","name":"Aretha Explora","alternateName":"Aretha","url":"https:\/\/espacioaretha.com\/explora\/","logo":{"@type":"ImageObject","inLanguage":"es","@id":"https:\/\/espacioaretha.com\/explora\/#\/schema\/logo\/image\/","url":"https:\/\/espacioaretha.com\/explora\/wp-content\/uploads\/2022\/05\/Ojo-web.jpg","contentUrl":"https:\/\/espacioaretha.com\/explora\/wp-content\/uploads\/2022\/05\/Ojo-web.jpg","width":1920,"height":1080,"caption":"Aretha Explora"},"image":{"@id":"https:\/\/espacioaretha.com\/explora\/#\/schema\/logo\/image\/"}},{"@type":"Person","@id":"https:\/\/espacioaretha.com\/explora\/#\/schema\/person\/e8d7a5a3af3095abdb2c9b7af117ff8c","name":"Aretha","image":{"@type":"ImageObject","inLanguage":"es","@id":"https:\/\/espacioaretha.com\/explora\/wp-content\/uploads\/2022\/05\/aretha.png","url":"https:\/\/espacioaretha.com\/explora\/wp-content\/uploads\/2022\/05\/aretha.png","contentUrl":"https:\/\/espacioaretha.com\/explora\/wp-content\/uploads\/2022\/05\/aretha.png","caption":"Aretha"},"url":"https:\/\/espacioaretha.com\/explora\/author\/comunicacion-aretha\/"}]}},"_links":{"self":[{"href":"https:\/\/espacioaretha.com\/explora\/wp-json\/wp\/v2\/posts\/2729","targetHints":{"allow":["GET"]}}],"collection":[{"href":"https:\/\/espacioaretha.com\/explora\/wp-json\/wp\/v2\/posts"}],"about":[{"href":"https:\/\/espacioaretha.com\/explora\/wp-json\/wp\/v2\/types\/post"}],"author":[{"embeddable":true,"href":"https:\/\/espacioaretha.com\/explora\/wp-json\/wp\/v2\/users\/25"}],"replies":[{"embeddable":true,"href":"https:\/\/espacioaretha.com\/explora\/wp-json\/wp\/v2\/comments?post=2729"}],"version-history":[{"count":6,"href":"https:\/\/espacioaretha.com\/explora\/wp-json\/wp\/v2\/posts\/2729\/revisions"}],"predecessor-version":[{"id":2742,"href":"https:\/\/espacioaretha.com\/explora\/wp-json\/wp\/v2\/posts\/2729\/revisions\/2742"}],"wp:featuredmedia":[{"embeddable":true,"href":"https:\/\/espacioaretha.com\/explora\/wp-json\/wp\/v2\/media\/2730"}],"wp:attachment":[{"href":"https:\/\/espacioaretha.com\/explora\/wp-json\/wp\/v2\/media?parent=2729"}],"wp:term":[{"taxonomy":"category","embeddable":true,"href":"https:\/\/espacioaretha.com\/explora\/wp-json\/wp\/v2\/categories?post=2729"},{"taxonomy":"post_tag","embeddable":true,"href":"https:\/\/espacioaretha.com\/explora\/wp-json\/wp\/v2\/tags?post=2729"}],"curies":[{"name":"wp","href":"https:\/\/api.w.org\/{rel}","templated":true}]}}