{"id":2778,"date":"2022-10-07T11:27:43","date_gmt":"2022-10-07T09:27:43","guid":{"rendered":"https:\/\/espacioaretha.com\/explora\/?p=2778"},"modified":"2022-10-31T12:51:40","modified_gmt":"2022-10-31T11:51:40","slug":"nuevos-espacios-de-trabajo","status":"publish","type":"post","link":"https:\/\/espacioaretha.com\/explora\/nuevos-espacios-de-trabajo\/","title":{"rendered":"Los espacios de trabajo son hoy cualquier lugar"},"content":{"rendered":"\n<p><\/p>\n\n\n\n<p>En estas l\u00edneas doy mi valoraci\u00f3n personal acerca del nuevo paradigma de los entornos de trabajo, bas\u00e1ndome precisamente en las opiniones y planteamientos que he ido recogiendo en nuestro trabajo cotidiano, en foros especializados, y en las diferentes entrevistas de los \u201cCaf\u00e9s con\u2026\u201d con profesionales de primer nivel, que hemos organizado para esta plataforma de contenidos.<\/p>\n\n\n\n<h2 class=\"has-medium-font-size wp-block-heading\"><strong>El nuevo papel estrat\u00e9gico de los espacios de trabajo<\/strong><\/h2>\n\n\n\n<p>Despu\u00e9s de este periodo excepcional que nos ha tocado vivir los \u00faltimos dos a\u00f1os, llegamos a la conclusi\u00f3n de que los espacios de trabajo, lo que hasta ahora denomin\u00e1bamos com\u00fanmente \u201coficina\u201d y que durante unos meses fue abandonada en masa, se encuentra en un momento de b\u00fasqueda de su nueva identidad.<\/p>\n\n\n\n<p>Direcci\u00f3n General y de Recursos Humanos de grandes, peque\u00f1as y medianas organizaciones, junto a arquitectos, dise\u00f1adores y responsables de gesti\u00f3n de espacios se encuentran inmersos en su inmensa mayor\u00eda en procesos de dise\u00f1o conceptual de estos entornos. No me refiero al dise\u00f1o en si, ni a la mera integraci\u00f3n de la identidad visual en el espacio junto a la inclusi\u00f3n de una serie de elementos aparentemente divertidos dentro del mismo, sino al dise\u00f1o del espacio para atraer a las personas, a los equipos, y dar un sentido verdadero, una motivaci\u00f3n clara para volver a las sedes de las empresas.<\/p>\n\n\n\n<p>La mayor parte de los profesionales con los que tengo la oportunidad de compartir sus ideas y las de sus clientes coinciden en que efectivamente el <strong>trabajo h\u00edbrido bien entendido se va consolidando<\/strong> lentamente a nuestra cultura (viajar al norte de Europa u otros continentes te da una perspectiva diferente, lugares donde este concepto est\u00e1 maduro y asumido desde hace tiempo), pero sobre todo hay consenso en que el principal problema es identificar en cada organizaci\u00f3n <strong>cu\u00e1l es el factor motivador fundamentar para ir al lugar de trabajo en lugar de trabajar en remoto.<\/strong><\/p>\n\n\n\n<p>La clave est\u00e1 en<strong> dise\u00f1ar el espacio de manera estrat\u00e9gica<\/strong> en cada caso, para cada organizaci\u00f3n, de manera que el lugar f\u00edsico sea un verdadero punto de conexi\u00f3n (hub como tanto gusta decir ahora), de conocimiento dentro de la empresa y entre la empresa con sus clientes y proveedores. Tambi\u00e9n en conseguir que sea un lugar social vital para mantener las relaciones personales, la vinculaci\u00f3n con la cultura de la empresa a modo de peque\u00f1o club corporativo y la integraci\u00f3n de procesos, personas y equipos.<\/p>\n\n\n<div class=\"wp-block-image\">\n<figure class=\"aligncenter size-large\"><img loading=\"lazy\" decoding=\"async\" width=\"1024\" height=\"576\" src=\"https:\/\/espacioaretha.com\/explora\/wp-content\/uploads\/2022\/10\/4-1024x576.jpg\" alt=\"\" class=\"wp-image-2786\" srcset=\"https:\/\/espacioaretha.com\/explora\/wp-content\/uploads\/2022\/10\/4-1024x576.jpg 1024w, https:\/\/espacioaretha.com\/explora\/wp-content\/uploads\/2022\/10\/4-300x169.jpg 300w, https:\/\/espacioaretha.com\/explora\/wp-content\/uploads\/2022\/10\/4-768x432.jpg 768w, https:\/\/espacioaretha.com\/explora\/wp-content\/uploads\/2022\/10\/4-1536x864.jpg 1536w, https:\/\/espacioaretha.com\/explora\/wp-content\/uploads\/2022\/10\/4.jpg 1680w\" sizes=\"auto, (max-width: 1024px) 100vw, 1024px\" \/><\/figure>\n<\/div>\n\n\n<h2 class=\"has-medium-font-size wp-block-heading\"><strong>Dise\u00f1ar estrat\u00e9gicamente el entorno de trabajo, y el \u201ctercer lugar\u201d&#8230;<\/strong><\/h2>\n\n\n\n<p>Nos encontramos ante la necesidad de aportar una visi\u00f3n m\u00e1s elevada de la que hasta hace poco parec\u00eda imponerse, y en la que se recurr\u00eda a espacios sociales aparentemente divertidos con futbolines, billares juegos y sof\u00e1s de todo tipo que en muchas ocasiones (no siempre), se lograr\u00eda motivar a los equipos y mejorar el rendimiento colectivo. Hoy el reto es mucho mayor: se trata de <strong>incentivar al trabajador que desee ir realmente al lugar de trabajo<\/strong>, y para ello se le ha de dotar de todas las herramientas tecnol\u00f3gicas, experienciales y de contacto personal para que pueda explotar en ese espacio toda su capacidad productiva y creativa con otros equipos,<\/p>\n\n\n\n<p>Implica <strong>pensar en espacios diferenciados, pero inteligentemente tejidos entre si <\/strong>por parte de quien dise\u00f1a los espacios;<\/p>\n\n\n\n<ul class=\"wp-block-list\"><li>espacios de m\u00e1xima concentraci\u00f3n a los que desee ir para poder trabajar, pensar y reflexionar,<\/li><li>espacios relacionales, de colaboraci\u00f3n donde poder desarrollar las actividades colectivas, reuniones internas o con clientes, y perfectamente conectados tecnol\u00f3gicamente con el mundo exterior,<\/li><li>espacios abiertos, incluso con acceso al exterior en terrazas, jardines, balcones que se convierten hoy en una extensi\u00f3n m\u00e1s de la oficina tradicional,<\/li><li>salas de caf\u00e9 y \u00e1reas de descanso, donde relajarse y pensar a la vez, s\u00f3lo o en compa\u00f1\u00eda, debatiendo o analizando experiencias o simplemente desconectando,<\/li><li>salas de co-creaci\u00f3n en las que poder explotar al m\u00e1ximo el conocimiento empleando nuevas metodolog\u00edas de productividad, pensamiento y de toma de decisiones,<\/li><li>bibliotecas, zonas de estudio y autoformaci\u00f3n ausentes de ruido,<\/li><li>y, por supuesto, mi mesa de trabajo \u201ctradicional\u201d.<\/li><\/ul>\n\n\n\n<p>En definitiva, las personas hemos de encontrarnos con un <strong>conjunto de microespacios<\/strong> dentro del gran edificio corporativo. De manera que en funci\u00f3n de lo que se necesite, se pueda realizar la actividad con el m\u00e1ximo confort, con total conectividad y con una tecnolog\u00eda que nos haga olvidar en todo momento si estoy en casa, en el parque, en un lobby de un hotel o esperando a subir al avi\u00f3n en un aeropuerto. Lo que se denomina hoy tercer lugar, a modo de extensi\u00f3n natural de las oficinas tradicionales.<\/p>\n\n\n\n<figure class=\"wp-block-image size-large\"><img loading=\"lazy\" decoding=\"async\" width=\"1024\" height=\"576\" src=\"https:\/\/espacioaretha.com\/explora\/wp-content\/uploads\/2022\/10\/3-1024x576.png\" alt=\"\" class=\"wp-image-2795\" srcset=\"https:\/\/espacioaretha.com\/explora\/wp-content\/uploads\/2022\/10\/3-1024x576.png 1024w, https:\/\/espacioaretha.com\/explora\/wp-content\/uploads\/2022\/10\/3-300x169.png 300w, https:\/\/espacioaretha.com\/explora\/wp-content\/uploads\/2022\/10\/3-768x432.png 768w, https:\/\/espacioaretha.com\/explora\/wp-content\/uploads\/2022\/10\/3-1536x864.png 1536w, https:\/\/espacioaretha.com\/explora\/wp-content\/uploads\/2022\/10\/3.png 1680w\" sizes=\"auto, (max-width: 1024px) 100vw, 1024px\" \/><\/figure>\n\n\n\n<h2 class=\"has-medium-font-size wp-block-heading\"><strong>Cultura y persona<\/strong><\/h2>\n\n\n\n<p>El equilibrio relacional entre  las personas y la empresa es en mi opini\u00f3n otro elemento fundamental a cuidar para que el trabajo h\u00edbrido no dinamite la relaci\u00f3n empresa-equipos. Tras un periodo extra\u00f1o de larga ausencia en la oficina muchas personas han podido desconectar y no volver a subir al tren de su propia empresa, o han decidido abandonar, o su grado de implicaci\u00f3n se ha visto limitada. Otras en cambio han podido organizar mejor sus vidas implic\u00e1ndose mucho m\u00e1s en sus trabajos. Y otras muchas se han incorporado a nuevos puestos sin haber podido conocer sus compa\u00f1ero\/as hasta meses m\u00e1s tarde. &nbsp;<\/p>\n\n\n\n<p>En este sentido es importante saber definir el equilibrio entre trabajo presencial y remoto, no en t\u00e9rminos de horas o d\u00edas como en muchas ocasiones parece simplificarse. La clave, en mi opini\u00f3n, reside en que exista un nivel organizativo y de eficiencia m\u00e1ximo en los procesos que permita que el rendimiento de la persona y su grado de implicaci\u00f3n sea m\u00e1ximo y est\u00e9 conectado.<\/p>\n\n\n\n<p>A medida que el dise\u00f1o de los entornos de trabajo consiga engancharnos, porque all\u00ed encontraremos todo lo que necesitamos y adem\u00e1s superar\u00e1 a cualquier experiencia remota, la persona querr\u00e1 acudir all\u00ed como un destino deseado. Especialmente ante la incorporaci\u00f3n de nuevas generaciones, nuevos talentos y la globalizaci\u00f3n cultural y de conocimiento.<\/p>\n\n\n\n<p>A partir de ah\u00ed, <strong>el dise\u00f1o del espacio debe servir para cimentar la cultura corporativa<\/strong>, unir departamentos mediante la creaci\u00f3n de todos esos microespacios a los que antes hac\u00eda referencia. Espacios de interconexi\u00f3n entre personas, generadores de experiencias, relaciones, actividades que permitan interactuar y retroalimentar la cultura de equipo y de empresa.<\/p>\n\n\n\n<figure class=\"wp-block-image size-large\"><img loading=\"lazy\" decoding=\"async\" width=\"1024\" height=\"683\" src=\"https:\/\/espacioaretha.com\/explora\/wp-content\/uploads\/2022\/10\/20220509-Oficinas-Warner-Madrid-23-Editar-HQ-1024x683.jpg\" alt=\"\" class=\"wp-image-2799\" srcset=\"https:\/\/espacioaretha.com\/explora\/wp-content\/uploads\/2022\/10\/20220509-Oficinas-Warner-Madrid-23-Editar-HQ-1024x683.jpg 1024w, https:\/\/espacioaretha.com\/explora\/wp-content\/uploads\/2022\/10\/20220509-Oficinas-Warner-Madrid-23-Editar-HQ-300x200.jpg 300w, https:\/\/espacioaretha.com\/explora\/wp-content\/uploads\/2022\/10\/20220509-Oficinas-Warner-Madrid-23-Editar-HQ-768x512.jpg 768w, https:\/\/espacioaretha.com\/explora\/wp-content\/uploads\/2022\/10\/20220509-Oficinas-Warner-Madrid-23-Editar-HQ-1536x1024.jpg 1536w, https:\/\/espacioaretha.com\/explora\/wp-content\/uploads\/2022\/10\/20220509-Oficinas-Warner-Madrid-23-Editar-HQ-2048x1365.jpg 2048w\" sizes=\"auto, (max-width: 1024px) 100vw, 1024px\" \/><\/figure>\n\n\n\n<h2 class=\"has-medium-font-size wp-block-heading\"><strong>Bienestar<\/strong><\/h2>\n\n\n\n<p>No quisiera cerrar este modesto art\u00edculo sin hacer un manifiesto en favor de determinados <strong>aspectos que  son determinantes a la hora de dise\u00f1ar los espacios de trabajo y sus microespacios.<\/strong> Me refiero a;<\/p>\n\n\n\n<ul class=\"wp-block-list\"><li>la luz, espec\u00edfica seg\u00fan cada lugar y cada actividad,<\/li><li>la ac\u00fastica, esencial para lograr los niveles de concentraci\u00f3n y comunicaci\u00f3n deseada,<\/li><li>la accesibilidad en sentido amplio, como factor inclusivo determinante en el uso de cualquier espacio,<\/li><li>la ergonom\u00eda, atendiendo a aspectos como la regulaci\u00f3n en altura, la movilidad, la posibilidad de trabajar en un d\u00eda en hasta 8 situaciones diferentes,<\/li><li>la calidad del aire, el correcto tratamiento del mismo, y del que ahora hemos sido realmente conscientes,<\/li><li>la facilidad de transformaci\u00f3n de los espacios, respondiendo a un concepto de cronotop\u00eda cada vez m\u00e1s presente,<\/li><li>la naturaleza, dentro y fuera del espacio: azoteas, jardines, terrazas, jardines ingleses\u2026<\/li><li>sostenibilidad y racionalizaci\u00f3n en el uso de recursos (clima, temperatura\u2026),<\/li><li>espacios para la diversi\u00f3n y el esparcimiento sin reducirlo a un mero futbol\u00edn, sino dise\u00f1ando \u00e1reas dentro o fuera de la empresa donde pueda desconectarse totalmente, con actividades impulsadas desde direcci\u00f3n o promovidas por los equipos de manera natural,<\/li><li>eficiencia tecnol\u00f3gica absoluta, que permita la total accesibilidad a datos, reuniones en remoto, reuniones presenciales sin fallos,<\/li><li>y sin olvidar la realidad virtual, la tecnolog\u00eda inmersiva que, aunque en fase embrionaria, pronto desembarcar\u00e1 de forma generalizada como en su d\u00eda lo hizo el tel\u00e9fono m\u00f3vil, internet o recientemente, las videollamadas.<\/li><\/ul>\n\n\n\n<p><\/p>\n\n\n\n<h2 class=\"has-medium-font-size wp-block-heading\"><strong>Me permito concluir con la idea de que la oficina tradicional efectivamente muri\u00f3 y que estamos comprendiendo que la oficina del Siglo XXI debe ser un objeto de deseo para la retenci\u00f3n del talento, la generaci\u00f3n de relaciones y la revitalizaci\u00f3n de la cultura corporativa.&nbsp; Y si, efectivamente, el lugar de trabajo es hoy cualquier lugar desde donde podamos conectar con nuestra organizaci\u00f3n.<\/strong><\/h2>\n","protected":false},"excerpt":{"rendered":"<p>Es para m\u00ed un privilegio poder colaborar desde hace casi 30 a\u00f1os con estudios de arquitectura e interiorismo en el equipamiento de entornos de trabajo innovadores. Esto permite a Aretha y a nuestro equipo descubrir permanentemente nuevos enfoques que aportan cada vez m\u00e1s conocimientos, ilusi\u00f3n y retos a nuestro trabajo en un proceso de aprendizaje constante. <\/p>\n","protected":false},"author":6,"featured_media":2793,"comment_status":"open","ping_status":"open","sticky":false,"template":"","format":"standard","meta":{"footnotes":""},"categories":[31],"tags":[141,72,73,69,140,85,90],"class_list":["post-2778","post","type-post","status-publish","format-standard","has-post-thumbnail","hentry","category-espacios-de-trabajo","tag-colaboracion","tag-espacios","tag-futuro","tag-innovacion","tag-oficinas","tag-productividad","tag-tecnologia"],"yoast_head":"<!-- This site is optimized with the Yoast SEO plugin v27.4 - https:\/\/yoast.com\/product\/yoast-seo-wordpress\/ -->\n<title>Los espacios de trabajo son hoy cualquier lugar | Aretha Explora<\/title>\n<meta name=\"description\" content=\"El dise\u00f1o y la transformaci\u00f3n de las oficinas. Influye en retener el talento, las relaciones y la revitalizaci\u00f3n de la cultura corporativa.\" \/>\n<meta name=\"robots\" content=\"index, follow, max-snippet:-1, max-image-preview:large, max-video-preview:-1\" \/>\n<link rel=\"canonical\" href=\"https:\/\/espacioaretha.com\/explora\/nuevos-espacios-de-trabajo\/\" \/>\n<meta property=\"og:locale\" content=\"es_ES\" \/>\n<meta property=\"og:type\" content=\"article\" \/>\n<meta property=\"og:title\" content=\"Los espacios de trabajo son hoy cualquier lugar\" \/>\n<meta property=\"og:description\" content=\"El dise\u00f1o y la transformaci\u00f3n de las oficinas. Influye en retener el talento, las relaciones y la revitalizaci\u00f3n de la cultura corporativa\" \/>\n<meta property=\"og:url\" content=\"https:\/\/espacioaretha.com\/explora\/nuevos-espacios-de-trabajo\/\" \/>\n<meta property=\"og:site_name\" content=\"Aretha Explora\" \/>\n<meta property=\"article:published_time\" content=\"2022-10-07T09:27:43+00:00\" \/>\n<meta property=\"article:modified_time\" content=\"2022-10-31T11:51:40+00:00\" \/>\n<meta property=\"og:image\" content=\"https:\/\/espacioaretha.com\/explora\/wp-content\/uploads\/2022\/10\/portada.jpg\" \/>\n\t<meta property=\"og:image:width\" content=\"1920\" \/>\n\t<meta property=\"og:image:height\" content=\"1080\" \/>\n\t<meta property=\"og:image:type\" content=\"image\/jpeg\" \/>\n<meta name=\"author\" content=\"Fco Javier Blanco\" \/>\n<meta name=\"twitter:card\" content=\"summary_large_image\" \/>\n<meta name=\"twitter:image\" content=\"https:\/\/espacioaretha.com\/explora\/wp-content\/uploads\/2022\/10\/portada.jpg\" \/>\n<meta name=\"twitter:label1\" content=\"Escrito por\" \/>\n\t<meta name=\"twitter:data1\" content=\"Fco Javier Blanco\" \/>\n\t<meta name=\"twitter:label2\" content=\"Tiempo de lectura\" \/>\n\t<meta name=\"twitter:data2\" content=\"7 minutos\" \/>\n<script type=\"application\/ld+json\" class=\"yoast-schema-graph\">{\"@context\":\"https:\\\/\\\/schema.org\",\"@graph\":[{\"@type\":\"Article\",\"@id\":\"https:\\\/\\\/espacioaretha.com\\\/explora\\\/nuevos-espacios-de-trabajo\\\/#article\",\"isPartOf\":{\"@id\":\"https:\\\/\\\/espacioaretha.com\\\/explora\\\/nuevos-espacios-de-trabajo\\\/\"},\"author\":{\"name\":\"Fco Javier Blanco\",\"@id\":\"https:\\\/\\\/espacioaretha.com\\\/explora\\\/#\\\/schema\\\/person\\\/147851aa68fa4acde9c12bd233c54920\"},\"headline\":\"Los espacios de trabajo son hoy cualquier lugar\",\"datePublished\":\"2022-10-07T09:27:43+00:00\",\"dateModified\":\"2022-10-31T11:51:40+00:00\",\"mainEntityOfPage\":{\"@id\":\"https:\\\/\\\/espacioaretha.com\\\/explora\\\/nuevos-espacios-de-trabajo\\\/\"},\"wordCount\":1439,\"commentCount\":0,\"publisher\":{\"@id\":\"https:\\\/\\\/espacioaretha.com\\\/explora\\\/#organization\"},\"image\":{\"@id\":\"https:\\\/\\\/espacioaretha.com\\\/explora\\\/nuevos-espacios-de-trabajo\\\/#primaryimage\"},\"thumbnailUrl\":\"https:\\\/\\\/espacioaretha.com\\\/explora\\\/wp-content\\\/uploads\\\/2022\\\/10\\\/portada.jpg\",\"keywords\":[\"colaboraci\u00f3n\",\"Espacios\",\"Futuro\",\"Innovaci\u00f3n\",\"oficinas\",\"Productividad\",\"Tecnolog\u00eda\"],\"articleSection\":[\"Espacios de trabajo\"],\"inLanguage\":\"es\",\"potentialAction\":[{\"@type\":\"CommentAction\",\"name\":\"Comment\",\"target\":[\"https:\\\/\\\/espacioaretha.com\\\/explora\\\/nuevos-espacios-de-trabajo\\\/#respond\"]}]},{\"@type\":\"WebPage\",\"@id\":\"https:\\\/\\\/espacioaretha.com\\\/explora\\\/nuevos-espacios-de-trabajo\\\/\",\"url\":\"https:\\\/\\\/espacioaretha.com\\\/explora\\\/nuevos-espacios-de-trabajo\\\/\",\"name\":\"Los espacios de trabajo son hoy cualquier lugar | Aretha Explora\",\"isPartOf\":{\"@id\":\"https:\\\/\\\/espacioaretha.com\\\/explora\\\/#website\"},\"primaryImageOfPage\":{\"@id\":\"https:\\\/\\\/espacioaretha.com\\\/explora\\\/nuevos-espacios-de-trabajo\\\/#primaryimage\"},\"image\":{\"@id\":\"https:\\\/\\\/espacioaretha.com\\\/explora\\\/nuevos-espacios-de-trabajo\\\/#primaryimage\"},\"thumbnailUrl\":\"https:\\\/\\\/espacioaretha.com\\\/explora\\\/wp-content\\\/uploads\\\/2022\\\/10\\\/portada.jpg\",\"datePublished\":\"2022-10-07T09:27:43+00:00\",\"dateModified\":\"2022-10-31T11:51:40+00:00\",\"description\":\"El dise\u00f1o y la transformaci\u00f3n de las oficinas. Influye en retener el talento, las relaciones y la revitalizaci\u00f3n de la cultura corporativa.\",\"breadcrumb\":{\"@id\":\"https:\\\/\\\/espacioaretha.com\\\/explora\\\/nuevos-espacios-de-trabajo\\\/#breadcrumb\"},\"inLanguage\":\"es\",\"potentialAction\":[{\"@type\":\"ReadAction\",\"target\":[\"https:\\\/\\\/espacioaretha.com\\\/explora\\\/nuevos-espacios-de-trabajo\\\/\"]}]},{\"@type\":\"ImageObject\",\"inLanguage\":\"es\",\"@id\":\"https:\\\/\\\/espacioaretha.com\\\/explora\\\/nuevos-espacios-de-trabajo\\\/#primaryimage\",\"url\":\"https:\\\/\\\/espacioaretha.com\\\/explora\\\/wp-content\\\/uploads\\\/2022\\\/10\\\/portada.jpg\",\"contentUrl\":\"https:\\\/\\\/espacioaretha.com\\\/explora\\\/wp-content\\\/uploads\\\/2022\\\/10\\\/portada.jpg\",\"width\":1920,\"height\":1080},{\"@type\":\"BreadcrumbList\",\"@id\":\"https:\\\/\\\/espacioaretha.com\\\/explora\\\/nuevos-espacios-de-trabajo\\\/#breadcrumb\",\"itemListElement\":[{\"@type\":\"ListItem\",\"position\":1,\"name\":\"Portada\",\"item\":\"https:\\\/\\\/espacioaretha.com\\\/explora\\\/\"},{\"@type\":\"ListItem\",\"position\":2,\"name\":\"Los espacios de trabajo son hoy cualquier lugar\"}]},{\"@type\":\"WebSite\",\"@id\":\"https:\\\/\\\/espacioaretha.com\\\/explora\\\/#website\",\"url\":\"https:\\\/\\\/espacioaretha.com\\\/explora\\\/\",\"name\":\"Aretha Explora\",\"description\":\"Plataforma de contenidos e inspiraci\u00f3n sobre arquitectura, dise\u00f1o y mucho m\u00e1s\",\"publisher\":{\"@id\":\"https:\\\/\\\/espacioaretha.com\\\/explora\\\/#organization\"},\"potentialAction\":[{\"@type\":\"SearchAction\",\"target\":{\"@type\":\"EntryPoint\",\"urlTemplate\":\"https:\\\/\\\/espacioaretha.com\\\/explora\\\/?s={search_term_string}\"},\"query-input\":{\"@type\":\"PropertyValueSpecification\",\"valueRequired\":true,\"valueName\":\"search_term_string\"}}],\"inLanguage\":\"es\"},{\"@type\":\"Organization\",\"@id\":\"https:\\\/\\\/espacioaretha.com\\\/explora\\\/#organization\",\"name\":\"Aretha Explora\",\"alternateName\":\"Aretha\",\"url\":\"https:\\\/\\\/espacioaretha.com\\\/explora\\\/\",\"logo\":{\"@type\":\"ImageObject\",\"inLanguage\":\"es\",\"@id\":\"https:\\\/\\\/espacioaretha.com\\\/explora\\\/#\\\/schema\\\/logo\\\/image\\\/\",\"url\":\"https:\\\/\\\/espacioaretha.com\\\/explora\\\/wp-content\\\/uploads\\\/2022\\\/05\\\/Ojo-web.jpg\",\"contentUrl\":\"https:\\\/\\\/espacioaretha.com\\\/explora\\\/wp-content\\\/uploads\\\/2022\\\/05\\\/Ojo-web.jpg\",\"width\":1920,\"height\":1080,\"caption\":\"Aretha Explora\"},\"image\":{\"@id\":\"https:\\\/\\\/espacioaretha.com\\\/explora\\\/#\\\/schema\\\/logo\\\/image\\\/\"}},{\"@type\":\"Person\",\"@id\":\"https:\\\/\\\/espacioaretha.com\\\/explora\\\/#\\\/schema\\\/person\\\/147851aa68fa4acde9c12bd233c54920\",\"name\":\"Fco Javier Blanco\",\"image\":{\"@type\":\"ImageObject\",\"inLanguage\":\"es\",\"@id\":\"https:\\\/\\\/espacioaretha.com\\\/explora\\\/wp-content\\\/uploads\\\/2022\\\/03\\\/Javier-Blanco.png\",\"url\":\"https:\\\/\\\/espacioaretha.com\\\/explora\\\/wp-content\\\/uploads\\\/2022\\\/03\\\/Javier-Blanco.png\",\"contentUrl\":\"https:\\\/\\\/espacioaretha.com\\\/explora\\\/wp-content\\\/uploads\\\/2022\\\/03\\\/Javier-Blanco.png\",\"caption\":\"Fco Javier Blanco\"},\"description\":\"Socio director\",\"url\":\"https:\\\/\\\/espacioaretha.com\\\/explora\\\/author\\\/fco-javier-blanco\\\/\"}]}<\/script>\n<!-- \/ Yoast SEO plugin. -->","yoast_head_json":{"title":"Los espacios de trabajo son hoy cualquier lugar | Aretha Explora","description":"El dise\u00f1o y la transformaci\u00f3n de las oficinas. Influye en retener el talento, las relaciones y la revitalizaci\u00f3n de la cultura corporativa.","robots":{"index":"index","follow":"follow","max-snippet":"max-snippet:-1","max-image-preview":"max-image-preview:large","max-video-preview":"max-video-preview:-1"},"canonical":"https:\/\/espacioaretha.com\/explora\/nuevos-espacios-de-trabajo\/","og_locale":"es_ES","og_type":"article","og_title":"Los espacios de trabajo son hoy cualquier lugar","og_description":"El dise\u00f1o y la transformaci\u00f3n de las oficinas. Influye en retener el talento, las relaciones y la revitalizaci\u00f3n de la cultura corporativa","og_url":"https:\/\/espacioaretha.com\/explora\/nuevos-espacios-de-trabajo\/","og_site_name":"Aretha Explora","article_published_time":"2022-10-07T09:27:43+00:00","article_modified_time":"2022-10-31T11:51:40+00:00","og_image":[{"width":1920,"height":1080,"url":"https:\/\/espacioaretha.com\/explora\/wp-content\/uploads\/2022\/10\/portada.jpg","type":"image\/jpeg"}],"author":"Fco Javier Blanco","twitter_card":"summary_large_image","twitter_image":"https:\/\/espacioaretha.com\/explora\/wp-content\/uploads\/2022\/10\/portada.jpg","twitter_misc":{"Escrito por":"Fco Javier Blanco","Tiempo de lectura":"7 minutos"},"schema":{"@context":"https:\/\/schema.org","@graph":[{"@type":"Article","@id":"https:\/\/espacioaretha.com\/explora\/nuevos-espacios-de-trabajo\/#article","isPartOf":{"@id":"https:\/\/espacioaretha.com\/explora\/nuevos-espacios-de-trabajo\/"},"author":{"name":"Fco Javier Blanco","@id":"https:\/\/espacioaretha.com\/explora\/#\/schema\/person\/147851aa68fa4acde9c12bd233c54920"},"headline":"Los espacios de trabajo son hoy cualquier lugar","datePublished":"2022-10-07T09:27:43+00:00","dateModified":"2022-10-31T11:51:40+00:00","mainEntityOfPage":{"@id":"https:\/\/espacioaretha.com\/explora\/nuevos-espacios-de-trabajo\/"},"wordCount":1439,"commentCount":0,"publisher":{"@id":"https:\/\/espacioaretha.com\/explora\/#organization"},"image":{"@id":"https:\/\/espacioaretha.com\/explora\/nuevos-espacios-de-trabajo\/#primaryimage"},"thumbnailUrl":"https:\/\/espacioaretha.com\/explora\/wp-content\/uploads\/2022\/10\/portada.jpg","keywords":["colaboraci\u00f3n","Espacios","Futuro","Innovaci\u00f3n","oficinas","Productividad","Tecnolog\u00eda"],"articleSection":["Espacios de trabajo"],"inLanguage":"es","potentialAction":[{"@type":"CommentAction","name":"Comment","target":["https:\/\/espacioaretha.com\/explora\/nuevos-espacios-de-trabajo\/#respond"]}]},{"@type":"WebPage","@id":"https:\/\/espacioaretha.com\/explora\/nuevos-espacios-de-trabajo\/","url":"https:\/\/espacioaretha.com\/explora\/nuevos-espacios-de-trabajo\/","name":"Los espacios de trabajo son hoy cualquier lugar | Aretha Explora","isPartOf":{"@id":"https:\/\/espacioaretha.com\/explora\/#website"},"primaryImageOfPage":{"@id":"https:\/\/espacioaretha.com\/explora\/nuevos-espacios-de-trabajo\/#primaryimage"},"image":{"@id":"https:\/\/espacioaretha.com\/explora\/nuevos-espacios-de-trabajo\/#primaryimage"},"thumbnailUrl":"https:\/\/espacioaretha.com\/explora\/wp-content\/uploads\/2022\/10\/portada.jpg","datePublished":"2022-10-07T09:27:43+00:00","dateModified":"2022-10-31T11:51:40+00:00","description":"El dise\u00f1o y la transformaci\u00f3n de las oficinas. Influye en retener el talento, las relaciones y la revitalizaci\u00f3n de la cultura corporativa.","breadcrumb":{"@id":"https:\/\/espacioaretha.com\/explora\/nuevos-espacios-de-trabajo\/#breadcrumb"},"inLanguage":"es","potentialAction":[{"@type":"ReadAction","target":["https:\/\/espacioaretha.com\/explora\/nuevos-espacios-de-trabajo\/"]}]},{"@type":"ImageObject","inLanguage":"es","@id":"https:\/\/espacioaretha.com\/explora\/nuevos-espacios-de-trabajo\/#primaryimage","url":"https:\/\/espacioaretha.com\/explora\/wp-content\/uploads\/2022\/10\/portada.jpg","contentUrl":"https:\/\/espacioaretha.com\/explora\/wp-content\/uploads\/2022\/10\/portada.jpg","width":1920,"height":1080},{"@type":"BreadcrumbList","@id":"https:\/\/espacioaretha.com\/explora\/nuevos-espacios-de-trabajo\/#breadcrumb","itemListElement":[{"@type":"ListItem","position":1,"name":"Portada","item":"https:\/\/espacioaretha.com\/explora\/"},{"@type":"ListItem","position":2,"name":"Los espacios de trabajo son hoy cualquier lugar"}]},{"@type":"WebSite","@id":"https:\/\/espacioaretha.com\/explora\/#website","url":"https:\/\/espacioaretha.com\/explora\/","name":"Aretha Explora","description":"Plataforma de contenidos e inspiraci\u00f3n sobre arquitectura, dise\u00f1o y mucho m\u00e1s","publisher":{"@id":"https:\/\/espacioaretha.com\/explora\/#organization"},"potentialAction":[{"@type":"SearchAction","target":{"@type":"EntryPoint","urlTemplate":"https:\/\/espacioaretha.com\/explora\/?s={search_term_string}"},"query-input":{"@type":"PropertyValueSpecification","valueRequired":true,"valueName":"search_term_string"}}],"inLanguage":"es"},{"@type":"Organization","@id":"https:\/\/espacioaretha.com\/explora\/#organization","name":"Aretha Explora","alternateName":"Aretha","url":"https:\/\/espacioaretha.com\/explora\/","logo":{"@type":"ImageObject","inLanguage":"es","@id":"https:\/\/espacioaretha.com\/explora\/#\/schema\/logo\/image\/","url":"https:\/\/espacioaretha.com\/explora\/wp-content\/uploads\/2022\/05\/Ojo-web.jpg","contentUrl":"https:\/\/espacioaretha.com\/explora\/wp-content\/uploads\/2022\/05\/Ojo-web.jpg","width":1920,"height":1080,"caption":"Aretha Explora"},"image":{"@id":"https:\/\/espacioaretha.com\/explora\/#\/schema\/logo\/image\/"}},{"@type":"Person","@id":"https:\/\/espacioaretha.com\/explora\/#\/schema\/person\/147851aa68fa4acde9c12bd233c54920","name":"Fco Javier Blanco","image":{"@type":"ImageObject","inLanguage":"es","@id":"https:\/\/espacioaretha.com\/explora\/wp-content\/uploads\/2022\/03\/Javier-Blanco.png","url":"https:\/\/espacioaretha.com\/explora\/wp-content\/uploads\/2022\/03\/Javier-Blanco.png","contentUrl":"https:\/\/espacioaretha.com\/explora\/wp-content\/uploads\/2022\/03\/Javier-Blanco.png","caption":"Fco Javier Blanco"},"description":"Socio director","url":"https:\/\/espacioaretha.com\/explora\/author\/fco-javier-blanco\/"}]}},"_links":{"self":[{"href":"https:\/\/espacioaretha.com\/explora\/wp-json\/wp\/v2\/posts\/2778","targetHints":{"allow":["GET"]}}],"collection":[{"href":"https:\/\/espacioaretha.com\/explora\/wp-json\/wp\/v2\/posts"}],"about":[{"href":"https:\/\/espacioaretha.com\/explora\/wp-json\/wp\/v2\/types\/post"}],"author":[{"embeddable":true,"href":"https:\/\/espacioaretha.com\/explora\/wp-json\/wp\/v2\/users\/6"}],"replies":[{"embeddable":true,"href":"https:\/\/espacioaretha.com\/explora\/wp-json\/wp\/v2\/comments?post=2778"}],"version-history":[{"count":17,"href":"https:\/\/espacioaretha.com\/explora\/wp-json\/wp\/v2\/posts\/2778\/revisions"}],"predecessor-version":[{"id":2804,"href":"https:\/\/espacioaretha.com\/explora\/wp-json\/wp\/v2\/posts\/2778\/revisions\/2804"}],"wp:featuredmedia":[{"embeddable":true,"href":"https:\/\/espacioaretha.com\/explora\/wp-json\/wp\/v2\/media\/2793"}],"wp:attachment":[{"href":"https:\/\/espacioaretha.com\/explora\/wp-json\/wp\/v2\/media?parent=2778"}],"wp:term":[{"taxonomy":"category","embeddable":true,"href":"https:\/\/espacioaretha.com\/explora\/wp-json\/wp\/v2\/categories?post=2778"},{"taxonomy":"post_tag","embeddable":true,"href":"https:\/\/espacioaretha.com\/explora\/wp-json\/wp\/v2\/tags?post=2778"}],"curies":[{"name":"wp","href":"https:\/\/api.w.org\/{rel}","templated":true}]}}