{"id":2825,"date":"2022-11-03T12:11:42","date_gmt":"2022-11-03T11:11:42","guid":{"rendered":"https:\/\/espacioaretha.com\/explora\/?p=2825"},"modified":"2022-11-03T12:36:52","modified_gmt":"2022-11-03T11:36:52","slug":"coworking-los-espacios-flexibles-de-hoy-y-manana","status":"publish","type":"post","link":"https:\/\/espacioaretha.com\/explora\/coworking-los-espacios-flexibles-de-hoy-y-manana\/","title":{"rendered":"Coworkings, los espacios flexibles de hoy y ma\u00f1ana"},"content":{"rendered":"\n<p>Nos encontramos adem\u00e1s ante un cambio generacional donde los trabajadores del ma\u00f1ana presentan necesidades laborales diferentes a los de hoy. La generaci\u00f3n Z se est\u00e1 incorporando al mercado laboral, y de manera solidaria con los Millennials, han mostrado de forma evidente su preferencia por el trabajo virtual, h\u00edbrido y a distancia: <strong>Libertad y flexibilidad son los conceptos claves generacionales <\/strong>que marcan esta tendencia respecto a generaciones anteriores.<\/p>\n\n\n\n<p>Indudablemente el cambio m\u00e1s notable en los \u00faltimos a\u00f1os ha venido propiciado por la llegada de la pandemia. Millones de personas trabajando en remoto durante meses demostr\u00f3 sin lugar a duda lo viable que es para miles de empresas. Aunque su mantenimiento a largo plazo puso sobre la mesa otras cuestiones motivacionales y de gesti\u00f3n de personal que acababa con la idealizaci\u00f3n de esta posibilidad. El trabajo h\u00edbrido se ha mostrado como una soluci\u00f3n id\u00f3nea ante estos dos paradigmas. Equilibrando las ventajas de la flexibilidad del trabajo en remoto en determinadas circunstancias y la necesidad de espacios de colaboraci\u00f3n y cooperaci\u00f3n en persona para cierto tipo de empresa, funciones o tareas.<\/p>\n\n\n<div class=\"wp-block-image\">\n<figure class=\"aligncenter size-large\"><img loading=\"lazy\" decoding=\"async\" width=\"1024\" height=\"765\" src=\"https:\/\/espacioaretha.com\/explora\/wp-content\/uploads\/2022\/11\/6-1024x765.jpg\" alt=\"\" class=\"wp-image-2827\" srcset=\"https:\/\/espacioaretha.com\/explora\/wp-content\/uploads\/2022\/11\/6-1024x765.jpg 1024w, https:\/\/espacioaretha.com\/explora\/wp-content\/uploads\/2022\/11\/6-300x224.jpg 300w, https:\/\/espacioaretha.com\/explora\/wp-content\/uploads\/2022\/11\/6-768x574.jpg 768w, https:\/\/espacioaretha.com\/explora\/wp-content\/uploads\/2022\/11\/6.jpg 1265w\" sizes=\"auto, (max-width: 1024px) 100vw, 1024px\" \/><\/figure>\n<\/div>\n\n\n<h2 class=\"has-medium-font-size wp-block-heading\"><strong>A medida que esta transici\u00f3n hacia el trabajo h\u00edbrido se va consolidando, la necesidad de espacios flexibles que faciliten esta dualidad de forma natural es, cada vez, m\u00e1s latente.<\/strong><\/h2>\n\n\n\n<p>Los espacios de coworking se presentan como la soluci\u00f3n que el mercado precisa. Son la ubicaci\u00f3n perfecta para nuevas empresas, aut\u00f3nomos, incluso empresas de una cierta dimensi\u00f3n que operan equipos remotos precisan cada vez m\u00e1s de una \u00abbase de operaciones\u00bb que no sean meramente el hogar. Son espacios flexibles dise\u00f1ados y perfectamente equipados que est\u00e1n listos en cualquier momento, con la ventaja de no depender de contratos o compromisos a largo plazo, como las oficinas m\u00e1s tradicionales, ni limitarse a una dimensi\u00f3n espacial permanente en el tiempo, sino que puede adaptarse con agilidad a las necesidades o requerimientos empresariales de cada momento.<\/p>\n\n\n\n<p>Espacios compartidos que facilitan esa <strong>colaboraci\u00f3n espont\u00e1nea tan necesaria para el trabajo h\u00edbrido.<\/strong> Su ahorro econ\u00f3mico y la constante posibilidad de generaci\u00f3n de contactos han propiciado su auge estos \u00faltimos a\u00f1os. En cifras del sector, los coworkings <strong>facturaron en 2021 un total de 131 millones de euros, creciendo un 39% dicho a\u00f1o,<\/strong> seg\u00fan el informe\u00a0<em>El Estado del\u00a0<\/em>Coworking<em>\u00a0en Espa\u00f1a 2021-2022.<\/em> Cifras que se esperan superar este 2022 por la tendencia al alza de estos espacios de trabajo que han llegado para quedarse.<\/p>\n\n\n\n<figure class=\"wp-block-image size-large\"><img loading=\"lazy\" decoding=\"async\" width=\"1024\" height=\"699\" src=\"https:\/\/espacioaretha.com\/explora\/wp-content\/uploads\/2022\/11\/20220217-Oficinas-LOOM-1-HQ-1024x699.jpg\" alt=\"\" class=\"wp-image-2835\" srcset=\"https:\/\/espacioaretha.com\/explora\/wp-content\/uploads\/2022\/11\/20220217-Oficinas-LOOM-1-HQ-1024x699.jpg 1024w, https:\/\/espacioaretha.com\/explora\/wp-content\/uploads\/2022\/11\/20220217-Oficinas-LOOM-1-HQ-300x205.jpg 300w, https:\/\/espacioaretha.com\/explora\/wp-content\/uploads\/2022\/11\/20220217-Oficinas-LOOM-1-HQ-768x525.jpg 768w, https:\/\/espacioaretha.com\/explora\/wp-content\/uploads\/2022\/11\/20220217-Oficinas-LOOM-1-HQ-1536x1049.jpg 1536w, https:\/\/espacioaretha.com\/explora\/wp-content\/uploads\/2022\/11\/20220217-Oficinas-LOOM-1-HQ-2048x1399.jpg 2048w\" sizes=\"auto, (max-width: 1024px) 100vw, 1024px\" \/><\/figure>\n\n\n\n<p>La constante interacci\u00f3n con personas de diferentes organizaciones, brinda m\u00faltiples oportunidades para construir una red de profesionales afines y sinergias con quienes colaborar. Qui\u00e9n sabe d\u00f3nde y c\u00f3mo podr\u00e1 surgir la pr\u00f3xima gran idea de negocio.<\/p>\n\n\n\n<p>Adem\u00e1s de su flexibilidad, <strong>los espacios colaborativos o coworking son conocidos por\u00a0su accesibilidad y adaptabilidad.<\/strong> La pelota est\u00e1 en el tejado de cada usuario respecto al espacio que cada uno necesita y durante cu\u00e1nto tiempo. Son adem\u00e1s, espacios equipados con excelente iluminaci\u00f3n para realizar videollamadas o conferencias, acondicionados ac\u00fasticamente, y con tecnolog\u00eda adaptable a las \u00faltimas necesidades.<\/p>\n\n\n\n<figure class=\"wp-block-image size-large\"><img loading=\"lazy\" decoding=\"async\" width=\"1024\" height=\"576\" src=\"https:\/\/espacioaretha.com\/explora\/wp-content\/uploads\/2022\/11\/1-1024x576.jpg\" alt=\"\" class=\"wp-image-2829\" srcset=\"https:\/\/espacioaretha.com\/explora\/wp-content\/uploads\/2022\/11\/1-1024x576.jpg 1024w, https:\/\/espacioaretha.com\/explora\/wp-content\/uploads\/2022\/11\/1-300x169.jpg 300w, https:\/\/espacioaretha.com\/explora\/wp-content\/uploads\/2022\/11\/1-768x432.jpg 768w, https:\/\/espacioaretha.com\/explora\/wp-content\/uploads\/2022\/11\/1-1536x864.jpg 1536w, https:\/\/espacioaretha.com\/explora\/wp-content\/uploads\/2022\/11\/1.jpg 1680w\" sizes=\"auto, (max-width: 1024px) 100vw, 1024px\" \/><\/figure>\n\n\n\n<p>En definitiva, los espacios de trabajo compartidos o coworking son una tendencia en alza que se est\u00e1n consolidando a nivel global. Pues no se dirigen s\u00f3lo a empresas en fases iniciales de crecimiento o startups, como en su origen suced\u00eda, sino que se consideran una opci\u00f3n viable para organizaciones que requieren flexibilizaci\u00f3n en su localizaci\u00f3n, o que han de adaptarse a las nuevas modalidades de trabajo a distancia, especialmente dada la tendencia de estos \u00faltimos a\u00f1os y hacia d\u00f3nde se dirige el ma\u00f1ana.<\/p>\n\n\n\n<h2 class=\"has-medium-font-size wp-block-heading\"><strong>Son los espacios flexibles que necesitamos hoy y ma\u00f1ana.<\/strong><\/h2>\n\n\n\n<p><\/p>\n","protected":false},"excerpt":{"rendered":"<p>Los espacios compartidos o coworking han evolucionado exponencialmente los \u00faltimos a\u00f1os en la misma medida que las nuevas formas de trabajo y la cultura corporativa se transformaba y adaptaba a los cambios constantes de nuestra sociedad a nivel global.<\/p>\n","protected":false},"author":25,"featured_media":2837,"comment_status":"open","ping_status":"open","sticky":false,"template":"","format":"standard","meta":{"footnotes":""},"categories":[31],"tags":[141,142,88,72,143,73,69,140,85,90],"class_list":["post-2825","post","type-post","status-publish","format-standard","has-post-thumbnail","hentry","category-espacios-de-trabajo","tag-colaboracion","tag-cooperacion","tag-coworking","tag-espacios","tag-espacios-flexibles","tag-futuro","tag-innovacion","tag-oficinas","tag-productividad","tag-tecnologia"],"yoast_head":"<!-- This site is optimized with the Yoast SEO plugin v27.4 - https:\/\/yoast.com\/product\/yoast-seo-wordpress\/ -->\n<title>Coworking, el espacio flexible de hoy y ma\u00f1ana | Aretha Explora<\/title>\n<meta name=\"description\" content=\"A medida que la transici\u00f3n hacia el trabajo h\u00edbrido se consolida, los coworkings y espacios flexibles son la soluci\u00f3n que el mercado necesita\" \/>\n<meta name=\"robots\" content=\"index, follow, max-snippet:-1, max-image-preview:large, max-video-preview:-1\" \/>\n<link rel=\"canonical\" href=\"https:\/\/espacioaretha.com\/explora\/coworking-los-espacios-flexibles-de-hoy-y-manana\/\" \/>\n<meta property=\"og:locale\" content=\"es_ES\" \/>\n<meta property=\"og:type\" content=\"article\" \/>\n<meta property=\"og:title\" content=\"Coworking, el espacio flexible de hoy y ma\u00f1ana\" \/>\n<meta property=\"og:description\" content=\"A medida que la transici\u00f3n hacia el trabajo h\u00edbrido se consolida, los coworkings y espacios flexibles son la soluci\u00f3n que el mercado necesita\" \/>\n<meta property=\"og:url\" content=\"https:\/\/espacioaretha.com\/explora\/coworking-los-espacios-flexibles-de-hoy-y-manana\/\" \/>\n<meta property=\"og:site_name\" content=\"Aretha Explora\" \/>\n<meta property=\"article:published_time\" content=\"2022-11-03T11:11:42+00:00\" \/>\n<meta property=\"article:modified_time\" content=\"2022-11-03T11:36:52+00:00\" \/>\n<meta property=\"og:image\" content=\"https:\/\/espacioaretha.com\/explora\/wp-content\/uploads\/2022\/11\/portada.jpg\" \/>\n\t<meta property=\"og:image:width\" content=\"1920\" \/>\n\t<meta property=\"og:image:height\" content=\"1080\" \/>\n\t<meta property=\"og:image:type\" content=\"image\/jpeg\" \/>\n<meta name=\"author\" content=\"Aretha\" \/>\n<meta name=\"twitter:card\" content=\"summary_large_image\" \/>\n<meta name=\"twitter:description\" content=\"A medida que la transici\u00f3n hacia el trabajo h\u00edbrido se consolida, los coworkings y espacios flexibles son la soluci\u00f3n que el mercado necesita\" \/>\n<meta name=\"twitter:image\" content=\"https:\/\/espacioaretha.com\/explora\/wp-content\/uploads\/2022\/11\/portada.jpg\" \/>\n<meta name=\"twitter:label1\" content=\"Escrito por\" \/>\n\t<meta name=\"twitter:data1\" content=\"Aretha\" \/>\n\t<meta name=\"twitter:label2\" content=\"Tiempo de lectura\" \/>\n\t<meta name=\"twitter:data2\" content=\"4 minutos\" \/>\n<script type=\"application\/ld+json\" class=\"yoast-schema-graph\">{\"@context\":\"https:\\\/\\\/schema.org\",\"@graph\":[{\"@type\":\"Article\",\"@id\":\"https:\\\/\\\/espacioaretha.com\\\/explora\\\/coworking-los-espacios-flexibles-de-hoy-y-manana\\\/#article\",\"isPartOf\":{\"@id\":\"https:\\\/\\\/espacioaretha.com\\\/explora\\\/coworking-los-espacios-flexibles-de-hoy-y-manana\\\/\"},\"author\":{\"name\":\"Aretha\",\"@id\":\"https:\\\/\\\/espacioaretha.com\\\/explora\\\/#\\\/schema\\\/person\\\/e8d7a5a3af3095abdb2c9b7af117ff8c\"},\"headline\":\"Coworkings, los espacios flexibles de hoy y ma\u00f1ana\",\"datePublished\":\"2022-11-03T11:11:42+00:00\",\"dateModified\":\"2022-11-03T11:36:52+00:00\",\"mainEntityOfPage\":{\"@id\":\"https:\\\/\\\/espacioaretha.com\\\/explora\\\/coworking-los-espacios-flexibles-de-hoy-y-manana\\\/\"},\"wordCount\":640,\"commentCount\":0,\"publisher\":{\"@id\":\"https:\\\/\\\/espacioaretha.com\\\/explora\\\/#organization\"},\"image\":{\"@id\":\"https:\\\/\\\/espacioaretha.com\\\/explora\\\/coworking-los-espacios-flexibles-de-hoy-y-manana\\\/#primaryimage\"},\"thumbnailUrl\":\"https:\\\/\\\/espacioaretha.com\\\/explora\\\/wp-content\\\/uploads\\\/2022\\\/11\\\/portada.jpg\",\"keywords\":[\"colaboraci\u00f3n\",\"cooperacion\",\"Coworking\",\"Espacios\",\"espacios flexibles\",\"Futuro\",\"Innovaci\u00f3n\",\"oficinas\",\"Productividad\",\"Tecnolog\u00eda\"],\"articleSection\":[\"Espacios de trabajo\"],\"inLanguage\":\"es\",\"potentialAction\":[{\"@type\":\"CommentAction\",\"name\":\"Comment\",\"target\":[\"https:\\\/\\\/espacioaretha.com\\\/explora\\\/coworking-los-espacios-flexibles-de-hoy-y-manana\\\/#respond\"]}]},{\"@type\":\"WebPage\",\"@id\":\"https:\\\/\\\/espacioaretha.com\\\/explora\\\/coworking-los-espacios-flexibles-de-hoy-y-manana\\\/\",\"url\":\"https:\\\/\\\/espacioaretha.com\\\/explora\\\/coworking-los-espacios-flexibles-de-hoy-y-manana\\\/\",\"name\":\"Coworking, el espacio flexible de hoy y ma\u00f1ana | Aretha Explora\",\"isPartOf\":{\"@id\":\"https:\\\/\\\/espacioaretha.com\\\/explora\\\/#website\"},\"primaryImageOfPage\":{\"@id\":\"https:\\\/\\\/espacioaretha.com\\\/explora\\\/coworking-los-espacios-flexibles-de-hoy-y-manana\\\/#primaryimage\"},\"image\":{\"@id\":\"https:\\\/\\\/espacioaretha.com\\\/explora\\\/coworking-los-espacios-flexibles-de-hoy-y-manana\\\/#primaryimage\"},\"thumbnailUrl\":\"https:\\\/\\\/espacioaretha.com\\\/explora\\\/wp-content\\\/uploads\\\/2022\\\/11\\\/portada.jpg\",\"datePublished\":\"2022-11-03T11:11:42+00:00\",\"dateModified\":\"2022-11-03T11:36:52+00:00\",\"description\":\"A medida que la transici\u00f3n hacia el trabajo h\u00edbrido se consolida, los coworkings y espacios flexibles son la soluci\u00f3n que el mercado necesita\",\"breadcrumb\":{\"@id\":\"https:\\\/\\\/espacioaretha.com\\\/explora\\\/coworking-los-espacios-flexibles-de-hoy-y-manana\\\/#breadcrumb\"},\"inLanguage\":\"es\",\"potentialAction\":[{\"@type\":\"ReadAction\",\"target\":[\"https:\\\/\\\/espacioaretha.com\\\/explora\\\/coworking-los-espacios-flexibles-de-hoy-y-manana\\\/\"]}]},{\"@type\":\"ImageObject\",\"inLanguage\":\"es\",\"@id\":\"https:\\\/\\\/espacioaretha.com\\\/explora\\\/coworking-los-espacios-flexibles-de-hoy-y-manana\\\/#primaryimage\",\"url\":\"https:\\\/\\\/espacioaretha.com\\\/explora\\\/wp-content\\\/uploads\\\/2022\\\/11\\\/portada.jpg\",\"contentUrl\":\"https:\\\/\\\/espacioaretha.com\\\/explora\\\/wp-content\\\/uploads\\\/2022\\\/11\\\/portada.jpg\",\"width\":1920,\"height\":1080},{\"@type\":\"BreadcrumbList\",\"@id\":\"https:\\\/\\\/espacioaretha.com\\\/explora\\\/coworking-los-espacios-flexibles-de-hoy-y-manana\\\/#breadcrumb\",\"itemListElement\":[{\"@type\":\"ListItem\",\"position\":1,\"name\":\"Portada\",\"item\":\"https:\\\/\\\/espacioaretha.com\\\/explora\\\/\"},{\"@type\":\"ListItem\",\"position\":2,\"name\":\"Coworkings, los espacios flexibles de hoy y ma\u00f1ana\"}]},{\"@type\":\"WebSite\",\"@id\":\"https:\\\/\\\/espacioaretha.com\\\/explora\\\/#website\",\"url\":\"https:\\\/\\\/espacioaretha.com\\\/explora\\\/\",\"name\":\"Aretha Explora\",\"description\":\"Plataforma de contenidos e inspiraci\u00f3n sobre arquitectura, dise\u00f1o y mucho m\u00e1s\",\"publisher\":{\"@id\":\"https:\\\/\\\/espacioaretha.com\\\/explora\\\/#organization\"},\"potentialAction\":[{\"@type\":\"SearchAction\",\"target\":{\"@type\":\"EntryPoint\",\"urlTemplate\":\"https:\\\/\\\/espacioaretha.com\\\/explora\\\/?s={search_term_string}\"},\"query-input\":{\"@type\":\"PropertyValueSpecification\",\"valueRequired\":true,\"valueName\":\"search_term_string\"}}],\"inLanguage\":\"es\"},{\"@type\":\"Organization\",\"@id\":\"https:\\\/\\\/espacioaretha.com\\\/explora\\\/#organization\",\"name\":\"Aretha Explora\",\"alternateName\":\"Aretha\",\"url\":\"https:\\\/\\\/espacioaretha.com\\\/explora\\\/\",\"logo\":{\"@type\":\"ImageObject\",\"inLanguage\":\"es\",\"@id\":\"https:\\\/\\\/espacioaretha.com\\\/explora\\\/#\\\/schema\\\/logo\\\/image\\\/\",\"url\":\"https:\\\/\\\/espacioaretha.com\\\/explora\\\/wp-content\\\/uploads\\\/2022\\\/05\\\/Ojo-web.jpg\",\"contentUrl\":\"https:\\\/\\\/espacioaretha.com\\\/explora\\\/wp-content\\\/uploads\\\/2022\\\/05\\\/Ojo-web.jpg\",\"width\":1920,\"height\":1080,\"caption\":\"Aretha Explora\"},\"image\":{\"@id\":\"https:\\\/\\\/espacioaretha.com\\\/explora\\\/#\\\/schema\\\/logo\\\/image\\\/\"}},{\"@type\":\"Person\",\"@id\":\"https:\\\/\\\/espacioaretha.com\\\/explora\\\/#\\\/schema\\\/person\\\/e8d7a5a3af3095abdb2c9b7af117ff8c\",\"name\":\"Aretha\",\"image\":{\"@type\":\"ImageObject\",\"inLanguage\":\"es\",\"@id\":\"https:\\\/\\\/espacioaretha.com\\\/explora\\\/wp-content\\\/uploads\\\/2022\\\/05\\\/aretha.png\",\"url\":\"https:\\\/\\\/espacioaretha.com\\\/explora\\\/wp-content\\\/uploads\\\/2022\\\/05\\\/aretha.png\",\"contentUrl\":\"https:\\\/\\\/espacioaretha.com\\\/explora\\\/wp-content\\\/uploads\\\/2022\\\/05\\\/aretha.png\",\"caption\":\"Aretha\"},\"url\":\"https:\\\/\\\/espacioaretha.com\\\/explora\\\/author\\\/comunicacion-aretha\\\/\"}]}<\/script>\n<!-- \/ Yoast SEO plugin. -->","yoast_head_json":{"title":"Coworking, el espacio flexible de hoy y ma\u00f1ana | Aretha Explora","description":"A medida que la transici\u00f3n hacia el trabajo h\u00edbrido se consolida, los coworkings y espacios flexibles son la soluci\u00f3n que el mercado necesita","robots":{"index":"index","follow":"follow","max-snippet":"max-snippet:-1","max-image-preview":"max-image-preview:large","max-video-preview":"max-video-preview:-1"},"canonical":"https:\/\/espacioaretha.com\/explora\/coworking-los-espacios-flexibles-de-hoy-y-manana\/","og_locale":"es_ES","og_type":"article","og_title":"Coworking, el espacio flexible de hoy y ma\u00f1ana","og_description":"A medida que la transici\u00f3n hacia el trabajo h\u00edbrido se consolida, los coworkings y espacios flexibles son la soluci\u00f3n que el mercado necesita","og_url":"https:\/\/espacioaretha.com\/explora\/coworking-los-espacios-flexibles-de-hoy-y-manana\/","og_site_name":"Aretha Explora","article_published_time":"2022-11-03T11:11:42+00:00","article_modified_time":"2022-11-03T11:36:52+00:00","og_image":[{"width":1920,"height":1080,"url":"https:\/\/espacioaretha.com\/explora\/wp-content\/uploads\/2022\/11\/portada.jpg","type":"image\/jpeg"}],"author":"Aretha","twitter_card":"summary_large_image","twitter_description":"A medida que la transici\u00f3n hacia el trabajo h\u00edbrido se consolida, los coworkings y espacios flexibles son la soluci\u00f3n que el mercado necesita","twitter_image":"https:\/\/espacioaretha.com\/explora\/wp-content\/uploads\/2022\/11\/portada.jpg","twitter_misc":{"Escrito por":"Aretha","Tiempo de lectura":"4 minutos"},"schema":{"@context":"https:\/\/schema.org","@graph":[{"@type":"Article","@id":"https:\/\/espacioaretha.com\/explora\/coworking-los-espacios-flexibles-de-hoy-y-manana\/#article","isPartOf":{"@id":"https:\/\/espacioaretha.com\/explora\/coworking-los-espacios-flexibles-de-hoy-y-manana\/"},"author":{"name":"Aretha","@id":"https:\/\/espacioaretha.com\/explora\/#\/schema\/person\/e8d7a5a3af3095abdb2c9b7af117ff8c"},"headline":"Coworkings, los espacios flexibles de hoy y ma\u00f1ana","datePublished":"2022-11-03T11:11:42+00:00","dateModified":"2022-11-03T11:36:52+00:00","mainEntityOfPage":{"@id":"https:\/\/espacioaretha.com\/explora\/coworking-los-espacios-flexibles-de-hoy-y-manana\/"},"wordCount":640,"commentCount":0,"publisher":{"@id":"https:\/\/espacioaretha.com\/explora\/#organization"},"image":{"@id":"https:\/\/espacioaretha.com\/explora\/coworking-los-espacios-flexibles-de-hoy-y-manana\/#primaryimage"},"thumbnailUrl":"https:\/\/espacioaretha.com\/explora\/wp-content\/uploads\/2022\/11\/portada.jpg","keywords":["colaboraci\u00f3n","cooperacion","Coworking","Espacios","espacios flexibles","Futuro","Innovaci\u00f3n","oficinas","Productividad","Tecnolog\u00eda"],"articleSection":["Espacios de trabajo"],"inLanguage":"es","potentialAction":[{"@type":"CommentAction","name":"Comment","target":["https:\/\/espacioaretha.com\/explora\/coworking-los-espacios-flexibles-de-hoy-y-manana\/#respond"]}]},{"@type":"WebPage","@id":"https:\/\/espacioaretha.com\/explora\/coworking-los-espacios-flexibles-de-hoy-y-manana\/","url":"https:\/\/espacioaretha.com\/explora\/coworking-los-espacios-flexibles-de-hoy-y-manana\/","name":"Coworking, el espacio flexible de hoy y ma\u00f1ana | Aretha Explora","isPartOf":{"@id":"https:\/\/espacioaretha.com\/explora\/#website"},"primaryImageOfPage":{"@id":"https:\/\/espacioaretha.com\/explora\/coworking-los-espacios-flexibles-de-hoy-y-manana\/#primaryimage"},"image":{"@id":"https:\/\/espacioaretha.com\/explora\/coworking-los-espacios-flexibles-de-hoy-y-manana\/#primaryimage"},"thumbnailUrl":"https:\/\/espacioaretha.com\/explora\/wp-content\/uploads\/2022\/11\/portada.jpg","datePublished":"2022-11-03T11:11:42+00:00","dateModified":"2022-11-03T11:36:52+00:00","description":"A medida que la transici\u00f3n hacia el trabajo h\u00edbrido se consolida, los coworkings y espacios flexibles son la soluci\u00f3n que el mercado necesita","breadcrumb":{"@id":"https:\/\/espacioaretha.com\/explora\/coworking-los-espacios-flexibles-de-hoy-y-manana\/#breadcrumb"},"inLanguage":"es","potentialAction":[{"@type":"ReadAction","target":["https:\/\/espacioaretha.com\/explora\/coworking-los-espacios-flexibles-de-hoy-y-manana\/"]}]},{"@type":"ImageObject","inLanguage":"es","@id":"https:\/\/espacioaretha.com\/explora\/coworking-los-espacios-flexibles-de-hoy-y-manana\/#primaryimage","url":"https:\/\/espacioaretha.com\/explora\/wp-content\/uploads\/2022\/11\/portada.jpg","contentUrl":"https:\/\/espacioaretha.com\/explora\/wp-content\/uploads\/2022\/11\/portada.jpg","width":1920,"height":1080},{"@type":"BreadcrumbList","@id":"https:\/\/espacioaretha.com\/explora\/coworking-los-espacios-flexibles-de-hoy-y-manana\/#breadcrumb","itemListElement":[{"@type":"ListItem","position":1,"name":"Portada","item":"https:\/\/espacioaretha.com\/explora\/"},{"@type":"ListItem","position":2,"name":"Coworkings, los espacios flexibles de hoy y ma\u00f1ana"}]},{"@type":"WebSite","@id":"https:\/\/espacioaretha.com\/explora\/#website","url":"https:\/\/espacioaretha.com\/explora\/","name":"Aretha Explora","description":"Plataforma de contenidos e inspiraci\u00f3n sobre arquitectura, dise\u00f1o y mucho m\u00e1s","publisher":{"@id":"https:\/\/espacioaretha.com\/explora\/#organization"},"potentialAction":[{"@type":"SearchAction","target":{"@type":"EntryPoint","urlTemplate":"https:\/\/espacioaretha.com\/explora\/?s={search_term_string}"},"query-input":{"@type":"PropertyValueSpecification","valueRequired":true,"valueName":"search_term_string"}}],"inLanguage":"es"},{"@type":"Organization","@id":"https:\/\/espacioaretha.com\/explora\/#organization","name":"Aretha Explora","alternateName":"Aretha","url":"https:\/\/espacioaretha.com\/explora\/","logo":{"@type":"ImageObject","inLanguage":"es","@id":"https:\/\/espacioaretha.com\/explora\/#\/schema\/logo\/image\/","url":"https:\/\/espacioaretha.com\/explora\/wp-content\/uploads\/2022\/05\/Ojo-web.jpg","contentUrl":"https:\/\/espacioaretha.com\/explora\/wp-content\/uploads\/2022\/05\/Ojo-web.jpg","width":1920,"height":1080,"caption":"Aretha Explora"},"image":{"@id":"https:\/\/espacioaretha.com\/explora\/#\/schema\/logo\/image\/"}},{"@type":"Person","@id":"https:\/\/espacioaretha.com\/explora\/#\/schema\/person\/e8d7a5a3af3095abdb2c9b7af117ff8c","name":"Aretha","image":{"@type":"ImageObject","inLanguage":"es","@id":"https:\/\/espacioaretha.com\/explora\/wp-content\/uploads\/2022\/05\/aretha.png","url":"https:\/\/espacioaretha.com\/explora\/wp-content\/uploads\/2022\/05\/aretha.png","contentUrl":"https:\/\/espacioaretha.com\/explora\/wp-content\/uploads\/2022\/05\/aretha.png","caption":"Aretha"},"url":"https:\/\/espacioaretha.com\/explora\/author\/comunicacion-aretha\/"}]}},"_links":{"self":[{"href":"https:\/\/espacioaretha.com\/explora\/wp-json\/wp\/v2\/posts\/2825","targetHints":{"allow":["GET"]}}],"collection":[{"href":"https:\/\/espacioaretha.com\/explora\/wp-json\/wp\/v2\/posts"}],"about":[{"href":"https:\/\/espacioaretha.com\/explora\/wp-json\/wp\/v2\/types\/post"}],"author":[{"embeddable":true,"href":"https:\/\/espacioaretha.com\/explora\/wp-json\/wp\/v2\/users\/25"}],"replies":[{"embeddable":true,"href":"https:\/\/espacioaretha.com\/explora\/wp-json\/wp\/v2\/comments?post=2825"}],"version-history":[{"count":9,"href":"https:\/\/espacioaretha.com\/explora\/wp-json\/wp\/v2\/posts\/2825\/revisions"}],"predecessor-version":[{"id":2840,"href":"https:\/\/espacioaretha.com\/explora\/wp-json\/wp\/v2\/posts\/2825\/revisions\/2840"}],"wp:featuredmedia":[{"embeddable":true,"href":"https:\/\/espacioaretha.com\/explora\/wp-json\/wp\/v2\/media\/2837"}],"wp:attachment":[{"href":"https:\/\/espacioaretha.com\/explora\/wp-json\/wp\/v2\/media?parent=2825"}],"wp:term":[{"taxonomy":"category","embeddable":true,"href":"https:\/\/espacioaretha.com\/explora\/wp-json\/wp\/v2\/categories?post=2825"},{"taxonomy":"post_tag","embeddable":true,"href":"https:\/\/espacioaretha.com\/explora\/wp-json\/wp\/v2\/tags?post=2825"}],"curies":[{"name":"wp","href":"https:\/\/api.w.org\/{rel}","templated":true}]}}