{"id":2859,"date":"2022-11-15T15:31:19","date_gmt":"2022-11-15T14:31:19","guid":{"rendered":"https:\/\/espacioaretha.com\/explora\/?p=2859"},"modified":"2022-12-05T11:15:56","modified_gmt":"2022-12-05T10:15:56","slug":"transformacion-oficinas-y-tendencias-a-futuro","status":"publish","type":"post","link":"https:\/\/espacioaretha.com\/explora\/transformacion-oficinas-y-tendencias-a-futuro\/","title":{"rendered":"La visi\u00f3n de futuro"},"content":{"rendered":"\n<h4 class=\"wp-block-heading\">En los dise\u00f1os del mobiliario, en su situaci\u00f3n dentro de una ciudad, ya sea con ordenadores grandes o peque\u00f1os, cables, mobiliario de todo tipo, lugares, etc., las oficinas se transforman.<\/h4>\n\n\n\n<h2 class=\"wp-block-heading\">Transformaci\u00f3n y tendencias a futuro<\/h2>\n\n\n\n<div class=\"wp-block-columns is-layout-flex wp-container-core-columns-is-layout-9d6595d7 wp-block-columns-is-layout-flex\">\n<div class=\"wp-block-column is-vertically-aligned-top is-layout-flow wp-block-column-is-layout-flow\">\n<div class=\"wp-block-columns is-layout-flex wp-container-core-columns-is-layout-9d6595d7 wp-block-columns-is-layout-flex\">\n<div class=\"wp-block-column is-layout-flow wp-block-column-is-layout-flow\">\n<div class=\"wp-block-columns is-layout-flex wp-container-core-columns-is-layout-9d6595d7 wp-block-columns-is-layout-flex\">\n<div class=\"wp-block-column is-layout-flow wp-block-column-is-layout-flow\" style=\"flex-basis:100%\">\n<p>Ya en el a\u00f1o 2004, planteamos una oficina donde no exist\u00eda un puesto fijo de trabajo, sino que se ocupaba a medida que llegaban los empleados. <\/p>\n\n\n\n<p>Aparec\u00edan los primeros armarios\/taquillas para dejar las cosas particulares de cada uno, y empezaban a surgir esos primeros espacios para recibir, reunirse con clientes o para trabajo individual, espacios de diferentes tama\u00f1os seg\u00fan las necesidades de los empleados.<\/p>\n<\/div>\n<\/div>\n<\/div>\n\n\n\n<div class=\"wp-block-column is-layout-flow wp-block-column-is-layout-flow\">\n<div class=\"wp-block-columns is-layout-flex wp-container-core-columns-is-layout-9d6595d7 wp-block-columns-is-layout-flex\">\n<div class=\"wp-block-column is-layout-flow wp-block-column-is-layout-flow\" style=\"flex-basis:100%\">\n<p>Actualmente, cuando nos encargan proyectos para establecer estos espacios de trabajo, no solo se trata de dise\u00f1ar su distribuci\u00f3n en un espacio determinado. Partimos estudios preliminares basados en las necesidades laborales y culturales de la empresa, del tipo de trabajo por desarrollar, de los espacios que se necesitan o del tipo de mobiliario.<\/p>\n\n\n\n<p>Y todo este trabajo previo al proyecto de distribuci\u00f3n de espacios, ha cambiado en los \u00faltimos tiempos.<\/p>\n<\/div>\n<\/div>\n<\/div>\n<\/div>\n<\/div>\n<\/div>\n\n\n\n<p>Hoy d\u00eda, donde por propia evoluci\u00f3n en el tiempo y forzado por la Covid, el teletrabajo (entendido como trabajo en casa o trabajo no presencial), se ha multiplicado y es objeto de debates, an\u00e1lisis y estudios de todo tipo.<\/p>\n\n\n\n<p>El trabajo no presencial, siempre ha existido. Y es un trabajo que se realiza fuera del lugar habitual que uno tiene para ello, la oficina. Hay muchas empresas, como las consultor\u00edas, que ten\u00edan a sus empleados \u201cen casa del cliente\u201d, por lo que no ocupaban puestos fijos, y utilizaban la oficina para reuniones con clientes o trabajos en equipo interno. Para este tipo de empresas y otras muchas, el dise\u00f1o de espacios es tanto un problema de dimensionamiento y distribuci\u00f3n, como de coste o de optimizaci\u00f3n de diferentes instalaciones, consumo de energ\u00eda, etc. <\/p>\n\n\n\n<h4 class=\"wp-block-heading\">Pero no creamos que las oficinas vayan a desaparecer. Todo lo contrario. Las oficinas sufrir\u00e1n un cambio, que no es algo reciente. Si hacemos memoria, a lo largo del tiempo habremos visto, oficinas con despacho cerrado, oficinas con puestos \u201cen abierto\u201d en filas, o en una situaci\u00f3n intermedia con diferentes tipos de mobiliario. Hasta la situaci\u00f3n actual de hibridaci\u00f3n de espacios multiusos, donde hay despachos, puestos abiertos individuales, en grupos de trabajo. Mesas de reuni\u00f3n, de diferentes tama\u00f1os y usos\u2026con una evoluci\u00f3n cada vez m\u00e1s clara hacia el trabajo compartido. Dejando las tareas individuales para el trabajo no presencial y usando los espacios de las oficinas para el trabajo en equipo o para reuniones espec\u00edficas. Todo ello redunda en nuevos espacios de trabajo, nuevo mobiliario y por lo tanto en nuevos dise\u00f1os de mobiliario y conceptos adaptados a estos nuevos espacios.<\/h4>\n\n\n\n<div style=\"height:51px\" aria-hidden=\"true\" class=\"wp-block-spacer\"><\/div>\n\n\n\n<div class=\"wp-block-group is-vertical is-content-justification-center is-layout-flex wp-container-core-group-is-layout-4b2eccd6 wp-block-group-is-layout-flex\">\n<div class=\"wp-block-columns is-layout-flex wp-container-core-columns-is-layout-9d6595d7 wp-block-columns-is-layout-flex\">\n<div class=\"wp-block-column has-small-font-size is-layout-flow wp-block-column-is-layout-flow\">\n<figure class=\"wp-block-image size-large is-style-default\"><img loading=\"lazy\" decoding=\"async\" width=\"1024\" height=\"765\" src=\"https:\/\/espacioaretha.com\/explora\/wp-content\/uploads\/2022\/11\/teletrabajojpg-1024x765.jpg\" alt=\"\" class=\"wp-image-3123\" srcset=\"https:\/\/espacioaretha.com\/explora\/wp-content\/uploads\/2022\/11\/teletrabajojpg-1024x765.jpg 1024w, https:\/\/espacioaretha.com\/explora\/wp-content\/uploads\/2022\/11\/teletrabajojpg-300x224.jpg 300w, https:\/\/espacioaretha.com\/explora\/wp-content\/uploads\/2022\/11\/teletrabajojpg-768x574.jpg 768w, https:\/\/espacioaretha.com\/explora\/wp-content\/uploads\/2022\/11\/teletrabajojpg.jpg 1265w\" sizes=\"auto, (max-width: 1024px) 100vw, 1024px\" \/><\/figure>\n<\/div>\n\n\n\n<div class=\"wp-block-column is-layout-flow wp-block-column-is-layout-flow\">\n<p>Aunque la pandemia ha permitido comprobar algunas ventajas del trabajo no presencial, tambi\u00e9n ha mostrado los riesgos que puede suponer sobre todo para la transmisi\u00f3n de la cultura de empresa. Frente a ello,&nbsp;el modelo h\u00edbrido combina la cercan\u00eda del modelo de oficina tradicional, con la flexibilidad del trabajo no presencial, siendo una buena opci\u00f3n a la hora de dise\u00f1ar estos nuevos espacios<strong>.<\/strong> El trabajo h\u00edbrido y flexible crece ahora como un fen\u00f3meno. <\/p>\n\n\n\n<p>Adem\u00e1s, estos modelos h\u00edbridos son una herramienta clave de las empresas para aumentar, por un lado,&nbsp;la satisfacci\u00f3n del empleado al disponer de mayor flexibilidad, y por otro, la eficiencia de la empresa al no asumir grandes compromisos en la contrataci\u00f3n de espacios y servicios. <\/p>\n\n\n\n<h4 class=\"wp-block-heading\">El modelo h\u00edbrido permite al empleado y a la empresa adaptarse r\u00e1pidamente a los continuos cambios y disponer de un mejor entorno laboral. <\/h4>\n\n\n\n<h4 class=\"wp-block-heading\">La calidad del lugar de trabajo, la flexibilidad o una cultura de empresa m\u00e1s colaborativa&nbsp;son claves importantes.<\/h4>\n<\/div>\n<\/div>\n\n\n\n<div style=\"height:25px\" aria-hidden=\"true\" class=\"wp-block-spacer\"><\/div>\n<\/div>\n\n\n\n<div class=\"wp-block-columns is-layout-flex wp-container-core-columns-is-layout-9d6595d7 wp-block-columns-is-layout-flex\">\n<div class=\"wp-block-column is-layout-flow wp-block-column-is-layout-flow\">\n<p>En los espacios de oficina, no existe un modelo perfecto y v\u00e1lido para todas las empresas, sino que cada compa\u00f1\u00eda debe y puede construir su propia idea del espacio laboral teniendo en cuenta tanto sus necesidades como sus limitaciones.<\/p>\n<\/div>\n\n\n\n<div class=\"wp-block-column is-layout-flow wp-block-column-is-layout-flow\"><\/div>\n<\/div>\n\n\n\n<h4 class=\"wp-block-heading\"><strong>Podr\u00edamos decir que, los espacios colaborativos de una oficina en una sociedad hibrida, deber\u00e1n establecer un cambio en su dise\u00f1o, distribuci\u00f3n, estrategia, necesidades de espacios, optimizaci\u00f3n de costes, ergonom\u00eda y dise\u00f1o funcional. Donde las personas son lo importante.<\/strong><\/h4>\n\n\n\n<figure class=\"wp-block-image size-full\"><img loading=\"lazy\" decoding=\"async\" width=\"1920\" height=\"1080\" src=\"https:\/\/espacioaretha.com\/explora\/wp-content\/uploads\/2022\/11\/intrum-pers.jpg\" alt=\"Espacio de trabajo. Recepci\u00f3n y espacio colaborativo. \" class=\"wp-image-2896\" srcset=\"https:\/\/espacioaretha.com\/explora\/wp-content\/uploads\/2022\/11\/intrum-pers.jpg 1920w, https:\/\/espacioaretha.com\/explora\/wp-content\/uploads\/2022\/11\/intrum-pers-300x169.jpg 300w, https:\/\/espacioaretha.com\/explora\/wp-content\/uploads\/2022\/11\/intrum-pers-1024x576.jpg 1024w, https:\/\/espacioaretha.com\/explora\/wp-content\/uploads\/2022\/11\/intrum-pers-768x432.jpg 768w, https:\/\/espacioaretha.com\/explora\/wp-content\/uploads\/2022\/11\/intrum-pers-1536x864.jpg 1536w\" sizes=\"auto, (max-width: 1920px) 100vw, 1920px\" \/><\/figure>\n\n\n\n<h3 class=\"wp-block-heading\"><strong>Equilibrio entre el trabajo colaborativo e individual<\/strong><\/h3>\n\n\n\n<div class=\"wp-block-columns is-layout-flex wp-container-core-columns-is-layout-9d6595d7 wp-block-columns-is-layout-flex\">\n<div class=\"wp-block-column is-layout-flow wp-block-column-is-layout-flow\" style=\"flex-basis:56.66%\">\n<p>En la pandemia se ha demostrado que las oficinas son el lugar ideal para el desarrollo del trabajo colaborativo. Entendemos que las oficinas han de reorganizarse, teniendo en cuenta la presencia real de sus empleados en ella, olvid\u00e1ndose del sistema tradicional de un trabajador, un puesto de trabajo.<\/p>\n\n\n\n<p>Una tendencia adicional que puede invertirse en el futuro pr\u00f3ximo en relaci\u00f3n a la modificaci\u00f3n del uso de los espacios cerrados y abiertos en las oficinas. As\u00ed, en base a lo anterior, resultar\u00e1 m\u00e1s efectivo organizar reuniones en espacios abiertos m\u00e1s flexibles y realizar el trabajo individual en espacios cerrados de la oficina, o en trabajo no presencial. Los espacios abiertos cuentan con m\u00e1s flexibilidad en cuanto al dise\u00f1o, lo que permitir\u00e1 transformar el espacio en funci\u00f3n de la actividad. Y los espacios cerrados deber\u00e1n estar dotados de sistemas de atenuaci\u00f3n ac\u00fastica y tecnolog\u00eda adecuada para reuniones remotas.<\/p>\n<\/div>\n\n\n\n<div class=\"wp-block-column is-layout-flow wp-block-column-is-layout-flow\" style=\"flex-basis:33.33%\">\n<p>El dise\u00f1o y concepci\u00f3n de unas oficinas m\u00e1s inclusivas y adaptadas a la realidad actual en cuanto a la tecnolog\u00eda aplicada, y unos modelos de espacio de trabajo m\u00e1s adaptados a estos nuevos usos.<\/p>\n\n\n\n<p>Mejoras en el dise\u00f1o de los espacios de trabajo y de las instalaciones. Mejoras en la ergonom\u00eda de los puestos de trabajo, cambios en la forma de trabajar y novedosas distribuciones de mobiliario, todo para perseguir el bienestar en las oficinas.<\/p>\n<\/div>\n<\/div>\n\n\n\n<h4 class=\"wp-block-heading\"><strong>La nueva oficina necesitar\u00e1 ofrecer unas mejores herramientas tecnol\u00f3gicas adecuadas para los nuevos espacios. Crear lugares de trabajo adaptables a las nuevas necesidades supondr\u00e1n una ventaja competitiva para las empresas.<\/strong><\/h4>\n","protected":false},"excerpt":{"rendered":"<p>Desde que comenzamos a hacer proyectos de oficina hace ya m\u00e1s de 30 a\u00f1os, tanto en LKS Studio como en 3.14ga, y ahora en etc Consultores, hemos vivido la evoluci\u00f3n de los espacios de trabajo,  no solo en el modo de trabajar, sino tambi\u00e9n en su forma y aspecto.<\/p>\n","protected":false},"author":9,"featured_media":2875,"comment_status":"open","ping_status":"open","sticky":false,"template":"single-full.php","format":"standard","meta":{"footnotes":""},"categories":[31],"tags":[72,73,140,85,86],"class_list":["post-2859","post","type-post","status-publish","format-standard","has-post-thumbnail","hentry","category-espacios-de-trabajo","tag-espacios","tag-futuro","tag-oficinas","tag-productividad","tag-tendencias"],"yoast_head":"<!-- This site is optimized with the Yoast SEO plugin v27.4 - https:\/\/yoast.com\/product\/yoast-seo-wordpress\/ -->\n<title>La visi\u00f3n de futuro | Workplace | Aretha Explora<\/title>\n<meta name=\"description\" content=\"Hemos vivido la evoluci\u00f3n de las oficinas, no solo en el modo de trabajar, sino tambi\u00e9n en la forma y aspecto de los espacios de trabajo.\" \/>\n<meta name=\"robots\" content=\"index, follow, max-snippet:-1, max-image-preview:large, max-video-preview:-1\" \/>\n<link rel=\"canonical\" href=\"https:\/\/espacioaretha.com\/explora\/transformacion-oficinas-y-tendencias-a-futuro\/\" \/>\n<meta property=\"og:locale\" content=\"es_ES\" \/>\n<meta property=\"og:type\" content=\"article\" \/>\n<meta property=\"og:title\" content=\"La visi\u00f3n de futuro | Magazine #2 Workplace | Aretha Explora\" \/>\n<meta property=\"og:description\" content=\"Hemos vivido la evoluci\u00f3n de las oficinas, no solo en el modo de trabajar, sino tambi\u00e9n en la forma y aspecto de los espacios de trabajo.\" \/>\n<meta property=\"og:url\" content=\"https:\/\/espacioaretha.com\/explora\/transformacion-oficinas-y-tendencias-a-futuro\/\" \/>\n<meta property=\"og:site_name\" content=\"Aretha Explora\" \/>\n<meta property=\"article:published_time\" content=\"2022-11-15T14:31:19+00:00\" \/>\n<meta property=\"article:modified_time\" content=\"2022-12-05T10:15:56+00:00\" \/>\n<meta property=\"og:image\" content=\"https:\/\/espacioaretha.com\/explora\/wp-content\/uploads\/2022\/11\/intrums.jpg\" \/>\n\t<meta property=\"og:image:width\" content=\"1920\" \/>\n\t<meta property=\"og:image:height\" content=\"1080\" \/>\n\t<meta property=\"og:image:type\" content=\"image\/jpeg\" \/>\n<meta name=\"author\" content=\"Jorge Stinus\" \/>\n<meta name=\"twitter:card\" content=\"summary_large_image\" \/>\n<meta name=\"twitter:title\" content=\"La visi\u00f3n de futuro | Magazine #2 Workplace | Aretha Explora\" \/>\n<meta name=\"twitter:description\" content=\"Hemos vivido la evoluci\u00f3n de las oficinas, no solo en el modo de trabajar, sino tambi\u00e9n en la forma y aspecto de los espacios de trabajo.\" \/>\n<meta name=\"twitter:image\" content=\"https:\/\/espacioaretha.com\/explora\/wp-content\/uploads\/2022\/11\/intrums.jpg\" \/>\n<meta name=\"twitter:label1\" content=\"Escrito por\" \/>\n\t<meta name=\"twitter:data1\" content=\"Jorge Stinus\" \/>\n\t<meta name=\"twitter:label2\" content=\"Tiempo de lectura\" \/>\n\t<meta name=\"twitter:data2\" content=\"5 minutos\" \/>\n<script type=\"application\/ld+json\" class=\"yoast-schema-graph\">{\"@context\":\"https:\\\/\\\/schema.org\",\"@graph\":[{\"@type\":\"Article\",\"@id\":\"https:\\\/\\\/espacioaretha.com\\\/explora\\\/transformacion-oficinas-y-tendencias-a-futuro\\\/#article\",\"isPartOf\":{\"@id\":\"https:\\\/\\\/espacioaretha.com\\\/explora\\\/transformacion-oficinas-y-tendencias-a-futuro\\\/\"},\"author\":{\"name\":\"Jorge Stinus\",\"@id\":\"https:\\\/\\\/espacioaretha.com\\\/explora\\\/#\\\/schema\\\/person\\\/5ff851d0927b71b959269231a10f45b9\"},\"headline\":\"La visi\u00f3n de futuro\",\"datePublished\":\"2022-11-15T14:31:19+00:00\",\"dateModified\":\"2022-12-05T10:15:56+00:00\",\"mainEntityOfPage\":{\"@id\":\"https:\\\/\\\/espacioaretha.com\\\/explora\\\/transformacion-oficinas-y-tendencias-a-futuro\\\/\"},\"wordCount\":1022,\"commentCount\":0,\"publisher\":{\"@id\":\"https:\\\/\\\/espacioaretha.com\\\/explora\\\/#organization\"},\"image\":{\"@id\":\"https:\\\/\\\/espacioaretha.com\\\/explora\\\/transformacion-oficinas-y-tendencias-a-futuro\\\/#primaryimage\"},\"thumbnailUrl\":\"https:\\\/\\\/espacioaretha.com\\\/explora\\\/wp-content\\\/uploads\\\/2022\\\/11\\\/intrums.jpg\",\"keywords\":[\"Espacios\",\"Futuro\",\"oficinas\",\"Productividad\",\"Tendencias\"],\"articleSection\":[\"Espacios de trabajo\"],\"inLanguage\":\"es\",\"potentialAction\":[{\"@type\":\"CommentAction\",\"name\":\"Comment\",\"target\":[\"https:\\\/\\\/espacioaretha.com\\\/explora\\\/transformacion-oficinas-y-tendencias-a-futuro\\\/#respond\"]}]},{\"@type\":\"WebPage\",\"@id\":\"https:\\\/\\\/espacioaretha.com\\\/explora\\\/transformacion-oficinas-y-tendencias-a-futuro\\\/\",\"url\":\"https:\\\/\\\/espacioaretha.com\\\/explora\\\/transformacion-oficinas-y-tendencias-a-futuro\\\/\",\"name\":\"La visi\u00f3n de futuro | Workplace | Aretha Explora\",\"isPartOf\":{\"@id\":\"https:\\\/\\\/espacioaretha.com\\\/explora\\\/#website\"},\"primaryImageOfPage\":{\"@id\":\"https:\\\/\\\/espacioaretha.com\\\/explora\\\/transformacion-oficinas-y-tendencias-a-futuro\\\/#primaryimage\"},\"image\":{\"@id\":\"https:\\\/\\\/espacioaretha.com\\\/explora\\\/transformacion-oficinas-y-tendencias-a-futuro\\\/#primaryimage\"},\"thumbnailUrl\":\"https:\\\/\\\/espacioaretha.com\\\/explora\\\/wp-content\\\/uploads\\\/2022\\\/11\\\/intrums.jpg\",\"datePublished\":\"2022-11-15T14:31:19+00:00\",\"dateModified\":\"2022-12-05T10:15:56+00:00\",\"description\":\"Hemos vivido la evoluci\u00f3n de las oficinas, no solo en el modo de trabajar, sino tambi\u00e9n en la forma y aspecto de los espacios de trabajo.\",\"breadcrumb\":{\"@id\":\"https:\\\/\\\/espacioaretha.com\\\/explora\\\/transformacion-oficinas-y-tendencias-a-futuro\\\/#breadcrumb\"},\"inLanguage\":\"es\",\"potentialAction\":[{\"@type\":\"ReadAction\",\"target\":[\"https:\\\/\\\/espacioaretha.com\\\/explora\\\/transformacion-oficinas-y-tendencias-a-futuro\\\/\"]}]},{\"@type\":\"ImageObject\",\"inLanguage\":\"es\",\"@id\":\"https:\\\/\\\/espacioaretha.com\\\/explora\\\/transformacion-oficinas-y-tendencias-a-futuro\\\/#primaryimage\",\"url\":\"https:\\\/\\\/espacioaretha.com\\\/explora\\\/wp-content\\\/uploads\\\/2022\\\/11\\\/intrums.jpg\",\"contentUrl\":\"https:\\\/\\\/espacioaretha.com\\\/explora\\\/wp-content\\\/uploads\\\/2022\\\/11\\\/intrums.jpg\",\"width\":1920,\"height\":1080,\"caption\":\"transformacion de oficinas\"},{\"@type\":\"BreadcrumbList\",\"@id\":\"https:\\\/\\\/espacioaretha.com\\\/explora\\\/transformacion-oficinas-y-tendencias-a-futuro\\\/#breadcrumb\",\"itemListElement\":[{\"@type\":\"ListItem\",\"position\":1,\"name\":\"Portada\",\"item\":\"https:\\\/\\\/espacioaretha.com\\\/explora\\\/\"},{\"@type\":\"ListItem\",\"position\":2,\"name\":\"La visi\u00f3n de futuro\"}]},{\"@type\":\"WebSite\",\"@id\":\"https:\\\/\\\/espacioaretha.com\\\/explora\\\/#website\",\"url\":\"https:\\\/\\\/espacioaretha.com\\\/explora\\\/\",\"name\":\"Aretha Explora\",\"description\":\"Plataforma de contenidos e inspiraci\u00f3n sobre arquitectura, dise\u00f1o y mucho m\u00e1s\",\"publisher\":{\"@id\":\"https:\\\/\\\/espacioaretha.com\\\/explora\\\/#organization\"},\"potentialAction\":[{\"@type\":\"SearchAction\",\"target\":{\"@type\":\"EntryPoint\",\"urlTemplate\":\"https:\\\/\\\/espacioaretha.com\\\/explora\\\/?s={search_term_string}\"},\"query-input\":{\"@type\":\"PropertyValueSpecification\",\"valueRequired\":true,\"valueName\":\"search_term_string\"}}],\"inLanguage\":\"es\"},{\"@type\":\"Organization\",\"@id\":\"https:\\\/\\\/espacioaretha.com\\\/explora\\\/#organization\",\"name\":\"Aretha Explora\",\"alternateName\":\"Aretha\",\"url\":\"https:\\\/\\\/espacioaretha.com\\\/explora\\\/\",\"logo\":{\"@type\":\"ImageObject\",\"inLanguage\":\"es\",\"@id\":\"https:\\\/\\\/espacioaretha.com\\\/explora\\\/#\\\/schema\\\/logo\\\/image\\\/\",\"url\":\"https:\\\/\\\/espacioaretha.com\\\/explora\\\/wp-content\\\/uploads\\\/2022\\\/05\\\/Ojo-web.jpg\",\"contentUrl\":\"https:\\\/\\\/espacioaretha.com\\\/explora\\\/wp-content\\\/uploads\\\/2022\\\/05\\\/Ojo-web.jpg\",\"width\":1920,\"height\":1080,\"caption\":\"Aretha Explora\"},\"image\":{\"@id\":\"https:\\\/\\\/espacioaretha.com\\\/explora\\\/#\\\/schema\\\/logo\\\/image\\\/\"}},{\"@type\":\"Person\",\"@id\":\"https:\\\/\\\/espacioaretha.com\\\/explora\\\/#\\\/schema\\\/person\\\/5ff851d0927b71b959269231a10f45b9\",\"name\":\"Jorge Stinus\",\"image\":{\"@type\":\"ImageObject\",\"inLanguage\":\"es\",\"@id\":\"https:\\\/\\\/espacioaretha.com\\\/explora\\\/wp-content\\\/uploads\\\/2022\\\/03\\\/Jorge-Stinus.png\",\"url\":\"https:\\\/\\\/espacioaretha.com\\\/explora\\\/wp-content\\\/uploads\\\/2022\\\/03\\\/Jorge-Stinus.png\",\"contentUrl\":\"https:\\\/\\\/espacioaretha.com\\\/explora\\\/wp-content\\\/uploads\\\/2022\\\/03\\\/Jorge-Stinus.png\",\"caption\":\"Jorge Stinus\"},\"description\":\"Director de dise\u00f1o de proyectos | etc Consultores\",\"sameAs\":[\"http:\\\/\\\/etcconsultores.com\\\/\"],\"url\":\"https:\\\/\\\/espacioaretha.com\\\/explora\\\/author\\\/jorge-stinus\\\/\"}]}<\/script>\n<!-- \/ Yoast SEO plugin. -->","yoast_head_json":{"title":"La visi\u00f3n de futuro | Workplace | Aretha Explora","description":"Hemos vivido la evoluci\u00f3n de las oficinas, no solo en el modo de trabajar, sino tambi\u00e9n en la forma y aspecto de los espacios de trabajo.","robots":{"index":"index","follow":"follow","max-snippet":"max-snippet:-1","max-image-preview":"max-image-preview:large","max-video-preview":"max-video-preview:-1"},"canonical":"https:\/\/espacioaretha.com\/explora\/transformacion-oficinas-y-tendencias-a-futuro\/","og_locale":"es_ES","og_type":"article","og_title":"La visi\u00f3n de futuro | Magazine #2 Workplace | Aretha Explora","og_description":"Hemos vivido la evoluci\u00f3n de las oficinas, no solo en el modo de trabajar, sino tambi\u00e9n en la forma y aspecto de los espacios de trabajo.","og_url":"https:\/\/espacioaretha.com\/explora\/transformacion-oficinas-y-tendencias-a-futuro\/","og_site_name":"Aretha Explora","article_published_time":"2022-11-15T14:31:19+00:00","article_modified_time":"2022-12-05T10:15:56+00:00","og_image":[{"width":1920,"height":1080,"url":"https:\/\/espacioaretha.com\/explora\/wp-content\/uploads\/2022\/11\/intrums.jpg","type":"image\/jpeg"}],"author":"Jorge Stinus","twitter_card":"summary_large_image","twitter_title":"La visi\u00f3n de futuro | Magazine #2 Workplace | Aretha Explora","twitter_description":"Hemos vivido la evoluci\u00f3n de las oficinas, no solo en el modo de trabajar, sino tambi\u00e9n en la forma y aspecto de los espacios de trabajo.","twitter_image":"https:\/\/espacioaretha.com\/explora\/wp-content\/uploads\/2022\/11\/intrums.jpg","twitter_misc":{"Escrito por":"Jorge Stinus","Tiempo de lectura":"5 minutos"},"schema":{"@context":"https:\/\/schema.org","@graph":[{"@type":"Article","@id":"https:\/\/espacioaretha.com\/explora\/transformacion-oficinas-y-tendencias-a-futuro\/#article","isPartOf":{"@id":"https:\/\/espacioaretha.com\/explora\/transformacion-oficinas-y-tendencias-a-futuro\/"},"author":{"name":"Jorge Stinus","@id":"https:\/\/espacioaretha.com\/explora\/#\/schema\/person\/5ff851d0927b71b959269231a10f45b9"},"headline":"La visi\u00f3n de futuro","datePublished":"2022-11-15T14:31:19+00:00","dateModified":"2022-12-05T10:15:56+00:00","mainEntityOfPage":{"@id":"https:\/\/espacioaretha.com\/explora\/transformacion-oficinas-y-tendencias-a-futuro\/"},"wordCount":1022,"commentCount":0,"publisher":{"@id":"https:\/\/espacioaretha.com\/explora\/#organization"},"image":{"@id":"https:\/\/espacioaretha.com\/explora\/transformacion-oficinas-y-tendencias-a-futuro\/#primaryimage"},"thumbnailUrl":"https:\/\/espacioaretha.com\/explora\/wp-content\/uploads\/2022\/11\/intrums.jpg","keywords":["Espacios","Futuro","oficinas","Productividad","Tendencias"],"articleSection":["Espacios de trabajo"],"inLanguage":"es","potentialAction":[{"@type":"CommentAction","name":"Comment","target":["https:\/\/espacioaretha.com\/explora\/transformacion-oficinas-y-tendencias-a-futuro\/#respond"]}]},{"@type":"WebPage","@id":"https:\/\/espacioaretha.com\/explora\/transformacion-oficinas-y-tendencias-a-futuro\/","url":"https:\/\/espacioaretha.com\/explora\/transformacion-oficinas-y-tendencias-a-futuro\/","name":"La visi\u00f3n de futuro | Workplace | Aretha Explora","isPartOf":{"@id":"https:\/\/espacioaretha.com\/explora\/#website"},"primaryImageOfPage":{"@id":"https:\/\/espacioaretha.com\/explora\/transformacion-oficinas-y-tendencias-a-futuro\/#primaryimage"},"image":{"@id":"https:\/\/espacioaretha.com\/explora\/transformacion-oficinas-y-tendencias-a-futuro\/#primaryimage"},"thumbnailUrl":"https:\/\/espacioaretha.com\/explora\/wp-content\/uploads\/2022\/11\/intrums.jpg","datePublished":"2022-11-15T14:31:19+00:00","dateModified":"2022-12-05T10:15:56+00:00","description":"Hemos vivido la evoluci\u00f3n de las oficinas, no solo en el modo de trabajar, sino tambi\u00e9n en la forma y aspecto de los espacios de trabajo.","breadcrumb":{"@id":"https:\/\/espacioaretha.com\/explora\/transformacion-oficinas-y-tendencias-a-futuro\/#breadcrumb"},"inLanguage":"es","potentialAction":[{"@type":"ReadAction","target":["https:\/\/espacioaretha.com\/explora\/transformacion-oficinas-y-tendencias-a-futuro\/"]}]},{"@type":"ImageObject","inLanguage":"es","@id":"https:\/\/espacioaretha.com\/explora\/transformacion-oficinas-y-tendencias-a-futuro\/#primaryimage","url":"https:\/\/espacioaretha.com\/explora\/wp-content\/uploads\/2022\/11\/intrums.jpg","contentUrl":"https:\/\/espacioaretha.com\/explora\/wp-content\/uploads\/2022\/11\/intrums.jpg","width":1920,"height":1080,"caption":"transformacion de oficinas"},{"@type":"BreadcrumbList","@id":"https:\/\/espacioaretha.com\/explora\/transformacion-oficinas-y-tendencias-a-futuro\/#breadcrumb","itemListElement":[{"@type":"ListItem","position":1,"name":"Portada","item":"https:\/\/espacioaretha.com\/explora\/"},{"@type":"ListItem","position":2,"name":"La visi\u00f3n de futuro"}]},{"@type":"WebSite","@id":"https:\/\/espacioaretha.com\/explora\/#website","url":"https:\/\/espacioaretha.com\/explora\/","name":"Aretha Explora","description":"Plataforma de contenidos e inspiraci\u00f3n sobre arquitectura, dise\u00f1o y mucho m\u00e1s","publisher":{"@id":"https:\/\/espacioaretha.com\/explora\/#organization"},"potentialAction":[{"@type":"SearchAction","target":{"@type":"EntryPoint","urlTemplate":"https:\/\/espacioaretha.com\/explora\/?s={search_term_string}"},"query-input":{"@type":"PropertyValueSpecification","valueRequired":true,"valueName":"search_term_string"}}],"inLanguage":"es"},{"@type":"Organization","@id":"https:\/\/espacioaretha.com\/explora\/#organization","name":"Aretha Explora","alternateName":"Aretha","url":"https:\/\/espacioaretha.com\/explora\/","logo":{"@type":"ImageObject","inLanguage":"es","@id":"https:\/\/espacioaretha.com\/explora\/#\/schema\/logo\/image\/","url":"https:\/\/espacioaretha.com\/explora\/wp-content\/uploads\/2022\/05\/Ojo-web.jpg","contentUrl":"https:\/\/espacioaretha.com\/explora\/wp-content\/uploads\/2022\/05\/Ojo-web.jpg","width":1920,"height":1080,"caption":"Aretha Explora"},"image":{"@id":"https:\/\/espacioaretha.com\/explora\/#\/schema\/logo\/image\/"}},{"@type":"Person","@id":"https:\/\/espacioaretha.com\/explora\/#\/schema\/person\/5ff851d0927b71b959269231a10f45b9","name":"Jorge Stinus","image":{"@type":"ImageObject","inLanguage":"es","@id":"https:\/\/espacioaretha.com\/explora\/wp-content\/uploads\/2022\/03\/Jorge-Stinus.png","url":"https:\/\/espacioaretha.com\/explora\/wp-content\/uploads\/2022\/03\/Jorge-Stinus.png","contentUrl":"https:\/\/espacioaretha.com\/explora\/wp-content\/uploads\/2022\/03\/Jorge-Stinus.png","caption":"Jorge Stinus"},"description":"Director de dise\u00f1o de proyectos | etc Consultores","sameAs":["http:\/\/etcconsultores.com\/"],"url":"https:\/\/espacioaretha.com\/explora\/author\/jorge-stinus\/"}]}},"_links":{"self":[{"href":"https:\/\/espacioaretha.com\/explora\/wp-json\/wp\/v2\/posts\/2859","targetHints":{"allow":["GET"]}}],"collection":[{"href":"https:\/\/espacioaretha.com\/explora\/wp-json\/wp\/v2\/posts"}],"about":[{"href":"https:\/\/espacioaretha.com\/explora\/wp-json\/wp\/v2\/types\/post"}],"author":[{"embeddable":true,"href":"https:\/\/espacioaretha.com\/explora\/wp-json\/wp\/v2\/users\/9"}],"replies":[{"embeddable":true,"href":"https:\/\/espacioaretha.com\/explora\/wp-json\/wp\/v2\/comments?post=2859"}],"version-history":[{"count":58,"href":"https:\/\/espacioaretha.com\/explora\/wp-json\/wp\/v2\/posts\/2859\/revisions"}],"predecessor-version":[{"id":3496,"href":"https:\/\/espacioaretha.com\/explora\/wp-json\/wp\/v2\/posts\/2859\/revisions\/3496"}],"wp:featuredmedia":[{"embeddable":true,"href":"https:\/\/espacioaretha.com\/explora\/wp-json\/wp\/v2\/media\/2875"}],"wp:attachment":[{"href":"https:\/\/espacioaretha.com\/explora\/wp-json\/wp\/v2\/media?parent=2859"}],"wp:term":[{"taxonomy":"category","embeddable":true,"href":"https:\/\/espacioaretha.com\/explora\/wp-json\/wp\/v2\/categories?post=2859"},{"taxonomy":"post_tag","embeddable":true,"href":"https:\/\/espacioaretha.com\/explora\/wp-json\/wp\/v2\/tags?post=2859"}],"curies":[{"name":"wp","href":"https:\/\/api.w.org\/{rel}","templated":true}]}}