{"id":2924,"date":"2022-11-17T16:31:14","date_gmt":"2022-11-17T15:31:14","guid":{"rendered":"https:\/\/espacioaretha.com\/explora\/?p=2924"},"modified":"2022-12-05T11:14:41","modified_gmt":"2022-12-05T10:14:41","slug":"oficinas-espacios-tangibles-cargados-de-intangibles","status":"publish","type":"post","link":"https:\/\/espacioaretha.com\/explora\/oficinas-espacios-tangibles-cargados-de-intangibles\/","title":{"rendered":"Oficinas, espacios tangibles cargados de intangibles"},"content":{"rendered":"\n<div class=\"wp-block-columns is-layout-flex wp-container-core-columns-is-layout-9d6595d7 wp-block-columns-is-layout-flex\">\n<div class=\"wp-block-column is-layout-flow wp-block-column-is-layout-flow\">\n<h4 class=\"wp-block-heading\">Los hoteles o aeropuertos pueden ser espacios de trabajo, los edificios residenciales ofrecen los servicios de hoteles, los supermercados son restaurantes, los espacios de retail son experiencias digitales\u2026Dentro de toda esta evoluci\u00f3n \u00bfD\u00f3nde quedan las oficinas?<\/h4>\n<\/div>\n<\/div>\n\n\n\n<div class=\"wp-block-columns is-layout-flex wp-container-core-columns-is-layout-9d6595d7 wp-block-columns-is-layout-flex\">\n<div class=\"wp-block-column is-layout-flow wp-block-column-is-layout-flow\">\n<p>No hay un solo tipo de lugar de trabajo en el futuro ni en el presente inmediato. Seguir\u00e1n existiendo oficinas para dos personas con sus maceteros de autorriego y el tradicional escritorio, as\u00ed como oficinas 100% virtuales sin espacio f\u00edsico tangible. Entre un modelo y otro hay un amplio abanico de opciones y adaptaciones.<\/p>\n<\/div>\n\n\n\n<div class=\"wp-block-column is-layout-flow wp-block-column-is-layout-flow\">\n<p>Pero si nos concentramos en el entorno de trabajo: Es \u00fanica la energ\u00eda que surge cuando todo el equipo en un espacio f\u00edsico se sienta y reflexiona sobre una idea, oyes a tu compa\u00f1ero suspirar, el cliente al que tienes oportunidad de ver cara a cara lanza un chiste y la tensi\u00f3n se desvanece o todos sonre\u00edmos por un resultado conjunto. Es una energ\u00eda que se puede escuchar, ver y sentir y esta energ\u00eda se da en un espacio tangible.<\/p>\n<\/div>\n<\/div>\n\n\n\n<h4 class=\"wp-block-heading\"><strong>El lugar f\u00edsico como hogar corporativo definitivamente juega un papel esencial en esta era digital, es el veh\u00edculo necesario que permite generar un sentido de pertenencia.<\/strong><\/h4>\n\n\n\n<p>Cuando hablamos de oficinas hablamos de personas, de colectivos que aglutinan en muchos casos hasta 4 generaciones diferentes, a las que hay que integrar en un espacio f\u00edsico y promover el conocimiento, ese espacio es a su vez la mejor manifestaci\u00f3n f\u00edsica de la organizaci\u00f3n a la que pertenecen. Por lo que tiene sentido modelar entornos que integran la dimensi\u00f3n emocional, digital y f\u00edsica de personas, asegurando un bienestar sostenible y salvaguardando e impulsando una red de talento.<\/p>\n\n\n\n<p>Cada organizaci\u00f3n modela los espacios en funci\u00f3n de lo que quiere mostrar o como quiere hacerse visible, pero lo que parece claro es que todos <strong>los esfuerzos ir\u00e1n encaminados a crear espacios colectivos para sus usuarios<\/strong>, donde se vinculen conocimientos y experiencias y es de esta forma colectiva que har\u00e1n crecer su relevancia en el mercado.<\/p>\n\n\n\n<div style=\"height:30px\" aria-hidden=\"true\" class=\"wp-block-spacer\"><\/div>\n\n\n\n<div class=\"wp-block-columns is-layout-flex wp-container-core-columns-is-layout-9d6595d7 wp-block-columns-is-layout-flex\">\n<div class=\"wp-block-column is-layout-flow wp-block-column-is-layout-flow\"><\/div>\n\n\n\n<div class=\"wp-block-column is-layout-flow wp-block-column-is-layout-flow\"><\/div>\n<\/div>\n\n\n\n<figure class=\"wp-block-image size-large is-resized\"><img loading=\"lazy\" decoding=\"async\" src=\"https:\/\/espacioaretha.com\/explora\/wp-content\/uploads\/2022\/11\/3-1024x765.jpg\" alt=\"Evoluci\u00f3n de las oficinas como la evoluci\u00f3n de los hoteles. Recepci\u00f3n y distribuidor de hotel\" class=\"wp-image-2930\" width=\"1024\" height=\"765\" srcset=\"https:\/\/espacioaretha.com\/explora\/wp-content\/uploads\/2022\/11\/3-1024x765.jpg 1024w, https:\/\/espacioaretha.com\/explora\/wp-content\/uploads\/2022\/11\/3-300x224.jpg 300w, https:\/\/espacioaretha.com\/explora\/wp-content\/uploads\/2022\/11\/3-768x574.jpg 768w, https:\/\/espacioaretha.com\/explora\/wp-content\/uploads\/2022\/11\/3.jpg 1265w\" sizes=\"auto, (max-width: 1024px) 100vw, 1024px\" \/><\/figure>\n\n\n\n<div class=\"wp-block-columns is-layout-flex wp-container-core-columns-is-layout-9d6595d7 wp-block-columns-is-layout-flex\">\n<div class=\"wp-block-column is-layout-flow wp-block-column-is-layout-flow\" style=\"flex-basis:33.33%\"><\/div>\n\n\n\n<div class=\"wp-block-column is-layout-flow wp-block-column-is-layout-flow\" style=\"flex-basis:66.66%\">\n<p><strong>Los espacios colectivos marcan el ritmo de las nuevas oficinas.<\/strong> Por un lado, tenemos zonas de circulaci\u00f3n o estanciales de car\u00e1cter puntual, como pueden ser vest\u00edbulos, zonas de paso o cantinas, donde se fomentan encuentros aleatorios y espont\u00e1neos que nos conectan y ayudan a construir relaciones fuera del equipo inmediato reforzando el sentido de comunidad.<\/p>\n\n\n\n<p>Un vest\u00edbulo de acceso es un punto compartido por el 100% de la empresa y donde la probabilidad de coincidir una vez al d\u00eda con el 80% de tus compa\u00f1eros es alta, as\u00ed que autom\u00e1ticamente se trasforma en un punto asegurado de interacci\u00f3n entre personas y, por lo tanto, una experiencia a ser dise\u00f1ada y activada.<\/p>\n<\/div>\n<\/div>\n\n\n\n<div class=\"wp-block-columns is-layout-flex wp-container-core-columns-is-layout-9d6595d7 wp-block-columns-is-layout-flex\">\n<div class=\"wp-block-column is-layout-flow wp-block-column-is-layout-flow\">\n<p>Por otro lado, existen \u00e1reas de trabajo colectivo como salas de proyectos, showroom, taller de co-creaci\u00f3n que brinda espacio para el desarrollo de procesos creativos, en donde se va a trabajar un determinado tema y en \u00e9l los equipos comparten sus conocimientos y construyen soluciones.<\/p>\n\n\n\n<p>En general nos encontramos con <strong>espacios creados para fomentar e impulsar las relaciones entre personas, la comunicaci\u00f3n y la colaboraci\u00f3n<\/strong>. Venimos de experimentar una digitalizaci\u00f3n a marchas forzadas voluntaria o involuntaria, pero finalmente adquirida y en constante evoluci\u00f3n, sumada a su vez al redescubrimiento del hogar y la posibilidad de trabajar en remoto.<\/p>\n\n\n\n<p>Actualmente buscamos el equilibrio entre las distintas modalidades de formas de trabajo, pero a su vez reflexionamos y redescubrimos el valor de aquello que hac\u00edamos en el pasado en nuestra rutina diaria.<\/p>\n<\/div>\n\n\n\n<div class=\"wp-block-column is-layout-flow wp-block-column-is-layout-flow\"><\/div>\n<\/div>\n\n\n\n<h3 class=\"alignwide has-text-align-right wp-block-heading\">Porque la oficina no es simplemente un lugar sino una secuencia de lugares que crean una experiencia<\/h3>\n\n\n\n<div class=\"wp-block-columns is-layout-flex wp-container-core-columns-is-layout-9d6595d7 wp-block-columns-is-layout-flex\">\n<div class=\"wp-block-column is-layout-flow wp-block-column-is-layout-flow\" style=\"flex-basis:33.33%\"><\/div>\n\n\n\n<div class=\"wp-block-column is-layout-flow wp-block-column-is-layout-flow\" style=\"flex-basis:66.66%\">\n<p>Recuperar un recorrido en metro donde tengo tiempo para leer un art\u00edculo, aprender, escuchar una entrevista, ese tiempo tambi\u00e9n es valioso y beneficioso. Al igual que tomar un simple caf\u00e9 antes de entrar a la oficina activando as\u00ed el entorno del lugar de trabajo.<\/p>\n\n\n\n<p><strong>Los espacios de oficinas pasan a ser oportunidades claras de creaci\u00f3n y dise\u00f1o de ecosistemas ofreciendo experiencias y est\u00edmulos \u00fanicos que inspiran y nutren los sentidos,<\/strong> son adaptables, polivalentes y buscan responder a este concepto h\u00edbrido en el que nos movemos en la actualidad, donde los limites se desdibujan y lo virtual y lo f\u00edsico se entremezclan.<\/p>\n<\/div>\n<\/div>\n\n\n<div class=\"wp-block-image\">\n<figure class=\"alignright size-large\"><img loading=\"lazy\" decoding=\"async\" width=\"1024\" height=\"576\" src=\"https:\/\/espacioaretha.com\/explora\/wp-content\/uploads\/2022\/11\/2-5-1024x576.jpg\" alt=\"recepcion hotel\" class=\"wp-image-3065\" srcset=\"https:\/\/espacioaretha.com\/explora\/wp-content\/uploads\/2022\/11\/2-5-1024x576.jpg 1024w, https:\/\/espacioaretha.com\/explora\/wp-content\/uploads\/2022\/11\/2-5-300x169.jpg 300w, https:\/\/espacioaretha.com\/explora\/wp-content\/uploads\/2022\/11\/2-5-768x432.jpg 768w, https:\/\/espacioaretha.com\/explora\/wp-content\/uploads\/2022\/11\/2-5-1536x864.jpg 1536w, https:\/\/espacioaretha.com\/explora\/wp-content\/uploads\/2022\/11\/2-5.jpg 1680w\" sizes=\"auto, (max-width: 1024px) 100vw, 1024px\" \/><\/figure>\n<\/div>\n\n\n<div class=\"wp-block-columns is-layout-flex wp-container-core-columns-is-layout-9d6595d7 wp-block-columns-is-layout-flex\">\n<div class=\"wp-block-column is-layout-flow wp-block-column-is-layout-flow\"><\/div>\n\n\n\n<div class=\"wp-block-column is-layout-flow wp-block-column-is-layout-flow\"><\/div>\n<\/div>\n\n\n\n<div style=\"height:43px\" aria-hidden=\"true\" class=\"wp-block-spacer\"><\/div>\n\n\n\n<p><\/p>\n","protected":false},"excerpt":{"rendered":"<p>Nuestro entorno y d\u00eda a d\u00eda cambian a un ritmo sin precedentes. Somos testigos de la continua aceleraci\u00f3n en todos los sectores y de c\u00f3mo lo tradicionalmente aprendido deja de tener vigencia para dejar de ser lo que era en esencia y transformarse, un continuo trampantojo a todos los niveles.<\/p>\n","protected":false},"author":32,"featured_media":3416,"comment_status":"open","ping_status":"open","sticky":false,"template":"single-full.php","format":"standard","meta":{"footnotes":""},"categories":[31],"tags":[44,140,86],"class_list":["post-2924","post","type-post","status-publish","format-standard","has-post-thumbnail","hentry","category-espacios-de-trabajo","tag-diseno","tag-oficinas","tag-tendencias"],"yoast_head":"<!-- This site is optimized with the Yoast SEO plugin v27.4 - https:\/\/yoast.com\/product\/yoast-seo-wordpress\/ -->\n<title>Oficinas, espacios tangibles cargados de intangibles | Workplace | Aretha<\/title>\n<meta name=\"description\" content=\"La evoluci\u00f3n de los entornos es constante, \u00bfd\u00f3nde encajan las oficinas en ella? Somos testigos de la aceleraci\u00f3n de los espacios de trabajo.\" \/>\n<meta name=\"robots\" content=\"index, follow, max-snippet:-1, max-image-preview:large, max-video-preview:-1\" \/>\n<link rel=\"canonical\" href=\"https:\/\/espacioaretha.com\/explora\/oficinas-espacios-tangibles-cargados-de-intangibles\/\" \/>\n<meta property=\"og:locale\" content=\"es_ES\" \/>\n<meta property=\"og:type\" content=\"article\" \/>\n<meta property=\"og:title\" content=\"Oficinas, espacios tangibles cargados de intangibles | Magazine #2 Workplace | Aretha Explora\" \/>\n<meta property=\"og:description\" content=\"La evoluci\u00f3n de los entornos es constante, \u00bfd\u00f3nde encajan las oficinas en ella? Somos testigos de la aceleraci\u00f3n de los espacios de trabajo\" \/>\n<meta property=\"og:url\" content=\"https:\/\/espacioaretha.com\/explora\/oficinas-espacios-tangibles-cargados-de-intangibles\/\" \/>\n<meta property=\"og:site_name\" content=\"Aretha Explora\" \/>\n<meta property=\"article:published_time\" content=\"2022-11-17T15:31:14+00:00\" \/>\n<meta property=\"article:modified_time\" content=\"2022-12-05T10:14:41+00:00\" \/>\n<meta property=\"og:image\" content=\"https:\/\/espacioaretha.com\/explora\/wp-content\/uploads\/2022\/11\/oficinas.jpg\" \/>\n\t<meta property=\"og:image:width\" content=\"1920\" \/>\n\t<meta property=\"og:image:height\" content=\"1080\" \/>\n\t<meta property=\"og:image:type\" content=\"image\/jpeg\" \/>\n<meta name=\"author\" content=\"Estefan\u00eda Ferrer\" \/>\n<meta name=\"twitter:card\" content=\"summary_large_image\" \/>\n<meta name=\"twitter:title\" content=\"Oficinas, espacios tangibles cargados de intangibles | Magazine #2 Workplace | Aretha Explora\" \/>\n<meta name=\"twitter:description\" content=\"La evoluci\u00f3n de los entornos es constante, \u00bfd\u00f3nde encajan las oficinas en ella? Somos testigos de la aceleraci\u00f3n de los espacios de trabajo\" \/>\n<meta name=\"twitter:image\" content=\"https:\/\/espacioaretha.com\/explora\/wp-content\/uploads\/2022\/11\/oficinas.jpg\" \/>\n<meta name=\"twitter:label1\" content=\"Escrito por\" \/>\n\t<meta name=\"twitter:data1\" content=\"Estefan\u00eda Ferrer\" \/>\n\t<meta name=\"twitter:label2\" content=\"Tiempo de lectura\" \/>\n\t<meta name=\"twitter:data2\" content=\"4 minutos\" \/>\n<script type=\"application\/ld+json\" class=\"yoast-schema-graph\">{\"@context\":\"https:\\\/\\\/schema.org\",\"@graph\":[{\"@type\":\"Article\",\"@id\":\"https:\\\/\\\/espacioaretha.com\\\/explora\\\/oficinas-espacios-tangibles-cargados-de-intangibles\\\/#article\",\"isPartOf\":{\"@id\":\"https:\\\/\\\/espacioaretha.com\\\/explora\\\/oficinas-espacios-tangibles-cargados-de-intangibles\\\/\"},\"author\":{\"name\":\"Estefan\u00eda Ferrer\",\"@id\":\"https:\\\/\\\/espacioaretha.com\\\/explora\\\/#\\\/schema\\\/person\\\/771b9e5d9d662ca68c44b3761ef875e1\"},\"headline\":\"Oficinas, espacios tangibles cargados de intangibles\",\"datePublished\":\"2022-11-17T15:31:14+00:00\",\"dateModified\":\"2022-12-05T10:14:41+00:00\",\"mainEntityOfPage\":{\"@id\":\"https:\\\/\\\/espacioaretha.com\\\/explora\\\/oficinas-espacios-tangibles-cargados-de-intangibles\\\/\"},\"wordCount\":738,\"commentCount\":0,\"publisher\":{\"@id\":\"https:\\\/\\\/espacioaretha.com\\\/explora\\\/#organization\"},\"image\":{\"@id\":\"https:\\\/\\\/espacioaretha.com\\\/explora\\\/oficinas-espacios-tangibles-cargados-de-intangibles\\\/#primaryimage\"},\"thumbnailUrl\":\"https:\\\/\\\/espacioaretha.com\\\/explora\\\/wp-content\\\/uploads\\\/2022\\\/11\\\/oficinas.jpg\",\"keywords\":[\"Dise\u00f1o\",\"oficinas\",\"Tendencias\"],\"articleSection\":[\"Espacios de trabajo\"],\"inLanguage\":\"es\",\"potentialAction\":[{\"@type\":\"CommentAction\",\"name\":\"Comment\",\"target\":[\"https:\\\/\\\/espacioaretha.com\\\/explora\\\/oficinas-espacios-tangibles-cargados-de-intangibles\\\/#respond\"]}]},{\"@type\":\"WebPage\",\"@id\":\"https:\\\/\\\/espacioaretha.com\\\/explora\\\/oficinas-espacios-tangibles-cargados-de-intangibles\\\/\",\"url\":\"https:\\\/\\\/espacioaretha.com\\\/explora\\\/oficinas-espacios-tangibles-cargados-de-intangibles\\\/\",\"name\":\"Oficinas, espacios tangibles cargados de intangibles | Workplace | Aretha\",\"isPartOf\":{\"@id\":\"https:\\\/\\\/espacioaretha.com\\\/explora\\\/#website\"},\"primaryImageOfPage\":{\"@id\":\"https:\\\/\\\/espacioaretha.com\\\/explora\\\/oficinas-espacios-tangibles-cargados-de-intangibles\\\/#primaryimage\"},\"image\":{\"@id\":\"https:\\\/\\\/espacioaretha.com\\\/explora\\\/oficinas-espacios-tangibles-cargados-de-intangibles\\\/#primaryimage\"},\"thumbnailUrl\":\"https:\\\/\\\/espacioaretha.com\\\/explora\\\/wp-content\\\/uploads\\\/2022\\\/11\\\/oficinas.jpg\",\"datePublished\":\"2022-11-17T15:31:14+00:00\",\"dateModified\":\"2022-12-05T10:14:41+00:00\",\"description\":\"La evoluci\u00f3n de los entornos es constante, \u00bfd\u00f3nde encajan las oficinas en ella? Somos testigos de la aceleraci\u00f3n de los espacios de trabajo.\",\"breadcrumb\":{\"@id\":\"https:\\\/\\\/espacioaretha.com\\\/explora\\\/oficinas-espacios-tangibles-cargados-de-intangibles\\\/#breadcrumb\"},\"inLanguage\":\"es\",\"potentialAction\":[{\"@type\":\"ReadAction\",\"target\":[\"https:\\\/\\\/espacioaretha.com\\\/explora\\\/oficinas-espacios-tangibles-cargados-de-intangibles\\\/\"]}]},{\"@type\":\"ImageObject\",\"inLanguage\":\"es\",\"@id\":\"https:\\\/\\\/espacioaretha.com\\\/explora\\\/oficinas-espacios-tangibles-cargados-de-intangibles\\\/#primaryimage\",\"url\":\"https:\\\/\\\/espacioaretha.com\\\/explora\\\/wp-content\\\/uploads\\\/2022\\\/11\\\/oficinas.jpg\",\"contentUrl\":\"https:\\\/\\\/espacioaretha.com\\\/explora\\\/wp-content\\\/uploads\\\/2022\\\/11\\\/oficinas.jpg\",\"width\":1920,\"height\":1080,\"caption\":\"oficinas\"},{\"@type\":\"BreadcrumbList\",\"@id\":\"https:\\\/\\\/espacioaretha.com\\\/explora\\\/oficinas-espacios-tangibles-cargados-de-intangibles\\\/#breadcrumb\",\"itemListElement\":[{\"@type\":\"ListItem\",\"position\":1,\"name\":\"Portada\",\"item\":\"https:\\\/\\\/espacioaretha.com\\\/explora\\\/\"},{\"@type\":\"ListItem\",\"position\":2,\"name\":\"Oficinas, espacios tangibles cargados de intangibles\"}]},{\"@type\":\"WebSite\",\"@id\":\"https:\\\/\\\/espacioaretha.com\\\/explora\\\/#website\",\"url\":\"https:\\\/\\\/espacioaretha.com\\\/explora\\\/\",\"name\":\"Aretha Explora\",\"description\":\"Plataforma de contenidos e inspiraci\u00f3n sobre arquitectura, dise\u00f1o y mucho m\u00e1s\",\"publisher\":{\"@id\":\"https:\\\/\\\/espacioaretha.com\\\/explora\\\/#organization\"},\"potentialAction\":[{\"@type\":\"SearchAction\",\"target\":{\"@type\":\"EntryPoint\",\"urlTemplate\":\"https:\\\/\\\/espacioaretha.com\\\/explora\\\/?s={search_term_string}\"},\"query-input\":{\"@type\":\"PropertyValueSpecification\",\"valueRequired\":true,\"valueName\":\"search_term_string\"}}],\"inLanguage\":\"es\"},{\"@type\":\"Organization\",\"@id\":\"https:\\\/\\\/espacioaretha.com\\\/explora\\\/#organization\",\"name\":\"Aretha Explora\",\"alternateName\":\"Aretha\",\"url\":\"https:\\\/\\\/espacioaretha.com\\\/explora\\\/\",\"logo\":{\"@type\":\"ImageObject\",\"inLanguage\":\"es\",\"@id\":\"https:\\\/\\\/espacioaretha.com\\\/explora\\\/#\\\/schema\\\/logo\\\/image\\\/\",\"url\":\"https:\\\/\\\/espacioaretha.com\\\/explora\\\/wp-content\\\/uploads\\\/2022\\\/05\\\/Ojo-web.jpg\",\"contentUrl\":\"https:\\\/\\\/espacioaretha.com\\\/explora\\\/wp-content\\\/uploads\\\/2022\\\/05\\\/Ojo-web.jpg\",\"width\":1920,\"height\":1080,\"caption\":\"Aretha Explora\"},\"image\":{\"@id\":\"https:\\\/\\\/espacioaretha.com\\\/explora\\\/#\\\/schema\\\/logo\\\/image\\\/\"}},{\"@type\":\"Person\",\"@id\":\"https:\\\/\\\/espacioaretha.com\\\/explora\\\/#\\\/schema\\\/person\\\/771b9e5d9d662ca68c44b3761ef875e1\",\"name\":\"Estefan\u00eda Ferrer\",\"image\":{\"@type\":\"ImageObject\",\"inLanguage\":\"es\",\"@id\":\"https:\\\/\\\/espacioaretha.com\\\/explora\\\/wp-content\\\/uploads\\\/2022\\\/11\\\/cropped-Estefania_Building-Consultancy_search-96x96.jpg\",\"url\":\"https:\\\/\\\/espacioaretha.com\\\/explora\\\/wp-content\\\/uploads\\\/2022\\\/11\\\/cropped-Estefania_Building-Consultancy_search-96x96.jpg\",\"contentUrl\":\"https:\\\/\\\/espacioaretha.com\\\/explora\\\/wp-content\\\/uploads\\\/2022\\\/11\\\/cropped-Estefania_Building-Consultancy_search-96x96.jpg\",\"caption\":\"Estefan\u00eda Ferrer\"},\"description\":\"Director | Architecture &amp; Building Consultancy Colliers\",\"sameAs\":[\"https:\\\/\\\/www.colliers.com\\\/es-es\"],\"url\":\"https:\\\/\\\/espacioaretha.com\\\/explora\\\/author\\\/estefania-ferrer\\\/\"}]}<\/script>\n<!-- \/ Yoast SEO plugin. -->","yoast_head_json":{"title":"Oficinas, espacios tangibles cargados de intangibles | Workplace | Aretha","description":"La evoluci\u00f3n de los entornos es constante, \u00bfd\u00f3nde encajan las oficinas en ella? Somos testigos de la aceleraci\u00f3n de los espacios de trabajo.","robots":{"index":"index","follow":"follow","max-snippet":"max-snippet:-1","max-image-preview":"max-image-preview:large","max-video-preview":"max-video-preview:-1"},"canonical":"https:\/\/espacioaretha.com\/explora\/oficinas-espacios-tangibles-cargados-de-intangibles\/","og_locale":"es_ES","og_type":"article","og_title":"Oficinas, espacios tangibles cargados de intangibles | Magazine #2 Workplace | Aretha Explora","og_description":"La evoluci\u00f3n de los entornos es constante, \u00bfd\u00f3nde encajan las oficinas en ella? Somos testigos de la aceleraci\u00f3n de los espacios de trabajo","og_url":"https:\/\/espacioaretha.com\/explora\/oficinas-espacios-tangibles-cargados-de-intangibles\/","og_site_name":"Aretha Explora","article_published_time":"2022-11-17T15:31:14+00:00","article_modified_time":"2022-12-05T10:14:41+00:00","og_image":[{"width":1920,"height":1080,"url":"https:\/\/espacioaretha.com\/explora\/wp-content\/uploads\/2022\/11\/oficinas.jpg","type":"image\/jpeg"}],"author":"Estefan\u00eda Ferrer","twitter_card":"summary_large_image","twitter_title":"Oficinas, espacios tangibles cargados de intangibles | Magazine #2 Workplace | Aretha Explora","twitter_description":"La evoluci\u00f3n de los entornos es constante, \u00bfd\u00f3nde encajan las oficinas en ella? Somos testigos de la aceleraci\u00f3n de los espacios de trabajo","twitter_image":"https:\/\/espacioaretha.com\/explora\/wp-content\/uploads\/2022\/11\/oficinas.jpg","twitter_misc":{"Escrito por":"Estefan\u00eda Ferrer","Tiempo de lectura":"4 minutos"},"schema":{"@context":"https:\/\/schema.org","@graph":[{"@type":"Article","@id":"https:\/\/espacioaretha.com\/explora\/oficinas-espacios-tangibles-cargados-de-intangibles\/#article","isPartOf":{"@id":"https:\/\/espacioaretha.com\/explora\/oficinas-espacios-tangibles-cargados-de-intangibles\/"},"author":{"name":"Estefan\u00eda Ferrer","@id":"https:\/\/espacioaretha.com\/explora\/#\/schema\/person\/771b9e5d9d662ca68c44b3761ef875e1"},"headline":"Oficinas, espacios tangibles cargados de intangibles","datePublished":"2022-11-17T15:31:14+00:00","dateModified":"2022-12-05T10:14:41+00:00","mainEntityOfPage":{"@id":"https:\/\/espacioaretha.com\/explora\/oficinas-espacios-tangibles-cargados-de-intangibles\/"},"wordCount":738,"commentCount":0,"publisher":{"@id":"https:\/\/espacioaretha.com\/explora\/#organization"},"image":{"@id":"https:\/\/espacioaretha.com\/explora\/oficinas-espacios-tangibles-cargados-de-intangibles\/#primaryimage"},"thumbnailUrl":"https:\/\/espacioaretha.com\/explora\/wp-content\/uploads\/2022\/11\/oficinas.jpg","keywords":["Dise\u00f1o","oficinas","Tendencias"],"articleSection":["Espacios de trabajo"],"inLanguage":"es","potentialAction":[{"@type":"CommentAction","name":"Comment","target":["https:\/\/espacioaretha.com\/explora\/oficinas-espacios-tangibles-cargados-de-intangibles\/#respond"]}]},{"@type":"WebPage","@id":"https:\/\/espacioaretha.com\/explora\/oficinas-espacios-tangibles-cargados-de-intangibles\/","url":"https:\/\/espacioaretha.com\/explora\/oficinas-espacios-tangibles-cargados-de-intangibles\/","name":"Oficinas, espacios tangibles cargados de intangibles | Workplace | Aretha","isPartOf":{"@id":"https:\/\/espacioaretha.com\/explora\/#website"},"primaryImageOfPage":{"@id":"https:\/\/espacioaretha.com\/explora\/oficinas-espacios-tangibles-cargados-de-intangibles\/#primaryimage"},"image":{"@id":"https:\/\/espacioaretha.com\/explora\/oficinas-espacios-tangibles-cargados-de-intangibles\/#primaryimage"},"thumbnailUrl":"https:\/\/espacioaretha.com\/explora\/wp-content\/uploads\/2022\/11\/oficinas.jpg","datePublished":"2022-11-17T15:31:14+00:00","dateModified":"2022-12-05T10:14:41+00:00","description":"La evoluci\u00f3n de los entornos es constante, \u00bfd\u00f3nde encajan las oficinas en ella? Somos testigos de la aceleraci\u00f3n de los espacios de trabajo.","breadcrumb":{"@id":"https:\/\/espacioaretha.com\/explora\/oficinas-espacios-tangibles-cargados-de-intangibles\/#breadcrumb"},"inLanguage":"es","potentialAction":[{"@type":"ReadAction","target":["https:\/\/espacioaretha.com\/explora\/oficinas-espacios-tangibles-cargados-de-intangibles\/"]}]},{"@type":"ImageObject","inLanguage":"es","@id":"https:\/\/espacioaretha.com\/explora\/oficinas-espacios-tangibles-cargados-de-intangibles\/#primaryimage","url":"https:\/\/espacioaretha.com\/explora\/wp-content\/uploads\/2022\/11\/oficinas.jpg","contentUrl":"https:\/\/espacioaretha.com\/explora\/wp-content\/uploads\/2022\/11\/oficinas.jpg","width":1920,"height":1080,"caption":"oficinas"},{"@type":"BreadcrumbList","@id":"https:\/\/espacioaretha.com\/explora\/oficinas-espacios-tangibles-cargados-de-intangibles\/#breadcrumb","itemListElement":[{"@type":"ListItem","position":1,"name":"Portada","item":"https:\/\/espacioaretha.com\/explora\/"},{"@type":"ListItem","position":2,"name":"Oficinas, espacios tangibles cargados de intangibles"}]},{"@type":"WebSite","@id":"https:\/\/espacioaretha.com\/explora\/#website","url":"https:\/\/espacioaretha.com\/explora\/","name":"Aretha Explora","description":"Plataforma de contenidos e inspiraci\u00f3n sobre arquitectura, dise\u00f1o y mucho m\u00e1s","publisher":{"@id":"https:\/\/espacioaretha.com\/explora\/#organization"},"potentialAction":[{"@type":"SearchAction","target":{"@type":"EntryPoint","urlTemplate":"https:\/\/espacioaretha.com\/explora\/?s={search_term_string}"},"query-input":{"@type":"PropertyValueSpecification","valueRequired":true,"valueName":"search_term_string"}}],"inLanguage":"es"},{"@type":"Organization","@id":"https:\/\/espacioaretha.com\/explora\/#organization","name":"Aretha Explora","alternateName":"Aretha","url":"https:\/\/espacioaretha.com\/explora\/","logo":{"@type":"ImageObject","inLanguage":"es","@id":"https:\/\/espacioaretha.com\/explora\/#\/schema\/logo\/image\/","url":"https:\/\/espacioaretha.com\/explora\/wp-content\/uploads\/2022\/05\/Ojo-web.jpg","contentUrl":"https:\/\/espacioaretha.com\/explora\/wp-content\/uploads\/2022\/05\/Ojo-web.jpg","width":1920,"height":1080,"caption":"Aretha Explora"},"image":{"@id":"https:\/\/espacioaretha.com\/explora\/#\/schema\/logo\/image\/"}},{"@type":"Person","@id":"https:\/\/espacioaretha.com\/explora\/#\/schema\/person\/771b9e5d9d662ca68c44b3761ef875e1","name":"Estefan\u00eda Ferrer","image":{"@type":"ImageObject","inLanguage":"es","@id":"https:\/\/espacioaretha.com\/explora\/wp-content\/uploads\/2022\/11\/cropped-Estefania_Building-Consultancy_search-96x96.jpg","url":"https:\/\/espacioaretha.com\/explora\/wp-content\/uploads\/2022\/11\/cropped-Estefania_Building-Consultancy_search-96x96.jpg","contentUrl":"https:\/\/espacioaretha.com\/explora\/wp-content\/uploads\/2022\/11\/cropped-Estefania_Building-Consultancy_search-96x96.jpg","caption":"Estefan\u00eda Ferrer"},"description":"Director | Architecture &amp; Building Consultancy Colliers","sameAs":["https:\/\/www.colliers.com\/es-es"],"url":"https:\/\/espacioaretha.com\/explora\/author\/estefania-ferrer\/"}]}},"_links":{"self":[{"href":"https:\/\/espacioaretha.com\/explora\/wp-json\/wp\/v2\/posts\/2924","targetHints":{"allow":["GET"]}}],"collection":[{"href":"https:\/\/espacioaretha.com\/explora\/wp-json\/wp\/v2\/posts"}],"about":[{"href":"https:\/\/espacioaretha.com\/explora\/wp-json\/wp\/v2\/types\/post"}],"author":[{"embeddable":true,"href":"https:\/\/espacioaretha.com\/explora\/wp-json\/wp\/v2\/users\/32"}],"replies":[{"embeddable":true,"href":"https:\/\/espacioaretha.com\/explora\/wp-json\/wp\/v2\/comments?post=2924"}],"version-history":[{"count":23,"href":"https:\/\/espacioaretha.com\/explora\/wp-json\/wp\/v2\/posts\/2924\/revisions"}],"predecessor-version":[{"id":3458,"href":"https:\/\/espacioaretha.com\/explora\/wp-json\/wp\/v2\/posts\/2924\/revisions\/3458"}],"wp:featuredmedia":[{"embeddable":true,"href":"https:\/\/espacioaretha.com\/explora\/wp-json\/wp\/v2\/media\/3416"}],"wp:attachment":[{"href":"https:\/\/espacioaretha.com\/explora\/wp-json\/wp\/v2\/media?parent=2924"}],"wp:term":[{"taxonomy":"category","embeddable":true,"href":"https:\/\/espacioaretha.com\/explora\/wp-json\/wp\/v2\/categories?post=2924"},{"taxonomy":"post_tag","embeddable":true,"href":"https:\/\/espacioaretha.com\/explora\/wp-json\/wp\/v2\/tags?post=2924"}],"curies":[{"name":"wp","href":"https:\/\/api.w.org\/{rel}","templated":true}]}}