{"id":2955,"date":"2022-11-17T16:29:35","date_gmt":"2022-11-17T15:29:35","guid":{"rendered":"https:\/\/espacioaretha.com\/explora\/?p=2955"},"modified":"2022-12-05T11:10:51","modified_gmt":"2022-12-05T10:10:51","slug":"arquitectura-sostenible","status":"publish","type":"post","link":"https:\/\/espacioaretha.com\/explora\/arquitectura-sostenible\/","title":{"rendered":"Arquitectura sostenible"},"content":{"rendered":"\n<h2 class=\"wp-block-heading\">\u00bfQu\u00e9 es la arquitectura sostenible o el dise\u00f1o interior sostenible?<\/h2>\n\n\n\n<div class=\"wp-block-columns are-vertically-aligned-top is-layout-flex wp-container-core-columns-is-layout-9d6595d7 wp-block-columns-is-layout-flex\">\n<div class=\"wp-block-column is-vertically-aligned-top is-layout-flow wp-block-column-is-layout-flow\">\n<p>El concepto de sostenibilidad implica un compromiso con el entorno, que lo que hagamos sea duradero, reciclable o reutilizable, teniendo en cuenta el impacto que va a generar.<\/p>\n\n\n\n<p>Para ello debemos dise\u00f1ar los espacios de manera responsable buscando optimizar el uso de los materiales y su transporte, de modo que se minimice el impacto ambiental, utilizando solo t\u00e9cnicas y materiales respetuosos con el medio ambiente durante el proceso de construcci\u00f3n, teniendo en cuenta las condiciones del lugar donde intervenimos e incorpor\u00e1ndolo al dise\u00f1o siempre que sea posible y buscando el consumo eficiente de energ\u00eda del espacio que desarrollamos. Adem\u00e1s utilizaremos sistemas de dise\u00f1o que aprovechen los desechos y los reutilicen de la manera m\u00e1s eficiente posible.<\/p>\n<\/div>\n\n\n\n<div class=\"wp-block-column is-vertically-aligned-top is-layout-flow wp-block-column-is-layout-flow\">\n<p>Cada material y cada producto final tienen una&nbsp;<strong>huella ambiental<\/strong>, marcada por su fabricaci\u00f3n, procesamiento, dise\u00f1o, durabilidad y reutilizaci\u00f3n. En el contexto de los materiales, la sostenibilidad toma la forma de tecnolog\u00edas de producci\u00f3n m\u00e1s inteligentes, reciclabilidad, longevidad de los materiales, biodegradabilidad, menores emisiones de CO&nbsp;<sub>2<\/sub>&nbsp;y una&nbsp;<strong>econom\u00eda circular bien establecida<\/strong>.<\/p>\n\n\n\n<p><\/p>\n<\/div>\n<\/div>\n\n\n\n<div class=\"wp-block-columns is-layout-flex wp-container-core-columns-is-layout-9d6595d7 wp-block-columns-is-layout-flex\">\n<div class=\"wp-block-column is-layout-flow wp-block-column-is-layout-flow\">\n<h4 class=\"wp-block-heading\">En <a href=\"https:\/\/areazero20.com\/\">Areazero2.0<\/a> tenemos claro que la clave para conseguir un<strong>&nbsp;dise\u00f1o de interiores sostenible<\/strong>&nbsp;est\u00e1 en reducir el consumo de energ\u00eda, reducir los residuos y proteger los recursos naturales en los espacios que vamos a utilizar para construir, reformar o decorar, en base a una serie de cuestiones:&nbsp;<\/h4>\n<\/div>\n<\/div>\n\n\n\n<div class=\"wp-block-columns is-layout-flex wp-container-core-columns-is-layout-9d6595d7 wp-block-columns-is-layout-flex\">\n<div class=\"wp-block-column is-layout-flow wp-block-column-is-layout-flow\" style=\"flex-basis:33.33%\"><\/div>\n\n\n\n<div class=\"wp-block-column is-layout-flow wp-block-column-is-layout-flow\" style=\"flex-basis:66.66%\">\n<ul class=\"wp-block-list\">\n<li><strong>Elegir materiales con un impacto ambiental reducido<\/strong>. Para seleccionar materiales sostenibles se ha de mirar hacia adelante y hacia atr\u00e1s en todo el ciclo de vida de un producto. Desde c\u00f3mo se extraen los recursos a trav\u00e9s de los procesos de producci\u00f3n, hasta c\u00f3mo se utilizar\u00e1n, se reciclar\u00e1n o desechar\u00e1n.<\/li>\n<\/ul>\n\n\n\n<ul class=\"wp-block-list\">\n<li><strong>Utilizar materiales duraderos<\/strong>, de manera que la renovaci\u00f3n de componentes se har\u00e1 solo cuando sea realmente necesaria. Reduciendo as\u00ed el impacto ambiental que se produce con cada cambio de material.<\/li>\n<\/ul>\n\n\n\n<ul class=\"wp-block-list\">\n<li><strong>Conocer la procedencia de los materiales a utilizar<\/strong>. Si se utilizan materiales for\u00e1neos, la huella de carbono aumentar\u00e1 por los transportes, por eso, se recomienda utilizar, siempre que sea posible, materiales de procedencia aut\u00f3ctona.<\/li>\n<\/ul>\n\n\n\n<ul class=\"wp-block-list\">\n<li><strong>Usar materiales lo m\u00e1s naturales posibles<\/strong>, como la madera, la piedra, los metales, el hormig\u00f3n natural o el pl\u00e1stico org\u00e1nico. <\/li>\n<\/ul>\n<\/div>\n<\/div>\n\n\n\n<figure class=\"wp-block-image alignfull size-large is-style-default\"><img loading=\"lazy\" decoding=\"async\" width=\"1024\" height=\"576\" src=\"https:\/\/espacioaretha.com\/explora\/wp-content\/uploads\/2022\/11\/4-1024x576.jpg\" alt=\"\" class=\"wp-image-2970\" srcset=\"https:\/\/espacioaretha.com\/explora\/wp-content\/uploads\/2022\/11\/4-1024x576.jpg 1024w, https:\/\/espacioaretha.com\/explora\/wp-content\/uploads\/2022\/11\/4-300x169.jpg 300w, https:\/\/espacioaretha.com\/explora\/wp-content\/uploads\/2022\/11\/4-768x432.jpg 768w, https:\/\/espacioaretha.com\/explora\/wp-content\/uploads\/2022\/11\/4-1536x864.jpg 1536w, https:\/\/espacioaretha.com\/explora\/wp-content\/uploads\/2022\/11\/4.jpg 1920w\" sizes=\"auto, (max-width: 1024px) 100vw, 1024px\" \/><\/figure>\n\n\n\n<p>La&nbsp;<strong>madera&nbsp;natural<\/strong> es el material que viene inmediatamente a la mente cuando se habla un producto sostenible. Sin embargo, a la hora de elegir la madera hay que prestar atenci\u00f3n al&nbsp;ciclo de producci\u00f3n. Ha de estar sujeta a los principios y criterios de una correcta gesti\u00f3n forestal, con certificaciones que garantizan la correcta procedencia y tratamiento de la materia prima.<\/p>\n\n\n\n<p>En cuanto al<strong> pl\u00e1stico<\/strong> es imprescindible reducir su uso, sin embargo su sustituci\u00f3n por otros elementos con las mismas caracter\u00edsticas no es sencilla. \u00bfQu\u00e9 opci\u00f3n queda? La clave son los&nbsp;pl\u00e1sticos reciclados. Las nuevas tecnolog\u00edas permiten reutilizar los pl\u00e1sticos para transformarlos en nuevos objetos, reduciendo los problemas de contaminaci\u00f3n relacionados con los procesos de eliminaci\u00f3n y dispersi\u00f3n en el medio ambiente. Implementar los pl\u00e1sticos reciclados en ciertos tejidos para mobiliario contract y en la fabricaci\u00f3n de paneles ac\u00fasticos. Materiales compuestos de hilos hechos en base a botellas PET recicladas. Hasta 6 botellas desechadas son suficientes para producir un m2 de tejidos o 75 botellas por m2 en el caso de paneles ac\u00fasticos. As\u00ed, el pl\u00e1stico desechable se convierte en un producto final de alta calidad para el dise\u00f1o de interiores sostenible<\/p>\n\n\n\n<div class=\"wp-block-columns is-layout-flex wp-container-core-columns-is-layout-9d6595d7 wp-block-columns-is-layout-flex\">\n<div class=\"wp-block-column is-layout-flow wp-block-column-is-layout-flow\" style=\"flex-basis:33.33%\">\n<p><\/p>\n<\/div>\n\n\n\n<div class=\"wp-block-column is-layout-flow wp-block-column-is-layout-flow\" style=\"flex-basis:66.66%\">\n<p>Adicionalmente, <strong>aprovechar la luz natural<\/strong> al m\u00e1ximo es importante para reducir el impacto ambiental. Adem\u00e1s, es muy beneficioso para el entorno de trabajo ya que disminuye la sensaci\u00f3n de cansancio e influye en el estado de \u00e1nimo del trabajador. El aprovechamiento de la luz natural para el dise\u00f1o interior es tambi\u00e9n enormemente relevante, teniendo un impacto adicional en el coste energ\u00e9tico. En su dise\u00f1o y concepci\u00f3n, no ser\u00e1 igual el planteamiento ante una zona de clima oce\u00e1nico o en zonas de clima de monta\u00f1a o mediterr\u00e1neas.<\/p>\n\n\n\n<p>Asimismo, varios estudios realizados durante los \u00faltimos a\u00f1os han demostrado que el uso de <strong>la<\/strong> <strong>biofilia <\/strong>en interiores aporta beneficios a la salud f\u00edsica y psicol\u00f3gica de las personas por su conexi\u00f3n con la naturaleza. Las plantas absorben CO2 y ayudan a reducir el uso de elementos externos para modular la calidad del aire.<\/p>\n<\/div>\n<\/div>\n\n\n\n<p>En definitiva, el objetivo es encontrar un balance energ\u00e9tico \u00f3ptimo y apostar por un&nbsp;dise\u00f1o de interiores&nbsp;sostenible.<\/p>\n\n\n\n<h3 class=\"wp-block-heading\">Nos encontramos en una era en la que \u2018reducir, reutilizar, reciclar\u2019 se ha vuelto universalmente importante para el futuro de nuestro planeta.<\/h3>\n\n\n\n<h4 class=\"wp-block-heading\">Desde Areazero 2.0 intentamos aplicar en cada proyecto criterios de sostenibilidad y de econom\u00eda circular. Poniendo nuestro granito de arena sumando a clientes y proveedores a esta forma de trabajar. <\/h4>\n\n\n\n<figure class=\"wp-block-image alignfull size-large\"><img loading=\"lazy\" decoding=\"async\" width=\"1024\" height=\"576\" src=\"https:\/\/espacioaretha.com\/explora\/wp-content\/uploads\/2022\/11\/2b-1024x576.jpg\" alt=\"\" class=\"wp-image-2966\" srcset=\"https:\/\/espacioaretha.com\/explora\/wp-content\/uploads\/2022\/11\/2b-1024x576.jpg 1024w, https:\/\/espacioaretha.com\/explora\/wp-content\/uploads\/2022\/11\/2b-300x169.jpg 300w, https:\/\/espacioaretha.com\/explora\/wp-content\/uploads\/2022\/11\/2b-768x432.jpg 768w, https:\/\/espacioaretha.com\/explora\/wp-content\/uploads\/2022\/11\/2b-1536x864.jpg 1536w, https:\/\/espacioaretha.com\/explora\/wp-content\/uploads\/2022\/11\/2b.jpg 1920w\" sizes=\"auto, (max-width: 1024px) 100vw, 1024px\" \/><\/figure>\n","protected":false},"excerpt":{"rendered":"<p>Afortunadamente, desde hace algunos a\u00f1os hemos empezado a tomar conciencia de que los recursos de nuestro planeta no son infinitos, y no lo podemos maltratar desechando todo aquello que, de forma poco inteligente, fabricamos para usarlo una sola vez y tirarlo al vertedero.<br \/>\nComo no es posible continuar con el ritmo actual de consumo, estamos obligados a replantear la forma en que vivimos, nos movemos o nos vestimos, pero sobre todo nuestra forma de producir.  <\/p>\n","protected":false},"author":33,"featured_media":2968,"comment_status":"open","ping_status":"open","sticky":false,"template":"single-full.php","format":"standard","meta":{"footnotes":""},"categories":[28,31,37],"tags":[43,45,48,140,19],"class_list":["post-2955","post","type-post","status-publish","format-standard","has-post-thumbnail","hentry","category-arquitectura","category-espacios-de-trabajo","category-sostenibilidad","tag-arquitectura","tag-espacios-de-trabajo","tag-interiorismo","tag-oficinas","tag-sostenibilidad"],"yoast_head":"<!-- This site is optimized with the Yoast SEO plugin v27.4 - https:\/\/yoast.com\/product\/yoast-seo-wordpress\/ -->\n<title>Arquitectura sostenible | Aretha Explora<\/title>\n<meta name=\"description\" content=\"\u00bfQu\u00e9 es la arquitectura sostenible o el dise\u00f1o de interior sostenible? Un compromiso con el entorno. Duradero, reciclable, reutilizable.\" \/>\n<meta name=\"robots\" content=\"index, follow, max-snippet:-1, max-image-preview:large, max-video-preview:-1\" \/>\n<link rel=\"canonical\" href=\"https:\/\/espacioaretha.com\/explora\/arquitectura-sostenible\/\" \/>\n<meta property=\"og:locale\" content=\"es_ES\" \/>\n<meta property=\"og:type\" content=\"article\" \/>\n<meta property=\"og:title\" content=\"Arquitectura sostenible | Magazine #2 Workplace | Aretha Explora\" \/>\n<meta property=\"og:description\" content=\"\u00bfQu\u00e9 es la arquitectura sostenible o el dise\u00f1o de interior sostenible? Un compromiso con el entorno. Duradero, reciclable, reutilizable.\" \/>\n<meta property=\"og:url\" content=\"https:\/\/espacioaretha.com\/explora\/arquitectura-sostenible\/\" \/>\n<meta property=\"og:site_name\" content=\"Aretha Explora\" \/>\n<meta property=\"article:published_time\" content=\"2022-11-17T15:29:35+00:00\" \/>\n<meta property=\"article:modified_time\" content=\"2022-12-05T10:10:51+00:00\" \/>\n<meta property=\"og:image\" content=\"https:\/\/espacioaretha.com\/explora\/wp-content\/uploads\/2022\/11\/Edicion-imagenes1.jpg\" \/>\n\t<meta property=\"og:image:width\" content=\"1920\" \/>\n\t<meta property=\"og:image:height\" content=\"1080\" \/>\n\t<meta property=\"og:image:type\" content=\"image\/jpeg\" \/>\n<meta name=\"author\" content=\"Areazero 2.0\" \/>\n<meta name=\"twitter:card\" content=\"summary_large_image\" \/>\n<meta name=\"twitter:title\" content=\"Arquitectura sostenible | Magazine #2 Workplace | Aretha Explora\" \/>\n<meta name=\"twitter:description\" content=\"\u00bfQu\u00e9 es la arquitectura sostenible o el dise\u00f1o de interior sostenible? Un compromiso con el entorno. Duradero, reciclable, reutilizable.\" \/>\n<meta name=\"twitter:image\" content=\"https:\/\/espacioaretha.com\/explora\/wp-content\/uploads\/2022\/11\/Edicion-imagenes1.jpg\" \/>\n<meta name=\"twitter:label1\" content=\"Escrito por\" \/>\n\t<meta name=\"twitter:data1\" content=\"Areazero 2.0\" \/>\n\t<meta name=\"twitter:label2\" content=\"Tiempo de lectura\" \/>\n\t<meta name=\"twitter:data2\" content=\"4 minutos\" \/>\n<script type=\"application\/ld+json\" class=\"yoast-schema-graph\">{\"@context\":\"https:\\\/\\\/schema.org\",\"@graph\":[{\"@type\":\"Article\",\"@id\":\"https:\\\/\\\/espacioaretha.com\\\/explora\\\/arquitectura-sostenible\\\/#article\",\"isPartOf\":{\"@id\":\"https:\\\/\\\/espacioaretha.com\\\/explora\\\/arquitectura-sostenible\\\/\"},\"author\":{\"name\":\"Areazero 2.0\",\"@id\":\"https:\\\/\\\/espacioaretha.com\\\/explora\\\/#\\\/schema\\\/person\\\/38e9adf7bd2149921146eb651f546641\"},\"headline\":\"Arquitectura sostenible\",\"datePublished\":\"2022-11-17T15:29:35+00:00\",\"dateModified\":\"2022-12-05T10:10:51+00:00\",\"mainEntityOfPage\":{\"@id\":\"https:\\\/\\\/espacioaretha.com\\\/explora\\\/arquitectura-sostenible\\\/\"},\"wordCount\":846,\"commentCount\":0,\"publisher\":{\"@id\":\"https:\\\/\\\/espacioaretha.com\\\/explora\\\/#organization\"},\"image\":{\"@id\":\"https:\\\/\\\/espacioaretha.com\\\/explora\\\/arquitectura-sostenible\\\/#primaryimage\"},\"thumbnailUrl\":\"https:\\\/\\\/espacioaretha.com\\\/explora\\\/wp-content\\\/uploads\\\/2022\\\/11\\\/Edicion-imagenes1.jpg\",\"keywords\":[\"Arquitectura\",\"Espacios de trabajo\",\"Interiorismo\",\"oficinas\",\"Sostenibilidad\"],\"articleSection\":[\"Arquitectura y dise\u00f1o\",\"Espacios de trabajo\",\"Sostenibilidad\"],\"inLanguage\":\"es\",\"potentialAction\":[{\"@type\":\"CommentAction\",\"name\":\"Comment\",\"target\":[\"https:\\\/\\\/espacioaretha.com\\\/explora\\\/arquitectura-sostenible\\\/#respond\"]}]},{\"@type\":\"WebPage\",\"@id\":\"https:\\\/\\\/espacioaretha.com\\\/explora\\\/arquitectura-sostenible\\\/\",\"url\":\"https:\\\/\\\/espacioaretha.com\\\/explora\\\/arquitectura-sostenible\\\/\",\"name\":\"Arquitectura sostenible | Aretha Explora\",\"isPartOf\":{\"@id\":\"https:\\\/\\\/espacioaretha.com\\\/explora\\\/#website\"},\"primaryImageOfPage\":{\"@id\":\"https:\\\/\\\/espacioaretha.com\\\/explora\\\/arquitectura-sostenible\\\/#primaryimage\"},\"image\":{\"@id\":\"https:\\\/\\\/espacioaretha.com\\\/explora\\\/arquitectura-sostenible\\\/#primaryimage\"},\"thumbnailUrl\":\"https:\\\/\\\/espacioaretha.com\\\/explora\\\/wp-content\\\/uploads\\\/2022\\\/11\\\/Edicion-imagenes1.jpg\",\"datePublished\":\"2022-11-17T15:29:35+00:00\",\"dateModified\":\"2022-12-05T10:10:51+00:00\",\"description\":\"\u00bfQu\u00e9 es la arquitectura sostenible o el dise\u00f1o de interior sostenible? Un compromiso con el entorno. Duradero, reciclable, reutilizable.\",\"breadcrumb\":{\"@id\":\"https:\\\/\\\/espacioaretha.com\\\/explora\\\/arquitectura-sostenible\\\/#breadcrumb\"},\"inLanguage\":\"es\",\"potentialAction\":[{\"@type\":\"ReadAction\",\"target\":[\"https:\\\/\\\/espacioaretha.com\\\/explora\\\/arquitectura-sostenible\\\/\"]}]},{\"@type\":\"ImageObject\",\"inLanguage\":\"es\",\"@id\":\"https:\\\/\\\/espacioaretha.com\\\/explora\\\/arquitectura-sostenible\\\/#primaryimage\",\"url\":\"https:\\\/\\\/espacioaretha.com\\\/explora\\\/wp-content\\\/uploads\\\/2022\\\/11\\\/Edicion-imagenes1.jpg\",\"contentUrl\":\"https:\\\/\\\/espacioaretha.com\\\/explora\\\/wp-content\\\/uploads\\\/2022\\\/11\\\/Edicion-imagenes1.jpg\",\"width\":1920,\"height\":1080},{\"@type\":\"BreadcrumbList\",\"@id\":\"https:\\\/\\\/espacioaretha.com\\\/explora\\\/arquitectura-sostenible\\\/#breadcrumb\",\"itemListElement\":[{\"@type\":\"ListItem\",\"position\":1,\"name\":\"Portada\",\"item\":\"https:\\\/\\\/espacioaretha.com\\\/explora\\\/\"},{\"@type\":\"ListItem\",\"position\":2,\"name\":\"Arquitectura sostenible\"}]},{\"@type\":\"WebSite\",\"@id\":\"https:\\\/\\\/espacioaretha.com\\\/explora\\\/#website\",\"url\":\"https:\\\/\\\/espacioaretha.com\\\/explora\\\/\",\"name\":\"Aretha Explora\",\"description\":\"Plataforma de contenidos e inspiraci\u00f3n sobre arquitectura, dise\u00f1o y mucho m\u00e1s\",\"publisher\":{\"@id\":\"https:\\\/\\\/espacioaretha.com\\\/explora\\\/#organization\"},\"potentialAction\":[{\"@type\":\"SearchAction\",\"target\":{\"@type\":\"EntryPoint\",\"urlTemplate\":\"https:\\\/\\\/espacioaretha.com\\\/explora\\\/?s={search_term_string}\"},\"query-input\":{\"@type\":\"PropertyValueSpecification\",\"valueRequired\":true,\"valueName\":\"search_term_string\"}}],\"inLanguage\":\"es\"},{\"@type\":\"Organization\",\"@id\":\"https:\\\/\\\/espacioaretha.com\\\/explora\\\/#organization\",\"name\":\"Aretha Explora\",\"alternateName\":\"Aretha\",\"url\":\"https:\\\/\\\/espacioaretha.com\\\/explora\\\/\",\"logo\":{\"@type\":\"ImageObject\",\"inLanguage\":\"es\",\"@id\":\"https:\\\/\\\/espacioaretha.com\\\/explora\\\/#\\\/schema\\\/logo\\\/image\\\/\",\"url\":\"https:\\\/\\\/espacioaretha.com\\\/explora\\\/wp-content\\\/uploads\\\/2022\\\/05\\\/Ojo-web.jpg\",\"contentUrl\":\"https:\\\/\\\/espacioaretha.com\\\/explora\\\/wp-content\\\/uploads\\\/2022\\\/05\\\/Ojo-web.jpg\",\"width\":1920,\"height\":1080,\"caption\":\"Aretha Explora\"},\"image\":{\"@id\":\"https:\\\/\\\/espacioaretha.com\\\/explora\\\/#\\\/schema\\\/logo\\\/image\\\/\"}},{\"@type\":\"Person\",\"@id\":\"https:\\\/\\\/espacioaretha.com\\\/explora\\\/#\\\/schema\\\/person\\\/38e9adf7bd2149921146eb651f546641\",\"name\":\"Areazero 2.0\",\"image\":{\"@type\":\"ImageObject\",\"inLanguage\":\"es\",\"@id\":\"https:\\\/\\\/espacioaretha.com\\\/explora\\\/wp-content\\\/uploads\\\/2022\\\/11\\\/cropped-2-4-96x96.jpg\",\"url\":\"https:\\\/\\\/espacioaretha.com\\\/explora\\\/wp-content\\\/uploads\\\/2022\\\/11\\\/cropped-2-4-96x96.jpg\",\"contentUrl\":\"https:\\\/\\\/espacioaretha.com\\\/explora\\\/wp-content\\\/uploads\\\/2022\\\/11\\\/cropped-2-4-96x96.jpg\",\"caption\":\"Areazero 2.0\"},\"sameAs\":[\"https:\\\/\\\/areazero20.com\\\/\"],\"url\":\"https:\\\/\\\/espacioaretha.com\\\/explora\\\/author\\\/areazero-2-0\\\/\"}]}<\/script>\n<!-- \/ Yoast SEO plugin. -->","yoast_head_json":{"title":"Arquitectura sostenible | Aretha Explora","description":"\u00bfQu\u00e9 es la arquitectura sostenible o el dise\u00f1o de interior sostenible? Un compromiso con el entorno. Duradero, reciclable, reutilizable.","robots":{"index":"index","follow":"follow","max-snippet":"max-snippet:-1","max-image-preview":"max-image-preview:large","max-video-preview":"max-video-preview:-1"},"canonical":"https:\/\/espacioaretha.com\/explora\/arquitectura-sostenible\/","og_locale":"es_ES","og_type":"article","og_title":"Arquitectura sostenible | Magazine #2 Workplace | Aretha Explora","og_description":"\u00bfQu\u00e9 es la arquitectura sostenible o el dise\u00f1o de interior sostenible? Un compromiso con el entorno. Duradero, reciclable, reutilizable.","og_url":"https:\/\/espacioaretha.com\/explora\/arquitectura-sostenible\/","og_site_name":"Aretha Explora","article_published_time":"2022-11-17T15:29:35+00:00","article_modified_time":"2022-12-05T10:10:51+00:00","og_image":[{"width":1920,"height":1080,"url":"https:\/\/espacioaretha.com\/explora\/wp-content\/uploads\/2022\/11\/Edicion-imagenes1.jpg","type":"image\/jpeg"}],"author":"Areazero 2.0","twitter_card":"summary_large_image","twitter_title":"Arquitectura sostenible | Magazine #2 Workplace | Aretha Explora","twitter_description":"\u00bfQu\u00e9 es la arquitectura sostenible o el dise\u00f1o de interior sostenible? Un compromiso con el entorno. Duradero, reciclable, reutilizable.","twitter_image":"https:\/\/espacioaretha.com\/explora\/wp-content\/uploads\/2022\/11\/Edicion-imagenes1.jpg","twitter_misc":{"Escrito por":"Areazero 2.0","Tiempo de lectura":"4 minutos"},"schema":{"@context":"https:\/\/schema.org","@graph":[{"@type":"Article","@id":"https:\/\/espacioaretha.com\/explora\/arquitectura-sostenible\/#article","isPartOf":{"@id":"https:\/\/espacioaretha.com\/explora\/arquitectura-sostenible\/"},"author":{"name":"Areazero 2.0","@id":"https:\/\/espacioaretha.com\/explora\/#\/schema\/person\/38e9adf7bd2149921146eb651f546641"},"headline":"Arquitectura sostenible","datePublished":"2022-11-17T15:29:35+00:00","dateModified":"2022-12-05T10:10:51+00:00","mainEntityOfPage":{"@id":"https:\/\/espacioaretha.com\/explora\/arquitectura-sostenible\/"},"wordCount":846,"commentCount":0,"publisher":{"@id":"https:\/\/espacioaretha.com\/explora\/#organization"},"image":{"@id":"https:\/\/espacioaretha.com\/explora\/arquitectura-sostenible\/#primaryimage"},"thumbnailUrl":"https:\/\/espacioaretha.com\/explora\/wp-content\/uploads\/2022\/11\/Edicion-imagenes1.jpg","keywords":["Arquitectura","Espacios de trabajo","Interiorismo","oficinas","Sostenibilidad"],"articleSection":["Arquitectura y dise\u00f1o","Espacios de trabajo","Sostenibilidad"],"inLanguage":"es","potentialAction":[{"@type":"CommentAction","name":"Comment","target":["https:\/\/espacioaretha.com\/explora\/arquitectura-sostenible\/#respond"]}]},{"@type":"WebPage","@id":"https:\/\/espacioaretha.com\/explora\/arquitectura-sostenible\/","url":"https:\/\/espacioaretha.com\/explora\/arquitectura-sostenible\/","name":"Arquitectura sostenible | Aretha Explora","isPartOf":{"@id":"https:\/\/espacioaretha.com\/explora\/#website"},"primaryImageOfPage":{"@id":"https:\/\/espacioaretha.com\/explora\/arquitectura-sostenible\/#primaryimage"},"image":{"@id":"https:\/\/espacioaretha.com\/explora\/arquitectura-sostenible\/#primaryimage"},"thumbnailUrl":"https:\/\/espacioaretha.com\/explora\/wp-content\/uploads\/2022\/11\/Edicion-imagenes1.jpg","datePublished":"2022-11-17T15:29:35+00:00","dateModified":"2022-12-05T10:10:51+00:00","description":"\u00bfQu\u00e9 es la arquitectura sostenible o el dise\u00f1o de interior sostenible? Un compromiso con el entorno. Duradero, reciclable, reutilizable.","breadcrumb":{"@id":"https:\/\/espacioaretha.com\/explora\/arquitectura-sostenible\/#breadcrumb"},"inLanguage":"es","potentialAction":[{"@type":"ReadAction","target":["https:\/\/espacioaretha.com\/explora\/arquitectura-sostenible\/"]}]},{"@type":"ImageObject","inLanguage":"es","@id":"https:\/\/espacioaretha.com\/explora\/arquitectura-sostenible\/#primaryimage","url":"https:\/\/espacioaretha.com\/explora\/wp-content\/uploads\/2022\/11\/Edicion-imagenes1.jpg","contentUrl":"https:\/\/espacioaretha.com\/explora\/wp-content\/uploads\/2022\/11\/Edicion-imagenes1.jpg","width":1920,"height":1080},{"@type":"BreadcrumbList","@id":"https:\/\/espacioaretha.com\/explora\/arquitectura-sostenible\/#breadcrumb","itemListElement":[{"@type":"ListItem","position":1,"name":"Portada","item":"https:\/\/espacioaretha.com\/explora\/"},{"@type":"ListItem","position":2,"name":"Arquitectura sostenible"}]},{"@type":"WebSite","@id":"https:\/\/espacioaretha.com\/explora\/#website","url":"https:\/\/espacioaretha.com\/explora\/","name":"Aretha Explora","description":"Plataforma de contenidos e inspiraci\u00f3n sobre arquitectura, dise\u00f1o y mucho m\u00e1s","publisher":{"@id":"https:\/\/espacioaretha.com\/explora\/#organization"},"potentialAction":[{"@type":"SearchAction","target":{"@type":"EntryPoint","urlTemplate":"https:\/\/espacioaretha.com\/explora\/?s={search_term_string}"},"query-input":{"@type":"PropertyValueSpecification","valueRequired":true,"valueName":"search_term_string"}}],"inLanguage":"es"},{"@type":"Organization","@id":"https:\/\/espacioaretha.com\/explora\/#organization","name":"Aretha Explora","alternateName":"Aretha","url":"https:\/\/espacioaretha.com\/explora\/","logo":{"@type":"ImageObject","inLanguage":"es","@id":"https:\/\/espacioaretha.com\/explora\/#\/schema\/logo\/image\/","url":"https:\/\/espacioaretha.com\/explora\/wp-content\/uploads\/2022\/05\/Ojo-web.jpg","contentUrl":"https:\/\/espacioaretha.com\/explora\/wp-content\/uploads\/2022\/05\/Ojo-web.jpg","width":1920,"height":1080,"caption":"Aretha Explora"},"image":{"@id":"https:\/\/espacioaretha.com\/explora\/#\/schema\/logo\/image\/"}},{"@type":"Person","@id":"https:\/\/espacioaretha.com\/explora\/#\/schema\/person\/38e9adf7bd2149921146eb651f546641","name":"Areazero 2.0","image":{"@type":"ImageObject","inLanguage":"es","@id":"https:\/\/espacioaretha.com\/explora\/wp-content\/uploads\/2022\/11\/cropped-2-4-96x96.jpg","url":"https:\/\/espacioaretha.com\/explora\/wp-content\/uploads\/2022\/11\/cropped-2-4-96x96.jpg","contentUrl":"https:\/\/espacioaretha.com\/explora\/wp-content\/uploads\/2022\/11\/cropped-2-4-96x96.jpg","caption":"Areazero 2.0"},"sameAs":["https:\/\/areazero20.com\/"],"url":"https:\/\/espacioaretha.com\/explora\/author\/areazero-2-0\/"}]}},"_links":{"self":[{"href":"https:\/\/espacioaretha.com\/explora\/wp-json\/wp\/v2\/posts\/2955","targetHints":{"allow":["GET"]}}],"collection":[{"href":"https:\/\/espacioaretha.com\/explora\/wp-json\/wp\/v2\/posts"}],"about":[{"href":"https:\/\/espacioaretha.com\/explora\/wp-json\/wp\/v2\/types\/post"}],"author":[{"embeddable":true,"href":"https:\/\/espacioaretha.com\/explora\/wp-json\/wp\/v2\/users\/33"}],"replies":[{"embeddable":true,"href":"https:\/\/espacioaretha.com\/explora\/wp-json\/wp\/v2\/comments?post=2955"}],"version-history":[{"count":20,"href":"https:\/\/espacioaretha.com\/explora\/wp-json\/wp\/v2\/posts\/2955\/revisions"}],"predecessor-version":[{"id":3466,"href":"https:\/\/espacioaretha.com\/explora\/wp-json\/wp\/v2\/posts\/2955\/revisions\/3466"}],"wp:featuredmedia":[{"embeddable":true,"href":"https:\/\/espacioaretha.com\/explora\/wp-json\/wp\/v2\/media\/2968"}],"wp:attachment":[{"href":"https:\/\/espacioaretha.com\/explora\/wp-json\/wp\/v2\/media?parent=2955"}],"wp:term":[{"taxonomy":"category","embeddable":true,"href":"https:\/\/espacioaretha.com\/explora\/wp-json\/wp\/v2\/categories?post=2955"},{"taxonomy":"post_tag","embeddable":true,"href":"https:\/\/espacioaretha.com\/explora\/wp-json\/wp\/v2\/tags?post=2955"}],"curies":[{"name":"wp","href":"https:\/\/api.w.org\/{rel}","templated":true}]}}