{"id":3295,"date":"2022-11-28T17:20:11","date_gmt":"2022-11-28T16:20:11","guid":{"rendered":"https:\/\/espacioaretha.com\/explora\/?p=3295"},"modified":"2022-12-05T11:07:06","modified_gmt":"2022-12-05T10:07:06","slug":"el-trabajo-es-una-actividad-y-no-un-lugar-a-donde-ir","status":"publish","type":"post","link":"https:\/\/espacioaretha.com\/explora\/el-trabajo-es-una-actividad-y-no-un-lugar-a-donde-ir\/","title":{"rendered":"El trabajo es una actividad y no un lugar a d\u00f3nde ir"},"content":{"rendered":"\n<div class=\"wp-block-columns is-layout-flex wp-container-core-columns-is-layout-9d6595d7 wp-block-columns-is-layout-flex\">\n<div class=\"wp-block-column is-layout-flow wp-block-column-is-layout-flow\" style=\"flex-basis:66.66%\">\n<h3 class=\"wp-block-heading\">El mundo entero ha tenido que adaptarse de manera radical desde 2020 a c\u00f3mo comportarnos y relacionarnos en casi todos los aspectos de la vida, tomando conciencia de la importancia de las relaciones humanas.<\/h3>\n<\/div>\n<\/div>\n\n\n\n<div class=\"wp-block-columns is-layout-flex wp-container-core-columns-is-layout-9d6595d7 wp-block-columns-is-layout-flex\">\n<div class=\"wp-block-column is-layout-flow wp-block-column-is-layout-flow\"><\/div>\n\n\n\n<div class=\"wp-block-column is-layout-flow wp-block-column-is-layout-flow\">\n<h4 class=\"wp-block-heading\"><strong>Francisco, tenemos la suerte de contar con tu opini\u00f3n, gracias nuevamente por aceptar nuestra invitaci\u00f3n, \u00bfcu\u00e1les dir\u00edas que han sido las transformaciones m\u00e1s importantes que hab\u00e9is experimentado en los entornos de trabajo de vuestros clientes?<\/strong><\/h4>\n<\/div>\n<\/div>\n\n\n\n<div class=\"wp-block-columns is-layout-flex wp-container-core-columns-is-layout-9d6595d7 wp-block-columns-is-layout-flex\">\n<div class=\"wp-block-column is-layout-flow wp-block-column-is-layout-flow\">\n<p>Destacar\u00eda, por un lado, la transformaci\u00f3n digital que venimos experimentando desde hace tiempo.<\/p>\n\n\n\n<p>A su vez, lo que ha ocurrido estos \u00faltimos a\u00f1os ha hecho simplemente que se \u201cabran ojos\u201d. A las personas sobre las posibilidades y flexibilidades que trabajar en remoto ofrece, y a su vez, a las empresas, a quienes se les plantea esta opci\u00f3n de forma abierta.<\/p>\n<\/div>\n\n\n\n<div class=\"wp-block-column is-layout-flow wp-block-column-is-layout-flow\">\n<p>Esas dos cosas unidas a una adopci\u00f3n necesaria de la tecnolog\u00eda, ha empujado a que realmente <\/p>\n\n\n\n<h2 class=\"wp-block-heading\">el trabajo sea una actividad y no un lugar a d\u00f3nde ir<\/h2>\n<\/div>\n<\/div>\n\n\n\n<div class=\"wp-block-columns is-layout-flex wp-container-core-columns-is-layout-9d6595d7 wp-block-columns-is-layout-flex\">\n<div class=\"wp-block-column is-layout-flow wp-block-column-is-layout-flow\">\n<h4 class=\"wp-block-heading\"><strong>En todo este tiempo, se ha puesto de manifiesto un debate sobre en qu\u00e9 medida se podr\u00eda ver afectada la productividad de las empresas o la identificaci\u00f3n de la persona con la cultura empresarial. \u00bfCu\u00e1l ha sido tu experiencia con las grandes corporaciones con las que trabaj\u00e1is?<\/strong><\/h4>\n<\/div>\n\n\n\n<div class=\"wp-block-column is-layout-flow wp-block-column-is-layout-flow\"><\/div>\n<\/div>\n\n\n\n<div class=\"wp-block-columns is-layout-flex wp-container-core-columns-is-layout-9d6595d7 wp-block-columns-is-layout-flex\">\n<div class=\"wp-block-column is-layout-flow wp-block-column-is-layout-flow\">\n<p>Bueno, hay ciertas tareas repetitivas como lecturas de email o escribir un informe, trabajo individual al fin y al cabo que puede realizarse en cualquier lugar. Por otro lado, las compa\u00f1\u00edas han echado mucho de menos la parte de la cultura. Era inminente ese \u201ca la oficina hay que volver\u201d.<\/p>\n\n\n\n<p><strong>Los modelos que se plantean ahora sin embargo son los modelos flexibles<\/strong> que son capaces de integrar lo mejor del trabajo en remoto con lo mejor del trabajo presencial. <\/p>\n\n\n\n<p>En cuanto a la productividad, esas tareas repetitivas han mejorado exponencialmente. Claro, nos sent\u00e1bamos a las 9 de la ma\u00f1ana y desconect\u00e1bamos a las 9 de la noche.<\/p>\n<\/div>\n\n\n\n<div class=\"wp-block-column is-layout-flow wp-block-column-is-layout-flow\">\n<p>Sin embargo, algunas virtudes y capacidades se han visto mermadas, como la capacidad de &nbsp;innovaci\u00f3n y creatividad que se daba en el espacio f\u00edsico.<\/p>\n\n\n\n<p>Lo importante es que ahora las compa\u00f1\u00edas han de reflexionar <strong><em>para qu\u00e9 quiero mi oficina<\/em><\/strong>. Si quieren que las personas vengan m\u00e1s o menos y para qu\u00e9 realmente es importante que acudan. Esto marcar\u00e1 la manera en la que se dise\u00f1an y conciben.<\/p>\n\n\n\n<p>Lo cierto es que<strong> el dise\u00f1o basado en el <em>Workstation<\/em> tradicional ahora es lo menos importante en los espacios de trabajo.<\/strong> Al menos como ha sido hasta ahora.<\/p>\n<\/div>\n<\/div>\n\n\n\n<figure class=\"wp-block-gallery has-nested-images columns-default is-cropped wp-block-gallery-1 is-layout-flex wp-block-gallery-is-layout-flex\">\n<figure class=\"wp-block-image size-large\"><img loading=\"lazy\" decoding=\"async\" width=\"1024\" height=\"765\" data-id=\"3332\" src=\"https:\/\/espacioaretha.com\/explora\/wp-content\/uploads\/2022\/11\/lugarpg-1024x765.jpg\" alt=\"lugar\" class=\"wp-image-3332\" srcset=\"https:\/\/espacioaretha.com\/explora\/wp-content\/uploads\/2022\/11\/lugarpg-1024x765.jpg 1024w, https:\/\/espacioaretha.com\/explora\/wp-content\/uploads\/2022\/11\/lugarpg-300x224.jpg 300w, https:\/\/espacioaretha.com\/explora\/wp-content\/uploads\/2022\/11\/lugarpg-768x574.jpg 768w, https:\/\/espacioaretha.com\/explora\/wp-content\/uploads\/2022\/11\/lugarpg.jpg 1265w\" sizes=\"auto, (max-width: 1024px) 100vw, 1024px\" \/><\/figure>\n<\/figure>\n\n\n\n<div class=\"wp-block-columns is-layout-flex wp-container-core-columns-is-layout-9d6595d7 wp-block-columns-is-layout-flex\">\n<div class=\"wp-block-column is-layout-flow wp-block-column-is-layout-flow\"><\/div>\n\n\n\n<div class=\"wp-block-column is-layout-flow wp-block-column-is-layout-flow\">\n<h4 class=\"wp-block-heading\"><strong>\u00bfC\u00f3mo debemos entender realmente el concepto de trabajo flexible e hibrido para que tenga plena validez?<\/strong><\/h4>\n<\/div>\n<\/div>\n\n\n\n<div class=\"wp-block-columns is-layout-flex wp-container-core-columns-is-layout-9d6595d7 wp-block-columns-is-layout-flex\">\n<div class=\"wp-block-column is-layout-flow wp-block-column-is-layout-flow\">\n<p>En el trabajo flexible se elige el tiempo y lugar donde realizar la actividad. Es una posibilidad que la empresa da en coordinaci\u00f3n con el grupo de trabajo. En varias empresas se crea lo que se llama el \u201cmanifiesto del trabajo flexible\u201d.<\/p>\n\n\n\n<p>La flexibilidad requiere, en definitiva, responsabilidad por parte del empleado y confianza por parte de las empresas; y de ah\u00ed lo m\u00e1s complejo es el liderazgo.<\/p>\n<\/div>\n\n\n\n<div class=\"wp-block-column is-layout-flow wp-block-column-is-layout-flow\">\n<p>A nivel de espacios corporativos el futuro va hacia all\u00e1, <strong>habr\u00e1 menos \u201cWorkstation\u201d tradicionales y m\u00e1s espacios donde poder reflexionar.<\/strong><\/p>\n\n\n\n<p>Las oficinas pasan a ser mucho m\u00e1s din\u00e1micas en cuanto al dise\u00f1o de los espacios. Antes las empresas se mudaban de sede cada 15 a\u00f1os, ahora, sin embargo, se demandan cambios constantemente para adaptarse con plazos mucho m\u00e1s cortos.<\/p>\n<\/div>\n<\/div>\n\n\n\n<div class=\"wp-block-columns is-layout-flex wp-container-core-columns-is-layout-9d6595d7 wp-block-columns-is-layout-flex\">\n<div class=\"wp-block-column is-layout-flow wp-block-column-is-layout-flow\">\n<h4 class=\"wp-block-heading\"><strong>\u00bfCrees que en general las empresas est\u00e1n preparadas para este proceso, ya sean grandes, peque\u00f1as o medianas?<\/strong><\/h4>\n<\/div>\n\n\n\n<div class=\"wp-block-column is-layout-flow wp-block-column-is-layout-flow\"><\/div>\n<\/div>\n\n\n\n<div class=\"wp-block-columns is-layout-flex wp-container-core-columns-is-layout-9d6595d7 wp-block-columns-is-layout-flex\">\n<div class=\"wp-block-column is-layout-flow wp-block-column-is-layout-flow\">\n<p>Definitivamente la pandemia ayud\u00f3 y rompi\u00f3 barreras. Ayud\u00f3 a quitar argumentos.<\/p>\n\n\n\n<p>Ahora el contraargumento m\u00e1s escuchado es \u201clo importante es la cultura, que estemos juntos\u201d, y tiene su l\u00f3gica, aunque no tiene por qu\u00e9 aplicarse siempre as\u00ed. No hace falta que se aplique a todos los d\u00edas. El debate est\u00e1 claramente encima de la mesa.<\/p>\n\n\n\n<p>Las personas quieren y buscan esa flexibilidad. Se ha demostrado que es posible, y si ciertas empresas no se lo dan, las personas, <\/p>\n<\/div>\n\n\n\n<div class=\"wp-block-column is-layout-flow wp-block-column-is-layout-flow\">\n<p>el talento, que puede elegir trabajo acabar\u00e1n desmarc\u00e1ndose.<\/p>\n\n\n\n<p>Pues ese <strong>trabajo flexible impacta en las personas, en la sostenibilidad con la reducci\u00f3n de transportes, y en las familias<\/strong>\u2026 Cuando utilizamos las tecnolog\u00edas para mejorar calidad de vida de todos, los argumentos desaparecen.<\/p>\n\n\n\n<p>En definitiva, lo que hemos de conseguir es que esas interacciones que las personas tienen con la compa\u00f1\u00eda sean m\u00e1s intensas y de m\u00e1s calidad realmente.<\/p>\n<\/div>\n<\/div>\n\n\n\n<div class=\"wp-block-columns is-layout-flex wp-container-core-columns-is-layout-9d6595d7 wp-block-columns-is-layout-flex\">\n<div class=\"wp-block-column is-layout-flow wp-block-column-is-layout-flow\"><\/div>\n\n\n\n<div class=\"wp-block-column is-layout-flow wp-block-column-is-layout-flow\">\n<h4 class=\"wp-block-heading\"><strong>Llevado a tu profesi\u00f3n como arquitectos, en lo relativo al dise\u00f1o de espacios y la gesti\u00f3n del tiempo en la oficina, \u00bfcu\u00e1l es el impacto m\u00e1s visible en este corto periodo?<\/strong><\/h4>\n<\/div>\n<\/div>\n\n\n\n<div class=\"wp-block-columns is-layout-flex wp-container-core-columns-is-layout-9d6595d7 wp-block-columns-is-layout-flex\">\n<div class=\"wp-block-column is-layout-flow wp-block-column-is-layout-flow\">\n<p>Hoy d\u00eda hay de todo. Numerosas empresas siguen ese modelo flexible de 2-3 d\u00edas alternos. Esto irremediablemente tiene un impacto econ\u00f3mico. Hay empresas que lo aprovechan para reducir costes notablemente, eliminando plantas de oficinas. Otras han utilizado este tiempo para evaluar y definir los modelos, ver c\u00f3mo se adaptan a la situaci\u00f3n.<\/p>\n<\/div>\n\n\n\n<div class=\"wp-block-column is-layout-flow wp-block-column-is-layout-flow\">\n<p><strong>La transformaci\u00f3n de las oficinas se encamina a eliminar esos puestos de trabajo fijos para sustituirlos por nuevos espacios<\/strong>. Son transformaciones \u201cquir\u00fargicas\u201d digamos.<\/p>\n\n\n\n<p>Indudablemente este nuevo fen\u00f3meno de trabajo flexible impacta en una mejor vida para todo el mundo.<\/p>\n<\/div>\n<\/div>\n\n\n\n<div class=\"wp-block-columns is-layout-flex wp-container-core-columns-is-layout-9d6595d7 wp-block-columns-is-layout-flex\">\n<div class=\"wp-block-column is-layout-flow wp-block-column-is-layout-flow\">\n<h4 class=\"wp-block-heading\"><strong>\u00bfQu\u00e9 factores adicionales a\u00f1adir\u00edas al proceso de cambio que est\u00e1n transformando el dise\u00f1o y conceptualizaci\u00f3n de los espacios de trabajo?<\/strong><\/h4>\n<\/div>\n\n\n\n<div class=\"wp-block-column is-layout-flow wp-block-column-is-layout-flow\"><\/div>\n<\/div>\n\n\n\n<div class=\"wp-block-columns is-layout-flex wp-container-core-columns-is-layout-9d6595d7 wp-block-columns-is-layout-flex\">\n<div class=\"wp-block-column is-layout-flow wp-block-column-is-layout-flow\">\n<p>Adicionalmente, comentar\u00eda sobre otro tema que estaba ya en la mesa. <strong>El bienestar y el confort de las personas.<\/strong><\/p>\n\n\n\n<p>El bienestar es tener en cuenta la ac\u00fastica, la iluminaci\u00f3n, el color y otros para hacer espacios singulares. Concebir los espacios pensando en las personas y en la experiencia del usuario.<\/p>\n<\/div>\n\n\n\n<div class=\"wp-block-column is-layout-flow wp-block-column-is-layout-flow\"><\/div>\n<\/div>\n\n\n\n<div class=\"wp-block-columns is-layout-flex wp-container-core-columns-is-layout-9d6595d7 wp-block-columns-is-layout-flex\">\n<div class=\"wp-block-column is-layout-flow wp-block-column-is-layout-flow\">\n<h3 class=\"wp-block-heading\">Por eso, el gran reto y el ADN de <a href=\"https:\/\/www.3goffice.com\/\">3G<\/a> no es que sea bonito, sino que conjugue todo, que sea funcional, accesible y experiencial.<\/h3>\n\n\n\n<p><\/p>\n\n\n\n<p>Extracto de <a href=\"https:\/\/espacioaretha.com\/explora\/video-series\/con-francisco-vazquez\/\">Un Caf\u00e9 con&#8230; Francisco V\u00e1zquez<\/a><\/p>\n<\/div>\n\n\n\n<div class=\"wp-block-column is-layout-flow wp-block-column-is-layout-flow\"><\/div>\n<\/div>\n","protected":false},"excerpt":{"rendered":"<p>Transcribimos en este art\u00edculo algunas de las reflexiones que Francisco V\u00e1zquez, Presidente de 3G Smart Group, nos hizo en una reciente entrevista desde su punto de vista como arquitecto y especialista en el dise\u00f1o de entornos de trabajo. En ella, nos aporta una visi\u00f3n cr\u00edtica acerca de c\u00f3mo los entornos de trabajo han acelerado de manera dr\u00e1stica un proceso que desde hace ya algunos a\u00f1os se ven\u00eda observando.<\/p>\n","protected":false},"author":18,"featured_media":3326,"comment_status":"open","ping_status":"open","sticky":false,"template":"single-full.php","format":"standard","meta":{"footnotes":""},"categories":[31],"tags":[79,143,73,69,85,154,152],"class_list":["post-3295","post","type-post","status-publish","format-standard","has-post-thumbnail","hentry","category-espacios-de-trabajo","tag-bienestar","tag-espacios-flexibles","tag-futuro","tag-innovacion","tag-productividad","tag-recursos-humanos","tag-teletrabajo"],"yoast_head":"<!-- This site is optimized with the Yoast SEO plugin v27.4 - https:\/\/yoast.com\/product\/yoast-seo-wordpress\/ -->\n<title>El trabajo es una actividad y no un lugar a d\u00f3nde ir | Workplace | Aretha<\/title>\n<meta name=\"description\" content=\"Francisco V. de 3G office entiende que el trabajo ya no es un lugar donde ir. El modelo flexible de trabajo ha transformado los espacios.\" \/>\n<meta name=\"robots\" content=\"index, follow, max-snippet:-1, max-image-preview:large, max-video-preview:-1\" \/>\n<link rel=\"canonical\" href=\"https:\/\/espacioaretha.com\/explora\/el-trabajo-es-una-actividad-y-no-un-lugar-a-donde-ir\/\" \/>\n<meta property=\"og:locale\" content=\"es_ES\" \/>\n<meta property=\"og:type\" content=\"article\" \/>\n<meta property=\"og:title\" content=\"El trabajo es una actividad y no un lugar a d\u00f3nde ir | Magazine #2 Workplace | Aretha Explora\" \/>\n<meta property=\"og:description\" content=\"Francisco V. de 3G office entiende que el trabajo ya no es un lugar donde ir. El modelo flexible de trabajo ha transformado los espacios.\" \/>\n<meta property=\"og:url\" content=\"https:\/\/espacioaretha.com\/explora\/el-trabajo-es-una-actividad-y-no-un-lugar-a-donde-ir\/\" \/>\n<meta property=\"og:site_name\" content=\"Aretha Explora\" \/>\n<meta property=\"article:published_time\" content=\"2022-11-28T16:20:11+00:00\" \/>\n<meta property=\"article:modified_time\" content=\"2022-12-05T10:07:06+00:00\" \/>\n<meta property=\"og:image\" content=\"https:\/\/espacioaretha.com\/explora\/wp-content\/uploads\/2022\/11\/flexibilidad.jpg\" \/>\n\t<meta property=\"og:image:width\" content=\"1920\" \/>\n\t<meta property=\"og:image:height\" content=\"1080\" \/>\n\t<meta property=\"og:image:type\" content=\"image\/jpeg\" \/>\n<meta name=\"author\" content=\"Francisco V\u00e1zquez M\u00e9dem\" \/>\n<meta name=\"twitter:card\" content=\"summary_large_image\" \/>\n<meta name=\"twitter:title\" content=\"El trabajo es una actividad y no un lugar a d\u00f3nde ir | Magazine #2 Workplace | Aretha Explora\" \/>\n<meta name=\"twitter:description\" content=\"Francisco V. de 3G office entiende que el trabajo ya no es un lugar donde ir. El modelo flexible de trabajo ha transformado los espacios.\" \/>\n<meta name=\"twitter:image\" content=\"https:\/\/espacioaretha.com\/explora\/wp-content\/uploads\/2022\/11\/flexibilidad.jpg\" \/>\n<meta name=\"twitter:label1\" content=\"Escrito por\" \/>\n\t<meta name=\"twitter:data1\" content=\"Francisco V\u00e1zquez M\u00e9dem\" \/>\n\t<meta name=\"twitter:label2\" content=\"Tiempo de lectura\" \/>\n\t<meta name=\"twitter:data2\" content=\"5 minutos\" \/>\n<script type=\"application\/ld+json\" class=\"yoast-schema-graph\">{\"@context\":\"https:\\\/\\\/schema.org\",\"@graph\":[{\"@type\":\"Article\",\"@id\":\"https:\\\/\\\/espacioaretha.com\\\/explora\\\/el-trabajo-es-una-actividad-y-no-un-lugar-a-donde-ir\\\/#article\",\"isPartOf\":{\"@id\":\"https:\\\/\\\/espacioaretha.com\\\/explora\\\/el-trabajo-es-una-actividad-y-no-un-lugar-a-donde-ir\\\/\"},\"author\":{\"name\":\"Francisco V\u00e1zquez M\u00e9dem\",\"@id\":\"https:\\\/\\\/espacioaretha.com\\\/explora\\\/#\\\/schema\\\/person\\\/2b511f5cd36649ea261e0f50af0ec4d5\"},\"headline\":\"El trabajo es una actividad y no un lugar a d\u00f3nde ir\",\"datePublished\":\"2022-11-28T16:20:11+00:00\",\"dateModified\":\"2022-12-05T10:07:06+00:00\",\"mainEntityOfPage\":{\"@id\":\"https:\\\/\\\/espacioaretha.com\\\/explora\\\/el-trabajo-es-una-actividad-y-no-un-lugar-a-donde-ir\\\/\"},\"wordCount\":1017,\"commentCount\":0,\"publisher\":{\"@id\":\"https:\\\/\\\/espacioaretha.com\\\/explora\\\/#organization\"},\"image\":{\"@id\":\"https:\\\/\\\/espacioaretha.com\\\/explora\\\/el-trabajo-es-una-actividad-y-no-un-lugar-a-donde-ir\\\/#primaryimage\"},\"thumbnailUrl\":\"https:\\\/\\\/espacioaretha.com\\\/explora\\\/wp-content\\\/uploads\\\/2022\\\/11\\\/flexibilidad.jpg\",\"keywords\":[\"Bienestar\",\"espacios flexibles\",\"Futuro\",\"Innovaci\u00f3n\",\"Productividad\",\"recursos humanos\",\"teletrabajo\"],\"articleSection\":[\"Espacios de trabajo\"],\"inLanguage\":\"es\",\"potentialAction\":[{\"@type\":\"CommentAction\",\"name\":\"Comment\",\"target\":[\"https:\\\/\\\/espacioaretha.com\\\/explora\\\/el-trabajo-es-una-actividad-y-no-un-lugar-a-donde-ir\\\/#respond\"]}]},{\"@type\":\"WebPage\",\"@id\":\"https:\\\/\\\/espacioaretha.com\\\/explora\\\/el-trabajo-es-una-actividad-y-no-un-lugar-a-donde-ir\\\/\",\"url\":\"https:\\\/\\\/espacioaretha.com\\\/explora\\\/el-trabajo-es-una-actividad-y-no-un-lugar-a-donde-ir\\\/\",\"name\":\"El trabajo es una actividad y no un lugar a d\u00f3nde ir | Workplace | Aretha\",\"isPartOf\":{\"@id\":\"https:\\\/\\\/espacioaretha.com\\\/explora\\\/#website\"},\"primaryImageOfPage\":{\"@id\":\"https:\\\/\\\/espacioaretha.com\\\/explora\\\/el-trabajo-es-una-actividad-y-no-un-lugar-a-donde-ir\\\/#primaryimage\"},\"image\":{\"@id\":\"https:\\\/\\\/espacioaretha.com\\\/explora\\\/el-trabajo-es-una-actividad-y-no-un-lugar-a-donde-ir\\\/#primaryimage\"},\"thumbnailUrl\":\"https:\\\/\\\/espacioaretha.com\\\/explora\\\/wp-content\\\/uploads\\\/2022\\\/11\\\/flexibilidad.jpg\",\"datePublished\":\"2022-11-28T16:20:11+00:00\",\"dateModified\":\"2022-12-05T10:07:06+00:00\",\"description\":\"Francisco V. de 3G office entiende que el trabajo ya no es un lugar donde ir. El modelo flexible de trabajo ha transformado los espacios.\",\"breadcrumb\":{\"@id\":\"https:\\\/\\\/espacioaretha.com\\\/explora\\\/el-trabajo-es-una-actividad-y-no-un-lugar-a-donde-ir\\\/#breadcrumb\"},\"inLanguage\":\"es\",\"potentialAction\":[{\"@type\":\"ReadAction\",\"target\":[\"https:\\\/\\\/espacioaretha.com\\\/explora\\\/el-trabajo-es-una-actividad-y-no-un-lugar-a-donde-ir\\\/\"]}]},{\"@type\":\"ImageObject\",\"inLanguage\":\"es\",\"@id\":\"https:\\\/\\\/espacioaretha.com\\\/explora\\\/el-trabajo-es-una-actividad-y-no-un-lugar-a-donde-ir\\\/#primaryimage\",\"url\":\"https:\\\/\\\/espacioaretha.com\\\/explora\\\/wp-content\\\/uploads\\\/2022\\\/11\\\/flexibilidad.jpg\",\"contentUrl\":\"https:\\\/\\\/espacioaretha.com\\\/explora\\\/wp-content\\\/uploads\\\/2022\\\/11\\\/flexibilidad.jpg\",\"width\":1920,\"height\":1080,\"caption\":\"flexibilidad\"},{\"@type\":\"BreadcrumbList\",\"@id\":\"https:\\\/\\\/espacioaretha.com\\\/explora\\\/el-trabajo-es-una-actividad-y-no-un-lugar-a-donde-ir\\\/#breadcrumb\",\"itemListElement\":[{\"@type\":\"ListItem\",\"position\":1,\"name\":\"Portada\",\"item\":\"https:\\\/\\\/espacioaretha.com\\\/explora\\\/\"},{\"@type\":\"ListItem\",\"position\":2,\"name\":\"El trabajo es una actividad y no un lugar a d\u00f3nde ir\"}]},{\"@type\":\"WebSite\",\"@id\":\"https:\\\/\\\/espacioaretha.com\\\/explora\\\/#website\",\"url\":\"https:\\\/\\\/espacioaretha.com\\\/explora\\\/\",\"name\":\"Aretha Explora\",\"description\":\"Plataforma de contenidos e inspiraci\u00f3n sobre arquitectura, dise\u00f1o y mucho m\u00e1s\",\"publisher\":{\"@id\":\"https:\\\/\\\/espacioaretha.com\\\/explora\\\/#organization\"},\"potentialAction\":[{\"@type\":\"SearchAction\",\"target\":{\"@type\":\"EntryPoint\",\"urlTemplate\":\"https:\\\/\\\/espacioaretha.com\\\/explora\\\/?s={search_term_string}\"},\"query-input\":{\"@type\":\"PropertyValueSpecification\",\"valueRequired\":true,\"valueName\":\"search_term_string\"}}],\"inLanguage\":\"es\"},{\"@type\":\"Organization\",\"@id\":\"https:\\\/\\\/espacioaretha.com\\\/explora\\\/#organization\",\"name\":\"Aretha Explora\",\"alternateName\":\"Aretha\",\"url\":\"https:\\\/\\\/espacioaretha.com\\\/explora\\\/\",\"logo\":{\"@type\":\"ImageObject\",\"inLanguage\":\"es\",\"@id\":\"https:\\\/\\\/espacioaretha.com\\\/explora\\\/#\\\/schema\\\/logo\\\/image\\\/\",\"url\":\"https:\\\/\\\/espacioaretha.com\\\/explora\\\/wp-content\\\/uploads\\\/2022\\\/05\\\/Ojo-web.jpg\",\"contentUrl\":\"https:\\\/\\\/espacioaretha.com\\\/explora\\\/wp-content\\\/uploads\\\/2022\\\/05\\\/Ojo-web.jpg\",\"width\":1920,\"height\":1080,\"caption\":\"Aretha Explora\"},\"image\":{\"@id\":\"https:\\\/\\\/espacioaretha.com\\\/explora\\\/#\\\/schema\\\/logo\\\/image\\\/\"}},{\"@type\":\"Person\",\"@id\":\"https:\\\/\\\/espacioaretha.com\\\/explora\\\/#\\\/schema\\\/person\\\/2b511f5cd36649ea261e0f50af0ec4d5\",\"name\":\"Francisco V\u00e1zquez M\u00e9dem\",\"image\":{\"@type\":\"ImageObject\",\"inLanguage\":\"es\",\"@id\":\"https:\\\/\\\/espacioaretha.com\\\/explora\\\/wp-content\\\/uploads\\\/2022\\\/03\\\/Grupo-3014-1.png\",\"url\":\"https:\\\/\\\/espacioaretha.com\\\/explora\\\/wp-content\\\/uploads\\\/2022\\\/03\\\/Grupo-3014-1.png\",\"contentUrl\":\"https:\\\/\\\/espacioaretha.com\\\/explora\\\/wp-content\\\/uploads\\\/2022\\\/03\\\/Grupo-3014-1.png\",\"caption\":\"Francisco V\u00e1zquez M\u00e9dem\"},\"description\":\"Architect\\\/Founder 3g Smart Group\",\"sameAs\":[\"http:\\\/\\\/www.3gsmartgroup.com\"],\"url\":\"https:\\\/\\\/espacioaretha.com\\\/explora\\\/author\\\/francisco-vazquez\\\/\"}]}<\/script>\n<!-- \/ Yoast SEO plugin. -->","yoast_head_json":{"title":"El trabajo es una actividad y no un lugar a d\u00f3nde ir | Workplace | Aretha","description":"Francisco V. de 3G office entiende que el trabajo ya no es un lugar donde ir. El modelo flexible de trabajo ha transformado los espacios.","robots":{"index":"index","follow":"follow","max-snippet":"max-snippet:-1","max-image-preview":"max-image-preview:large","max-video-preview":"max-video-preview:-1"},"canonical":"https:\/\/espacioaretha.com\/explora\/el-trabajo-es-una-actividad-y-no-un-lugar-a-donde-ir\/","og_locale":"es_ES","og_type":"article","og_title":"El trabajo es una actividad y no un lugar a d\u00f3nde ir | Magazine #2 Workplace | Aretha Explora","og_description":"Francisco V. de 3G office entiende que el trabajo ya no es un lugar donde ir. El modelo flexible de trabajo ha transformado los espacios.","og_url":"https:\/\/espacioaretha.com\/explora\/el-trabajo-es-una-actividad-y-no-un-lugar-a-donde-ir\/","og_site_name":"Aretha Explora","article_published_time":"2022-11-28T16:20:11+00:00","article_modified_time":"2022-12-05T10:07:06+00:00","og_image":[{"width":1920,"height":1080,"url":"https:\/\/espacioaretha.com\/explora\/wp-content\/uploads\/2022\/11\/flexibilidad.jpg","type":"image\/jpeg"}],"author":"Francisco V\u00e1zquez M\u00e9dem","twitter_card":"summary_large_image","twitter_title":"El trabajo es una actividad y no un lugar a d\u00f3nde ir | Magazine #2 Workplace | Aretha Explora","twitter_description":"Francisco V. de 3G office entiende que el trabajo ya no es un lugar donde ir. El modelo flexible de trabajo ha transformado los espacios.","twitter_image":"https:\/\/espacioaretha.com\/explora\/wp-content\/uploads\/2022\/11\/flexibilidad.jpg","twitter_misc":{"Escrito por":"Francisco V\u00e1zquez M\u00e9dem","Tiempo de lectura":"5 minutos"},"schema":{"@context":"https:\/\/schema.org","@graph":[{"@type":"Article","@id":"https:\/\/espacioaretha.com\/explora\/el-trabajo-es-una-actividad-y-no-un-lugar-a-donde-ir\/#article","isPartOf":{"@id":"https:\/\/espacioaretha.com\/explora\/el-trabajo-es-una-actividad-y-no-un-lugar-a-donde-ir\/"},"author":{"name":"Francisco V\u00e1zquez M\u00e9dem","@id":"https:\/\/espacioaretha.com\/explora\/#\/schema\/person\/2b511f5cd36649ea261e0f50af0ec4d5"},"headline":"El trabajo es una actividad y no un lugar a d\u00f3nde ir","datePublished":"2022-11-28T16:20:11+00:00","dateModified":"2022-12-05T10:07:06+00:00","mainEntityOfPage":{"@id":"https:\/\/espacioaretha.com\/explora\/el-trabajo-es-una-actividad-y-no-un-lugar-a-donde-ir\/"},"wordCount":1017,"commentCount":0,"publisher":{"@id":"https:\/\/espacioaretha.com\/explora\/#organization"},"image":{"@id":"https:\/\/espacioaretha.com\/explora\/el-trabajo-es-una-actividad-y-no-un-lugar-a-donde-ir\/#primaryimage"},"thumbnailUrl":"https:\/\/espacioaretha.com\/explora\/wp-content\/uploads\/2022\/11\/flexibilidad.jpg","keywords":["Bienestar","espacios flexibles","Futuro","Innovaci\u00f3n","Productividad","recursos humanos","teletrabajo"],"articleSection":["Espacios de trabajo"],"inLanguage":"es","potentialAction":[{"@type":"CommentAction","name":"Comment","target":["https:\/\/espacioaretha.com\/explora\/el-trabajo-es-una-actividad-y-no-un-lugar-a-donde-ir\/#respond"]}]},{"@type":"WebPage","@id":"https:\/\/espacioaretha.com\/explora\/el-trabajo-es-una-actividad-y-no-un-lugar-a-donde-ir\/","url":"https:\/\/espacioaretha.com\/explora\/el-trabajo-es-una-actividad-y-no-un-lugar-a-donde-ir\/","name":"El trabajo es una actividad y no un lugar a d\u00f3nde ir | Workplace | Aretha","isPartOf":{"@id":"https:\/\/espacioaretha.com\/explora\/#website"},"primaryImageOfPage":{"@id":"https:\/\/espacioaretha.com\/explora\/el-trabajo-es-una-actividad-y-no-un-lugar-a-donde-ir\/#primaryimage"},"image":{"@id":"https:\/\/espacioaretha.com\/explora\/el-trabajo-es-una-actividad-y-no-un-lugar-a-donde-ir\/#primaryimage"},"thumbnailUrl":"https:\/\/espacioaretha.com\/explora\/wp-content\/uploads\/2022\/11\/flexibilidad.jpg","datePublished":"2022-11-28T16:20:11+00:00","dateModified":"2022-12-05T10:07:06+00:00","description":"Francisco V. de 3G office entiende que el trabajo ya no es un lugar donde ir. El modelo flexible de trabajo ha transformado los espacios.","breadcrumb":{"@id":"https:\/\/espacioaretha.com\/explora\/el-trabajo-es-una-actividad-y-no-un-lugar-a-donde-ir\/#breadcrumb"},"inLanguage":"es","potentialAction":[{"@type":"ReadAction","target":["https:\/\/espacioaretha.com\/explora\/el-trabajo-es-una-actividad-y-no-un-lugar-a-donde-ir\/"]}]},{"@type":"ImageObject","inLanguage":"es","@id":"https:\/\/espacioaretha.com\/explora\/el-trabajo-es-una-actividad-y-no-un-lugar-a-donde-ir\/#primaryimage","url":"https:\/\/espacioaretha.com\/explora\/wp-content\/uploads\/2022\/11\/flexibilidad.jpg","contentUrl":"https:\/\/espacioaretha.com\/explora\/wp-content\/uploads\/2022\/11\/flexibilidad.jpg","width":1920,"height":1080,"caption":"flexibilidad"},{"@type":"BreadcrumbList","@id":"https:\/\/espacioaretha.com\/explora\/el-trabajo-es-una-actividad-y-no-un-lugar-a-donde-ir\/#breadcrumb","itemListElement":[{"@type":"ListItem","position":1,"name":"Portada","item":"https:\/\/espacioaretha.com\/explora\/"},{"@type":"ListItem","position":2,"name":"El trabajo es una actividad y no un lugar a d\u00f3nde ir"}]},{"@type":"WebSite","@id":"https:\/\/espacioaretha.com\/explora\/#website","url":"https:\/\/espacioaretha.com\/explora\/","name":"Aretha Explora","description":"Plataforma de contenidos e inspiraci\u00f3n sobre arquitectura, dise\u00f1o y mucho m\u00e1s","publisher":{"@id":"https:\/\/espacioaretha.com\/explora\/#organization"},"potentialAction":[{"@type":"SearchAction","target":{"@type":"EntryPoint","urlTemplate":"https:\/\/espacioaretha.com\/explora\/?s={search_term_string}"},"query-input":{"@type":"PropertyValueSpecification","valueRequired":true,"valueName":"search_term_string"}}],"inLanguage":"es"},{"@type":"Organization","@id":"https:\/\/espacioaretha.com\/explora\/#organization","name":"Aretha Explora","alternateName":"Aretha","url":"https:\/\/espacioaretha.com\/explora\/","logo":{"@type":"ImageObject","inLanguage":"es","@id":"https:\/\/espacioaretha.com\/explora\/#\/schema\/logo\/image\/","url":"https:\/\/espacioaretha.com\/explora\/wp-content\/uploads\/2022\/05\/Ojo-web.jpg","contentUrl":"https:\/\/espacioaretha.com\/explora\/wp-content\/uploads\/2022\/05\/Ojo-web.jpg","width":1920,"height":1080,"caption":"Aretha Explora"},"image":{"@id":"https:\/\/espacioaretha.com\/explora\/#\/schema\/logo\/image\/"}},{"@type":"Person","@id":"https:\/\/espacioaretha.com\/explora\/#\/schema\/person\/2b511f5cd36649ea261e0f50af0ec4d5","name":"Francisco V\u00e1zquez M\u00e9dem","image":{"@type":"ImageObject","inLanguage":"es","@id":"https:\/\/espacioaretha.com\/explora\/wp-content\/uploads\/2022\/03\/Grupo-3014-1.png","url":"https:\/\/espacioaretha.com\/explora\/wp-content\/uploads\/2022\/03\/Grupo-3014-1.png","contentUrl":"https:\/\/espacioaretha.com\/explora\/wp-content\/uploads\/2022\/03\/Grupo-3014-1.png","caption":"Francisco V\u00e1zquez M\u00e9dem"},"description":"Architect\/Founder 3g Smart Group","sameAs":["http:\/\/www.3gsmartgroup.com"],"url":"https:\/\/espacioaretha.com\/explora\/author\/francisco-vazquez\/"}]}},"_links":{"self":[{"href":"https:\/\/espacioaretha.com\/explora\/wp-json\/wp\/v2\/posts\/3295","targetHints":{"allow":["GET"]}}],"collection":[{"href":"https:\/\/espacioaretha.com\/explora\/wp-json\/wp\/v2\/posts"}],"about":[{"href":"https:\/\/espacioaretha.com\/explora\/wp-json\/wp\/v2\/types\/post"}],"author":[{"embeddable":true,"href":"https:\/\/espacioaretha.com\/explora\/wp-json\/wp\/v2\/users\/18"}],"replies":[{"embeddable":true,"href":"https:\/\/espacioaretha.com\/explora\/wp-json\/wp\/v2\/comments?post=3295"}],"version-history":[{"count":44,"href":"https:\/\/espacioaretha.com\/explora\/wp-json\/wp\/v2\/posts\/3295\/revisions"}],"predecessor-version":[{"id":3363,"href":"https:\/\/espacioaretha.com\/explora\/wp-json\/wp\/v2\/posts\/3295\/revisions\/3363"}],"wp:featuredmedia":[{"embeddable":true,"href":"https:\/\/espacioaretha.com\/explora\/wp-json\/wp\/v2\/media\/3326"}],"wp:attachment":[{"href":"https:\/\/espacioaretha.com\/explora\/wp-json\/wp\/v2\/media?parent=3295"}],"wp:term":[{"taxonomy":"category","embeddable":true,"href":"https:\/\/espacioaretha.com\/explora\/wp-json\/wp\/v2\/categories?post=3295"},{"taxonomy":"post_tag","embeddable":true,"href":"https:\/\/espacioaretha.com\/explora\/wp-json\/wp\/v2\/tags?post=3295"}],"curies":[{"name":"wp","href":"https:\/\/api.w.org\/{rel}","templated":true}]}}