{"id":3346,"date":"2022-11-28T18:27:37","date_gmt":"2022-11-28T17:27:37","guid":{"rendered":"https:\/\/espacioaretha.com\/explora\/?p=3346"},"modified":"2022-12-05T11:06:59","modified_gmt":"2022-12-05T10:06:59","slug":"elegir-donde-y-cuando-trabajamos","status":"publish","type":"post","link":"https:\/\/espacioaretha.com\/explora\/elegir-donde-y-cuando-trabajamos\/","title":{"rendered":"La opini\u00f3n experta | Elegir d\u00f3nde y cu\u00e1ndo trabajamos"},"content":{"rendered":"\n<h3 class=\"wp-block-heading\">Mireia Las Heras, profesora de Liderazgo en IESE Business School comparte, una vez m\u00e1s, su experiencia y conocimiento en esta materia.<\/h3>\n\n\n\n<div class=\"wp-block-columns is-layout-flex wp-container-core-columns-is-layout-9d6595d7 wp-block-columns-is-layout-flex\">\n<div class=\"wp-block-column is-layout-flow wp-block-column-is-layout-flow\"><\/div>\n\n\n\n<div class=\"wp-block-column is-layout-flow wp-block-column-is-layout-flow\">\n<h3 class=\"wp-block-heading\"><strong>\u00bfCu\u00e1l es la verdadera dimensi\u00f3n y proyecci\u00f3n a futuro del trabajo h\u00edbrido y el trabajo flexible?<\/strong><\/h3>\n<\/div>\n\n\n\n<div class=\"wp-block-column is-layout-flow wp-block-column-is-layout-flow\"><\/div>\n<\/div>\n\n\n\n<div class=\"wp-block-columns are-vertically-aligned-top is-layout-flex wp-container-core-columns-is-layout-9d6595d7 wp-block-columns-is-layout-flex\">\n<div class=\"wp-block-column is-vertically-aligned-top is-layout-flow wp-block-column-is-layout-flow\">\n<p>Creo que realmente el mundo es c\u00edclico, y quiz\u00e1s estamos volviendo a una \u201cera pre-industrial\u201d donde se trabajaba seg\u00fan las necesidades del momento. Como cuando se ten\u00eda que hacer zapatos, o labrar la tierra, o gestionar propiamente un almac\u00e9n.<\/p>\n\n\n\n<p>En cierta medida volvemos un poco a esa \u00e9poca, donde cada persona es m\u00e1s due\u00f1a de su propio trabajo, abandonando un poco lo que ocurri\u00f3 con la revoluci\u00f3n industrial. Creo que en el futuro habr\u00e1 <strong>cada vez m\u00e1s \u201caut\u00f3nomos\u201d o \u201cfreelance\u201d<\/strong>. <\/p>\n\n\n\n<p><strong>Se trabajar\u00e1 por proyectos y para diferentes empresas<\/strong>, lo que permitir\u00e1 m\u00e1s flexibilidad en cuanto al tiempo que se dedica y a los horarios. <\/p>\n\n\n\n<h2 class=\"wp-block-heading\"><strong>Seremos un poco m\u00e1s due\u00f1os de d\u00f3nde y c\u00f3mo trabajamos<\/strong><\/h2>\n<\/div>\n\n\n\n<div class=\"wp-block-column is-vertically-aligned-top is-layout-flow wp-block-column-is-layout-flow\">\n<p>Esa necesidad de ir a la oficina se convertir\u00e1 en algo arcaico. Como considerar que hemos de ir de 9.00 a 17.00h cuando haya trabajo que ser\u00eda mejor realizarse en otro horario. Creo que este modelo dejar\u00e1 de existir.<\/p>\n\n\n\n<p>Hay muchas caracter\u00edsticas del trabajo que llevan a que <strong>lo ideal es que podamos elegir desde donde y en qu\u00e9 momento trabajamos.<\/strong> <\/p>\n\n\n\n<p>Donde lo importante ser\u00e1 realizar las funciones teniendo presente los valores adecuados alineados a la empresa, aportando valor y utilidad a nuestros clientes.<\/p>\n<\/div>\n<\/div>\n\n\n\n<figure class=\"wp-block-image alignfull size-large is-style-default\"><img loading=\"lazy\" decoding=\"async\" width=\"1024\" height=\"576\" src=\"https:\/\/espacioaretha.com\/explora\/wp-content\/uploads\/2022\/11\/senal-1-1024x576.jpg\" alt=\"elegir desde donde trabajar\" class=\"wp-image-3376\" srcset=\"https:\/\/espacioaretha.com\/explora\/wp-content\/uploads\/2022\/11\/senal-1-1024x576.jpg 1024w, https:\/\/espacioaretha.com\/explora\/wp-content\/uploads\/2022\/11\/senal-1-300x169.jpg 300w, https:\/\/espacioaretha.com\/explora\/wp-content\/uploads\/2022\/11\/senal-1-768x432.jpg 768w, https:\/\/espacioaretha.com\/explora\/wp-content\/uploads\/2022\/11\/senal-1-1536x864.jpg 1536w, https:\/\/espacioaretha.com\/explora\/wp-content\/uploads\/2022\/11\/senal-1.jpg 1920w\" sizes=\"auto, (max-width: 1024px) 100vw, 1024px\" \/><\/figure>\n\n\n\n<div class=\"wp-block-columns is-layout-flex wp-container-core-columns-is-layout-9d6595d7 wp-block-columns-is-layout-flex\">\n<div class=\"wp-block-column is-layout-flow wp-block-column-is-layout-flow\"><\/div>\n\n\n\n<div class=\"wp-block-column is-layout-flow wp-block-column-is-layout-flow\">\n<h3 class=\"wp-block-heading\"><strong>\u00bfQu\u00e9 recomendaci\u00f3n har\u00edas a los responsables de empresas y a sus colaboradores respectivamente ante este reto?<\/strong><\/h3>\n<\/div>\n\n\n\n<div class=\"wp-block-column is-layout-flow wp-block-column-is-layout-flow\"><\/div>\n<\/div>\n\n\n\n<div class=\"wp-block-columns is-layout-flex wp-container-core-columns-is-layout-9d6595d7 wp-block-columns-is-layout-flex\">\n<div class=\"wp-block-column is-layout-flow wp-block-column-is-layout-flow\">\n<p>Les recomiendo escuchar y probar cosas nuevas, estar abiertos a nuevas alternativas, a ponerse en los zapatos de las personas y pensar en las nuevas generaciones y sus caracter\u00edsticas.<\/p>\n\n\n\n<p>Estamos en un cambio de era y es necesario escuchar a los m\u00e1s j\u00f3venes para entender que lo que para algunos es necesario, positivo y adecuado, para otros, y especialmente para estas generaciones nuevas, puede ser algo diferente.<\/p>\n<\/div>\n\n\n\n<div class=\"wp-block-column is-layout-flow wp-block-column-is-layout-flow\">\n<p><strong>Estas generaciones quieren y pueden comunicarse de modos alternativos<\/strong>. En diferentes horarios, y tener ese tiempo extra y flexibilidad para dedicarla a sus propios intereses, que son leg\u00edtimos, aunque para otros resulte lejano a lo que se est\u00e1 acostumbrado.<\/p>\n\n\n\n<h2 class=\"wp-block-heading\">Saber adaptarse es la clave en este reto<\/h2>\n<\/div>\n<\/div>\n","protected":false},"excerpt":{"rendered":"<p>Ciudades, espacios de uso p\u00fablico y privado cambian a modelos m\u00e1s amables, humanos, y sostenibles. Como consecuencia surgen nuevos paradigmas en el dise\u00f1o y uso de los espacios donde desarrollamos nuestras actividades personales, profesionales y de ocio. El tsunami de la pandemia provoc\u00f3 un impacto inmediato que ahora se flexibiliza, consolida y perfecciona a medida que somos capaces de evaluar los efectos que dichos cambios pueden tener en el medio y largo plazo.<\/p>\n","protected":false},"author":26,"featured_media":3372,"comment_status":"open","ping_status":"open","sticky":false,"template":"single-full.php","format":"standard","meta":{"footnotes":""},"categories":[1],"tags":[72,156,85,155],"class_list":["post-3346","post","type-post","status-publish","format-standard","has-post-thumbnail","hentry","category-retail","tag-espacios","tag-management","tag-productividad","tag-rrhh"],"yoast_head":"<!-- This site is optimized with the Yoast SEO plugin v27.4 - https:\/\/yoast.com\/product\/yoast-seo-wordpress\/ -->\n<title>Elegir desde d\u00f3nde y cu\u00e1ndo trabajamos | Workplace | Aretha Explora<\/title>\n<meta name=\"description\" content=\"Mireia las Heras reflexiona sobre la elecci\u00f3n desde d\u00f3nde y cu\u00e1ndo trabajamos. El trabajo flexible nos permite ser due\u00f1os de nuestro tiempo.\" \/>\n<meta name=\"robots\" content=\"index, follow, max-snippet:-1, max-image-preview:large, max-video-preview:-1\" \/>\n<link rel=\"canonical\" href=\"https:\/\/espacioaretha.com\/explora\/elegir-donde-y-cuando-trabajamos\/\" \/>\n<meta property=\"og:locale\" content=\"es_ES\" \/>\n<meta property=\"og:type\" content=\"article\" \/>\n<meta property=\"og:title\" content=\"Elegir desde d\u00f3nde y cu\u00e1ndo trabajamos | Magazine #2 Workplace | Aretha Explora\" \/>\n<meta property=\"og:description\" content=\"Mireia las Heras reflexiona sobre la elecci\u00f3n desde d\u00f3nde y cu\u00e1ndo trabajamos. El trabajo flexible nos permite ser due\u00f1os de nuestro tiempo.\" \/>\n<meta property=\"og:url\" content=\"https:\/\/espacioaretha.com\/explora\/elegir-donde-y-cuando-trabajamos\/\" \/>\n<meta property=\"og:site_name\" content=\"Aretha Explora\" \/>\n<meta property=\"article:published_time\" content=\"2022-11-28T17:27:37+00:00\" \/>\n<meta property=\"article:modified_time\" content=\"2022-12-05T10:06:59+00:00\" \/>\n<meta property=\"og:image\" content=\"https:\/\/espacioaretha.com\/explora\/wp-content\/uploads\/2022\/11\/personass.jpg\" \/>\n\t<meta property=\"og:image:width\" content=\"1920\" \/>\n\t<meta property=\"og:image:height\" content=\"1080\" \/>\n\t<meta property=\"og:image:type\" content=\"image\/jpeg\" \/>\n<meta name=\"author\" content=\"Mireia Las Heras\" \/>\n<meta name=\"twitter:card\" content=\"summary_large_image\" \/>\n<meta name=\"twitter:title\" content=\"Elegir desde d\u00f3nde y cu\u00e1ndo trabajamos | Aretha Explora\" \/>\n<meta name=\"twitter:description\" content=\"Mireia las Heras reflexiona sobre la elecci\u00f3n desde d\u00f3nde y cu\u00e1ndo trabajamos. El trabajo flexible nos permite ser due\u00f1os de nuestro tiempo.\" \/>\n<meta name=\"twitter:image\" content=\"https:\/\/espacioaretha.com\/explora\/wp-content\/uploads\/2022\/11\/personass.jpg\" \/>\n<meta name=\"twitter:label1\" content=\"Escrito por\" \/>\n\t<meta name=\"twitter:data1\" content=\"Mireia Las Heras\" \/>\n\t<meta name=\"twitter:label2\" content=\"Tiempo de lectura\" \/>\n\t<meta name=\"twitter:data2\" content=\"2 minutos\" \/>\n<script type=\"application\/ld+json\" class=\"yoast-schema-graph\">{\"@context\":\"https:\\\/\\\/schema.org\",\"@graph\":[{\"@type\":\"Article\",\"@id\":\"https:\\\/\\\/espacioaretha.com\\\/explora\\\/elegir-donde-y-cuando-trabajamos\\\/#article\",\"isPartOf\":{\"@id\":\"https:\\\/\\\/espacioaretha.com\\\/explora\\\/elegir-donde-y-cuando-trabajamos\\\/\"},\"author\":{\"name\":\"Mireia Las Heras\",\"@id\":\"https:\\\/\\\/espacioaretha.com\\\/explora\\\/#\\\/schema\\\/person\\\/94d0457803689ce31ea42da3713477df\"},\"headline\":\"La opini\u00f3n experta | Elegir d\u00f3nde y cu\u00e1ndo trabajamos\",\"datePublished\":\"2022-11-28T17:27:37+00:00\",\"dateModified\":\"2022-12-05T10:06:59+00:00\",\"mainEntityOfPage\":{\"@id\":\"https:\\\/\\\/espacioaretha.com\\\/explora\\\/elegir-donde-y-cuando-trabajamos\\\/\"},\"wordCount\":403,\"commentCount\":0,\"publisher\":{\"@id\":\"https:\\\/\\\/espacioaretha.com\\\/explora\\\/#organization\"},\"image\":{\"@id\":\"https:\\\/\\\/espacioaretha.com\\\/explora\\\/elegir-donde-y-cuando-trabajamos\\\/#primaryimage\"},\"thumbnailUrl\":\"https:\\\/\\\/espacioaretha.com\\\/explora\\\/wp-content\\\/uploads\\\/2022\\\/11\\\/personass.jpg\",\"keywords\":[\"Espacios\",\"Management\",\"Productividad\",\"RRHH\"],\"articleSection\":[\"Retail\"],\"inLanguage\":\"es\",\"potentialAction\":[{\"@type\":\"CommentAction\",\"name\":\"Comment\",\"target\":[\"https:\\\/\\\/espacioaretha.com\\\/explora\\\/elegir-donde-y-cuando-trabajamos\\\/#respond\"]}]},{\"@type\":\"WebPage\",\"@id\":\"https:\\\/\\\/espacioaretha.com\\\/explora\\\/elegir-donde-y-cuando-trabajamos\\\/\",\"url\":\"https:\\\/\\\/espacioaretha.com\\\/explora\\\/elegir-donde-y-cuando-trabajamos\\\/\",\"name\":\"Elegir desde d\u00f3nde y cu\u00e1ndo trabajamos | Workplace | Aretha Explora\",\"isPartOf\":{\"@id\":\"https:\\\/\\\/espacioaretha.com\\\/explora\\\/#website\"},\"primaryImageOfPage\":{\"@id\":\"https:\\\/\\\/espacioaretha.com\\\/explora\\\/elegir-donde-y-cuando-trabajamos\\\/#primaryimage\"},\"image\":{\"@id\":\"https:\\\/\\\/espacioaretha.com\\\/explora\\\/elegir-donde-y-cuando-trabajamos\\\/#primaryimage\"},\"thumbnailUrl\":\"https:\\\/\\\/espacioaretha.com\\\/explora\\\/wp-content\\\/uploads\\\/2022\\\/11\\\/personass.jpg\",\"datePublished\":\"2022-11-28T17:27:37+00:00\",\"dateModified\":\"2022-12-05T10:06:59+00:00\",\"description\":\"Mireia las Heras reflexiona sobre la elecci\u00f3n desde d\u00f3nde y cu\u00e1ndo trabajamos. El trabajo flexible nos permite ser due\u00f1os de nuestro tiempo.\",\"breadcrumb\":{\"@id\":\"https:\\\/\\\/espacioaretha.com\\\/explora\\\/elegir-donde-y-cuando-trabajamos\\\/#breadcrumb\"},\"inLanguage\":\"es\",\"potentialAction\":[{\"@type\":\"ReadAction\",\"target\":[\"https:\\\/\\\/espacioaretha.com\\\/explora\\\/elegir-donde-y-cuando-trabajamos\\\/\"]}]},{\"@type\":\"ImageObject\",\"inLanguage\":\"es\",\"@id\":\"https:\\\/\\\/espacioaretha.com\\\/explora\\\/elegir-donde-y-cuando-trabajamos\\\/#primaryimage\",\"url\":\"https:\\\/\\\/espacioaretha.com\\\/explora\\\/wp-content\\\/uploads\\\/2022\\\/11\\\/personass.jpg\",\"contentUrl\":\"https:\\\/\\\/espacioaretha.com\\\/explora\\\/wp-content\\\/uploads\\\/2022\\\/11\\\/personass.jpg\",\"width\":1920,\"height\":1080,\"caption\":\"donde\"},{\"@type\":\"BreadcrumbList\",\"@id\":\"https:\\\/\\\/espacioaretha.com\\\/explora\\\/elegir-donde-y-cuando-trabajamos\\\/#breadcrumb\",\"itemListElement\":[{\"@type\":\"ListItem\",\"position\":1,\"name\":\"Portada\",\"item\":\"https:\\\/\\\/espacioaretha.com\\\/explora\\\/\"},{\"@type\":\"ListItem\",\"position\":2,\"name\":\"La opini\u00f3n experta | Elegir d\u00f3nde y cu\u00e1ndo trabajamos\"}]},{\"@type\":\"WebSite\",\"@id\":\"https:\\\/\\\/espacioaretha.com\\\/explora\\\/#website\",\"url\":\"https:\\\/\\\/espacioaretha.com\\\/explora\\\/\",\"name\":\"Aretha Explora\",\"description\":\"Plataforma de contenidos e inspiraci\u00f3n sobre arquitectura, dise\u00f1o y mucho m\u00e1s\",\"publisher\":{\"@id\":\"https:\\\/\\\/espacioaretha.com\\\/explora\\\/#organization\"},\"potentialAction\":[{\"@type\":\"SearchAction\",\"target\":{\"@type\":\"EntryPoint\",\"urlTemplate\":\"https:\\\/\\\/espacioaretha.com\\\/explora\\\/?s={search_term_string}\"},\"query-input\":{\"@type\":\"PropertyValueSpecification\",\"valueRequired\":true,\"valueName\":\"search_term_string\"}}],\"inLanguage\":\"es\"},{\"@type\":\"Organization\",\"@id\":\"https:\\\/\\\/espacioaretha.com\\\/explora\\\/#organization\",\"name\":\"Aretha Explora\",\"alternateName\":\"Aretha\",\"url\":\"https:\\\/\\\/espacioaretha.com\\\/explora\\\/\",\"logo\":{\"@type\":\"ImageObject\",\"inLanguage\":\"es\",\"@id\":\"https:\\\/\\\/espacioaretha.com\\\/explora\\\/#\\\/schema\\\/logo\\\/image\\\/\",\"url\":\"https:\\\/\\\/espacioaretha.com\\\/explora\\\/wp-content\\\/uploads\\\/2022\\\/05\\\/Ojo-web.jpg\",\"contentUrl\":\"https:\\\/\\\/espacioaretha.com\\\/explora\\\/wp-content\\\/uploads\\\/2022\\\/05\\\/Ojo-web.jpg\",\"width\":1920,\"height\":1080,\"caption\":\"Aretha Explora\"},\"image\":{\"@id\":\"https:\\\/\\\/espacioaretha.com\\\/explora\\\/#\\\/schema\\\/logo\\\/image\\\/\"}},{\"@type\":\"Person\",\"@id\":\"https:\\\/\\\/espacioaretha.com\\\/explora\\\/#\\\/schema\\\/person\\\/94d0457803689ce31ea42da3713477df\",\"name\":\"Mireia Las Heras\",\"image\":{\"@type\":\"ImageObject\",\"inLanguage\":\"es\",\"@id\":\"https:\\\/\\\/espacioaretha.com\\\/explora\\\/wp-content\\\/uploads\\\/2022\\\/05\\\/mireialasheras.jpg\",\"url\":\"https:\\\/\\\/espacioaretha.com\\\/explora\\\/wp-content\\\/uploads\\\/2022\\\/05\\\/mireialasheras.jpg\",\"contentUrl\":\"https:\\\/\\\/espacioaretha.com\\\/explora\\\/wp-content\\\/uploads\\\/2022\\\/05\\\/mireialasheras.jpg\",\"caption\":\"Mireia Las Heras\"},\"description\":\"IESE Business School | Profesora y directora del centro internacional Trabajo y Familia\",\"url\":\"https:\\\/\\\/espacioaretha.com\\\/explora\\\/author\\\/mireia\\\/\"}]}<\/script>\n<!-- \/ Yoast SEO plugin. -->","yoast_head_json":{"title":"Elegir desde d\u00f3nde y cu\u00e1ndo trabajamos | Workplace | Aretha Explora","description":"Mireia las Heras reflexiona sobre la elecci\u00f3n desde d\u00f3nde y cu\u00e1ndo trabajamos. El trabajo flexible nos permite ser due\u00f1os de nuestro tiempo.","robots":{"index":"index","follow":"follow","max-snippet":"max-snippet:-1","max-image-preview":"max-image-preview:large","max-video-preview":"max-video-preview:-1"},"canonical":"https:\/\/espacioaretha.com\/explora\/elegir-donde-y-cuando-trabajamos\/","og_locale":"es_ES","og_type":"article","og_title":"Elegir desde d\u00f3nde y cu\u00e1ndo trabajamos | Magazine #2 Workplace | Aretha Explora","og_description":"Mireia las Heras reflexiona sobre la elecci\u00f3n desde d\u00f3nde y cu\u00e1ndo trabajamos. El trabajo flexible nos permite ser due\u00f1os de nuestro tiempo.","og_url":"https:\/\/espacioaretha.com\/explora\/elegir-donde-y-cuando-trabajamos\/","og_site_name":"Aretha Explora","article_published_time":"2022-11-28T17:27:37+00:00","article_modified_time":"2022-12-05T10:06:59+00:00","og_image":[{"width":1920,"height":1080,"url":"https:\/\/espacioaretha.com\/explora\/wp-content\/uploads\/2022\/11\/personass.jpg","type":"image\/jpeg"}],"author":"Mireia Las Heras","twitter_card":"summary_large_image","twitter_title":"Elegir desde d\u00f3nde y cu\u00e1ndo trabajamos | Aretha Explora","twitter_description":"Mireia las Heras reflexiona sobre la elecci\u00f3n desde d\u00f3nde y cu\u00e1ndo trabajamos. El trabajo flexible nos permite ser due\u00f1os de nuestro tiempo.","twitter_image":"https:\/\/espacioaretha.com\/explora\/wp-content\/uploads\/2022\/11\/personass.jpg","twitter_misc":{"Escrito por":"Mireia Las Heras","Tiempo de lectura":"2 minutos"},"schema":{"@context":"https:\/\/schema.org","@graph":[{"@type":"Article","@id":"https:\/\/espacioaretha.com\/explora\/elegir-donde-y-cuando-trabajamos\/#article","isPartOf":{"@id":"https:\/\/espacioaretha.com\/explora\/elegir-donde-y-cuando-trabajamos\/"},"author":{"name":"Mireia Las Heras","@id":"https:\/\/espacioaretha.com\/explora\/#\/schema\/person\/94d0457803689ce31ea42da3713477df"},"headline":"La opini\u00f3n experta | Elegir d\u00f3nde y cu\u00e1ndo trabajamos","datePublished":"2022-11-28T17:27:37+00:00","dateModified":"2022-12-05T10:06:59+00:00","mainEntityOfPage":{"@id":"https:\/\/espacioaretha.com\/explora\/elegir-donde-y-cuando-trabajamos\/"},"wordCount":403,"commentCount":0,"publisher":{"@id":"https:\/\/espacioaretha.com\/explora\/#organization"},"image":{"@id":"https:\/\/espacioaretha.com\/explora\/elegir-donde-y-cuando-trabajamos\/#primaryimage"},"thumbnailUrl":"https:\/\/espacioaretha.com\/explora\/wp-content\/uploads\/2022\/11\/personass.jpg","keywords":["Espacios","Management","Productividad","RRHH"],"articleSection":["Retail"],"inLanguage":"es","potentialAction":[{"@type":"CommentAction","name":"Comment","target":["https:\/\/espacioaretha.com\/explora\/elegir-donde-y-cuando-trabajamos\/#respond"]}]},{"@type":"WebPage","@id":"https:\/\/espacioaretha.com\/explora\/elegir-donde-y-cuando-trabajamos\/","url":"https:\/\/espacioaretha.com\/explora\/elegir-donde-y-cuando-trabajamos\/","name":"Elegir desde d\u00f3nde y cu\u00e1ndo trabajamos | Workplace | Aretha Explora","isPartOf":{"@id":"https:\/\/espacioaretha.com\/explora\/#website"},"primaryImageOfPage":{"@id":"https:\/\/espacioaretha.com\/explora\/elegir-donde-y-cuando-trabajamos\/#primaryimage"},"image":{"@id":"https:\/\/espacioaretha.com\/explora\/elegir-donde-y-cuando-trabajamos\/#primaryimage"},"thumbnailUrl":"https:\/\/espacioaretha.com\/explora\/wp-content\/uploads\/2022\/11\/personass.jpg","datePublished":"2022-11-28T17:27:37+00:00","dateModified":"2022-12-05T10:06:59+00:00","description":"Mireia las Heras reflexiona sobre la elecci\u00f3n desde d\u00f3nde y cu\u00e1ndo trabajamos. El trabajo flexible nos permite ser due\u00f1os de nuestro tiempo.","breadcrumb":{"@id":"https:\/\/espacioaretha.com\/explora\/elegir-donde-y-cuando-trabajamos\/#breadcrumb"},"inLanguage":"es","potentialAction":[{"@type":"ReadAction","target":["https:\/\/espacioaretha.com\/explora\/elegir-donde-y-cuando-trabajamos\/"]}]},{"@type":"ImageObject","inLanguage":"es","@id":"https:\/\/espacioaretha.com\/explora\/elegir-donde-y-cuando-trabajamos\/#primaryimage","url":"https:\/\/espacioaretha.com\/explora\/wp-content\/uploads\/2022\/11\/personass.jpg","contentUrl":"https:\/\/espacioaretha.com\/explora\/wp-content\/uploads\/2022\/11\/personass.jpg","width":1920,"height":1080,"caption":"donde"},{"@type":"BreadcrumbList","@id":"https:\/\/espacioaretha.com\/explora\/elegir-donde-y-cuando-trabajamos\/#breadcrumb","itemListElement":[{"@type":"ListItem","position":1,"name":"Portada","item":"https:\/\/espacioaretha.com\/explora\/"},{"@type":"ListItem","position":2,"name":"La opini\u00f3n experta | Elegir d\u00f3nde y cu\u00e1ndo trabajamos"}]},{"@type":"WebSite","@id":"https:\/\/espacioaretha.com\/explora\/#website","url":"https:\/\/espacioaretha.com\/explora\/","name":"Aretha Explora","description":"Plataforma de contenidos e inspiraci\u00f3n sobre arquitectura, dise\u00f1o y mucho m\u00e1s","publisher":{"@id":"https:\/\/espacioaretha.com\/explora\/#organization"},"potentialAction":[{"@type":"SearchAction","target":{"@type":"EntryPoint","urlTemplate":"https:\/\/espacioaretha.com\/explora\/?s={search_term_string}"},"query-input":{"@type":"PropertyValueSpecification","valueRequired":true,"valueName":"search_term_string"}}],"inLanguage":"es"},{"@type":"Organization","@id":"https:\/\/espacioaretha.com\/explora\/#organization","name":"Aretha Explora","alternateName":"Aretha","url":"https:\/\/espacioaretha.com\/explora\/","logo":{"@type":"ImageObject","inLanguage":"es","@id":"https:\/\/espacioaretha.com\/explora\/#\/schema\/logo\/image\/","url":"https:\/\/espacioaretha.com\/explora\/wp-content\/uploads\/2022\/05\/Ojo-web.jpg","contentUrl":"https:\/\/espacioaretha.com\/explora\/wp-content\/uploads\/2022\/05\/Ojo-web.jpg","width":1920,"height":1080,"caption":"Aretha Explora"},"image":{"@id":"https:\/\/espacioaretha.com\/explora\/#\/schema\/logo\/image\/"}},{"@type":"Person","@id":"https:\/\/espacioaretha.com\/explora\/#\/schema\/person\/94d0457803689ce31ea42da3713477df","name":"Mireia Las Heras","image":{"@type":"ImageObject","inLanguage":"es","@id":"https:\/\/espacioaretha.com\/explora\/wp-content\/uploads\/2022\/05\/mireialasheras.jpg","url":"https:\/\/espacioaretha.com\/explora\/wp-content\/uploads\/2022\/05\/mireialasheras.jpg","contentUrl":"https:\/\/espacioaretha.com\/explora\/wp-content\/uploads\/2022\/05\/mireialasheras.jpg","caption":"Mireia Las Heras"},"description":"IESE Business School | Profesora y directora del centro internacional Trabajo y Familia","url":"https:\/\/espacioaretha.com\/explora\/author\/mireia\/"}]}},"_links":{"self":[{"href":"https:\/\/espacioaretha.com\/explora\/wp-json\/wp\/v2\/posts\/3346","targetHints":{"allow":["GET"]}}],"collection":[{"href":"https:\/\/espacioaretha.com\/explora\/wp-json\/wp\/v2\/posts"}],"about":[{"href":"https:\/\/espacioaretha.com\/explora\/wp-json\/wp\/v2\/types\/post"}],"author":[{"embeddable":true,"href":"https:\/\/espacioaretha.com\/explora\/wp-json\/wp\/v2\/users\/26"}],"replies":[{"embeddable":true,"href":"https:\/\/espacioaretha.com\/explora\/wp-json\/wp\/v2\/comments?post=3346"}],"version-history":[{"count":10,"href":"https:\/\/espacioaretha.com\/explora\/wp-json\/wp\/v2\/posts\/3346\/revisions"}],"predecessor-version":[{"id":3379,"href":"https:\/\/espacioaretha.com\/explora\/wp-json\/wp\/v2\/posts\/3346\/revisions\/3379"}],"wp:featuredmedia":[{"embeddable":true,"href":"https:\/\/espacioaretha.com\/explora\/wp-json\/wp\/v2\/media\/3372"}],"wp:attachment":[{"href":"https:\/\/espacioaretha.com\/explora\/wp-json\/wp\/v2\/media?parent=3346"}],"wp:term":[{"taxonomy":"category","embeddable":true,"href":"https:\/\/espacioaretha.com\/explora\/wp-json\/wp\/v2\/categories?post=3346"},{"taxonomy":"post_tag","embeddable":true,"href":"https:\/\/espacioaretha.com\/explora\/wp-json\/wp\/v2\/tags?post=3346"}],"curies":[{"name":"wp","href":"https:\/\/api.w.org\/{rel}","templated":true}]}}