{"id":3506,"date":"2023-01-26T13:53:12","date_gmt":"2023-01-26T12:53:12","guid":{"rendered":"https:\/\/espacioaretha.com\/explora\/?p=3506"},"modified":"2023-01-26T14:06:13","modified_gmt":"2023-01-26T13:06:13","slug":"las-oficinas-siguen-modas","status":"publish","type":"post","link":"https:\/\/espacioaretha.com\/explora\/las-oficinas-siguen-modas\/","title":{"rendered":"Las oficinas siguen modas"},"content":{"rendered":"\n<h3 class=\"wp-block-heading\">Muchas de estas modas responden claramente a cambios sociales. Uno de los ejemplos m\u00e1s claros es la aceleraci\u00f3n de la oficina flexible o h\u00edbrida.<\/h3>\n\n\n\n<p>Numerosas empresas al tener un n\u00famero alto de trabajadores en trabajo remoto, tuvieron los incentivos para implementar el modelo h\u00edbrido en sus oficinas. Algunas de ellas llevaron el modelo al extremo, se introdujo un alto porcentaje de trabajadores en remoto y se eliminaron dr\u00e1sticamente puestos de trabajo, con el consiguiente ahorro en mobiliario y alquiler de oficinas. Los trabajadores ya no ten\u00edan un puesto fijo, sino que cada d\u00eda se sentaban en un puesto distinto, y eso, siempre que se acudieran a la oficina de forma presencial.<\/p>\n\n\n\n<p>Este modelo se ha convertido en una moda, muchas empresas siguen el modelo sin analizar en profundidad si esto es todo lo beneficioso que parece. S\u00ed, es cierto, los n\u00fameros salen, la hoja de c\u00e1lculo no enga\u00f1a.<\/p>\n\n\n\n<div class=\"wp-block-columns is-layout-flex wp-container-core-columns-is-layout-9d6595d7 wp-block-columns-is-layout-flex\">\n<div class=\"wp-block-column is-layout-flow wp-block-column-is-layout-flow\">\n<h3 class=\"wp-block-heading\"><strong>Pero, \u00bfhay algo m\u00e1s detr\u00e1s de este modelo que se debiera computar?<\/strong><\/h3>\n<\/div>\n<\/div>\n\n\n\n<div class=\"wp-block-columns are-vertically-aligned-top is-layout-flex wp-container-core-columns-is-layout-9d6595d7 wp-block-columns-is-layout-flex\">\n<div class=\"wp-block-column is-vertically-aligned-top is-layout-flow wp-block-column-is-layout-flow\">\n<p>Un CEO de una empresa que quer\u00eda implementar este modelo por los evidentes ahorros de costes, me comentaba en una reuni\u00f3n que su intenci\u00f3n dentro de su compa\u00f1\u00eda era la de eliminar silos, hacer caer barreras entre personas. Su razonamiento era que al eliminar puestos de trabajos fijos e ir a una oficina de <em>hot-desks<\/em> al cien por cien, las personas se iban a relacionar unas con otras, y al cabo de un tiempo, empleados de diferentes departamentos iban a tener un conocimiento mayor los unos de los otros, a nivel personal y profesional.<\/p>\n\n\n\n<p>Le pregunt\u00e9 si iba a hoteles con frecuencia, se qued\u00f3 un poco sorprendido con la pregunta, pero me respondi\u00f3 que s\u00ed, que por su trabajo viajaba con asiduidad. Le pregunt\u00e9 entonces que a cuantos de sus compa\u00f1eros de habitaciones contiguas conoci\u00f3 a lo largo de los a\u00f1os. Me mir\u00f3, guard\u00f3 un momento de reflexi\u00f3n y sonriendo me dijo, que nunca.<\/p>\n<\/div>\n\n\n\n<div class=\"wp-block-column is-vertically-aligned-top is-layout-flow wp-block-column-is-layout-flow\">\n<p><\/p>\n<\/div>\n<\/div>\n\n\n\n<p>El peligro de implementar ese modelo al cien por cien es que, al cabo de un tiempo, las relaciones entre miembros del mismo equipo puede que se hayan debilitado. Esas personas dejan de tener contacto diario, m\u00e1s all\u00e1 de una reuni\u00f3n por telem\u00e1tica. Son las conversaciones en el d\u00eda a d\u00eda las que ayudan al crecimiento de la confianza, saber que tienes a alguien cercano que te puede ayudar, el poder utilizar el humor con un compa\u00f1ero para descomprimir el estr\u00e9s.<\/p>\n\n\n\n<p>Por el contrario, las relaciones del <em>hot-desk<\/em> puro, al ser tan casuales, superficiales y ef\u00edmeras hacen que no se establezcan verdaderas relaciones. Los humanos nos movemos por incentivos. <strong>\u00bfQu\u00e9 incentivo hay en establecer una relaci\u00f3n, m\u00e1s all\u00e1 de la cordialidad, con alguien con quien no me voy a volver a sentar cerca en probablemente unos meses?<\/strong><\/p>\n\n\n\n<h4 class=\"wp-block-heading\">Esto no implica que el modelo de oficina <em>hot-desk <\/em>no funcione. Lo que implica es que es un modelo determinado que no tiene por qu\u00e9 funcionar siempre. Los modelos no son buenos ni malos. Depender\u00e1 de c\u00f3mo se apliquen, a qu\u00e9 empresa, e incluso a qu\u00e9 perfil de trabajador se aplique.<\/h4>\n\n\n<div class=\"wp-block-image is-style-default\">\n<figure class=\"aligncenter size-large\"><img loading=\"lazy\" decoding=\"async\" width=\"1024\" height=\"576\" src=\"https:\/\/espacioaretha.com\/explora\/wp-content\/uploads\/2022\/11\/2-8-1024x576.jpg\" alt=\"oficinas pasillo\" class=\"wp-image-3241\" srcset=\"https:\/\/espacioaretha.com\/explora\/wp-content\/uploads\/2022\/11\/2-8-1024x576.jpg 1024w, https:\/\/espacioaretha.com\/explora\/wp-content\/uploads\/2022\/11\/2-8-300x169.jpg 300w, https:\/\/espacioaretha.com\/explora\/wp-content\/uploads\/2022\/11\/2-8-768x432.jpg 768w, https:\/\/espacioaretha.com\/explora\/wp-content\/uploads\/2022\/11\/2-8-1536x864.jpg 1536w, https:\/\/espacioaretha.com\/explora\/wp-content\/uploads\/2022\/11\/2-8.jpg 1680w\" sizes=\"auto, (max-width: 1024px) 100vw, 1024px\" \/><\/figure>\n<\/div>\n\n\n<div class=\"wp-block-columns is-layout-flex wp-container-core-columns-is-layout-9d6595d7 wp-block-columns-is-layout-flex\">\n<div class=\"wp-block-column is-layout-flow wp-block-column-is-layout-flow\"><\/div>\n\n\n\n<div class=\"wp-block-column is-layout-flow wp-block-column-is-layout-flow\">\n<h3 class=\"has-text-align-center wp-block-heading\"><strong>\u00bfCu\u00e1l es la respuesta a todo esto?<\/strong><\/h3>\n\n\n\n<p class=\"has-text-align-center\">No hay una respuesta correcta a todos los casos. La respuesta ser\u00e1 individual en cada empresa. Se ha de huir de los modelos determinados sin conocer a la empresa.<\/p>\n<\/div>\n\n\n\n<div class=\"wp-block-column is-layout-flow wp-block-column-is-layout-flow\"><\/div>\n<\/div>\n\n\n\n<div class=\"wp-block-columns is-layout-flex wp-container-core-columns-is-layout-9d6595d7 wp-block-columns-is-layout-flex\">\n<div class=\"wp-block-column is-layout-flow wp-block-column-is-layout-flow\">\n<p>Los profesionales de la arquitectura tenemos la obligaci\u00f3n de <strong>conocer los distintos modelos<\/strong> o aquellas caracter\u00edsticas que funcionan bien en el aumento de la productividad de los trabajadores. Pero el modelo a implantar es una decisi\u00f3n que ha de ser tomada por los directivos de la empresa. El profesional de la arquitectura mostrar\u00e1 las opciones, con sus ventajas e inconvenientes.<\/p>\n\n\n\n<p><strong>Tampoco llevar los modelos y sistemas al l\u00edmite es lo correcto.<\/strong> Como que la vuelta al trabajo presencial al 100% sea la soluci\u00f3n para la mayor\u00eda de las empresas.<\/p>\n<\/div>\n\n\n\n<div class=\"wp-block-column is-layout-flow wp-block-column-is-layout-flow\">\n<p>Las personas cuando tienen una capacidad de elegir se vuelven m\u00e1s productivas. En un experimento cl\u00e1sico en psicolog\u00eda, separaron en dos mitades a las personas que viv\u00edan en una residencia. A todos se les daba una planta y todos ve\u00edan cada noche una pel\u00edcula. Al primer grupo se les dejaba cuidar la planta como ellos creyesen necesario y quer\u00edan y adem\u00e1s pod\u00edan elegir qu\u00e9 pel\u00edcula ver. Al segundo grupo, se les dec\u00eda c\u00f3mo deb\u00edan cuidar la planta y no pod\u00edan elegir la pel\u00edcula que ver cada noche. Pues bien, los niveles de satisfacci\u00f3n del primer grupo aumentaron notablemente respecto al segundo.<\/p>\n<\/div>\n<\/div>\n\n\n\n<figure class=\"wp-block-image size-large\"><img loading=\"lazy\" decoding=\"async\" width=\"1024\" height=\"576\" src=\"https:\/\/espacioaretha.com\/explora\/wp-content\/uploads\/2022\/11\/Edicion-imagenes-partido-1024x576.jpg\" alt=\"oficinas modas teletrabajo\" class=\"wp-image-3242\" srcset=\"https:\/\/espacioaretha.com\/explora\/wp-content\/uploads\/2022\/11\/Edicion-imagenes-partido-1024x576.jpg 1024w, https:\/\/espacioaretha.com\/explora\/wp-content\/uploads\/2022\/11\/Edicion-imagenes-partido-300x169.jpg 300w, https:\/\/espacioaretha.com\/explora\/wp-content\/uploads\/2022\/11\/Edicion-imagenes-partido-768x432.jpg 768w, https:\/\/espacioaretha.com\/explora\/wp-content\/uploads\/2022\/11\/Edicion-imagenes-partido-1536x864.jpg 1536w, https:\/\/espacioaretha.com\/explora\/wp-content\/uploads\/2022\/11\/Edicion-imagenes-partido.jpg 1680w\" sizes=\"auto, (max-width: 1024px) 100vw, 1024px\" \/><\/figure>\n\n\n\n<div class=\"wp-block-columns is-layout-flex wp-container-core-columns-is-layout-9d6595d7 wp-block-columns-is-layout-flex\">\n<div class=\"wp-block-column is-layout-flow wp-block-column-is-layout-flow\">\n<h3 class=\"wp-block-heading\">Las personas que pueden elegir entre alternativas se sienten m\u00e1s satisfechas y las personas satisfechas son trabajadores m\u00e1s productivos y con mayores v\u00ednculos de pertenencia.<\/h3>\n<\/div>\n\n\n\n<div class=\"wp-block-column is-layout-flow wp-block-column-is-layout-flow\">\n<p>Como podr\u00eda ser que el 100% del modelo <em>hot-desk<\/em> no funcione como querr\u00edamos, si a\u00f1adimos la posibilidad de elegir se consigue aumentar as\u00ed la satisfacci\u00f3n.<\/p>\n\n\n\n<h4 class=\"wp-block-heading\">La respuesta correcta est\u00e1 en el modelo individualizado y sobre todo en la modulaci\u00f3n del mismo para cada caso particular.<\/h4>\n<\/div>\n<\/div>\n","protected":false},"excerpt":{"rendered":"<p>Nos guste o no, las oficinas siguen modas. Modas que muchas veces van m\u00e1s all\u00e1 de los revestimientos o colores. Modas que tienen incidencia en la forma en c\u00f3mo la oficina se entiende, se piensa y despu\u00e9s se vive y se trabaja. <\/p>\n","protected":false},"author":38,"featured_media":3243,"comment_status":"open","ping_status":"open","sticky":false,"template":"single-full.php","format":"standard","meta":{"footnotes":""},"categories":[1],"tags":[72,156,85,155],"class_list":["post-3506","post","type-post","status-publish","format-standard","has-post-thumbnail","hentry","category-retail","tag-espacios","tag-management","tag-productividad","tag-rrhh"],"yoast_head":"<!-- This site is optimized with the Yoast SEO plugin v27.4 - https:\/\/yoast.com\/product\/yoast-seo-wordpress\/ -->\n<title>Las oficinas siguen modas | Magazine Workplace | Aretha Explora<\/title>\n<meta name=\"description\" content=\"En el dise\u00f1o de las oficinas se siguen modas. Algunas responden a cambios sociales, como la aceleraci\u00f3n de la oficina flexible o h\u00edbrida.\" \/>\n<meta name=\"robots\" content=\"index, follow, max-snippet:-1, max-image-preview:large, max-video-preview:-1\" \/>\n<link rel=\"canonical\" href=\"https:\/\/espacioaretha.com\/explora\/las-oficinas-siguen-modas\/\" \/>\n<meta property=\"og:locale\" content=\"es_ES\" \/>\n<meta property=\"og:type\" content=\"article\" \/>\n<meta property=\"og:title\" content=\"Las oficinas siguen modas | Magazine #2 Workplace | Aretha Explora\" \/>\n<meta property=\"og:description\" content=\"En el dise\u00f1o de las oficinas se siguen modas. Algunas responden a cambios sociales, como la aceleraci\u00f3n de la oficina flexible o h\u00edbrida.\" \/>\n<meta property=\"og:url\" content=\"https:\/\/espacioaretha.com\/explora\/las-oficinas-siguen-modas\/\" \/>\n<meta property=\"og:site_name\" content=\"Aretha Explora\" \/>\n<meta property=\"article:published_time\" content=\"2023-01-26T12:53:12+00:00\" \/>\n<meta property=\"article:modified_time\" content=\"2023-01-26T13:06:13+00:00\" \/>\n<meta property=\"og:image\" content=\"https:\/\/espacioaretha.com\/explora\/wp-content\/uploads\/2022\/11\/1-3.jpg\" \/>\n\t<meta property=\"og:image:width\" content=\"1920\" \/>\n\t<meta property=\"og:image:height\" content=\"1080\" \/>\n\t<meta property=\"og:image:type\" content=\"image\/jpeg\" \/>\n<meta name=\"author\" content=\"Bernardo Botello\" \/>\n<meta name=\"twitter:card\" content=\"summary_large_image\" \/>\n<meta name=\"twitter:title\" content=\"Las oficinas siguen modas | Magazine #2 Workplace | Aretha Explora\" \/>\n<meta name=\"twitter:description\" content=\"En el dise\u00f1o de las oficinas se siguen modas. Algunas responden a cambios sociales, como la aceleraci\u00f3n de la oficina flexible o h\u00edbrida.\" \/>\n<meta name=\"twitter:image\" content=\"https:\/\/espacioaretha.com\/explora\/wp-content\/uploads\/2022\/11\/1-3.jpg\" \/>\n<meta name=\"twitter:label1\" content=\"Escrito por\" \/>\n\t<meta name=\"twitter:data1\" content=\"Bernardo Botello\" \/>\n\t<meta name=\"twitter:label2\" content=\"Tiempo de lectura\" \/>\n\t<meta name=\"twitter:data2\" content=\"5 minutos\" \/>\n<script type=\"application\/ld+json\" class=\"yoast-schema-graph\">{\"@context\":\"https:\\\/\\\/schema.org\",\"@graph\":[{\"@type\":\"Article\",\"@id\":\"https:\\\/\\\/espacioaretha.com\\\/explora\\\/las-oficinas-siguen-modas\\\/#article\",\"isPartOf\":{\"@id\":\"https:\\\/\\\/espacioaretha.com\\\/explora\\\/las-oficinas-siguen-modas\\\/\"},\"author\":{\"name\":\"Bernardo Botello\",\"@id\":\"https:\\\/\\\/espacioaretha.com\\\/explora\\\/#\\\/schema\\\/person\\\/ef1bb390c4c66941f617f51fdc4239dd\"},\"headline\":\"Las oficinas siguen modas\",\"datePublished\":\"2023-01-26T12:53:12+00:00\",\"dateModified\":\"2023-01-26T13:06:13+00:00\",\"mainEntityOfPage\":{\"@id\":\"https:\\\/\\\/espacioaretha.com\\\/explora\\\/las-oficinas-siguen-modas\\\/\"},\"wordCount\":862,\"commentCount\":0,\"publisher\":{\"@id\":\"https:\\\/\\\/espacioaretha.com\\\/explora\\\/#organization\"},\"image\":{\"@id\":\"https:\\\/\\\/espacioaretha.com\\\/explora\\\/las-oficinas-siguen-modas\\\/#primaryimage\"},\"thumbnailUrl\":\"https:\\\/\\\/espacioaretha.com\\\/explora\\\/wp-content\\\/uploads\\\/2022\\\/11\\\/1-3.jpg\",\"keywords\":[\"Espacios\",\"Management\",\"Productividad\",\"RRHH\"],\"articleSection\":[\"Retail\"],\"inLanguage\":\"es\",\"potentialAction\":[{\"@type\":\"CommentAction\",\"name\":\"Comment\",\"target\":[\"https:\\\/\\\/espacioaretha.com\\\/explora\\\/las-oficinas-siguen-modas\\\/#respond\"]}]},{\"@type\":\"WebPage\",\"@id\":\"https:\\\/\\\/espacioaretha.com\\\/explora\\\/las-oficinas-siguen-modas\\\/\",\"url\":\"https:\\\/\\\/espacioaretha.com\\\/explora\\\/las-oficinas-siguen-modas\\\/\",\"name\":\"Las oficinas siguen modas | Magazine Workplace | Aretha Explora\",\"isPartOf\":{\"@id\":\"https:\\\/\\\/espacioaretha.com\\\/explora\\\/#website\"},\"primaryImageOfPage\":{\"@id\":\"https:\\\/\\\/espacioaretha.com\\\/explora\\\/las-oficinas-siguen-modas\\\/#primaryimage\"},\"image\":{\"@id\":\"https:\\\/\\\/espacioaretha.com\\\/explora\\\/las-oficinas-siguen-modas\\\/#primaryimage\"},\"thumbnailUrl\":\"https:\\\/\\\/espacioaretha.com\\\/explora\\\/wp-content\\\/uploads\\\/2022\\\/11\\\/1-3.jpg\",\"datePublished\":\"2023-01-26T12:53:12+00:00\",\"dateModified\":\"2023-01-26T13:06:13+00:00\",\"description\":\"En el dise\u00f1o de las oficinas se siguen modas. Algunas responden a cambios sociales, como la aceleraci\u00f3n de la oficina flexible o h\u00edbrida.\",\"breadcrumb\":{\"@id\":\"https:\\\/\\\/espacioaretha.com\\\/explora\\\/las-oficinas-siguen-modas\\\/#breadcrumb\"},\"inLanguage\":\"es\",\"potentialAction\":[{\"@type\":\"ReadAction\",\"target\":[\"https:\\\/\\\/espacioaretha.com\\\/explora\\\/las-oficinas-siguen-modas\\\/\"]}]},{\"@type\":\"ImageObject\",\"inLanguage\":\"es\",\"@id\":\"https:\\\/\\\/espacioaretha.com\\\/explora\\\/las-oficinas-siguen-modas\\\/#primaryimage\",\"url\":\"https:\\\/\\\/espacioaretha.com\\\/explora\\\/wp-content\\\/uploads\\\/2022\\\/11\\\/1-3.jpg\",\"contentUrl\":\"https:\\\/\\\/espacioaretha.com\\\/explora\\\/wp-content\\\/uploads\\\/2022\\\/11\\\/1-3.jpg\",\"width\":1920,\"height\":1080,\"caption\":\"arval oficina de moda\"},{\"@type\":\"BreadcrumbList\",\"@id\":\"https:\\\/\\\/espacioaretha.com\\\/explora\\\/las-oficinas-siguen-modas\\\/#breadcrumb\",\"itemListElement\":[{\"@type\":\"ListItem\",\"position\":1,\"name\":\"Portada\",\"item\":\"https:\\\/\\\/espacioaretha.com\\\/explora\\\/\"},{\"@type\":\"ListItem\",\"position\":2,\"name\":\"Las oficinas siguen modas\"}]},{\"@type\":\"WebSite\",\"@id\":\"https:\\\/\\\/espacioaretha.com\\\/explora\\\/#website\",\"url\":\"https:\\\/\\\/espacioaretha.com\\\/explora\\\/\",\"name\":\"Aretha Explora\",\"description\":\"Plataforma de contenidos e inspiraci\u00f3n sobre arquitectura, dise\u00f1o y mucho m\u00e1s\",\"publisher\":{\"@id\":\"https:\\\/\\\/espacioaretha.com\\\/explora\\\/#organization\"},\"potentialAction\":[{\"@type\":\"SearchAction\",\"target\":{\"@type\":\"EntryPoint\",\"urlTemplate\":\"https:\\\/\\\/espacioaretha.com\\\/explora\\\/?s={search_term_string}\"},\"query-input\":{\"@type\":\"PropertyValueSpecification\",\"valueRequired\":true,\"valueName\":\"search_term_string\"}}],\"inLanguage\":\"es\"},{\"@type\":\"Organization\",\"@id\":\"https:\\\/\\\/espacioaretha.com\\\/explora\\\/#organization\",\"name\":\"Aretha Explora\",\"alternateName\":\"Aretha\",\"url\":\"https:\\\/\\\/espacioaretha.com\\\/explora\\\/\",\"logo\":{\"@type\":\"ImageObject\",\"inLanguage\":\"es\",\"@id\":\"https:\\\/\\\/espacioaretha.com\\\/explora\\\/#\\\/schema\\\/logo\\\/image\\\/\",\"url\":\"https:\\\/\\\/espacioaretha.com\\\/explora\\\/wp-content\\\/uploads\\\/2022\\\/05\\\/Ojo-web.jpg\",\"contentUrl\":\"https:\\\/\\\/espacioaretha.com\\\/explora\\\/wp-content\\\/uploads\\\/2022\\\/05\\\/Ojo-web.jpg\",\"width\":1920,\"height\":1080,\"caption\":\"Aretha Explora\"},\"image\":{\"@id\":\"https:\\\/\\\/espacioaretha.com\\\/explora\\\/#\\\/schema\\\/logo\\\/image\\\/\"}},{\"@type\":\"Person\",\"@id\":\"https:\\\/\\\/espacioaretha.com\\\/explora\\\/#\\\/schema\\\/person\\\/ef1bb390c4c66941f617f51fdc4239dd\",\"name\":\"Bernardo Botello\",\"image\":{\"@type\":\"ImageObject\",\"inLanguage\":\"es\",\"@id\":\"https:\\\/\\\/espacioaretha.com\\\/explora\\\/wp-content\\\/uploads\\\/2022\\\/11\\\/cropped-1615187229613-96x96.jpg\",\"url\":\"https:\\\/\\\/espacioaretha.com\\\/explora\\\/wp-content\\\/uploads\\\/2022\\\/11\\\/cropped-1615187229613-96x96.jpg\",\"contentUrl\":\"https:\\\/\\\/espacioaretha.com\\\/explora\\\/wp-content\\\/uploads\\\/2022\\\/11\\\/cropped-1615187229613-96x96.jpg\",\"caption\":\"Bernardo Botello\"},\"description\":\"Arquitecto\",\"sameAs\":[\"https:\\\/\\\/www.linkedin.com\\\/in\\\/bernardo-botello-44b7aa1a7\\\/\"],\"url\":\"https:\\\/\\\/espacioaretha.com\\\/explora\\\/author\\\/bernardo-botello\\\/\"}]}<\/script>\n<!-- \/ Yoast SEO plugin. -->","yoast_head_json":{"title":"Las oficinas siguen modas | Magazine Workplace | Aretha Explora","description":"En el dise\u00f1o de las oficinas se siguen modas. Algunas responden a cambios sociales, como la aceleraci\u00f3n de la oficina flexible o h\u00edbrida.","robots":{"index":"index","follow":"follow","max-snippet":"max-snippet:-1","max-image-preview":"max-image-preview:large","max-video-preview":"max-video-preview:-1"},"canonical":"https:\/\/espacioaretha.com\/explora\/las-oficinas-siguen-modas\/","og_locale":"es_ES","og_type":"article","og_title":"Las oficinas siguen modas | Magazine #2 Workplace | Aretha Explora","og_description":"En el dise\u00f1o de las oficinas se siguen modas. Algunas responden a cambios sociales, como la aceleraci\u00f3n de la oficina flexible o h\u00edbrida.","og_url":"https:\/\/espacioaretha.com\/explora\/las-oficinas-siguen-modas\/","og_site_name":"Aretha Explora","article_published_time":"2023-01-26T12:53:12+00:00","article_modified_time":"2023-01-26T13:06:13+00:00","og_image":[{"width":1920,"height":1080,"url":"https:\/\/espacioaretha.com\/explora\/wp-content\/uploads\/2022\/11\/1-3.jpg","type":"image\/jpeg"}],"author":"Bernardo Botello","twitter_card":"summary_large_image","twitter_title":"Las oficinas siguen modas | Magazine #2 Workplace | Aretha Explora","twitter_description":"En el dise\u00f1o de las oficinas se siguen modas. Algunas responden a cambios sociales, como la aceleraci\u00f3n de la oficina flexible o h\u00edbrida.","twitter_image":"https:\/\/espacioaretha.com\/explora\/wp-content\/uploads\/2022\/11\/1-3.jpg","twitter_misc":{"Escrito por":"Bernardo Botello","Tiempo de lectura":"5 minutos"},"schema":{"@context":"https:\/\/schema.org","@graph":[{"@type":"Article","@id":"https:\/\/espacioaretha.com\/explora\/las-oficinas-siguen-modas\/#article","isPartOf":{"@id":"https:\/\/espacioaretha.com\/explora\/las-oficinas-siguen-modas\/"},"author":{"name":"Bernardo Botello","@id":"https:\/\/espacioaretha.com\/explora\/#\/schema\/person\/ef1bb390c4c66941f617f51fdc4239dd"},"headline":"Las oficinas siguen modas","datePublished":"2023-01-26T12:53:12+00:00","dateModified":"2023-01-26T13:06:13+00:00","mainEntityOfPage":{"@id":"https:\/\/espacioaretha.com\/explora\/las-oficinas-siguen-modas\/"},"wordCount":862,"commentCount":0,"publisher":{"@id":"https:\/\/espacioaretha.com\/explora\/#organization"},"image":{"@id":"https:\/\/espacioaretha.com\/explora\/las-oficinas-siguen-modas\/#primaryimage"},"thumbnailUrl":"https:\/\/espacioaretha.com\/explora\/wp-content\/uploads\/2022\/11\/1-3.jpg","keywords":["Espacios","Management","Productividad","RRHH"],"articleSection":["Retail"],"inLanguage":"es","potentialAction":[{"@type":"CommentAction","name":"Comment","target":["https:\/\/espacioaretha.com\/explora\/las-oficinas-siguen-modas\/#respond"]}]},{"@type":"WebPage","@id":"https:\/\/espacioaretha.com\/explora\/las-oficinas-siguen-modas\/","url":"https:\/\/espacioaretha.com\/explora\/las-oficinas-siguen-modas\/","name":"Las oficinas siguen modas | Magazine Workplace | Aretha Explora","isPartOf":{"@id":"https:\/\/espacioaretha.com\/explora\/#website"},"primaryImageOfPage":{"@id":"https:\/\/espacioaretha.com\/explora\/las-oficinas-siguen-modas\/#primaryimage"},"image":{"@id":"https:\/\/espacioaretha.com\/explora\/las-oficinas-siguen-modas\/#primaryimage"},"thumbnailUrl":"https:\/\/espacioaretha.com\/explora\/wp-content\/uploads\/2022\/11\/1-3.jpg","datePublished":"2023-01-26T12:53:12+00:00","dateModified":"2023-01-26T13:06:13+00:00","description":"En el dise\u00f1o de las oficinas se siguen modas. Algunas responden a cambios sociales, como la aceleraci\u00f3n de la oficina flexible o h\u00edbrida.","breadcrumb":{"@id":"https:\/\/espacioaretha.com\/explora\/las-oficinas-siguen-modas\/#breadcrumb"},"inLanguage":"es","potentialAction":[{"@type":"ReadAction","target":["https:\/\/espacioaretha.com\/explora\/las-oficinas-siguen-modas\/"]}]},{"@type":"ImageObject","inLanguage":"es","@id":"https:\/\/espacioaretha.com\/explora\/las-oficinas-siguen-modas\/#primaryimage","url":"https:\/\/espacioaretha.com\/explora\/wp-content\/uploads\/2022\/11\/1-3.jpg","contentUrl":"https:\/\/espacioaretha.com\/explora\/wp-content\/uploads\/2022\/11\/1-3.jpg","width":1920,"height":1080,"caption":"arval oficina de moda"},{"@type":"BreadcrumbList","@id":"https:\/\/espacioaretha.com\/explora\/las-oficinas-siguen-modas\/#breadcrumb","itemListElement":[{"@type":"ListItem","position":1,"name":"Portada","item":"https:\/\/espacioaretha.com\/explora\/"},{"@type":"ListItem","position":2,"name":"Las oficinas siguen modas"}]},{"@type":"WebSite","@id":"https:\/\/espacioaretha.com\/explora\/#website","url":"https:\/\/espacioaretha.com\/explora\/","name":"Aretha Explora","description":"Plataforma de contenidos e inspiraci\u00f3n sobre arquitectura, dise\u00f1o y mucho m\u00e1s","publisher":{"@id":"https:\/\/espacioaretha.com\/explora\/#organization"},"potentialAction":[{"@type":"SearchAction","target":{"@type":"EntryPoint","urlTemplate":"https:\/\/espacioaretha.com\/explora\/?s={search_term_string}"},"query-input":{"@type":"PropertyValueSpecification","valueRequired":true,"valueName":"search_term_string"}}],"inLanguage":"es"},{"@type":"Organization","@id":"https:\/\/espacioaretha.com\/explora\/#organization","name":"Aretha Explora","alternateName":"Aretha","url":"https:\/\/espacioaretha.com\/explora\/","logo":{"@type":"ImageObject","inLanguage":"es","@id":"https:\/\/espacioaretha.com\/explora\/#\/schema\/logo\/image\/","url":"https:\/\/espacioaretha.com\/explora\/wp-content\/uploads\/2022\/05\/Ojo-web.jpg","contentUrl":"https:\/\/espacioaretha.com\/explora\/wp-content\/uploads\/2022\/05\/Ojo-web.jpg","width":1920,"height":1080,"caption":"Aretha Explora"},"image":{"@id":"https:\/\/espacioaretha.com\/explora\/#\/schema\/logo\/image\/"}},{"@type":"Person","@id":"https:\/\/espacioaretha.com\/explora\/#\/schema\/person\/ef1bb390c4c66941f617f51fdc4239dd","name":"Bernardo Botello","image":{"@type":"ImageObject","inLanguage":"es","@id":"https:\/\/espacioaretha.com\/explora\/wp-content\/uploads\/2022\/11\/cropped-1615187229613-96x96.jpg","url":"https:\/\/espacioaretha.com\/explora\/wp-content\/uploads\/2022\/11\/cropped-1615187229613-96x96.jpg","contentUrl":"https:\/\/espacioaretha.com\/explora\/wp-content\/uploads\/2022\/11\/cropped-1615187229613-96x96.jpg","caption":"Bernardo Botello"},"description":"Arquitecto","sameAs":["https:\/\/www.linkedin.com\/in\/bernardo-botello-44b7aa1a7\/"],"url":"https:\/\/espacioaretha.com\/explora\/author\/bernardo-botello\/"}]}},"_links":{"self":[{"href":"https:\/\/espacioaretha.com\/explora\/wp-json\/wp\/v2\/posts\/3506","targetHints":{"allow":["GET"]}}],"collection":[{"href":"https:\/\/espacioaretha.com\/explora\/wp-json\/wp\/v2\/posts"}],"about":[{"href":"https:\/\/espacioaretha.com\/explora\/wp-json\/wp\/v2\/types\/post"}],"author":[{"embeddable":true,"href":"https:\/\/espacioaretha.com\/explora\/wp-json\/wp\/v2\/users\/38"}],"replies":[{"embeddable":true,"href":"https:\/\/espacioaretha.com\/explora\/wp-json\/wp\/v2\/comments?post=3506"}],"version-history":[{"count":3,"href":"https:\/\/espacioaretha.com\/explora\/wp-json\/wp\/v2\/posts\/3506\/revisions"}],"predecessor-version":[{"id":3511,"href":"https:\/\/espacioaretha.com\/explora\/wp-json\/wp\/v2\/posts\/3506\/revisions\/3511"}],"wp:featuredmedia":[{"embeddable":true,"href":"https:\/\/espacioaretha.com\/explora\/wp-json\/wp\/v2\/media\/3243"}],"wp:attachment":[{"href":"https:\/\/espacioaretha.com\/explora\/wp-json\/wp\/v2\/media?parent=3506"}],"wp:term":[{"taxonomy":"category","embeddable":true,"href":"https:\/\/espacioaretha.com\/explora\/wp-json\/wp\/v2\/categories?post=3506"},{"taxonomy":"post_tag","embeddable":true,"href":"https:\/\/espacioaretha.com\/explora\/wp-json\/wp\/v2\/tags?post=3506"}],"curies":[{"name":"wp","href":"https:\/\/api.w.org\/{rel}","templated":true}]}}