{"id":3513,"date":"2023-01-30T17:50:28","date_gmt":"2023-01-30T16:50:28","guid":{"rendered":"https:\/\/espacioaretha.com\/explora\/?p=3513"},"modified":"2023-02-06T09:15:28","modified_gmt":"2023-02-06T08:15:28","slug":"la-oficina-fusion","status":"publish","type":"post","link":"https:\/\/espacioaretha.com\/explora\/la-oficina-fusion\/","title":{"rendered":"La oficina fusi\u00f3n"},"content":{"rendered":"\n<p>Vivimos en un momento en el que podr\u00edamos decir que&#8230;<\/p>\n\n\n\n<h2 class=\"has-text-align-left wp-block-heading\"> &#8230; la cultura del <em>presencialismo<\/em> ha pasado a mejor vida<\/h2>\n\n\n\n<p>La pandemia ha impulsado el teletrabajo, transformando los modelos de trabajo en un contexto de nuevas tecnolog\u00edas y nuevos estilos de vida que apuestan por la conciliaci\u00f3n y la flexibilidad en el trabajo.<\/p>\n\n\n\n<p>En un momento en el que, al mismo tiempo, la atracci\u00f3n y la retenci\u00f3n del talento, la sostenibilidad y la resiliencia de <strong>las empresas dependen en gran medida de la conexi\u00f3n emocional de sus empleados con un prop\u00f3sito<\/strong>, con un equipo. De su sentido de pertenencia.<strong> \u00bfC\u00f3mo asegurar ese v\u00ednculo emocional en esta nueva realidad?<\/strong><\/p>\n\n\n\n<p>Dicen en Ciencia que parte del \u00e9xito en el resultado emana del ambiente y del cultivo com\u00fan del equipo investigador. La proximidad de los equipos ayuda a que los problemas se resuelvan m\u00e1s \u00e1gilmente, a que la innovaci\u00f3n crezca, a que los lazos emocionales sean m\u00e1s estrechos.<\/p>\n\n\n\n<div class=\"wp-block-columns is-layout-flex wp-container-core-columns-is-layout-9d6595d7 wp-block-columns-is-layout-flex\">\n<div class=\"wp-block-column is-layout-flow wp-block-column-is-layout-flow\">\n<h3 class=\"wp-block-heading\"><strong>Hoy un 89% de las personas desea que sus trabajos sean parcialmente remotos. <\/strong>Seg\u00fan el estudio El Impacto de lo H\u00edbrido, de ManpowerGroup, LLYC zityhub y The Move.<\/h3>\n<\/div>\n\n\n\n<div class=\"wp-block-column is-layout-flow wp-block-column-is-layout-flow\"><\/div>\n<\/div>\n\n\n\n<p>La fusi\u00f3n<em> phy-gital<\/em>, combinando las fortalezas del trabajo presencial con las fortalezas del trabajo en remoto, parece una de las mejores opciones.<\/p>\n\n\n\n<p>En este contexto, en el que muchos empleados han incorporado como un h\u00e1bito trabajar en remoto,<\/p>\n\n\n\n<div class=\"wp-block-columns is-layout-flex wp-container-core-columns-is-layout-9d6595d7 wp-block-columns-is-layout-flex\">\n<div class=\"wp-block-column is-layout-flow wp-block-column-is-layout-flow\" style=\"flex-basis:33.33%\"><\/div>\n\n\n\n<div class=\"wp-block-column is-layout-flow wp-block-column-is-layout-flow\" style=\"flex-basis:66.66%\">\n<h3 class=\"wp-block-heading\"><strong>las empresas necesitamos repensar el papel de la oficina<\/strong><\/h3>\n<\/div>\n<\/div>\n\n\n\n<p><strong>\u00bfC\u00f3mo hacer que vuelvan fortaleciendo su nivel de compromiso? \u00bfc\u00f3mo hacer que sientan que merece la pena ir a la oficina a pesar de poder trabajar en casa?<\/strong><\/p>\n\n\n\n<p>Podr\u00eda argumentarse que invertir en el espacio laboral aporta pocos beneficios. Nada m\u00e1s lejos de lo que observamos. Las oficinas concebidas de manera tradicional ya no son compatibles con los modelos de trabajo h\u00edbridos y din\u00e1micos actuales.<\/p>\n\n\n\n<p>Vemos que<strong> la adaptaci\u00f3n de los espacios refuerza el<em> employer branding<\/em><\/strong> y contribuye de una manera clara a:<\/p>\n\n\n\n<div class=\"wp-block-columns is-layout-flex wp-container-core-columns-is-layout-9d6595d7 wp-block-columns-is-layout-flex\">\n<div class=\"wp-block-column is-layout-flow wp-block-column-is-layout-flow\">\n<p>1. <strong>Ganar productividad<\/strong>. El entorno (la luz, la temperatura, \u2026) influye en la concentraci\u00f3n y en el rendimiento laboral.<\/p>\n\n\n\n<p>2. <strong>Fomentar la creatividad<\/strong>. Los est\u00edmulos visuales, el equipamiento, la vegetaci\u00f3n, ayudan a incrementar la creatividad. La decoraci\u00f3n y los materiales en el espacio de trabajo influyen notablemente en la innovaci\u00f3n e inspiraci\u00f3n.<\/p>\n<\/div>\n\n\n\n<div class=\"wp-block-column is-layout-flow wp-block-column-is-layout-flow\">\n<p>3. <strong>Disminuir el estr\u00e9s.<\/strong> La comodidad, la seguridad, los niveles ac\u00fasticos, la paleta de colores\u2026 son fundamentales para combatir la ansiedad, el estr\u00e9s y cuidar nuestra salud.<\/p>\n\n\n\n<p>4. <strong>Aumentar la satisfacci\u00f3n del empleado<\/strong>. Si todo a nuestro alrededor est\u00e1 preparado para hacernos sentir bien, para generar emoci\u00f3n y conexi\u00f3n, estaremos m\u00e1s motivados.<\/p>\n<\/div>\n<\/div>\n\n\n\n<figure class=\"wp-block-image size-large\"><img loading=\"lazy\" decoding=\"async\" width=\"1024\" height=\"576\" src=\"https:\/\/espacioaretha.com\/explora\/wp-content\/uploads\/2023\/01\/1-1024x576.jpg\" alt=\"\" class=\"wp-image-3532\" srcset=\"https:\/\/espacioaretha.com\/explora\/wp-content\/uploads\/2023\/01\/1-1024x576.jpg 1024w, https:\/\/espacioaretha.com\/explora\/wp-content\/uploads\/2023\/01\/1-300x169.jpg 300w, https:\/\/espacioaretha.com\/explora\/wp-content\/uploads\/2023\/01\/1-768x432.jpg 768w, https:\/\/espacioaretha.com\/explora\/wp-content\/uploads\/2023\/01\/1-1536x864.jpg 1536w, https:\/\/espacioaretha.com\/explora\/wp-content\/uploads\/2023\/01\/1.jpg 1920w\" sizes=\"auto, (max-width: 1024px) 100vw, 1024px\" \/><\/figure>\n\n\n\n<figure class=\"wp-block-image size-large\"><img loading=\"lazy\" decoding=\"async\" width=\"1024\" height=\"576\" src=\"https:\/\/espacioaretha.com\/explora\/wp-content\/uploads\/2023\/01\/1-1024x576.png\" alt=\"oficina fusion\" class=\"wp-image-3563\" srcset=\"https:\/\/espacioaretha.com\/explora\/wp-content\/uploads\/2023\/01\/1-1024x576.png 1024w, https:\/\/espacioaretha.com\/explora\/wp-content\/uploads\/2023\/01\/1-300x169.png 300w, https:\/\/espacioaretha.com\/explora\/wp-content\/uploads\/2023\/01\/1-768x432.png 768w, https:\/\/espacioaretha.com\/explora\/wp-content\/uploads\/2023\/01\/1-1536x864.png 1536w, https:\/\/espacioaretha.com\/explora\/wp-content\/uploads\/2023\/01\/1.png 1680w\" sizes=\"auto, (max-width: 1024px) 100vw, 1024px\" \/><\/figure>\n\n\n\n<h3 class=\"wp-block-heading\">As\u00ed nuestra Oficina Fusi\u00f3n, se convierte en sin\u00f3nimo de intercambio, de experiencia \u00fanica y diferencial. Se convierte en el punto neur\u00e1lgico para conectar, reforzar v\u00ednculos y desarrollarse. Para co-crear, verse y compartir juntos.<\/h3>\n\n\n\n<p><strong>Los espacios se convierten en sin\u00f3nimo de hogar, de bienestar, adaptando y disponiendo de los espacios en funci\u00f3n de la necesidad concreta del empleado<\/strong>. Incorporando tecnolog\u00edas de interconexi\u00f3n y espacios que ayuden a trabajar bajo modelos din\u00e1micos y \u00e1giles, que permitan mantener encuentros formales, informales o conversaciones delicadas, siempre m\u00e1s exitosas cuando se desarrollan f\u00edsicamente. Para que el empleado se sienta en casa y pueda trabajar colaborativamente en un sitio lo m\u00e1s parecido a ella.<\/p>\n\n\n\n<div class=\"wp-block-columns is-layout-flex wp-container-core-columns-is-layout-9d6595d7 wp-block-columns-is-layout-flex\">\n<div class=\"wp-block-column is-layout-flow wp-block-column-is-layout-flow\"><\/div>\n\n\n\n<div class=\"wp-block-column is-layout-flow wp-block-column-is-layout-flow\" style=\"flex-basis:66.66%\">\n<h2 class=\"wp-block-heading\"><strong>La <em>Oficina Fusi\u00f3n<\/em>, como las casas con las que so\u00f1amos, refleja los valores y la cultura de quien la habita<\/strong>&#8230;<\/h2>\n<\/div>\n<\/div>\n\n\n\n<p>Porque todo tiene un porqu\u00e9.<strong> <\/strong>Una oficina sin despachos en la que se trabaja en espacios abiertos interactuando con cercan\u00eda, refleja una cultura colaborativa y no jer\u00e1rquica; una oficina sin mesas fijas, con distribuciones flexibles y movibles muestra que la empresa valora la creatividad y la flexibilidad de sus empleados.<strong> <\/strong>Los espacios abiertos a la luz, con elementos que ayuden al control del ruido, el mobiliario confortable e informal, reflejan que valoramos la salud y el bienestar del empleado. Lo mismo ocurre con los espacios al aire libre o de ocio para momentos de desconexi\u00f3n o los materiales que apuestan por la sostenibilidad medioambiental. <strong>Todo refleja los valores y la cultura de la empresa a nuestros empleados, clientes y distribuidores.<\/strong><\/p>\n\n\n\n<div class=\"wp-block-columns is-layout-flex wp-container-core-columns-is-layout-9d6595d7 wp-block-columns-is-layout-flex\">\n<div class=\"wp-block-column is-layout-flow wp-block-column-is-layout-flow\" style=\"flex-basis:66.66%\">\n<h2 class=\"wp-block-heading\"><strong>En definitiva, espacios que fusionen los valores corporativos y de equipo con la necesidad concreta del empleado para crear, en una realidad phy-gital, la mejor experiencia.<\/strong><\/h2>\n<\/div>\n\n\n\n<div class=\"wp-block-column is-layout-flow wp-block-column-is-layout-flow\" style=\"flex-basis:33.33%\"><\/div>\n<\/div>\n\n\n\n<p>Para conectar emocionalmente al empleado, fortaleciendo su compromiso y su sentido de pertenencia. Contribuyendo en el contexto actual de nuevas tecnolog\u00edas, a la humanizaci\u00f3n de la empresa, a inspirar con identidad reflejando la esencia de la compa\u00f1\u00eda, su prop\u00f3sito, su cultura. Su alma.<\/p>\n","protected":false},"excerpt":{"rendered":"<p>Hace una semana pude probar en Tenerife el mojo ganador en Madrid Fusi\u00f3n. El evento de alta cocina por excelencia, donde se premia el talento y la innovaci\u00f3n para elaborar la mejor fusi\u00f3n de ingredientes y culturas gastron\u00f3micas. Para crear nuevos sabores con un prop\u00f3sito com\u00fan: vivir la gastronom\u00eda como una experiencia. Igual que los modelos de trabajo y la oficina del futuro, mejor dicho, la del presente, cuya naturaleza implica la innovaci\u00f3n y la fusi\u00f3n en el espacio para crear la mejor experiencia<\/p>\n","protected":false},"author":41,"featured_media":3559,"comment_status":"closed","ping_status":"closed","sticky":false,"template":"","format":"standard","meta":{"footnotes":""},"categories":[31],"tags":[72,140,155,152,150,153,161],"class_list":["post-3513","post","type-post","status-publish","format-standard","has-post-thumbnail","hentry","category-espacios-de-trabajo","tag-espacios","tag-oficinas","tag-rrhh","tag-teletrabajo","tag-trabajo-flexible","tag-trabajo-hibrido","tag-workplace"],"yoast_head":"<!-- This site is optimized with the Yoast SEO plugin v27.4 - https:\/\/yoast.com\/product\/yoast-seo-wordpress\/ -->\n<title>La oficina fusi\u00f3n | Repensando el papel de las oficinas | Aretha Explora<\/title>\n<meta name=\"description\" content=\"Las empresas necesitan repensar el papel de la oficina. Hoy un 89% de las personas desea que sus trabajos sean remotos. El trabajo h\u00edbrido...\" \/>\n<meta name=\"robots\" content=\"index, follow, max-snippet:-1, max-image-preview:large, max-video-preview:-1\" \/>\n<link rel=\"canonical\" href=\"https:\/\/espacioaretha.com\/explora\/la-oficina-fusion\/\" \/>\n<meta property=\"og:locale\" content=\"es_ES\" \/>\n<meta property=\"og:type\" content=\"article\" \/>\n<meta property=\"og:title\" content=\"La oficina fusi\u00f3n por Barbara Aspichueta | Aretha Explora\" \/>\n<meta property=\"og:description\" content=\"Las empresas necesitan repensar el papel de la oficina. La cultura del presencialismo ha pasado a mejor vida. Se necesitan oficinas fusi\u00f3n.\" \/>\n<meta property=\"og:url\" content=\"https:\/\/espacioaretha.com\/explora\/la-oficina-fusion\/\" \/>\n<meta property=\"og:site_name\" content=\"Aretha Explora\" \/>\n<meta property=\"article:published_time\" content=\"2023-01-30T16:50:28+00:00\" \/>\n<meta property=\"article:modified_time\" content=\"2023-02-06T08:15:28+00:00\" \/>\n<meta property=\"og:image\" content=\"https:\/\/espacioaretha.com\/explora\/wp-content\/uploads\/2023\/01\/11.jpg\" \/>\n\t<meta property=\"og:image:width\" content=\"1920\" \/>\n\t<meta property=\"og:image:height\" content=\"1080\" \/>\n\t<meta property=\"og:image:type\" content=\"image\/jpeg\" \/>\n<meta name=\"author\" content=\"Barbara Aspichueta\" \/>\n<meta name=\"twitter:card\" content=\"summary_large_image\" \/>\n<meta name=\"twitter:title\" content=\"La oficina fusi\u00f3n por Barbara Aspichueta | Aretha Explora\" \/>\n<meta name=\"twitter:description\" content=\"Las empresas necesitan repensar el papel de la oficina. La cultura del presencialismo ha pasado a mejor vida. Se necesitan oficinas fusi\u00f3n.\" \/>\n<meta name=\"twitter:image\" content=\"https:\/\/espacioaretha.com\/explora\/wp-content\/uploads\/2023\/01\/11.jpg\" \/>\n<meta name=\"twitter:label1\" content=\"Escrito por\" \/>\n\t<meta name=\"twitter:data1\" content=\"Barbara Aspichueta\" \/>\n\t<meta name=\"twitter:label2\" content=\"Tiempo de lectura\" \/>\n\t<meta name=\"twitter:data2\" content=\"4 minutos\" \/>\n<script type=\"application\/ld+json\" class=\"yoast-schema-graph\">{\"@context\":\"https:\\\/\\\/schema.org\",\"@graph\":[{\"@type\":\"Article\",\"@id\":\"https:\\\/\\\/espacioaretha.com\\\/explora\\\/la-oficina-fusion\\\/#article\",\"isPartOf\":{\"@id\":\"https:\\\/\\\/espacioaretha.com\\\/explora\\\/la-oficina-fusion\\\/\"},\"author\":{\"name\":\"Barbara Aspichueta\",\"@id\":\"https:\\\/\\\/espacioaretha.com\\\/explora\\\/#\\\/schema\\\/person\\\/100353eedc170620e19883112636206c\"},\"headline\":\"La oficina fusi\u00f3n\",\"datePublished\":\"2023-01-30T16:50:28+00:00\",\"dateModified\":\"2023-02-06T08:15:28+00:00\",\"mainEntityOfPage\":{\"@id\":\"https:\\\/\\\/espacioaretha.com\\\/explora\\\/la-oficina-fusion\\\/\"},\"wordCount\":789,\"publisher\":{\"@id\":\"https:\\\/\\\/espacioaretha.com\\\/explora\\\/#organization\"},\"image\":{\"@id\":\"https:\\\/\\\/espacioaretha.com\\\/explora\\\/la-oficina-fusion\\\/#primaryimage\"},\"thumbnailUrl\":\"https:\\\/\\\/espacioaretha.com\\\/explora\\\/wp-content\\\/uploads\\\/2023\\\/01\\\/11.jpg\",\"keywords\":[\"Espacios\",\"oficinas\",\"RRHH\",\"teletrabajo\",\"trabajo flexible\",\"trabajo h\u00edbrido\",\"workplace\"],\"articleSection\":[\"Espacios de trabajo\"],\"inLanguage\":\"es\"},{\"@type\":\"WebPage\",\"@id\":\"https:\\\/\\\/espacioaretha.com\\\/explora\\\/la-oficina-fusion\\\/\",\"url\":\"https:\\\/\\\/espacioaretha.com\\\/explora\\\/la-oficina-fusion\\\/\",\"name\":\"La oficina fusi\u00f3n | Repensando el papel de las oficinas | Aretha Explora\",\"isPartOf\":{\"@id\":\"https:\\\/\\\/espacioaretha.com\\\/explora\\\/#website\"},\"primaryImageOfPage\":{\"@id\":\"https:\\\/\\\/espacioaretha.com\\\/explora\\\/la-oficina-fusion\\\/#primaryimage\"},\"image\":{\"@id\":\"https:\\\/\\\/espacioaretha.com\\\/explora\\\/la-oficina-fusion\\\/#primaryimage\"},\"thumbnailUrl\":\"https:\\\/\\\/espacioaretha.com\\\/explora\\\/wp-content\\\/uploads\\\/2023\\\/01\\\/11.jpg\",\"datePublished\":\"2023-01-30T16:50:28+00:00\",\"dateModified\":\"2023-02-06T08:15:28+00:00\",\"description\":\"Las empresas necesitan repensar el papel de la oficina. Hoy un 89% de las personas desea que sus trabajos sean remotos. El trabajo h\u00edbrido...\",\"breadcrumb\":{\"@id\":\"https:\\\/\\\/espacioaretha.com\\\/explora\\\/la-oficina-fusion\\\/#breadcrumb\"},\"inLanguage\":\"es\",\"potentialAction\":[{\"@type\":\"ReadAction\",\"target\":[\"https:\\\/\\\/espacioaretha.com\\\/explora\\\/la-oficina-fusion\\\/\"]}]},{\"@type\":\"ImageObject\",\"inLanguage\":\"es\",\"@id\":\"https:\\\/\\\/espacioaretha.com\\\/explora\\\/la-oficina-fusion\\\/#primaryimage\",\"url\":\"https:\\\/\\\/espacioaretha.com\\\/explora\\\/wp-content\\\/uploads\\\/2023\\\/01\\\/11.jpg\",\"contentUrl\":\"https:\\\/\\\/espacioaretha.com\\\/explora\\\/wp-content\\\/uploads\\\/2023\\\/01\\\/11.jpg\",\"width\":1920,\"height\":1080,\"caption\":\"oficina fusion\"},{\"@type\":\"BreadcrumbList\",\"@id\":\"https:\\\/\\\/espacioaretha.com\\\/explora\\\/la-oficina-fusion\\\/#breadcrumb\",\"itemListElement\":[{\"@type\":\"ListItem\",\"position\":1,\"name\":\"Portada\",\"item\":\"https:\\\/\\\/espacioaretha.com\\\/explora\\\/\"},{\"@type\":\"ListItem\",\"position\":2,\"name\":\"La oficina fusi\u00f3n\"}]},{\"@type\":\"WebSite\",\"@id\":\"https:\\\/\\\/espacioaretha.com\\\/explora\\\/#website\",\"url\":\"https:\\\/\\\/espacioaretha.com\\\/explora\\\/\",\"name\":\"Aretha Explora\",\"description\":\"Plataforma de contenidos e inspiraci\u00f3n sobre arquitectura, dise\u00f1o y mucho m\u00e1s\",\"publisher\":{\"@id\":\"https:\\\/\\\/espacioaretha.com\\\/explora\\\/#organization\"},\"potentialAction\":[{\"@type\":\"SearchAction\",\"target\":{\"@type\":\"EntryPoint\",\"urlTemplate\":\"https:\\\/\\\/espacioaretha.com\\\/explora\\\/?s={search_term_string}\"},\"query-input\":{\"@type\":\"PropertyValueSpecification\",\"valueRequired\":true,\"valueName\":\"search_term_string\"}}],\"inLanguage\":\"es\"},{\"@type\":\"Organization\",\"@id\":\"https:\\\/\\\/espacioaretha.com\\\/explora\\\/#organization\",\"name\":\"Aretha Explora\",\"alternateName\":\"Aretha\",\"url\":\"https:\\\/\\\/espacioaretha.com\\\/explora\\\/\",\"logo\":{\"@type\":\"ImageObject\",\"inLanguage\":\"es\",\"@id\":\"https:\\\/\\\/espacioaretha.com\\\/explora\\\/#\\\/schema\\\/logo\\\/image\\\/\",\"url\":\"https:\\\/\\\/espacioaretha.com\\\/explora\\\/wp-content\\\/uploads\\\/2022\\\/05\\\/Ojo-web.jpg\",\"contentUrl\":\"https:\\\/\\\/espacioaretha.com\\\/explora\\\/wp-content\\\/uploads\\\/2022\\\/05\\\/Ojo-web.jpg\",\"width\":1920,\"height\":1080,\"caption\":\"Aretha Explora\"},\"image\":{\"@id\":\"https:\\\/\\\/espacioaretha.com\\\/explora\\\/#\\\/schema\\\/logo\\\/image\\\/\"}},{\"@type\":\"Person\",\"@id\":\"https:\\\/\\\/espacioaretha.com\\\/explora\\\/#\\\/schema\\\/person\\\/100353eedc170620e19883112636206c\",\"name\":\"Barbara Aspichueta\",\"image\":{\"@type\":\"ImageObject\",\"inLanguage\":\"es\",\"@id\":\"https:\\\/\\\/espacioaretha.com\\\/explora\\\/wp-content\\\/uploads\\\/2023\\\/01\\\/cropped-Foto-Personal-96x96.jpg\",\"url\":\"https:\\\/\\\/espacioaretha.com\\\/explora\\\/wp-content\\\/uploads\\\/2023\\\/01\\\/cropped-Foto-Personal-96x96.jpg\",\"contentUrl\":\"https:\\\/\\\/espacioaretha.com\\\/explora\\\/wp-content\\\/uploads\\\/2023\\\/01\\\/cropped-Foto-Personal-96x96.jpg\",\"caption\":\"Barbara Aspichueta\"},\"description\":\"Directora de Personas y Cultura. \u00c1reas Clientes &amp; Transformaci\u00f3n, Oferta y Distribuci\u00f3n y Ventas | AXA Seguros Espa\u00f1a\",\"sameAs\":[\"www.linkedin.com\\\/in\\\/barbaraaspichueta\"],\"url\":\"https:\\\/\\\/espacioaretha.com\\\/explora\\\/author\\\/barbara\\\/\"}]}<\/script>\n<!-- \/ Yoast SEO plugin. -->","yoast_head_json":{"title":"La oficina fusi\u00f3n | Repensando el papel de las oficinas | Aretha Explora","description":"Las empresas necesitan repensar el papel de la oficina. Hoy un 89% de las personas desea que sus trabajos sean remotos. El trabajo h\u00edbrido...","robots":{"index":"index","follow":"follow","max-snippet":"max-snippet:-1","max-image-preview":"max-image-preview:large","max-video-preview":"max-video-preview:-1"},"canonical":"https:\/\/espacioaretha.com\/explora\/la-oficina-fusion\/","og_locale":"es_ES","og_type":"article","og_title":"La oficina fusi\u00f3n por Barbara Aspichueta | Aretha Explora","og_description":"Las empresas necesitan repensar el papel de la oficina. La cultura del presencialismo ha pasado a mejor vida. Se necesitan oficinas fusi\u00f3n.","og_url":"https:\/\/espacioaretha.com\/explora\/la-oficina-fusion\/","og_site_name":"Aretha Explora","article_published_time":"2023-01-30T16:50:28+00:00","article_modified_time":"2023-02-06T08:15:28+00:00","og_image":[{"width":1920,"height":1080,"url":"https:\/\/espacioaretha.com\/explora\/wp-content\/uploads\/2023\/01\/11.jpg","type":"image\/jpeg"}],"author":"Barbara Aspichueta","twitter_card":"summary_large_image","twitter_title":"La oficina fusi\u00f3n por Barbara Aspichueta | Aretha Explora","twitter_description":"Las empresas necesitan repensar el papel de la oficina. La cultura del presencialismo ha pasado a mejor vida. Se necesitan oficinas fusi\u00f3n.","twitter_image":"https:\/\/espacioaretha.com\/explora\/wp-content\/uploads\/2023\/01\/11.jpg","twitter_misc":{"Escrito por":"Barbara Aspichueta","Tiempo de lectura":"4 minutos"},"schema":{"@context":"https:\/\/schema.org","@graph":[{"@type":"Article","@id":"https:\/\/espacioaretha.com\/explora\/la-oficina-fusion\/#article","isPartOf":{"@id":"https:\/\/espacioaretha.com\/explora\/la-oficina-fusion\/"},"author":{"name":"Barbara Aspichueta","@id":"https:\/\/espacioaretha.com\/explora\/#\/schema\/person\/100353eedc170620e19883112636206c"},"headline":"La oficina fusi\u00f3n","datePublished":"2023-01-30T16:50:28+00:00","dateModified":"2023-02-06T08:15:28+00:00","mainEntityOfPage":{"@id":"https:\/\/espacioaretha.com\/explora\/la-oficina-fusion\/"},"wordCount":789,"publisher":{"@id":"https:\/\/espacioaretha.com\/explora\/#organization"},"image":{"@id":"https:\/\/espacioaretha.com\/explora\/la-oficina-fusion\/#primaryimage"},"thumbnailUrl":"https:\/\/espacioaretha.com\/explora\/wp-content\/uploads\/2023\/01\/11.jpg","keywords":["Espacios","oficinas","RRHH","teletrabajo","trabajo flexible","trabajo h\u00edbrido","workplace"],"articleSection":["Espacios de trabajo"],"inLanguage":"es"},{"@type":"WebPage","@id":"https:\/\/espacioaretha.com\/explora\/la-oficina-fusion\/","url":"https:\/\/espacioaretha.com\/explora\/la-oficina-fusion\/","name":"La oficina fusi\u00f3n | Repensando el papel de las oficinas | Aretha Explora","isPartOf":{"@id":"https:\/\/espacioaretha.com\/explora\/#website"},"primaryImageOfPage":{"@id":"https:\/\/espacioaretha.com\/explora\/la-oficina-fusion\/#primaryimage"},"image":{"@id":"https:\/\/espacioaretha.com\/explora\/la-oficina-fusion\/#primaryimage"},"thumbnailUrl":"https:\/\/espacioaretha.com\/explora\/wp-content\/uploads\/2023\/01\/11.jpg","datePublished":"2023-01-30T16:50:28+00:00","dateModified":"2023-02-06T08:15:28+00:00","description":"Las empresas necesitan repensar el papel de la oficina. Hoy un 89% de las personas desea que sus trabajos sean remotos. El trabajo h\u00edbrido...","breadcrumb":{"@id":"https:\/\/espacioaretha.com\/explora\/la-oficina-fusion\/#breadcrumb"},"inLanguage":"es","potentialAction":[{"@type":"ReadAction","target":["https:\/\/espacioaretha.com\/explora\/la-oficina-fusion\/"]}]},{"@type":"ImageObject","inLanguage":"es","@id":"https:\/\/espacioaretha.com\/explora\/la-oficina-fusion\/#primaryimage","url":"https:\/\/espacioaretha.com\/explora\/wp-content\/uploads\/2023\/01\/11.jpg","contentUrl":"https:\/\/espacioaretha.com\/explora\/wp-content\/uploads\/2023\/01\/11.jpg","width":1920,"height":1080,"caption":"oficina fusion"},{"@type":"BreadcrumbList","@id":"https:\/\/espacioaretha.com\/explora\/la-oficina-fusion\/#breadcrumb","itemListElement":[{"@type":"ListItem","position":1,"name":"Portada","item":"https:\/\/espacioaretha.com\/explora\/"},{"@type":"ListItem","position":2,"name":"La oficina fusi\u00f3n"}]},{"@type":"WebSite","@id":"https:\/\/espacioaretha.com\/explora\/#website","url":"https:\/\/espacioaretha.com\/explora\/","name":"Aretha Explora","description":"Plataforma de contenidos e inspiraci\u00f3n sobre arquitectura, dise\u00f1o y mucho m\u00e1s","publisher":{"@id":"https:\/\/espacioaretha.com\/explora\/#organization"},"potentialAction":[{"@type":"SearchAction","target":{"@type":"EntryPoint","urlTemplate":"https:\/\/espacioaretha.com\/explora\/?s={search_term_string}"},"query-input":{"@type":"PropertyValueSpecification","valueRequired":true,"valueName":"search_term_string"}}],"inLanguage":"es"},{"@type":"Organization","@id":"https:\/\/espacioaretha.com\/explora\/#organization","name":"Aretha Explora","alternateName":"Aretha","url":"https:\/\/espacioaretha.com\/explora\/","logo":{"@type":"ImageObject","inLanguage":"es","@id":"https:\/\/espacioaretha.com\/explora\/#\/schema\/logo\/image\/","url":"https:\/\/espacioaretha.com\/explora\/wp-content\/uploads\/2022\/05\/Ojo-web.jpg","contentUrl":"https:\/\/espacioaretha.com\/explora\/wp-content\/uploads\/2022\/05\/Ojo-web.jpg","width":1920,"height":1080,"caption":"Aretha Explora"},"image":{"@id":"https:\/\/espacioaretha.com\/explora\/#\/schema\/logo\/image\/"}},{"@type":"Person","@id":"https:\/\/espacioaretha.com\/explora\/#\/schema\/person\/100353eedc170620e19883112636206c","name":"Barbara Aspichueta","image":{"@type":"ImageObject","inLanguage":"es","@id":"https:\/\/espacioaretha.com\/explora\/wp-content\/uploads\/2023\/01\/cropped-Foto-Personal-96x96.jpg","url":"https:\/\/espacioaretha.com\/explora\/wp-content\/uploads\/2023\/01\/cropped-Foto-Personal-96x96.jpg","contentUrl":"https:\/\/espacioaretha.com\/explora\/wp-content\/uploads\/2023\/01\/cropped-Foto-Personal-96x96.jpg","caption":"Barbara Aspichueta"},"description":"Directora de Personas y Cultura. \u00c1reas Clientes &amp; Transformaci\u00f3n, Oferta y Distribuci\u00f3n y Ventas | AXA Seguros Espa\u00f1a","sameAs":["www.linkedin.com\/in\/barbaraaspichueta"],"url":"https:\/\/espacioaretha.com\/explora\/author\/barbara\/"}]}},"_links":{"self":[{"href":"https:\/\/espacioaretha.com\/explora\/wp-json\/wp\/v2\/posts\/3513","targetHints":{"allow":["GET"]}}],"collection":[{"href":"https:\/\/espacioaretha.com\/explora\/wp-json\/wp\/v2\/posts"}],"about":[{"href":"https:\/\/espacioaretha.com\/explora\/wp-json\/wp\/v2\/types\/post"}],"author":[{"embeddable":true,"href":"https:\/\/espacioaretha.com\/explora\/wp-json\/wp\/v2\/users\/41"}],"replies":[{"embeddable":true,"href":"https:\/\/espacioaretha.com\/explora\/wp-json\/wp\/v2\/comments?post=3513"}],"version-history":[{"count":32,"href":"https:\/\/espacioaretha.com\/explora\/wp-json\/wp\/v2\/posts\/3513\/revisions"}],"predecessor-version":[{"id":3569,"href":"https:\/\/espacioaretha.com\/explora\/wp-json\/wp\/v2\/posts\/3513\/revisions\/3569"}],"wp:featuredmedia":[{"embeddable":true,"href":"https:\/\/espacioaretha.com\/explora\/wp-json\/wp\/v2\/media\/3559"}],"wp:attachment":[{"href":"https:\/\/espacioaretha.com\/explora\/wp-json\/wp\/v2\/media?parent=3513"}],"wp:term":[{"taxonomy":"category","embeddable":true,"href":"https:\/\/espacioaretha.com\/explora\/wp-json\/wp\/v2\/categories?post=3513"},{"taxonomy":"post_tag","embeddable":true,"href":"https:\/\/espacioaretha.com\/explora\/wp-json\/wp\/v2\/tags?post=3513"}],"curies":[{"name":"wp","href":"https:\/\/api.w.org\/{rel}","templated":true}]}}