{"id":3582,"date":"2023-03-14T11:21:26","date_gmt":"2023-03-14T10:21:26","guid":{"rendered":"https:\/\/espacioaretha.com\/explora\/?p=3582"},"modified":"2023-03-29T14:23:30","modified_gmt":"2023-03-29T12:23:30","slug":"nuestros-mimbres-aretha","status":"publish","type":"post","link":"https:\/\/espacioaretha.com\/explora\/nuestros-mimbres-aretha\/","title":{"rendered":"Nuestros mimbres"},"content":{"rendered":"\n<p>Un espacio pensado para ti. Un lugar para la creatividad y la experimentaci\u00f3n donde materiales, productos y soluciones convergen. <\/p>\n\n\n\n<p><a href=\"https:\/\/equipo01.com\/\"><strong>Equipo 01<\/strong><\/a> dise\u00f1a un espacio ef\u00edmero. Un p\u00f3rtico de entrada que permite m\u00faltiples posibilidades gracias a la sujeci\u00f3n de cables o sedales cruzados en cualquier direcci\u00f3n.<\/p>\n\n\n\n<p>El per\u00edmetro luminoso con leds lineales RGB dibuja metaf\u00f3ricamente este umbral, definiendo virtualmente una puerta profunda a la creatividad y al dise\u00f1o. Exposiciones, presentaciones e instalaciones \u00fanicas dar\u00e1n una bienvenida constante al universo Aretha. <\/p>\n\n\n\n<h2 class=\"wp-block-heading\">Con estos mimbres<\/h2>\n\n\n\n<div class=\"wp-block-columns is-layout-flex wp-container-core-columns-is-layout-9d6595d7 wp-block-columns-is-layout-flex\">\n<div class=\"wp-block-column is-layout-flow wp-block-column-is-layout-flow\">\n<h2 class=\"wp-block-heading\">\u201cQuien hace un cesto hace ciento, si tiene mimbres y tiempo\u201d<\/h2>\n<\/div>\n\n\n\n<div class=\"wp-block-column is-layout-flow wp-block-column-is-layout-flow\"><\/div>\n<\/div>\n\n\n\n<p>La instalaci\u00f3n inaugura el espacio. Donde alumnos de la Universidad Polit\u00e9cnica de Madrid presentan bajo una escultura metaf\u00f3rica, los valores esenciales de Aretha.<\/p>\n\n\n\n<p>Los arquitectos Jes\u00fas San Vicente, Marina Bando y Bel\u00e9n \u00c1lvarez Garc\u00eda de la Escuela Superior de Arquitectura de Madrid, han dise\u00f1ado una instalaci\u00f3n que representa, metaf\u00f3ricamente, el proceso de creaci\u00f3n de una pieza de mobiliario.<\/p>\n\n\n\n<p>La propuesta ocupa con delicadeza el umbral de entrada, adapt\u00e1ndose al espacio con una geometr\u00eda informal e improvisada.<\/p>\n\n\n\n<div class=\"wp-block-columns is-layout-flex wp-container-core-columns-is-layout-9d6595d7 wp-block-columns-is-layout-flex\">\n<div class=\"wp-block-column is-layout-flow wp-block-column-is-layout-flow\" style=\"flex-basis:33.33%\"><\/div>\n\n\n\n<div class=\"wp-block-column is-layout-flow wp-block-column-is-layout-flow\" style=\"flex-basis:66.66%\">\n<blockquote class=\"wp-block-quote is-layout-flow wp-block-quote-is-layout-flow\">\n<h3 class=\"wp-block-heading\"><em>\u201cQuer\u00edamos utilizar una silla de artesan\u00eda popular, un ejemplo de sostenibilidad y de dise\u00f1o universal. Un peque\u00f1o manifiesto hacia el ingenio y el trabajo de artesanos an\u00f3nimos que tanto nos ense\u00f1a a los dise\u00f1adores. La silla es liger\u00edsima, elegante y funcional. Es de una belleza ins\u00f3lita, realizada sin gasto de energ\u00eda, ni tecnolog\u00edas complejas\u201d.<\/em><\/h3>\n<\/blockquote>\n<\/div>\n<\/div>\n\n\n\n<p><\/p>\n\n\n\n<figure class=\"wp-block-image size-full\"><img loading=\"lazy\" decoding=\"async\" width=\"1003\" height=\"366\" src=\"https:\/\/espacioaretha.com\/explora\/wp-content\/uploads\/2023\/03\/banner.jpg\" alt=\"\" class=\"wp-image-3584\" srcset=\"https:\/\/espacioaretha.com\/explora\/wp-content\/uploads\/2023\/03\/banner.jpg 1003w, https:\/\/espacioaretha.com\/explora\/wp-content\/uploads\/2023\/03\/banner-300x109.jpg 300w, https:\/\/espacioaretha.com\/explora\/wp-content\/uploads\/2023\/03\/banner-768x280.jpg 768w\" sizes=\"auto, (max-width: 1003px) 100vw, 1003px\" \/><\/figure>\n\n\n\n<h4 class=\"wp-block-heading\">La instalaci\u00f3n representa as\u00ed la filosof\u00eda especial de Aretha. Donde firmas, dise\u00f1adores, soluciones de mobiliario, iluminaci\u00f3n, materiales ac\u00fasticos, complementos, etc. se unen para ayudar a crear proyectos integrales de interiorismo.<\/h4>\n\n\n\n<div class=\"wp-block-columns is-layout-flex wp-container-core-columns-is-layout-9d6595d7 wp-block-columns-is-layout-flex\">\n<div class=\"wp-block-column is-layout-flow wp-block-column-is-layout-flow\">\n<p>Concept Design<\/p>\n<\/div>\n\n\n\n<div class=\"wp-block-column is-layout-flow wp-block-column-is-layout-flow\" style=\"flex-basis:66.66%\">\n<p>Jes\u00fas San Vicente. Arquitecto | Profesor de proyectos en la E.T.S.A.M.<\/p>\n\n\n\n<p>Marina Bando |  Arquitecta<\/p>\n\n\n\n<p>Bel\u00e9n Alvarez Garc\u00eda | Arquitecta<\/p>\n<\/div>\n<\/div>\n\n\n\n<div class=\"wp-block-columns is-layout-flex wp-container-core-columns-is-layout-9d6595d7 wp-block-columns-is-layout-flex\">\n<div class=\"wp-block-column is-layout-flow wp-block-column-is-layout-flow\">\n<p>Montaje<\/p>\n<\/div>\n\n\n\n<div class=\"wp-block-column is-layout-flow wp-block-column-is-layout-flow\" style=\"flex-basis:66.66%\">\n<p>Sara Bindon | Estudiante de Arquitectura<\/p>\n\n\n\n<p>Julio Garc\u00eda | Estudiante de Arquitectura<\/p>\n\n\n\n<p>Luc\u00eda de la Vega | Estudiante de Arquitectura<\/p>\n\n\n\n<p>Franca Colmen\u00e1rez | Arquitecta<\/p>\n<\/div>\n<\/div>\n\n\n\n<figure class=\"wp-block-image size-large\"><img loading=\"lazy\" decoding=\"async\" width=\"1024\" height=\"576\" src=\"https:\/\/espacioaretha.com\/explora\/wp-content\/uploads\/2023\/03\/1680x945-Partido-1024x576.png\" alt=\"\" class=\"wp-image-3599\" srcset=\"https:\/\/espacioaretha.com\/explora\/wp-content\/uploads\/2023\/03\/1680x945-Partido-1024x576.png 1024w, https:\/\/espacioaretha.com\/explora\/wp-content\/uploads\/2023\/03\/1680x945-Partido-300x169.png 300w, https:\/\/espacioaretha.com\/explora\/wp-content\/uploads\/2023\/03\/1680x945-Partido-768x432.png 768w, https:\/\/espacioaretha.com\/explora\/wp-content\/uploads\/2023\/03\/1680x945-Partido-1536x864.png 1536w, https:\/\/espacioaretha.com\/explora\/wp-content\/uploads\/2023\/03\/1680x945-Partido.png 1680w\" sizes=\"auto, (max-width: 1024px) 100vw, 1024px\" \/><\/figure>\n\n\n\n<p><\/p>\n","protected":false},"excerpt":{"rendered":"<p>Un espacio para la creatividad y la experimentaci\u00f3n. El \u201cUmbral Aretha\u201d, da la bienvenida a nuestro nuevo espacio.<\/p>\n","protected":false},"author":25,"featured_media":3589,"comment_status":"closed","ping_status":"closed","sticky":false,"template":"","format":"standard","meta":{"footnotes":""},"categories":[31],"tags":[],"class_list":["post-3582","post","type-post","status-publish","format-standard","has-post-thumbnail","hentry","category-espacios-de-trabajo"],"yoast_head":"<!-- This site is optimized with the Yoast SEO plugin v27.4 - https:\/\/yoast.com\/product\/yoast-seo-wordpress\/ -->\n<title>Nuestros mimbres | Aretha Hub Design | Showroom Aretha Explora<\/title>\n<meta name=\"description\" content=\"La instalaci\u00f3n \u201cCon estos mimbres\u201d, de Equipo 01 es un ejemplo de arquitectura ef\u00edmera. Ven a visitarla en Aretha Hub Design Madrid.\" \/>\n<meta name=\"robots\" content=\"index, follow, max-snippet:-1, max-image-preview:large, max-video-preview:-1\" \/>\n<link rel=\"canonical\" href=\"https:\/\/espacioaretha.com\/explora\/nuestros-mimbres-aretha\/\" \/>\n<meta property=\"og:locale\" content=\"es_ES\" \/>\n<meta property=\"og:type\" content=\"article\" \/>\n<meta property=\"og:title\" content=\"Nuestros mimbres | Aretha Hub Design\" \/>\n<meta property=\"og:description\" content=\"La instalaci\u00f3n \u201cCon estos mimbres\u201d, de Equipo 01 es un ejemplo de arquitectura ef\u00edmera. Ven a visitarla en Aretha Hub Design Madrid.\" \/>\n<meta property=\"og:url\" content=\"https:\/\/espacioaretha.com\/explora\/nuestros-mimbres-aretha\/\" \/>\n<meta property=\"og:site_name\" content=\"Aretha Explora\" \/>\n<meta property=\"article:published_time\" content=\"2023-03-14T10:21:26+00:00\" \/>\n<meta property=\"article:modified_time\" content=\"2023-03-29T12:23:30+00:00\" \/>\n<meta property=\"og:image\" content=\"https:\/\/espacioaretha.com\/explora\/wp-content\/uploads\/2023\/03\/nuestros-mimbres-portada-1024x576.jpg\" \/>\n\t<meta property=\"og:image:width\" content=\"1024\" \/>\n\t<meta property=\"og:image:height\" content=\"576\" \/>\n\t<meta property=\"og:image:type\" content=\"image\/jpeg\" \/>\n<meta name=\"author\" content=\"Aretha\" \/>\n<meta name=\"twitter:card\" content=\"summary_large_image\" \/>\n<meta name=\"twitter:title\" content=\"Nuestros mimbres | Aretha Hub Design\" \/>\n<meta name=\"twitter:description\" content=\"La instalaci\u00f3n \u201cCon estos mimbres\u201d, de Equipo 01 es un ejemplo de arquitectura ef\u00edmera. Ven a visitarla en Aretha Hub Design Madrid.\" \/>\n<meta name=\"twitter:image\" content=\"https:\/\/espacioaretha.com\/explora\/wp-content\/uploads\/2023\/03\/nuestros-mimbres-portada.jpg\" \/>\n<meta name=\"twitter:label1\" content=\"Escrito por\" \/>\n\t<meta name=\"twitter:data1\" content=\"Aretha\" \/>\n\t<meta name=\"twitter:label2\" content=\"Tiempo de lectura\" \/>\n\t<meta name=\"twitter:data2\" content=\"2 minutos\" \/>\n<script type=\"application\/ld+json\" class=\"yoast-schema-graph\">{\"@context\":\"https:\\\/\\\/schema.org\",\"@graph\":[{\"@type\":\"Article\",\"@id\":\"https:\\\/\\\/espacioaretha.com\\\/explora\\\/nuestros-mimbres-aretha\\\/#article\",\"isPartOf\":{\"@id\":\"https:\\\/\\\/espacioaretha.com\\\/explora\\\/nuestros-mimbres-aretha\\\/\"},\"author\":{\"name\":\"Aretha\",\"@id\":\"https:\\\/\\\/espacioaretha.com\\\/explora\\\/#\\\/schema\\\/person\\\/e8d7a5a3af3095abdb2c9b7af117ff8c\"},\"headline\":\"Nuestros mimbres\",\"datePublished\":\"2023-03-14T10:21:26+00:00\",\"dateModified\":\"2023-03-29T12:23:30+00:00\",\"mainEntityOfPage\":{\"@id\":\"https:\\\/\\\/espacioaretha.com\\\/explora\\\/nuestros-mimbres-aretha\\\/\"},\"wordCount\":343,\"publisher\":{\"@id\":\"https:\\\/\\\/espacioaretha.com\\\/explora\\\/#organization\"},\"image\":{\"@id\":\"https:\\\/\\\/espacioaretha.com\\\/explora\\\/nuestros-mimbres-aretha\\\/#primaryimage\"},\"thumbnailUrl\":\"https:\\\/\\\/espacioaretha.com\\\/explora\\\/wp-content\\\/uploads\\\/2023\\\/03\\\/nuestros-mimbres-portada.jpg\",\"articleSection\":[\"Espacios de trabajo\"],\"inLanguage\":\"es\"},{\"@type\":\"WebPage\",\"@id\":\"https:\\\/\\\/espacioaretha.com\\\/explora\\\/nuestros-mimbres-aretha\\\/\",\"url\":\"https:\\\/\\\/espacioaretha.com\\\/explora\\\/nuestros-mimbres-aretha\\\/\",\"name\":\"Nuestros mimbres | Aretha Hub Design | Showroom Aretha Explora\",\"isPartOf\":{\"@id\":\"https:\\\/\\\/espacioaretha.com\\\/explora\\\/#website\"},\"primaryImageOfPage\":{\"@id\":\"https:\\\/\\\/espacioaretha.com\\\/explora\\\/nuestros-mimbres-aretha\\\/#primaryimage\"},\"image\":{\"@id\":\"https:\\\/\\\/espacioaretha.com\\\/explora\\\/nuestros-mimbres-aretha\\\/#primaryimage\"},\"thumbnailUrl\":\"https:\\\/\\\/espacioaretha.com\\\/explora\\\/wp-content\\\/uploads\\\/2023\\\/03\\\/nuestros-mimbres-portada.jpg\",\"datePublished\":\"2023-03-14T10:21:26+00:00\",\"dateModified\":\"2023-03-29T12:23:30+00:00\",\"description\":\"La instalaci\u00f3n \u201cCon estos mimbres\u201d, de Equipo 01 es un ejemplo de arquitectura ef\u00edmera. Ven a visitarla en Aretha Hub Design Madrid.\",\"breadcrumb\":{\"@id\":\"https:\\\/\\\/espacioaretha.com\\\/explora\\\/nuestros-mimbres-aretha\\\/#breadcrumb\"},\"inLanguage\":\"es\",\"potentialAction\":[{\"@type\":\"ReadAction\",\"target\":[\"https:\\\/\\\/espacioaretha.com\\\/explora\\\/nuestros-mimbres-aretha\\\/\"]}]},{\"@type\":\"ImageObject\",\"inLanguage\":\"es\",\"@id\":\"https:\\\/\\\/espacioaretha.com\\\/explora\\\/nuestros-mimbres-aretha\\\/#primaryimage\",\"url\":\"https:\\\/\\\/espacioaretha.com\\\/explora\\\/wp-content\\\/uploads\\\/2023\\\/03\\\/nuestros-mimbres-portada.jpg\",\"contentUrl\":\"https:\\\/\\\/espacioaretha.com\\\/explora\\\/wp-content\\\/uploads\\\/2023\\\/03\\\/nuestros-mimbres-portada.jpg\",\"width\":1920,\"height\":1080},{\"@type\":\"BreadcrumbList\",\"@id\":\"https:\\\/\\\/espacioaretha.com\\\/explora\\\/nuestros-mimbres-aretha\\\/#breadcrumb\",\"itemListElement\":[{\"@type\":\"ListItem\",\"position\":1,\"name\":\"Portada\",\"item\":\"https:\\\/\\\/espacioaretha.com\\\/explora\\\/\"},{\"@type\":\"ListItem\",\"position\":2,\"name\":\"Nuestros mimbres\"}]},{\"@type\":\"WebSite\",\"@id\":\"https:\\\/\\\/espacioaretha.com\\\/explora\\\/#website\",\"url\":\"https:\\\/\\\/espacioaretha.com\\\/explora\\\/\",\"name\":\"Aretha Explora\",\"description\":\"Plataforma de contenidos e inspiraci\u00f3n sobre arquitectura, dise\u00f1o y mucho m\u00e1s\",\"publisher\":{\"@id\":\"https:\\\/\\\/espacioaretha.com\\\/explora\\\/#organization\"},\"potentialAction\":[{\"@type\":\"SearchAction\",\"target\":{\"@type\":\"EntryPoint\",\"urlTemplate\":\"https:\\\/\\\/espacioaretha.com\\\/explora\\\/?s={search_term_string}\"},\"query-input\":{\"@type\":\"PropertyValueSpecification\",\"valueRequired\":true,\"valueName\":\"search_term_string\"}}],\"inLanguage\":\"es\"},{\"@type\":\"Organization\",\"@id\":\"https:\\\/\\\/espacioaretha.com\\\/explora\\\/#organization\",\"name\":\"Aretha Explora\",\"alternateName\":\"Aretha\",\"url\":\"https:\\\/\\\/espacioaretha.com\\\/explora\\\/\",\"logo\":{\"@type\":\"ImageObject\",\"inLanguage\":\"es\",\"@id\":\"https:\\\/\\\/espacioaretha.com\\\/explora\\\/#\\\/schema\\\/logo\\\/image\\\/\",\"url\":\"https:\\\/\\\/espacioaretha.com\\\/explora\\\/wp-content\\\/uploads\\\/2022\\\/05\\\/Ojo-web.jpg\",\"contentUrl\":\"https:\\\/\\\/espacioaretha.com\\\/explora\\\/wp-content\\\/uploads\\\/2022\\\/05\\\/Ojo-web.jpg\",\"width\":1920,\"height\":1080,\"caption\":\"Aretha Explora\"},\"image\":{\"@id\":\"https:\\\/\\\/espacioaretha.com\\\/explora\\\/#\\\/schema\\\/logo\\\/image\\\/\"}},{\"@type\":\"Person\",\"@id\":\"https:\\\/\\\/espacioaretha.com\\\/explora\\\/#\\\/schema\\\/person\\\/e8d7a5a3af3095abdb2c9b7af117ff8c\",\"name\":\"Aretha\",\"image\":{\"@type\":\"ImageObject\",\"inLanguage\":\"es\",\"@id\":\"https:\\\/\\\/espacioaretha.com\\\/explora\\\/wp-content\\\/uploads\\\/2022\\\/05\\\/aretha.png\",\"url\":\"https:\\\/\\\/espacioaretha.com\\\/explora\\\/wp-content\\\/uploads\\\/2022\\\/05\\\/aretha.png\",\"contentUrl\":\"https:\\\/\\\/espacioaretha.com\\\/explora\\\/wp-content\\\/uploads\\\/2022\\\/05\\\/aretha.png\",\"caption\":\"Aretha\"},\"url\":\"https:\\\/\\\/espacioaretha.com\\\/explora\\\/author\\\/comunicacion-aretha\\\/\"}]}<\/script>\n<!-- \/ Yoast SEO plugin. -->","yoast_head_json":{"title":"Nuestros mimbres | Aretha Hub Design | Showroom Aretha Explora","description":"La instalaci\u00f3n \u201cCon estos mimbres\u201d, de Equipo 01 es un ejemplo de arquitectura ef\u00edmera. Ven a visitarla en Aretha Hub Design Madrid.","robots":{"index":"index","follow":"follow","max-snippet":"max-snippet:-1","max-image-preview":"max-image-preview:large","max-video-preview":"max-video-preview:-1"},"canonical":"https:\/\/espacioaretha.com\/explora\/nuestros-mimbres-aretha\/","og_locale":"es_ES","og_type":"article","og_title":"Nuestros mimbres | Aretha Hub Design","og_description":"La instalaci\u00f3n \u201cCon estos mimbres\u201d, de Equipo 01 es un ejemplo de arquitectura ef\u00edmera. Ven a visitarla en Aretha Hub Design Madrid.","og_url":"https:\/\/espacioaretha.com\/explora\/nuestros-mimbres-aretha\/","og_site_name":"Aretha Explora","article_published_time":"2023-03-14T10:21:26+00:00","article_modified_time":"2023-03-29T12:23:30+00:00","og_image":[{"width":1024,"height":576,"url":"https:\/\/espacioaretha.com\/explora\/wp-content\/uploads\/2023\/03\/nuestros-mimbres-portada-1024x576.jpg","type":"image\/jpeg"}],"author":"Aretha","twitter_card":"summary_large_image","twitter_title":"Nuestros mimbres | Aretha Hub Design","twitter_description":"La instalaci\u00f3n \u201cCon estos mimbres\u201d, de Equipo 01 es un ejemplo de arquitectura ef\u00edmera. Ven a visitarla en Aretha Hub Design Madrid.","twitter_image":"https:\/\/espacioaretha.com\/explora\/wp-content\/uploads\/2023\/03\/nuestros-mimbres-portada.jpg","twitter_misc":{"Escrito por":"Aretha","Tiempo de lectura":"2 minutos"},"schema":{"@context":"https:\/\/schema.org","@graph":[{"@type":"Article","@id":"https:\/\/espacioaretha.com\/explora\/nuestros-mimbres-aretha\/#article","isPartOf":{"@id":"https:\/\/espacioaretha.com\/explora\/nuestros-mimbres-aretha\/"},"author":{"name":"Aretha","@id":"https:\/\/espacioaretha.com\/explora\/#\/schema\/person\/e8d7a5a3af3095abdb2c9b7af117ff8c"},"headline":"Nuestros mimbres","datePublished":"2023-03-14T10:21:26+00:00","dateModified":"2023-03-29T12:23:30+00:00","mainEntityOfPage":{"@id":"https:\/\/espacioaretha.com\/explora\/nuestros-mimbres-aretha\/"},"wordCount":343,"publisher":{"@id":"https:\/\/espacioaretha.com\/explora\/#organization"},"image":{"@id":"https:\/\/espacioaretha.com\/explora\/nuestros-mimbres-aretha\/#primaryimage"},"thumbnailUrl":"https:\/\/espacioaretha.com\/explora\/wp-content\/uploads\/2023\/03\/nuestros-mimbres-portada.jpg","articleSection":["Espacios de trabajo"],"inLanguage":"es"},{"@type":"WebPage","@id":"https:\/\/espacioaretha.com\/explora\/nuestros-mimbres-aretha\/","url":"https:\/\/espacioaretha.com\/explora\/nuestros-mimbres-aretha\/","name":"Nuestros mimbres | Aretha Hub Design | Showroom Aretha Explora","isPartOf":{"@id":"https:\/\/espacioaretha.com\/explora\/#website"},"primaryImageOfPage":{"@id":"https:\/\/espacioaretha.com\/explora\/nuestros-mimbres-aretha\/#primaryimage"},"image":{"@id":"https:\/\/espacioaretha.com\/explora\/nuestros-mimbres-aretha\/#primaryimage"},"thumbnailUrl":"https:\/\/espacioaretha.com\/explora\/wp-content\/uploads\/2023\/03\/nuestros-mimbres-portada.jpg","datePublished":"2023-03-14T10:21:26+00:00","dateModified":"2023-03-29T12:23:30+00:00","description":"La instalaci\u00f3n \u201cCon estos mimbres\u201d, de Equipo 01 es un ejemplo de arquitectura ef\u00edmera. Ven a visitarla en Aretha Hub Design Madrid.","breadcrumb":{"@id":"https:\/\/espacioaretha.com\/explora\/nuestros-mimbres-aretha\/#breadcrumb"},"inLanguage":"es","potentialAction":[{"@type":"ReadAction","target":["https:\/\/espacioaretha.com\/explora\/nuestros-mimbres-aretha\/"]}]},{"@type":"ImageObject","inLanguage":"es","@id":"https:\/\/espacioaretha.com\/explora\/nuestros-mimbres-aretha\/#primaryimage","url":"https:\/\/espacioaretha.com\/explora\/wp-content\/uploads\/2023\/03\/nuestros-mimbres-portada.jpg","contentUrl":"https:\/\/espacioaretha.com\/explora\/wp-content\/uploads\/2023\/03\/nuestros-mimbres-portada.jpg","width":1920,"height":1080},{"@type":"BreadcrumbList","@id":"https:\/\/espacioaretha.com\/explora\/nuestros-mimbres-aretha\/#breadcrumb","itemListElement":[{"@type":"ListItem","position":1,"name":"Portada","item":"https:\/\/espacioaretha.com\/explora\/"},{"@type":"ListItem","position":2,"name":"Nuestros mimbres"}]},{"@type":"WebSite","@id":"https:\/\/espacioaretha.com\/explora\/#website","url":"https:\/\/espacioaretha.com\/explora\/","name":"Aretha Explora","description":"Plataforma de contenidos e inspiraci\u00f3n sobre arquitectura, dise\u00f1o y mucho m\u00e1s","publisher":{"@id":"https:\/\/espacioaretha.com\/explora\/#organization"},"potentialAction":[{"@type":"SearchAction","target":{"@type":"EntryPoint","urlTemplate":"https:\/\/espacioaretha.com\/explora\/?s={search_term_string}"},"query-input":{"@type":"PropertyValueSpecification","valueRequired":true,"valueName":"search_term_string"}}],"inLanguage":"es"},{"@type":"Organization","@id":"https:\/\/espacioaretha.com\/explora\/#organization","name":"Aretha Explora","alternateName":"Aretha","url":"https:\/\/espacioaretha.com\/explora\/","logo":{"@type":"ImageObject","inLanguage":"es","@id":"https:\/\/espacioaretha.com\/explora\/#\/schema\/logo\/image\/","url":"https:\/\/espacioaretha.com\/explora\/wp-content\/uploads\/2022\/05\/Ojo-web.jpg","contentUrl":"https:\/\/espacioaretha.com\/explora\/wp-content\/uploads\/2022\/05\/Ojo-web.jpg","width":1920,"height":1080,"caption":"Aretha Explora"},"image":{"@id":"https:\/\/espacioaretha.com\/explora\/#\/schema\/logo\/image\/"}},{"@type":"Person","@id":"https:\/\/espacioaretha.com\/explora\/#\/schema\/person\/e8d7a5a3af3095abdb2c9b7af117ff8c","name":"Aretha","image":{"@type":"ImageObject","inLanguage":"es","@id":"https:\/\/espacioaretha.com\/explora\/wp-content\/uploads\/2022\/05\/aretha.png","url":"https:\/\/espacioaretha.com\/explora\/wp-content\/uploads\/2022\/05\/aretha.png","contentUrl":"https:\/\/espacioaretha.com\/explora\/wp-content\/uploads\/2022\/05\/aretha.png","caption":"Aretha"},"url":"https:\/\/espacioaretha.com\/explora\/author\/comunicacion-aretha\/"}]}},"_links":{"self":[{"href":"https:\/\/espacioaretha.com\/explora\/wp-json\/wp\/v2\/posts\/3582","targetHints":{"allow":["GET"]}}],"collection":[{"href":"https:\/\/espacioaretha.com\/explora\/wp-json\/wp\/v2\/posts"}],"about":[{"href":"https:\/\/espacioaretha.com\/explora\/wp-json\/wp\/v2\/types\/post"}],"author":[{"embeddable":true,"href":"https:\/\/espacioaretha.com\/explora\/wp-json\/wp\/v2\/users\/25"}],"replies":[{"embeddable":true,"href":"https:\/\/espacioaretha.com\/explora\/wp-json\/wp\/v2\/comments?post=3582"}],"version-history":[{"count":16,"href":"https:\/\/espacioaretha.com\/explora\/wp-json\/wp\/v2\/posts\/3582\/revisions"}],"predecessor-version":[{"id":3604,"href":"https:\/\/espacioaretha.com\/explora\/wp-json\/wp\/v2\/posts\/3582\/revisions\/3604"}],"wp:featuredmedia":[{"embeddable":true,"href":"https:\/\/espacioaretha.com\/explora\/wp-json\/wp\/v2\/media\/3589"}],"wp:attachment":[{"href":"https:\/\/espacioaretha.com\/explora\/wp-json\/wp\/v2\/media?parent=3582"}],"wp:term":[{"taxonomy":"category","embeddable":true,"href":"https:\/\/espacioaretha.com\/explora\/wp-json\/wp\/v2\/categories?post=3582"},{"taxonomy":"post_tag","embeddable":true,"href":"https:\/\/espacioaretha.com\/explora\/wp-json\/wp\/v2\/tags?post=3582"}],"curies":[{"name":"wp","href":"https:\/\/api.w.org\/{rel}","templated":true}]}}