{"id":3863,"date":"2023-09-18T11:40:34","date_gmt":"2023-09-18T09:40:34","guid":{"rendered":"https:\/\/espacioaretha.com\/explora\/?p=3863"},"modified":"2024-01-16T13:02:50","modified_gmt":"2024-01-16T12:02:50","slug":"decalogo-para-una-buena-acustica","status":"publish","type":"post","link":"https:\/\/espacioaretha.com\/explora\/decalogo-para-una-buena-acustica\/","title":{"rendered":"Escucha el silencio: dec\u00e1logo para una buena ac\u00fastica"},"content":{"rendered":"\n<p>La RAE define el <strong>ruido<\/strong> como un <\/p>\n\n\n\n<div class=\"wp-block-columns is-layout-flex wp-container-core-columns-is-layout-9d6595d7 wp-block-columns-is-layout-flex\">\n<div class=\"wp-block-column is-layout-flow wp-block-column-is-layout-flow\" style=\"flex-basis:66.66%\">\n<h5 class=\"wp-block-heading\"><em>sonido de baja intensidad, generalmente uniforme y continuo que subyace en un cierto entorno y que puede resultar molesto<\/em><\/h5>\n<\/div>\n\n\n\n<div class=\"wp-block-column is-layout-flow wp-block-column-is-layout-flow\" style=\"flex-basis:33.33%\"><\/div>\n<\/div>\n\n\n\n<p>Siendo esto as\u00ed, cuando hablamos de confort ac\u00fastico nos estamos refiriendo al bienestar de una persona en relaci\u00f3n con el entorno sonoro en el que se encuentra, ya sea en una oficina, una cafeter\u00eda o una estaci\u00f3n de tren.<\/p>\n\n\n\n<p>Son muchos los efectos negativos del ruido en nuestra vida cotidiana, si bien por lo general no somos conscientes de c\u00f3mo inciden negativamente en nuestro comportamiento y en nuestro f\u00edsico. Algunos de los efectos m\u00e1s destacables son:<\/p>\n\n\n\n<p><\/p>\n\n\n\n<div class=\"wp-block-columns is-layout-flex wp-container-core-columns-is-layout-9d6595d7 wp-block-columns-is-layout-flex\">\n<div class=\"wp-block-column is-layout-flow wp-block-column-is-layout-flow\">\n<ul class=\"wp-block-list\">\n<li>P\u00e9rdida de la concentraci\u00f3n y dificultad en recuperarla, lo que tiene un impacto en la productividad.<\/li>\n\n\n\n<li>Irritaci\u00f3n y malestar, en su mayor\u00eda inconsciente.<\/li>\n\n\n\n<li>La exposici\u00f3n continuada a ruidos molestos puede llevar a la fatiga auditiva. Contribuyendo al agotamiento y al estr\u00e9s, y como consecuencia afectar negativamente a la calidad de vida.<\/li>\n<\/ul>\n<\/div>\n\n\n\n<div class=\"wp-block-column is-layout-flow wp-block-column-is-layout-flow\">\n<ul class=\"wp-block-list\">\n<li>Empeoramiento de la calidad del sue\u00f1o: lo que a su vez generar\u00e1 otros problemas de salud.<\/li>\n\n\n\n<li>P\u00e9rdida en la eficiencia de la comunicaci\u00f3n entre personas, tanto en entornos f\u00edsicos como h\u00edbridos. No hablamos s\u00f3lo de entornos profesionales, sino tambi\u00e9n personales y de ocio.<\/li>\n\n\n\n<li>Ausencia de privacidad en entornos de trabajo o personales, lo que inconscientemente genera tensi\u00f3n, preocupaci\u00f3n y p\u00e9rdida de confianza.<\/li>\n<\/ul>\n<\/div>\n<\/div>\n\n\n\n<p><\/p>\n\n\n\n<p>Por todos estos motivos debemos prestar la m\u00e1xima atenci\u00f3n a este activo intangible que es <strong>la calidad del ambiente sonoro<\/strong>. As\u00ed como a la calidad del ambiente lum\u00ednico, pues ambos factores funcionan de forma combinada y sin\u00e9rgica.<\/p>\n\n\n\n<p>Cuando hablamos de ac\u00fastica y de iluminaci\u00f3n queremos resaltar la importancia de dise\u00f1ar en origen cada espacio teniendo en consideraci\u00f3n el uso al que ser\u00e1 destinado y c\u00f3mo las personas interactuar\u00e1n en este.<\/p>\n\n\n\n<p>Se trata de <strong>dise\u00f1ar entornos amables y saludables que fomenten la comunicaci\u00f3n, la productividad y el confort<\/strong>. Por tanto, la experiencia de uso de ese espacio, tanto si hablamos de espacios de trabajo, un espacio p\u00fablico o nuestro rinc\u00f3n preferido del hogar.<\/p>\n\n\n\n<p>Con todo ello, marcamos lo que para nosotros constituyen <\/p>\n\n\n\n<div class=\"wp-block-columns is-layout-flex wp-container-core-columns-is-layout-9d6595d7 wp-block-columns-is-layout-flex\">\n<div class=\"wp-block-column is-layout-flow wp-block-column-is-layout-flow\" style=\"flex-basis:66.66%\">\n<h2 class=\"wp-block-heading\">las 10 claves para un correcto dise\u00f1o ac\u00fastico<\/h2>\n<\/div>\n\n\n\n<div class=\"wp-block-column is-layout-flow wp-block-column-is-layout-flow\" style=\"flex-basis:33.33%\"><\/div>\n<\/div>\n\n\n\n<div class=\"wp-block-columns is-layout-flex wp-container-core-columns-is-layout-9d6595d7 wp-block-columns-is-layout-flex\">\n<div class=\"wp-block-column is-layout-flow wp-block-column-is-layout-flow\" style=\"flex-basis:66.66%\">\n<p>1. <strong>Analizar a manos de un especialista en ac\u00fastica<\/strong>, los tiempos de reverberaci\u00f3n reales, los problemas que cada espacio pudiera plantear desde el vista de vista del ruido. Ya sea por aislamiento o acondicionamiento del espacio.  <\/p>\n\n\n\n<p>2. Estudiar el tipo de superficie, dimensiones y uso de cada estancia. <strong>Realizar un estudio previo<\/strong> con y sin tratamiento ac\u00fastico. <strong>Calcular en fase de proyecto el Tr inicial <\/strong>y detectar las posibles deficiencias antes del inicio de las obras.<\/p>\n\n\n\n<p>4. <strong>Analizar el aspecto visual<\/strong> reclamado por el cliente para aportar soluciones ac\u00fasticas que consigan nivel de acondicionamiento deseado de forma alineada con la est\u00e9tica. Se trata de un ejercicio fundamental a la hora de efectuar inversiones eficientes que no requieran de intervenciones posteriores.<\/p>\n\n\n\n<p>5. <strong>Estudiar en detalle el impacto en la transmisi\u00f3n del sonido<\/strong> entre las salas de las instalaciones existentes o previstas. En cuanto a la transmisi\u00f3n en paredes, techos, suelos, fancoils\u2026<\/p>\n\n\n\n<p><\/p>\n<\/div>\n\n\n\n<div class=\"wp-block-column is-layout-flow wp-block-column-is-layout-flow\" style=\"flex-basis:33.33%\"><\/div>\n<\/div>\n\n\n\n<div class=\"wp-block-columns is-layout-flex wp-container-core-columns-is-layout-9d6595d7 wp-block-columns-is-layout-flex\">\n<div class=\"wp-block-column is-layout-flow wp-block-column-is-layout-flow\" style=\"flex-basis:33.33%\"><\/div>\n\n\n\n<div class=\"wp-block-column is-layout-flow wp-block-column-is-layout-flow\" style=\"flex-basis:66.66%\">\n<p>6. Tener presente la <strong>regla del volumen<\/strong>: a mayor volumen del espacio, mayor n\u00famero de elementos ac\u00fasticos necesarios. As\u00ed, reducir el tiempo de reverberaci\u00f3n se podr\u00e1 lograr de dos formas; reduciendo el volumen de la sala con falsos techos descolgados, o incrementando el \u00e1rea absorbente de los paramentos.<\/p>\n\n\n\n<p>7. <strong>Reducir el ruido en origen<\/strong>, instalando encapsulados alrededor de las m\u00e1quinas que sean la principal fuente sonora. <\/p>\n\n\n\n<p>8. Escoger <strong>materiales con el coeficiente de absorci\u00f3n adecuadas<\/strong> y las superficies aptas para ser tratadas, que permitan alcanzar el Tr final objetivo. Escoger las soluciones<strong> <\/strong>y sus materiales teniendo presente las exigencias de humedad relativa o resistencia a roces e impactos, para que sus cualidades se mantengan con el tiempo. Considerar que los materiales porosos no se podr\u00e1n pintar o perder\u00edan parcialmente su eficacia.<\/p>\n\n\n\n<p>9. <strong>Determinar adecuadamente la colocaci\u00f3n \u00f3ptima de los materiales absorbentes.<\/strong> Siempre que existan dos superficies paralelas (paramentos), es recomendable revestir<strong> <\/strong>al menos una de las dos para evitar ecos fluctuantes perjudiciales.<\/p>\n\n\n\n<p>10. Una vez realizado el tratamiento ac\u00fastico, <strong>verificar con mediciones <em>in situ<\/em><\/strong> los resultados obtenidos.<\/p>\n<\/div>\n<\/div>\n\n\n\n<figure class=\"wp-block-image size-large\"><img loading=\"lazy\" decoding=\"async\" width=\"1024\" height=\"576\" src=\"https:\/\/espacioaretha.com\/explora\/wp-content\/uploads\/2023\/09\/acustico1-1024x576.png\" alt=\"10 claves para el dise\u00f1o acustico\" class=\"wp-image-3873\" srcset=\"https:\/\/espacioaretha.com\/explora\/wp-content\/uploads\/2023\/09\/acustico1-1024x576.png 1024w, https:\/\/espacioaretha.com\/explora\/wp-content\/uploads\/2023\/09\/acustico1-300x169.png 300w, https:\/\/espacioaretha.com\/explora\/wp-content\/uploads\/2023\/09\/acustico1-768x432.png 768w, https:\/\/espacioaretha.com\/explora\/wp-content\/uploads\/2023\/09\/acustico1-1536x864.png 1536w, https:\/\/espacioaretha.com\/explora\/wp-content\/uploads\/2023\/09\/acustico1.png 1680w\" sizes=\"auto, (max-width: 1024px) 100vw, 1024px\" \/><\/figure>\n\n\n\n<figure class=\"wp-block-image size-large\"><img loading=\"lazy\" decoding=\"async\" width=\"1024\" height=\"576\" src=\"https:\/\/espacioaretha.com\/explora\/wp-content\/uploads\/2023\/09\/1680x945-Partido-1024x576.png\" alt=\"10 claves para el dise\u00f1o acustico\" class=\"wp-image-3884\" srcset=\"https:\/\/espacioaretha.com\/explora\/wp-content\/uploads\/2023\/09\/1680x945-Partido-1024x576.png 1024w, https:\/\/espacioaretha.com\/explora\/wp-content\/uploads\/2023\/09\/1680x945-Partido-300x169.png 300w, https:\/\/espacioaretha.com\/explora\/wp-content\/uploads\/2023\/09\/1680x945-Partido-768x432.png 768w, https:\/\/espacioaretha.com\/explora\/wp-content\/uploads\/2023\/09\/1680x945-Partido-1536x864.png 1536w, https:\/\/espacioaretha.com\/explora\/wp-content\/uploads\/2023\/09\/1680x945-Partido.png 1680w\" sizes=\"auto, (max-width: 1024px) 100vw, 1024px\" \/><\/figure>\n\n\n\n<div class=\"wp-block-columns is-layout-flex wp-container-core-columns-is-layout-9d6595d7 wp-block-columns-is-layout-flex\">\n<div class=\"wp-block-column is-layout-flow wp-block-column-is-layout-flow\" style=\"flex-basis:66.66%\">\n<h3 class=\"wp-block-heading\"><strong>Analizar t\u00e9cnicamente en fase inicial del proyecto las necesidades ac\u00fasticas de los espacios constituye una garant\u00eda para el \u00e9xito del proyecto. <\/strong><\/h3>\n<\/div>\n\n\n\n<div class=\"wp-block-column is-layout-flow wp-block-column-is-layout-flow\" style=\"flex-basis:33.33%\"><\/div>\n<\/div>\n\n\n\n<p>La ac\u00fastica constituye una inversi\u00f3n en salud, bienestar, productividad y facilita la comunicaci\u00f3n. Es por ello que desde <a href=\"http:\/\/www.espacioaretha.com\"><strong>Aretha<\/strong><\/a> apostamos por soluciones ac\u00fasticas altamente eficientes que, adem\u00e1s, aportan un alto contenido de dise\u00f1o.<\/p>\n\n\n\n<p>Realizamos el trabajo de consultor\u00eda de producto colaborando estrechamente con profesionales expertos en ac\u00fastica. Facilitando estudios ac\u00fasticos personalizados y gratuitos a quienes cont\u00e1is&nbsp;con nosotros desde el inicio en solucionar vuestros problemas ac\u00fasticos.<\/p>\n\n\n\n<p><a href=\"https:\/\/espacioaretha.com\/contacto\/\">Cons\u00faltanos<\/a> para informaci\u00f3n t\u00e9cnica precisa. <\/p>\n","protected":false},"excerpt":{"rendered":"<p>A la hora de dise\u00f1ar, el confort ac\u00fastico es un elemento indispensable para alcanzar el bienestar en los espacios.  <\/p>\n","protected":false},"author":25,"featured_media":3874,"comment_status":"closed","ping_status":"closed","sticky":false,"template":"","format":"standard","meta":{"footnotes":""},"categories":[26],"tags":[168,44,167,46,87,48,166,164,165],"class_list":["post-3863","post","type-post","status-publish","format-standard","has-post-thumbnail","hentry","category-acustica","tag-contract","tag-diseno","tag-diseno-hotelero","tag-hospitality","tag-hoteles","tag-interiorismo","tag-nuevo-turismo","tag-turismo","tag-turismo-experiencial"],"yoast_head":"<!-- This site is optimized with the Yoast SEO plugin v27.4 - https:\/\/yoast.com\/product\/yoast-seo-wordpress\/ -->\n<title>Dec\u00e1logo para un buen dise\u00f1o ac\u00fastico | Escucha el silencio | Aretha Explora<\/title>\n<meta name=\"description\" content=\"\u00bfC\u00f3mo integrar la ac\u00fastica en un proyecto? Descubre las 10 claves para lograr un buen dise\u00f1o ac\u00fastico en todo tipo de proyectos\" \/>\n<meta name=\"robots\" content=\"index, follow, max-snippet:-1, max-image-preview:large, max-video-preview:-1\" \/>\n<link rel=\"canonical\" href=\"https:\/\/espacioaretha.com\/explora\/decalogo-para-una-buena-acustica\/\" \/>\n<meta property=\"og:locale\" content=\"es_ES\" \/>\n<meta property=\"og:type\" content=\"article\" \/>\n<meta property=\"og:title\" content=\"Dec\u00e1logo para un buen dise\u00f1o ac\u00fastico | Aretha Explora\" \/>\n<meta property=\"og:description\" content=\"\u00bfC\u00f3mo integrar la ac\u00fastica en un proyecto? Descubre las 10 claves para lograr un buen dise\u00f1o ac\u00fastico en todo tipo de proyecto\" \/>\n<meta property=\"og:url\" content=\"https:\/\/espacioaretha.com\/explora\/decalogo-para-una-buena-acustica\/\" \/>\n<meta property=\"og:site_name\" content=\"Aretha Explora\" \/>\n<meta property=\"article:published_time\" content=\"2023-09-18T09:40:34+00:00\" \/>\n<meta property=\"article:modified_time\" content=\"2024-01-16T12:02:50+00:00\" \/>\n<meta property=\"og:image\" content=\"https:\/\/espacioaretha.com\/explora\/wp-content\/uploads\/2023\/09\/decalogo-confort-acustico-1024x576.jpg\" \/>\n\t<meta property=\"og:image:width\" content=\"1024\" \/>\n\t<meta property=\"og:image:height\" content=\"576\" \/>\n\t<meta property=\"og:image:type\" content=\"image\/jpeg\" \/>\n<meta name=\"author\" content=\"Aretha\" \/>\n<meta name=\"twitter:card\" content=\"summary_large_image\" \/>\n<meta name=\"twitter:title\" content=\"Dec\u00e1logo para un buen dise\u00f1o ac\u00fastico | Aretha Explora\" \/>\n<meta name=\"twitter:description\" content=\"\u00bfC\u00f3mo integrar la ac\u00fastica en un proyecto? Descubre las 10 claves para lograr un buen dise\u00f1o ac\u00fastico en todo tipo de proyectos\" \/>\n<meta name=\"twitter:image\" content=\"https:\/\/espacioaretha.com\/explora\/wp-content\/uploads\/2023\/09\/decalogo-confort-acustico.jpg\" \/>\n<meta name=\"twitter:label1\" content=\"Escrito por\" \/>\n\t<meta name=\"twitter:data1\" content=\"Aretha\" \/>\n\t<meta name=\"twitter:label2\" content=\"Tiempo de lectura\" \/>\n\t<meta name=\"twitter:data2\" content=\"4 minutos\" \/>\n<script type=\"application\/ld+json\" class=\"yoast-schema-graph\">{\"@context\":\"https:\\\/\\\/schema.org\",\"@graph\":[{\"@type\":\"Article\",\"@id\":\"https:\\\/\\\/espacioaretha.com\\\/explora\\\/decalogo-para-una-buena-acustica\\\/#article\",\"isPartOf\":{\"@id\":\"https:\\\/\\\/espacioaretha.com\\\/explora\\\/decalogo-para-una-buena-acustica\\\/\"},\"author\":{\"name\":\"Aretha\",\"@id\":\"https:\\\/\\\/espacioaretha.com\\\/explora\\\/#\\\/schema\\\/person\\\/e8d7a5a3af3095abdb2c9b7af117ff8c\"},\"headline\":\"Escucha el silencio: dec\u00e1logo para una buena ac\u00fastica\",\"datePublished\":\"2023-09-18T09:40:34+00:00\",\"dateModified\":\"2024-01-16T12:02:50+00:00\",\"mainEntityOfPage\":{\"@id\":\"https:\\\/\\\/espacioaretha.com\\\/explora\\\/decalogo-para-una-buena-acustica\\\/\"},\"wordCount\":836,\"publisher\":{\"@id\":\"https:\\\/\\\/espacioaretha.com\\\/explora\\\/#organization\"},\"image\":{\"@id\":\"https:\\\/\\\/espacioaretha.com\\\/explora\\\/decalogo-para-una-buena-acustica\\\/#primaryimage\"},\"thumbnailUrl\":\"https:\\\/\\\/espacioaretha.com\\\/explora\\\/wp-content\\\/uploads\\\/2023\\\/09\\\/decalogo-confort-acustico.jpg\",\"keywords\":[\"contract\",\"Dise\u00f1o\",\"dise\u00f1o hotelero\",\"Hospitality\",\"Hoteles\",\"Interiorismo\",\"nuevo turismo\",\"turismo\",\"turismo experiencial\"],\"articleSection\":[\"Ac\u00fastica\"],\"inLanguage\":\"es\"},{\"@type\":\"WebPage\",\"@id\":\"https:\\\/\\\/espacioaretha.com\\\/explora\\\/decalogo-para-una-buena-acustica\\\/\",\"url\":\"https:\\\/\\\/espacioaretha.com\\\/explora\\\/decalogo-para-una-buena-acustica\\\/\",\"name\":\"Dec\u00e1logo para un buen dise\u00f1o ac\u00fastico | Escucha el silencio | Aretha Explora\",\"isPartOf\":{\"@id\":\"https:\\\/\\\/espacioaretha.com\\\/explora\\\/#website\"},\"primaryImageOfPage\":{\"@id\":\"https:\\\/\\\/espacioaretha.com\\\/explora\\\/decalogo-para-una-buena-acustica\\\/#primaryimage\"},\"image\":{\"@id\":\"https:\\\/\\\/espacioaretha.com\\\/explora\\\/decalogo-para-una-buena-acustica\\\/#primaryimage\"},\"thumbnailUrl\":\"https:\\\/\\\/espacioaretha.com\\\/explora\\\/wp-content\\\/uploads\\\/2023\\\/09\\\/decalogo-confort-acustico.jpg\",\"datePublished\":\"2023-09-18T09:40:34+00:00\",\"dateModified\":\"2024-01-16T12:02:50+00:00\",\"description\":\"\u00bfC\u00f3mo integrar la ac\u00fastica en un proyecto? Descubre las 10 claves para lograr un buen dise\u00f1o ac\u00fastico en todo tipo de proyectos\",\"breadcrumb\":{\"@id\":\"https:\\\/\\\/espacioaretha.com\\\/explora\\\/decalogo-para-una-buena-acustica\\\/#breadcrumb\"},\"inLanguage\":\"es\",\"potentialAction\":[{\"@type\":\"ReadAction\",\"target\":[\"https:\\\/\\\/espacioaretha.com\\\/explora\\\/decalogo-para-una-buena-acustica\\\/\"]}]},{\"@type\":\"ImageObject\",\"inLanguage\":\"es\",\"@id\":\"https:\\\/\\\/espacioaretha.com\\\/explora\\\/decalogo-para-una-buena-acustica\\\/#primaryimage\",\"url\":\"https:\\\/\\\/espacioaretha.com\\\/explora\\\/wp-content\\\/uploads\\\/2023\\\/09\\\/decalogo-confort-acustico.jpg\",\"contentUrl\":\"https:\\\/\\\/espacioaretha.com\\\/explora\\\/wp-content\\\/uploads\\\/2023\\\/09\\\/decalogo-confort-acustico.jpg\",\"width\":1920,\"height\":1080,\"caption\":\"dec\u00e1logo para el dise\u00f1o ac\u00fastico\"},{\"@type\":\"BreadcrumbList\",\"@id\":\"https:\\\/\\\/espacioaretha.com\\\/explora\\\/decalogo-para-una-buena-acustica\\\/#breadcrumb\",\"itemListElement\":[{\"@type\":\"ListItem\",\"position\":1,\"name\":\"Portada\",\"item\":\"https:\\\/\\\/espacioaretha.com\\\/explora\\\/\"},{\"@type\":\"ListItem\",\"position\":2,\"name\":\"Escucha el silencio: dec\u00e1logo para una buena ac\u00fastica\"}]},{\"@type\":\"WebSite\",\"@id\":\"https:\\\/\\\/espacioaretha.com\\\/explora\\\/#website\",\"url\":\"https:\\\/\\\/espacioaretha.com\\\/explora\\\/\",\"name\":\"Aretha Explora\",\"description\":\"Plataforma de contenidos e inspiraci\u00f3n sobre arquitectura, dise\u00f1o y mucho m\u00e1s\",\"publisher\":{\"@id\":\"https:\\\/\\\/espacioaretha.com\\\/explora\\\/#organization\"},\"potentialAction\":[{\"@type\":\"SearchAction\",\"target\":{\"@type\":\"EntryPoint\",\"urlTemplate\":\"https:\\\/\\\/espacioaretha.com\\\/explora\\\/?s={search_term_string}\"},\"query-input\":{\"@type\":\"PropertyValueSpecification\",\"valueRequired\":true,\"valueName\":\"search_term_string\"}}],\"inLanguage\":\"es\"},{\"@type\":\"Organization\",\"@id\":\"https:\\\/\\\/espacioaretha.com\\\/explora\\\/#organization\",\"name\":\"Aretha Explora\",\"alternateName\":\"Aretha\",\"url\":\"https:\\\/\\\/espacioaretha.com\\\/explora\\\/\",\"logo\":{\"@type\":\"ImageObject\",\"inLanguage\":\"es\",\"@id\":\"https:\\\/\\\/espacioaretha.com\\\/explora\\\/#\\\/schema\\\/logo\\\/image\\\/\",\"url\":\"https:\\\/\\\/espacioaretha.com\\\/explora\\\/wp-content\\\/uploads\\\/2022\\\/05\\\/Ojo-web.jpg\",\"contentUrl\":\"https:\\\/\\\/espacioaretha.com\\\/explora\\\/wp-content\\\/uploads\\\/2022\\\/05\\\/Ojo-web.jpg\",\"width\":1920,\"height\":1080,\"caption\":\"Aretha Explora\"},\"image\":{\"@id\":\"https:\\\/\\\/espacioaretha.com\\\/explora\\\/#\\\/schema\\\/logo\\\/image\\\/\"}},{\"@type\":\"Person\",\"@id\":\"https:\\\/\\\/espacioaretha.com\\\/explora\\\/#\\\/schema\\\/person\\\/e8d7a5a3af3095abdb2c9b7af117ff8c\",\"name\":\"Aretha\",\"image\":{\"@type\":\"ImageObject\",\"inLanguage\":\"es\",\"@id\":\"https:\\\/\\\/espacioaretha.com\\\/explora\\\/wp-content\\\/uploads\\\/2022\\\/05\\\/aretha.png\",\"url\":\"https:\\\/\\\/espacioaretha.com\\\/explora\\\/wp-content\\\/uploads\\\/2022\\\/05\\\/aretha.png\",\"contentUrl\":\"https:\\\/\\\/espacioaretha.com\\\/explora\\\/wp-content\\\/uploads\\\/2022\\\/05\\\/aretha.png\",\"caption\":\"Aretha\"},\"url\":\"https:\\\/\\\/espacioaretha.com\\\/explora\\\/author\\\/comunicacion-aretha\\\/\"}]}<\/script>\n<!-- \/ Yoast SEO plugin. -->","yoast_head_json":{"title":"Dec\u00e1logo para un buen dise\u00f1o ac\u00fastico | Escucha el silencio | Aretha Explora","description":"\u00bfC\u00f3mo integrar la ac\u00fastica en un proyecto? Descubre las 10 claves para lograr un buen dise\u00f1o ac\u00fastico en todo tipo de proyectos","robots":{"index":"index","follow":"follow","max-snippet":"max-snippet:-1","max-image-preview":"max-image-preview:large","max-video-preview":"max-video-preview:-1"},"canonical":"https:\/\/espacioaretha.com\/explora\/decalogo-para-una-buena-acustica\/","og_locale":"es_ES","og_type":"article","og_title":"Dec\u00e1logo para un buen dise\u00f1o ac\u00fastico | Aretha Explora","og_description":"\u00bfC\u00f3mo integrar la ac\u00fastica en un proyecto? Descubre las 10 claves para lograr un buen dise\u00f1o ac\u00fastico en todo tipo de proyecto","og_url":"https:\/\/espacioaretha.com\/explora\/decalogo-para-una-buena-acustica\/","og_site_name":"Aretha Explora","article_published_time":"2023-09-18T09:40:34+00:00","article_modified_time":"2024-01-16T12:02:50+00:00","og_image":[{"width":1024,"height":576,"url":"https:\/\/espacioaretha.com\/explora\/wp-content\/uploads\/2023\/09\/decalogo-confort-acustico-1024x576.jpg","type":"image\/jpeg"}],"author":"Aretha","twitter_card":"summary_large_image","twitter_title":"Dec\u00e1logo para un buen dise\u00f1o ac\u00fastico | Aretha Explora","twitter_description":"\u00bfC\u00f3mo integrar la ac\u00fastica en un proyecto? Descubre las 10 claves para lograr un buen dise\u00f1o ac\u00fastico en todo tipo de proyectos","twitter_image":"https:\/\/espacioaretha.com\/explora\/wp-content\/uploads\/2023\/09\/decalogo-confort-acustico.jpg","twitter_misc":{"Escrito por":"Aretha","Tiempo de lectura":"4 minutos"},"schema":{"@context":"https:\/\/schema.org","@graph":[{"@type":"Article","@id":"https:\/\/espacioaretha.com\/explora\/decalogo-para-una-buena-acustica\/#article","isPartOf":{"@id":"https:\/\/espacioaretha.com\/explora\/decalogo-para-una-buena-acustica\/"},"author":{"name":"Aretha","@id":"https:\/\/espacioaretha.com\/explora\/#\/schema\/person\/e8d7a5a3af3095abdb2c9b7af117ff8c"},"headline":"Escucha el silencio: dec\u00e1logo para una buena ac\u00fastica","datePublished":"2023-09-18T09:40:34+00:00","dateModified":"2024-01-16T12:02:50+00:00","mainEntityOfPage":{"@id":"https:\/\/espacioaretha.com\/explora\/decalogo-para-una-buena-acustica\/"},"wordCount":836,"publisher":{"@id":"https:\/\/espacioaretha.com\/explora\/#organization"},"image":{"@id":"https:\/\/espacioaretha.com\/explora\/decalogo-para-una-buena-acustica\/#primaryimage"},"thumbnailUrl":"https:\/\/espacioaretha.com\/explora\/wp-content\/uploads\/2023\/09\/decalogo-confort-acustico.jpg","keywords":["contract","Dise\u00f1o","dise\u00f1o hotelero","Hospitality","Hoteles","Interiorismo","nuevo turismo","turismo","turismo experiencial"],"articleSection":["Ac\u00fastica"],"inLanguage":"es"},{"@type":"WebPage","@id":"https:\/\/espacioaretha.com\/explora\/decalogo-para-una-buena-acustica\/","url":"https:\/\/espacioaretha.com\/explora\/decalogo-para-una-buena-acustica\/","name":"Dec\u00e1logo para un buen dise\u00f1o ac\u00fastico | Escucha el silencio | Aretha Explora","isPartOf":{"@id":"https:\/\/espacioaretha.com\/explora\/#website"},"primaryImageOfPage":{"@id":"https:\/\/espacioaretha.com\/explora\/decalogo-para-una-buena-acustica\/#primaryimage"},"image":{"@id":"https:\/\/espacioaretha.com\/explora\/decalogo-para-una-buena-acustica\/#primaryimage"},"thumbnailUrl":"https:\/\/espacioaretha.com\/explora\/wp-content\/uploads\/2023\/09\/decalogo-confort-acustico.jpg","datePublished":"2023-09-18T09:40:34+00:00","dateModified":"2024-01-16T12:02:50+00:00","description":"\u00bfC\u00f3mo integrar la ac\u00fastica en un proyecto? Descubre las 10 claves para lograr un buen dise\u00f1o ac\u00fastico en todo tipo de proyectos","breadcrumb":{"@id":"https:\/\/espacioaretha.com\/explora\/decalogo-para-una-buena-acustica\/#breadcrumb"},"inLanguage":"es","potentialAction":[{"@type":"ReadAction","target":["https:\/\/espacioaretha.com\/explora\/decalogo-para-una-buena-acustica\/"]}]},{"@type":"ImageObject","inLanguage":"es","@id":"https:\/\/espacioaretha.com\/explora\/decalogo-para-una-buena-acustica\/#primaryimage","url":"https:\/\/espacioaretha.com\/explora\/wp-content\/uploads\/2023\/09\/decalogo-confort-acustico.jpg","contentUrl":"https:\/\/espacioaretha.com\/explora\/wp-content\/uploads\/2023\/09\/decalogo-confort-acustico.jpg","width":1920,"height":1080,"caption":"dec\u00e1logo para el dise\u00f1o ac\u00fastico"},{"@type":"BreadcrumbList","@id":"https:\/\/espacioaretha.com\/explora\/decalogo-para-una-buena-acustica\/#breadcrumb","itemListElement":[{"@type":"ListItem","position":1,"name":"Portada","item":"https:\/\/espacioaretha.com\/explora\/"},{"@type":"ListItem","position":2,"name":"Escucha el silencio: dec\u00e1logo para una buena ac\u00fastica"}]},{"@type":"WebSite","@id":"https:\/\/espacioaretha.com\/explora\/#website","url":"https:\/\/espacioaretha.com\/explora\/","name":"Aretha Explora","description":"Plataforma de contenidos e inspiraci\u00f3n sobre arquitectura, dise\u00f1o y mucho m\u00e1s","publisher":{"@id":"https:\/\/espacioaretha.com\/explora\/#organization"},"potentialAction":[{"@type":"SearchAction","target":{"@type":"EntryPoint","urlTemplate":"https:\/\/espacioaretha.com\/explora\/?s={search_term_string}"},"query-input":{"@type":"PropertyValueSpecification","valueRequired":true,"valueName":"search_term_string"}}],"inLanguage":"es"},{"@type":"Organization","@id":"https:\/\/espacioaretha.com\/explora\/#organization","name":"Aretha Explora","alternateName":"Aretha","url":"https:\/\/espacioaretha.com\/explora\/","logo":{"@type":"ImageObject","inLanguage":"es","@id":"https:\/\/espacioaretha.com\/explora\/#\/schema\/logo\/image\/","url":"https:\/\/espacioaretha.com\/explora\/wp-content\/uploads\/2022\/05\/Ojo-web.jpg","contentUrl":"https:\/\/espacioaretha.com\/explora\/wp-content\/uploads\/2022\/05\/Ojo-web.jpg","width":1920,"height":1080,"caption":"Aretha Explora"},"image":{"@id":"https:\/\/espacioaretha.com\/explora\/#\/schema\/logo\/image\/"}},{"@type":"Person","@id":"https:\/\/espacioaretha.com\/explora\/#\/schema\/person\/e8d7a5a3af3095abdb2c9b7af117ff8c","name":"Aretha","image":{"@type":"ImageObject","inLanguage":"es","@id":"https:\/\/espacioaretha.com\/explora\/wp-content\/uploads\/2022\/05\/aretha.png","url":"https:\/\/espacioaretha.com\/explora\/wp-content\/uploads\/2022\/05\/aretha.png","contentUrl":"https:\/\/espacioaretha.com\/explora\/wp-content\/uploads\/2022\/05\/aretha.png","caption":"Aretha"},"url":"https:\/\/espacioaretha.com\/explora\/author\/comunicacion-aretha\/"}]}},"_links":{"self":[{"href":"https:\/\/espacioaretha.com\/explora\/wp-json\/wp\/v2\/posts\/3863","targetHints":{"allow":["GET"]}}],"collection":[{"href":"https:\/\/espacioaretha.com\/explora\/wp-json\/wp\/v2\/posts"}],"about":[{"href":"https:\/\/espacioaretha.com\/explora\/wp-json\/wp\/v2\/types\/post"}],"author":[{"embeddable":true,"href":"https:\/\/espacioaretha.com\/explora\/wp-json\/wp\/v2\/users\/25"}],"replies":[{"embeddable":true,"href":"https:\/\/espacioaretha.com\/explora\/wp-json\/wp\/v2\/comments?post=3863"}],"version-history":[{"count":21,"href":"https:\/\/espacioaretha.com\/explora\/wp-json\/wp\/v2\/posts\/3863\/revisions"}],"predecessor-version":[{"id":4080,"href":"https:\/\/espacioaretha.com\/explora\/wp-json\/wp\/v2\/posts\/3863\/revisions\/4080"}],"wp:featuredmedia":[{"embeddable":true,"href":"https:\/\/espacioaretha.com\/explora\/wp-json\/wp\/v2\/media\/3874"}],"wp:attachment":[{"href":"https:\/\/espacioaretha.com\/explora\/wp-json\/wp\/v2\/media?parent=3863"}],"wp:term":[{"taxonomy":"category","embeddable":true,"href":"https:\/\/espacioaretha.com\/explora\/wp-json\/wp\/v2\/categories?post=3863"},{"taxonomy":"post_tag","embeddable":true,"href":"https:\/\/espacioaretha.com\/explora\/wp-json\/wp\/v2\/tags?post=3863"}],"curies":[{"name":"wp","href":"https:\/\/api.w.org\/{rel}","templated":true}]}}