{"id":4133,"date":"2024-02-05T16:09:31","date_gmt":"2024-02-05T15:09:31","guid":{"rendered":"https:\/\/espacioaretha.com\/explora\/?p=4133"},"modified":"2024-02-12T17:00:52","modified_gmt":"2024-02-12T16:00:52","slug":"aretha-en-el-espacio-matcoam","status":"publish","type":"post","link":"https:\/\/espacioaretha.com\/explora\/aretha-en-el-espacio-matcoam\/","title":{"rendered":"Aretha en el espacio MATCOAM"},"content":{"rendered":"\n<div style=\"height:13px\" aria-hidden=\"true\" class=\"wp-block-spacer\"><\/div>\n\n\n\n<p>Esta alianza se inicia con el <strong>asesoramiento, equipamiento e instalaci\u00f3n del mobiliario y las soluciones ac\u00fasticas<\/strong> <strong>que se integran en la tercera planta del edificio<\/strong>. Amold\u00e1ndose y adapt\u00e1ndose a las necesidades espec\u00edficas requeridas para este particular espacio expositivo.<\/p>\n\n\n\n<p>Fruto de esta colaboraci\u00f3n, renovamos la zona de recepci\u00f3n, \u00e1reas de reuni\u00f3n y espacio permanente del equipo de MATCOAM, integrando una selecci\u00f3n de algunas de las firmas que representamos.<\/p>\n\n\n\n<p><strong>Las salas de trabajo incorporan elementos con piezas que, en algunos casos, representan la historia del dise\u00f1o italiano.<\/strong> Mobiliario de firmas de reconocido prestigio como <a href=\"https:\/\/espacioaretha.com\/firmas\/tecno\/\">Tecno<\/a>, <a href=\"https:\/\/espacioaretha.com\/firmas\/icf\/\">ICF<\/a>, <a href=\"https:\/\/espacioaretha.com\/firmas\/dieffebi\/\">Dieffebi<\/a> y <a href=\"https:\/\/espacioaretha.com\/firmas\/la-cividina\/\">laCividina<\/a> y soluciones ac\u00fasticas de la firma especializada <a href=\"https:\/\/espacioaretha.com\/firmas\/echojazz\/\">Echojazz.<\/a><\/p>\n\n\n\n<figure class=\"wp-block-image size-large\"><img loading=\"lazy\" decoding=\"async\" width=\"1024\" height=\"640\" src=\"https:\/\/espacioaretha.com\/explora\/wp-content\/uploads\/2024\/02\/matcoam-2-1024x640.jpg\" alt=\"matcoam y aretha\n\" class=\"wp-image-4141\" srcset=\"https:\/\/espacioaretha.com\/explora\/wp-content\/uploads\/2024\/02\/matcoam-2-1024x640.jpg 1024w, https:\/\/espacioaretha.com\/explora\/wp-content\/uploads\/2024\/02\/matcoam-2-300x188.jpg 300w, https:\/\/espacioaretha.com\/explora\/wp-content\/uploads\/2024\/02\/matcoam-2-768x480.jpg 768w, https:\/\/espacioaretha.com\/explora\/wp-content\/uploads\/2024\/02\/matcoam-2.jpg 1280w\" sizes=\"auto, (max-width: 1024px) 100vw, 1024px\" \/><\/figure>\n\n\n\n<figure class=\"wp-block-image size-large\"><img loading=\"lazy\" decoding=\"async\" width=\"1024\" height=\"640\" src=\"https:\/\/espacioaretha.com\/explora\/wp-content\/uploads\/2024\/02\/matcoam-9-1024x640.png\" alt=\"aretha equipa matcoam\" class=\"wp-image-4153\" srcset=\"https:\/\/espacioaretha.com\/explora\/wp-content\/uploads\/2024\/02\/matcoam-9-1024x640.png 1024w, https:\/\/espacioaretha.com\/explora\/wp-content\/uploads\/2024\/02\/matcoam-9-300x188.png 300w, https:\/\/espacioaretha.com\/explora\/wp-content\/uploads\/2024\/02\/matcoam-9-768x480.png 768w, https:\/\/espacioaretha.com\/explora\/wp-content\/uploads\/2024\/02\/matcoam-9.png 1280w\" sizes=\"auto, (max-width: 1024px) 100vw, 1024px\" \/><\/figure>\n\n\n\n<p><strong>La recepci\u00f3n y el \u00e1rea de entrada se transforman con soluciones de <a href=\"https:\/\/espacioaretha.com\/firmas\/la-cividina\/\">laCividina<\/a> y <a href=\"https:\/\/espacioaretha.com\/firmas\/dieffebi\/\">Dieffebi<\/a>, <\/strong>integr\u00e1ndose armoniosamente en el espacio para crear un \u00e1rea id\u00f3nea para conversaciones informales o la consulta de cat\u00e1logos y muestras.<\/p>\n\n\n\n<p>No menos importante es <strong>la presencia permanente en la materioteca<\/strong>, donde se expone una nutrida representaci\u00f3n de firmas especializadas en soluciones ac\u00fasticas eficientes y sostenibles, entre las que destacan <a href=\"https:\/\/espacioaretha.com\/firmas\/slalom\">Slalom<\/a>, <a href=\"https:\/\/espacioaretha.com\/firmas\/echojazz\/\">Echojazz<\/a>, <a href=\"https:\/\/espacioaretha.com\/firmas\/fantoni-acustica\/\">Fantoni<\/a> y <a href=\"https:\/\/espacioaretha.com\/firmas\/abstracta\/\">Abstracta<\/a>.<\/p>\n\n\n\n<p>Colaboramos as\u00ed con <a href=\"https:\/\/matcoam.coam.org\/\">MATCOAM<\/a> en la creaci\u00f3n de un espacio continuo de encuentro e inspiraci\u00f3n para los profesionales del sector. Un compromiso compartido que se refleja en un entorno que emana dise\u00f1o, confort y creatividad en cada detalle. <\/p>\n\n\n\n<p>Invitamos a conocer este espacio en persona, explorar todas las soluciones que <a href=\"https:\/\/espacioaretha.com\/\"><strong>Aretha<\/strong><\/a> ofrece a arquitectos e interioristas, y visitar <strong><a href=\"https:\/\/espacioaretha.com\/proyectos\/aretha-hub-design\/\">Aretha Hub Design<\/a><\/strong>, nuestro showroom ubicado en Paseo Eduardo Dato 2, donde las soluciones cobran vida en el espacio<\/p>\n\n\n\n<figure class=\"wp-block-image size-full\"><img loading=\"lazy\" decoding=\"async\" width=\"1280\" height=\"800\" src=\"https:\/\/espacioaretha.com\/explora\/wp-content\/uploads\/2024\/02\/matcoam-1.png\" alt=\"\" class=\"wp-image-4139\" srcset=\"https:\/\/espacioaretha.com\/explora\/wp-content\/uploads\/2024\/02\/matcoam-1.png 1280w, https:\/\/espacioaretha.com\/explora\/wp-content\/uploads\/2024\/02\/matcoam-1-300x188.png 300w, https:\/\/espacioaretha.com\/explora\/wp-content\/uploads\/2024\/02\/matcoam-1-1024x640.png 1024w, https:\/\/espacioaretha.com\/explora\/wp-content\/uploads\/2024\/02\/matcoam-1-768x480.png 768w\" sizes=\"auto, (max-width: 1280px) 100vw, 1280px\" \/><\/figure>\n\n\n\n<figure class=\"wp-block-image size-large\"><img loading=\"lazy\" decoding=\"async\" width=\"1024\" height=\"683\" src=\"https:\/\/espacioaretha.com\/explora\/wp-content\/uploads\/2024\/02\/125_MAT_COAM-1024x683.jpg\" alt=\"\" class=\"wp-image-4158\" srcset=\"https:\/\/espacioaretha.com\/explora\/wp-content\/uploads\/2024\/02\/125_MAT_COAM-1024x683.jpg 1024w, https:\/\/espacioaretha.com\/explora\/wp-content\/uploads\/2024\/02\/125_MAT_COAM-300x200.jpg 300w, https:\/\/espacioaretha.com\/explora\/wp-content\/uploads\/2024\/02\/125_MAT_COAM-768x512.jpg 768w, https:\/\/espacioaretha.com\/explora\/wp-content\/uploads\/2024\/02\/125_MAT_COAM-1536x1024.jpg 1536w, https:\/\/espacioaretha.com\/explora\/wp-content\/uploads\/2024\/02\/125_MAT_COAM-2048x1366.jpg 2048w\" sizes=\"auto, (max-width: 1024px) 100vw, 1024px\" \/><\/figure>\n","protected":false},"excerpt":{"rendered":"<p>Nos incorporamos a MATCOAM, el departamento de edificaci\u00f3n del Colegio Oficial de Arquitectos de Madrid, en un acuerdo estrat\u00e9gico que consolida nuestro compromiso como aliado de los arquitectos e interioristas. <\/p>\n","protected":false},"author":25,"featured_media":4134,"comment_status":"closed","ping_status":"closed","sticky":false,"template":"","format":"standard","meta":{"footnotes":""},"categories":[28],"tags":[],"class_list":["post-4133","post","type-post","status-publish","format-standard","has-post-thumbnail","hentry","category-arquitectura"],"yoast_head":"<!-- This site is optimized with the Yoast SEO plugin v27.4 - https:\/\/yoast.com\/product\/yoast-seo-wordpress\/ -->\n<title>Aretha equipa el espacio MATCOAM | Aretha Explora<\/title>\n<meta name=\"description\" content=\"Aretha se une al espacio MATCOAM y realiza el equipamiento integral de su planta. Nuevo mobiliario y muestras de soluciones ac\u00fasticas.\" \/>\n<meta name=\"robots\" content=\"index, follow, max-snippet:-1, max-image-preview:large, max-video-preview:-1\" \/>\n<link rel=\"canonical\" href=\"https:\/\/espacioaretha.com\/explora\/aretha-en-el-espacio-matcoam\/\" \/>\n<meta property=\"og:locale\" content=\"es_ES\" \/>\n<meta property=\"og:type\" content=\"article\" \/>\n<meta property=\"og:title\" content=\"Aretha se une a MATCOAM\" \/>\n<meta property=\"og:description\" content=\"Aretha se une al espacio MATCOAM y realiza el equipamiento integral de su planta. Nuevo mobiliario y muestras de soluciones ac\u00fasticas.\" \/>\n<meta property=\"og:url\" content=\"https:\/\/espacioaretha.com\/explora\/aretha-en-el-espacio-matcoam\/\" \/>\n<meta property=\"og:site_name\" content=\"Aretha Explora\" \/>\n<meta property=\"article:published_time\" content=\"2024-02-05T15:09:31+00:00\" \/>\n<meta property=\"article:modified_time\" content=\"2024-02-12T16:00:52+00:00\" \/>\n<meta property=\"og:image\" content=\"https:\/\/espacioaretha.com\/explora\/wp-content\/uploads\/2024\/02\/portada-Aexplora-matcoam-1024x576.jpg\" \/>\n\t<meta property=\"og:image:width\" content=\"1024\" \/>\n\t<meta property=\"og:image:height\" content=\"576\" \/>\n\t<meta property=\"og:image:type\" content=\"image\/jpeg\" \/>\n<meta name=\"author\" content=\"Aretha\" \/>\n<meta name=\"twitter:card\" content=\"summary_large_image\" \/>\n<meta name=\"twitter:title\" content=\"Aretha se une a MATCOAM\" \/>\n<meta name=\"twitter:description\" content=\"Aretha se une al espacio MATCOAM y realiza el equipamiento integral de su planta. Nuevo mobiliario y muestras de soluciones ac\u00fasticas.\" \/>\n<meta name=\"twitter:image\" content=\"https:\/\/espacioaretha.com\/explora\/wp-content\/uploads\/2024\/02\/portada-Aexplora-matcoam.jpg\" \/>\n<meta name=\"twitter:label1\" content=\"Escrito por\" \/>\n\t<meta name=\"twitter:data1\" content=\"Aretha\" \/>\n\t<meta name=\"twitter:label2\" content=\"Tiempo de lectura\" \/>\n\t<meta name=\"twitter:data2\" content=\"3 minutos\" \/>\n<script type=\"application\/ld+json\" class=\"yoast-schema-graph\">{\"@context\":\"https:\\\/\\\/schema.org\",\"@graph\":[{\"@type\":\"Article\",\"@id\":\"https:\\\/\\\/espacioaretha.com\\\/explora\\\/aretha-en-el-espacio-matcoam\\\/#article\",\"isPartOf\":{\"@id\":\"https:\\\/\\\/espacioaretha.com\\\/explora\\\/aretha-en-el-espacio-matcoam\\\/\"},\"author\":{\"name\":\"Aretha\",\"@id\":\"https:\\\/\\\/espacioaretha.com\\\/explora\\\/#\\\/schema\\\/person\\\/e8d7a5a3af3095abdb2c9b7af117ff8c\"},\"headline\":\"Aretha en el espacio MATCOAM\",\"datePublished\":\"2024-02-05T15:09:31+00:00\",\"dateModified\":\"2024-02-12T16:00:52+00:00\",\"mainEntityOfPage\":{\"@id\":\"https:\\\/\\\/espacioaretha.com\\\/explora\\\/aretha-en-el-espacio-matcoam\\\/\"},\"wordCount\":275,\"publisher\":{\"@id\":\"https:\\\/\\\/espacioaretha.com\\\/explora\\\/#organization\"},\"image\":{\"@id\":\"https:\\\/\\\/espacioaretha.com\\\/explora\\\/aretha-en-el-espacio-matcoam\\\/#primaryimage\"},\"thumbnailUrl\":\"https:\\\/\\\/espacioaretha.com\\\/explora\\\/wp-content\\\/uploads\\\/2024\\\/02\\\/portada-Aexplora-matcoam.jpg\",\"articleSection\":[\"Arquitectura y dise\u00f1o\"],\"inLanguage\":\"es\"},{\"@type\":\"WebPage\",\"@id\":\"https:\\\/\\\/espacioaretha.com\\\/explora\\\/aretha-en-el-espacio-matcoam\\\/\",\"url\":\"https:\\\/\\\/espacioaretha.com\\\/explora\\\/aretha-en-el-espacio-matcoam\\\/\",\"name\":\"Aretha equipa el espacio MATCOAM | Aretha Explora\",\"isPartOf\":{\"@id\":\"https:\\\/\\\/espacioaretha.com\\\/explora\\\/#website\"},\"primaryImageOfPage\":{\"@id\":\"https:\\\/\\\/espacioaretha.com\\\/explora\\\/aretha-en-el-espacio-matcoam\\\/#primaryimage\"},\"image\":{\"@id\":\"https:\\\/\\\/espacioaretha.com\\\/explora\\\/aretha-en-el-espacio-matcoam\\\/#primaryimage\"},\"thumbnailUrl\":\"https:\\\/\\\/espacioaretha.com\\\/explora\\\/wp-content\\\/uploads\\\/2024\\\/02\\\/portada-Aexplora-matcoam.jpg\",\"datePublished\":\"2024-02-05T15:09:31+00:00\",\"dateModified\":\"2024-02-12T16:00:52+00:00\",\"description\":\"Aretha se une al espacio MATCOAM y realiza el equipamiento integral de su planta. Nuevo mobiliario y muestras de soluciones ac\u00fasticas.\",\"breadcrumb\":{\"@id\":\"https:\\\/\\\/espacioaretha.com\\\/explora\\\/aretha-en-el-espacio-matcoam\\\/#breadcrumb\"},\"inLanguage\":\"es\",\"potentialAction\":[{\"@type\":\"ReadAction\",\"target\":[\"https:\\\/\\\/espacioaretha.com\\\/explora\\\/aretha-en-el-espacio-matcoam\\\/\"]}]},{\"@type\":\"ImageObject\",\"inLanguage\":\"es\",\"@id\":\"https:\\\/\\\/espacioaretha.com\\\/explora\\\/aretha-en-el-espacio-matcoam\\\/#primaryimage\",\"url\":\"https:\\\/\\\/espacioaretha.com\\\/explora\\\/wp-content\\\/uploads\\\/2024\\\/02\\\/portada-Aexplora-matcoam.jpg\",\"contentUrl\":\"https:\\\/\\\/espacioaretha.com\\\/explora\\\/wp-content\\\/uploads\\\/2024\\\/02\\\/portada-Aexplora-matcoam.jpg\",\"width\":1920,\"height\":1080,\"caption\":\"matcoam portada\"},{\"@type\":\"BreadcrumbList\",\"@id\":\"https:\\\/\\\/espacioaretha.com\\\/explora\\\/aretha-en-el-espacio-matcoam\\\/#breadcrumb\",\"itemListElement\":[{\"@type\":\"ListItem\",\"position\":1,\"name\":\"Portada\",\"item\":\"https:\\\/\\\/espacioaretha.com\\\/explora\\\/\"},{\"@type\":\"ListItem\",\"position\":2,\"name\":\"Aretha en el espacio MATCOAM\"}]},{\"@type\":\"WebSite\",\"@id\":\"https:\\\/\\\/espacioaretha.com\\\/explora\\\/#website\",\"url\":\"https:\\\/\\\/espacioaretha.com\\\/explora\\\/\",\"name\":\"Aretha Explora\",\"description\":\"Plataforma de contenidos e inspiraci\u00f3n sobre arquitectura, dise\u00f1o y mucho m\u00e1s\",\"publisher\":{\"@id\":\"https:\\\/\\\/espacioaretha.com\\\/explora\\\/#organization\"},\"potentialAction\":[{\"@type\":\"SearchAction\",\"target\":{\"@type\":\"EntryPoint\",\"urlTemplate\":\"https:\\\/\\\/espacioaretha.com\\\/explora\\\/?s={search_term_string}\"},\"query-input\":{\"@type\":\"PropertyValueSpecification\",\"valueRequired\":true,\"valueName\":\"search_term_string\"}}],\"inLanguage\":\"es\"},{\"@type\":\"Organization\",\"@id\":\"https:\\\/\\\/espacioaretha.com\\\/explora\\\/#organization\",\"name\":\"Aretha Explora\",\"alternateName\":\"Aretha\",\"url\":\"https:\\\/\\\/espacioaretha.com\\\/explora\\\/\",\"logo\":{\"@type\":\"ImageObject\",\"inLanguage\":\"es\",\"@id\":\"https:\\\/\\\/espacioaretha.com\\\/explora\\\/#\\\/schema\\\/logo\\\/image\\\/\",\"url\":\"https:\\\/\\\/espacioaretha.com\\\/explora\\\/wp-content\\\/uploads\\\/2022\\\/05\\\/Ojo-web.jpg\",\"contentUrl\":\"https:\\\/\\\/espacioaretha.com\\\/explora\\\/wp-content\\\/uploads\\\/2022\\\/05\\\/Ojo-web.jpg\",\"width\":1920,\"height\":1080,\"caption\":\"Aretha Explora\"},\"image\":{\"@id\":\"https:\\\/\\\/espacioaretha.com\\\/explora\\\/#\\\/schema\\\/logo\\\/image\\\/\"}},{\"@type\":\"Person\",\"@id\":\"https:\\\/\\\/espacioaretha.com\\\/explora\\\/#\\\/schema\\\/person\\\/e8d7a5a3af3095abdb2c9b7af117ff8c\",\"name\":\"Aretha\",\"image\":{\"@type\":\"ImageObject\",\"inLanguage\":\"es\",\"@id\":\"https:\\\/\\\/espacioaretha.com\\\/explora\\\/wp-content\\\/uploads\\\/2022\\\/05\\\/aretha.png\",\"url\":\"https:\\\/\\\/espacioaretha.com\\\/explora\\\/wp-content\\\/uploads\\\/2022\\\/05\\\/aretha.png\",\"contentUrl\":\"https:\\\/\\\/espacioaretha.com\\\/explora\\\/wp-content\\\/uploads\\\/2022\\\/05\\\/aretha.png\",\"caption\":\"Aretha\"},\"url\":\"https:\\\/\\\/espacioaretha.com\\\/explora\\\/author\\\/comunicacion-aretha\\\/\"}]}<\/script>\n<!-- \/ Yoast SEO plugin. -->","yoast_head_json":{"title":"Aretha equipa el espacio MATCOAM | Aretha Explora","description":"Aretha se une al espacio MATCOAM y realiza el equipamiento integral de su planta. Nuevo mobiliario y muestras de soluciones ac\u00fasticas.","robots":{"index":"index","follow":"follow","max-snippet":"max-snippet:-1","max-image-preview":"max-image-preview:large","max-video-preview":"max-video-preview:-1"},"canonical":"https:\/\/espacioaretha.com\/explora\/aretha-en-el-espacio-matcoam\/","og_locale":"es_ES","og_type":"article","og_title":"Aretha se une a MATCOAM","og_description":"Aretha se une al espacio MATCOAM y realiza el equipamiento integral de su planta. Nuevo mobiliario y muestras de soluciones ac\u00fasticas.","og_url":"https:\/\/espacioaretha.com\/explora\/aretha-en-el-espacio-matcoam\/","og_site_name":"Aretha Explora","article_published_time":"2024-02-05T15:09:31+00:00","article_modified_time":"2024-02-12T16:00:52+00:00","og_image":[{"width":1024,"height":576,"url":"https:\/\/espacioaretha.com\/explora\/wp-content\/uploads\/2024\/02\/portada-Aexplora-matcoam-1024x576.jpg","type":"image\/jpeg"}],"author":"Aretha","twitter_card":"summary_large_image","twitter_title":"Aretha se une a MATCOAM","twitter_description":"Aretha se une al espacio MATCOAM y realiza el equipamiento integral de su planta. Nuevo mobiliario y muestras de soluciones ac\u00fasticas.","twitter_image":"https:\/\/espacioaretha.com\/explora\/wp-content\/uploads\/2024\/02\/portada-Aexplora-matcoam.jpg","twitter_misc":{"Escrito por":"Aretha","Tiempo de lectura":"3 minutos"},"schema":{"@context":"https:\/\/schema.org","@graph":[{"@type":"Article","@id":"https:\/\/espacioaretha.com\/explora\/aretha-en-el-espacio-matcoam\/#article","isPartOf":{"@id":"https:\/\/espacioaretha.com\/explora\/aretha-en-el-espacio-matcoam\/"},"author":{"name":"Aretha","@id":"https:\/\/espacioaretha.com\/explora\/#\/schema\/person\/e8d7a5a3af3095abdb2c9b7af117ff8c"},"headline":"Aretha en el espacio MATCOAM","datePublished":"2024-02-05T15:09:31+00:00","dateModified":"2024-02-12T16:00:52+00:00","mainEntityOfPage":{"@id":"https:\/\/espacioaretha.com\/explora\/aretha-en-el-espacio-matcoam\/"},"wordCount":275,"publisher":{"@id":"https:\/\/espacioaretha.com\/explora\/#organization"},"image":{"@id":"https:\/\/espacioaretha.com\/explora\/aretha-en-el-espacio-matcoam\/#primaryimage"},"thumbnailUrl":"https:\/\/espacioaretha.com\/explora\/wp-content\/uploads\/2024\/02\/portada-Aexplora-matcoam.jpg","articleSection":["Arquitectura y dise\u00f1o"],"inLanguage":"es"},{"@type":"WebPage","@id":"https:\/\/espacioaretha.com\/explora\/aretha-en-el-espacio-matcoam\/","url":"https:\/\/espacioaretha.com\/explora\/aretha-en-el-espacio-matcoam\/","name":"Aretha equipa el espacio MATCOAM | Aretha Explora","isPartOf":{"@id":"https:\/\/espacioaretha.com\/explora\/#website"},"primaryImageOfPage":{"@id":"https:\/\/espacioaretha.com\/explora\/aretha-en-el-espacio-matcoam\/#primaryimage"},"image":{"@id":"https:\/\/espacioaretha.com\/explora\/aretha-en-el-espacio-matcoam\/#primaryimage"},"thumbnailUrl":"https:\/\/espacioaretha.com\/explora\/wp-content\/uploads\/2024\/02\/portada-Aexplora-matcoam.jpg","datePublished":"2024-02-05T15:09:31+00:00","dateModified":"2024-02-12T16:00:52+00:00","description":"Aretha se une al espacio MATCOAM y realiza el equipamiento integral de su planta. Nuevo mobiliario y muestras de soluciones ac\u00fasticas.","breadcrumb":{"@id":"https:\/\/espacioaretha.com\/explora\/aretha-en-el-espacio-matcoam\/#breadcrumb"},"inLanguage":"es","potentialAction":[{"@type":"ReadAction","target":["https:\/\/espacioaretha.com\/explora\/aretha-en-el-espacio-matcoam\/"]}]},{"@type":"ImageObject","inLanguage":"es","@id":"https:\/\/espacioaretha.com\/explora\/aretha-en-el-espacio-matcoam\/#primaryimage","url":"https:\/\/espacioaretha.com\/explora\/wp-content\/uploads\/2024\/02\/portada-Aexplora-matcoam.jpg","contentUrl":"https:\/\/espacioaretha.com\/explora\/wp-content\/uploads\/2024\/02\/portada-Aexplora-matcoam.jpg","width":1920,"height":1080,"caption":"matcoam portada"},{"@type":"BreadcrumbList","@id":"https:\/\/espacioaretha.com\/explora\/aretha-en-el-espacio-matcoam\/#breadcrumb","itemListElement":[{"@type":"ListItem","position":1,"name":"Portada","item":"https:\/\/espacioaretha.com\/explora\/"},{"@type":"ListItem","position":2,"name":"Aretha en el espacio MATCOAM"}]},{"@type":"WebSite","@id":"https:\/\/espacioaretha.com\/explora\/#website","url":"https:\/\/espacioaretha.com\/explora\/","name":"Aretha Explora","description":"Plataforma de contenidos e inspiraci\u00f3n sobre arquitectura, dise\u00f1o y mucho m\u00e1s","publisher":{"@id":"https:\/\/espacioaretha.com\/explora\/#organization"},"potentialAction":[{"@type":"SearchAction","target":{"@type":"EntryPoint","urlTemplate":"https:\/\/espacioaretha.com\/explora\/?s={search_term_string}"},"query-input":{"@type":"PropertyValueSpecification","valueRequired":true,"valueName":"search_term_string"}}],"inLanguage":"es"},{"@type":"Organization","@id":"https:\/\/espacioaretha.com\/explora\/#organization","name":"Aretha Explora","alternateName":"Aretha","url":"https:\/\/espacioaretha.com\/explora\/","logo":{"@type":"ImageObject","inLanguage":"es","@id":"https:\/\/espacioaretha.com\/explora\/#\/schema\/logo\/image\/","url":"https:\/\/espacioaretha.com\/explora\/wp-content\/uploads\/2022\/05\/Ojo-web.jpg","contentUrl":"https:\/\/espacioaretha.com\/explora\/wp-content\/uploads\/2022\/05\/Ojo-web.jpg","width":1920,"height":1080,"caption":"Aretha Explora"},"image":{"@id":"https:\/\/espacioaretha.com\/explora\/#\/schema\/logo\/image\/"}},{"@type":"Person","@id":"https:\/\/espacioaretha.com\/explora\/#\/schema\/person\/e8d7a5a3af3095abdb2c9b7af117ff8c","name":"Aretha","image":{"@type":"ImageObject","inLanguage":"es","@id":"https:\/\/espacioaretha.com\/explora\/wp-content\/uploads\/2022\/05\/aretha.png","url":"https:\/\/espacioaretha.com\/explora\/wp-content\/uploads\/2022\/05\/aretha.png","contentUrl":"https:\/\/espacioaretha.com\/explora\/wp-content\/uploads\/2022\/05\/aretha.png","caption":"Aretha"},"url":"https:\/\/espacioaretha.com\/explora\/author\/comunicacion-aretha\/"}]}},"_links":{"self":[{"href":"https:\/\/espacioaretha.com\/explora\/wp-json\/wp\/v2\/posts\/4133","targetHints":{"allow":["GET"]}}],"collection":[{"href":"https:\/\/espacioaretha.com\/explora\/wp-json\/wp\/v2\/posts"}],"about":[{"href":"https:\/\/espacioaretha.com\/explora\/wp-json\/wp\/v2\/types\/post"}],"author":[{"embeddable":true,"href":"https:\/\/espacioaretha.com\/explora\/wp-json\/wp\/v2\/users\/25"}],"replies":[{"embeddable":true,"href":"https:\/\/espacioaretha.com\/explora\/wp-json\/wp\/v2\/comments?post=4133"}],"version-history":[{"count":13,"href":"https:\/\/espacioaretha.com\/explora\/wp-json\/wp\/v2\/posts\/4133\/revisions"}],"predecessor-version":[{"id":4159,"href":"https:\/\/espacioaretha.com\/explora\/wp-json\/wp\/v2\/posts\/4133\/revisions\/4159"}],"wp:featuredmedia":[{"embeddable":true,"href":"https:\/\/espacioaretha.com\/explora\/wp-json\/wp\/v2\/media\/4134"}],"wp:attachment":[{"href":"https:\/\/espacioaretha.com\/explora\/wp-json\/wp\/v2\/media?parent=4133"}],"wp:term":[{"taxonomy":"category","embeddable":true,"href":"https:\/\/espacioaretha.com\/explora\/wp-json\/wp\/v2\/categories?post=4133"},{"taxonomy":"post_tag","embeddable":true,"href":"https:\/\/espacioaretha.com\/explora\/wp-json\/wp\/v2\/tags?post=4133"}],"curies":[{"name":"wp","href":"https:\/\/api.w.org\/{rel}","templated":true}]}}