{"id":443,"date":"2020-10-02T13:24:16","date_gmt":"2020-10-02T11:24:16","guid":{"rendered":"https:\/\/espacioaretha.com\/explora\/?p=443"},"modified":"2023-06-07T13:08:29","modified_gmt":"2023-06-07T11:08:29","slug":"acustica-una-inversion-productiva","status":"publish","type":"post","link":"https:\/\/espacioaretha.com\/explora\/acustica-una-inversion-productiva\/","title":{"rendered":"Ac\u00fastica: una inversi\u00f3n productiva"},"content":{"rendered":"\n<p>Si hablamos de manera m\u00e1s concreta acerca de &nbsp;los espacios de trabajo, durante los \u00faltimos 10 a\u00f1os se ha producido un avance espectacular en la transformaci\u00f3n de espacios basados en modelos jer\u00e1rquicos,&nbsp; de espacios cerrados que simbolizaban esferas de poder, hacia modelos mucho m\u00e1s democr\u00e1ticos, planificados minuciosamente por la direcci\u00f3n en coordinaci\u00f3n con los departamentos de recursos humanos, &nbsp;los departamentos de facility management y de compras bajo la batuta en muchas ocasiones de arquitectos, interioristas y space planners &nbsp;orientados a favorecer la coordinaci\u00f3n entre personas y equipos, la integraci\u00f3n de la tecnolog\u00eda, el intercambio de informaci\u00f3n y la transmisi\u00f3n a trav\u00e9s de los propios entornos de trabajo de la filosof\u00eda de la empresa.<\/p>\n\n\n\n<p>En este contexto de bienestar en el trabajo, la luz, el ruido, el dise\u00f1o, la integraci\u00f3n natural en el espacio de los desarrollos tecnol\u00f3gicos, la generaci\u00f3n de espacios comunes para intercambiar experiencias y conocimiento por encima del espacio destinado al individuo han sido los vectores de transformaci\u00f3n de los espacios de trabajo. Una completa redefinici\u00f3n del concepto del confort en el espacio de trabajo que permitiese a las organizaciones retener el talento como herramienta estrat\u00e9gica para crear equipos de alto rendimiento identificados plenamente con la organizaci\u00f3n.<\/p>\n\n\n\n<p>En los \u00faltimos 7 meses la preocupaci\u00f3n ha sido blindar al usurario frente a las amenazas del Covid 19, pero esto no deber\u00eda restar trascendencia al correcto tratamiento de los diferentes factores que configuran el bienestar y la productividad mencionados antes. En este art\u00edculo queremos dar especial importancia al ruido.<\/p>\n\n\n\n<figure class=\"wp-block-image size-large\"><img loading=\"lazy\" decoding=\"async\" width=\"1024\" height=\"687\" src=\"https:\/\/espacioaretha.com\/explora\/wp-content\/uploads\/2022\/03\/01ANDAMANE-ceiling-1-1024x687.jpeg\" alt=\"\" class=\"wp-image-450\" srcset=\"https:\/\/espacioaretha.com\/explora\/wp-content\/uploads\/2022\/03\/01ANDAMANE-ceiling-1-1024x687.jpeg 1024w, https:\/\/espacioaretha.com\/explora\/wp-content\/uploads\/2022\/03\/01ANDAMANE-ceiling-1-300x201.jpeg 300w, https:\/\/espacioaretha.com\/explora\/wp-content\/uploads\/2022\/03\/01ANDAMANE-ceiling-1-768x516.jpeg 768w, https:\/\/espacioaretha.com\/explora\/wp-content\/uploads\/2022\/03\/01ANDAMANE-ceiling-1-1536x1031.jpeg 1536w, https:\/\/espacioaretha.com\/explora\/wp-content\/uploads\/2022\/03\/01ANDAMANE-ceiling-1.jpeg 1795w\" sizes=\"auto, (max-width: 1024px) 100vw, 1024px\" \/><figcaption class=\"wp-element-caption\">Template by Pixartprinting<\/figcaption><\/figure>\n\n\n\n<h2 class=\"wp-block-heading\">\u00bfQu\u00e9 es el ruido?<\/h2>\n\n\n\n<p>La RAE define ruido como \u201csonido inarticulado, por lo general desagradable\u201d. Se entiende por ruido aquel sonido no deseado que perturba nuestra comunicaci\u00f3n. La contaminaci\u00f3n ac\u00fastica repercute directamente en la capacidad de concentraci\u00f3n del individuo y por lo tanto en su creatividad y productividad. Sucede muchas veces que ni siquiera somos conscientes de c\u00f3mo el ruido nos est\u00e1 afectando.<\/p>\n\n\n\n<h2 class=\"wp-block-heading\">\u00bfPor qu\u00e9 hemos de combatirlo?<\/h2>\n\n\n\n<p>Eliminar malestar, mejorar la comunicaci\u00f3n e interacci\u00f3n humanas, reducir ineficiencias, mejorar el rendimiento y la productividad de las personas y equipos son los objetivos fundamentales a la hora de plantear un espacio desde el punto de vista ac\u00fastico.<\/p>\n\n\n\n<p>Algunos estudios cl\u00ednicos establecen que una vez que algo nos interrumpe, podemos tardar entre 8 y 20 minutos en volver a recuperar la concentraci\u00f3n. Si traducimos a coste laboral la suma de tiempos individuales llegar\u00edamos a conclusiones muy interesantes a la hora de invertir adecuadamente en soluciones ac\u00fasticas.<\/p>\n\n\n\n<p>La falta de confort ac\u00fastico no es ni deseable ni saludable. Adem\u00e1s, seg\u00fan un informe elaborado por el Observatorio Salud y Medio Ambiente de Espa\u00f1a, una exposici\u00f3n a altos niveles de ruido genera estr\u00e9s, ansiedad, alteraciones del sue\u00f1o y problemas cardiovasculares.<\/p>\n\n\n\n<p>Una mala ac\u00fastica en el lugar de trabajo reduce notablemente la productividad, provoca cansancio y tiene como consecuencia una p\u00e9rdida de concentraci\u00f3n. Su coste directo e indirecto y muy elevado.<\/p>\n\n\n\n<figure class=\"wp-block-image size-large\"><img loading=\"lazy\" decoding=\"async\" width=\"1024\" height=\"768\" src=\"https:\/\/espacioaretha.com\/explora\/wp-content\/uploads\/2022\/03\/02domo-wallabsorber-abstracta01-2048x1536-1-1024x768.jpeg\" alt=\"\" class=\"wp-image-451\" srcset=\"https:\/\/espacioaretha.com\/explora\/wp-content\/uploads\/2022\/03\/02domo-wallabsorber-abstracta01-2048x1536-1-1024x768.jpeg 1024w, https:\/\/espacioaretha.com\/explora\/wp-content\/uploads\/2022\/03\/02domo-wallabsorber-abstracta01-2048x1536-1-300x225.jpeg 300w, https:\/\/espacioaretha.com\/explora\/wp-content\/uploads\/2022\/03\/02domo-wallabsorber-abstracta01-2048x1536-1-768x576.jpeg 768w, https:\/\/espacioaretha.com\/explora\/wp-content\/uploads\/2022\/03\/02domo-wallabsorber-abstracta01-2048x1536-1-1536x1152.jpeg 1536w, https:\/\/espacioaretha.com\/explora\/wp-content\/uploads\/2022\/03\/02domo-wallabsorber-abstracta01-2048x1536-1.jpeg 2048w\" sizes=\"auto, (max-width: 1024px) 100vw, 1024px\" \/><\/figure>\n\n\n\n<h2 class=\"wp-block-heading\">Aislamiento vs. Acondicionamiento ac\u00fastico<\/h2>\n\n\n\n<p>Es importante diferenciar entre aislamiento y acondicionamiento ac\u00fastico para enfocar bien el problema.<\/p>\n\n\n\n<p>El aislamiento ac\u00fastico se refiere a la transmisi\u00f3n del ruido entre estancias, despachos, aulas, o bien entre un recinto exterior y uno interior.<\/p>\n\n\n\n<p>Identificar la fuente de transmisi\u00f3n del ruido y utilizar materiales aislantes correctamente aplicados y sellados, dicho de una forma sencilla, es la soluci\u00f3n.<\/p>\n\n\n\n<p>Por el contrario, el acondicionamiento ac\u00fastico se refiere al tiempo de reverberaci\u00f3n de la onda sonora dentro de un espacio (despacho, sala de formaci\u00f3n, sala de reuni\u00f3n, zona de pradera\u2026). En este caso el problema, dicho de una forma sencilla, tendr\u00e1 que resolverse mediante la utilizaci\u00f3n de superficies o materiales absorbentes que reduzcan al m\u00e1ximo el rebote de la onda sonora, teniendo siempre en consideraci\u00f3n tanto la longitud de onda del sonido como el uso que se le quiere dar a dicho espacio.<\/p>\n\n\n\n<figure class=\"wp-block-image size-large\"><img loading=\"lazy\" decoding=\"async\" width=\"1024\" height=\"683\" src=\"https:\/\/espacioaretha.com\/explora\/wp-content\/uploads\/2022\/03\/03ARETHA_0003_Jeronimo_49-1024x683.jpeg\" alt=\"\" class=\"wp-image-452\" srcset=\"https:\/\/espacioaretha.com\/explora\/wp-content\/uploads\/2022\/03\/03ARETHA_0003_Jeronimo_49-1024x683.jpeg 1024w, https:\/\/espacioaretha.com\/explora\/wp-content\/uploads\/2022\/03\/03ARETHA_0003_Jeronimo_49-300x200.jpeg 300w, https:\/\/espacioaretha.com\/explora\/wp-content\/uploads\/2022\/03\/03ARETHA_0003_Jeronimo_49-768x512.jpeg 768w, https:\/\/espacioaretha.com\/explora\/wp-content\/uploads\/2022\/03\/03ARETHA_0003_Jeronimo_49-1536x1024.jpeg 1536w, https:\/\/espacioaretha.com\/explora\/wp-content\/uploads\/2022\/03\/03ARETHA_0003_Jeronimo_49.jpeg 1620w\" sizes=\"auto, (max-width: 1024px) 100vw, 1024px\" \/><\/figure>\n\n\n\n<h2 class=\"wp-block-heading\">\u00bfC\u00f3mo afrontar el problema ac\u00fastico? El papel de la ingenier\u00eda ac\u00fastica\u2026 desde el principio<\/h2>\n\n\n\n<p>La participaci\u00f3n de expertos ac\u00fasticos para analizar el problema ac\u00fastico en coordinaci\u00f3n con cliente y arquitectos deber\u00eda ser casi obligatoria. Las ingenier\u00edas ac\u00fasticas aportan un valor extraordinario a la hora de tratar tanto el problema del aislamiento ac\u00fastico de una construcci\u00f3n como del acondicionamiento ac\u00fastico de un espacio concreto. Ellos dar\u00e1n una visi\u00f3n objetiva del problema, la adecuaci\u00f3n a la normativa vigente de una determinada construcci\u00f3n, y las recomendaciones acerca de materiales y sistemas constructivos que resuelvan de manera eficiente la ac\u00fastica de un espacio, sea el que sea.<\/p>\n\n\n\n<p>Su participaci\u00f3n, deber\u00eda ser vista como una inversi\u00f3n y no como coste, y ayudar\u00eda a reducir de manera notable problemas que normalmente s\u00f3lo se detectan a posteriori con mayor coste.<\/p>\n\n\n\n<p>Adem\u00e1s, afrontar el problema de la ac\u00fastica de forma integrada con la iluminaci\u00f3n las instalaciones de aire acondicionado, instalaciones el\u00e9ctricas, permite plantear soluciones que a posteriori, y desde el punto de vista del mantenimiento del edificio, resultar\u00e1n m\u00e1s sencillas y econ\u00f3micas.<\/p>\n\n\n\n<figure class=\"wp-block-image size-large\"><img loading=\"lazy\" decoding=\"async\" width=\"1024\" height=\"683\" src=\"https:\/\/espacioaretha.com\/explora\/wp-content\/uploads\/2022\/03\/04Artiem_16-1536x1024-1-1024x683.jpeg\" alt=\"\" class=\"wp-image-453\" srcset=\"https:\/\/espacioaretha.com\/explora\/wp-content\/uploads\/2022\/03\/04Artiem_16-1536x1024-1-1024x683.jpeg 1024w, https:\/\/espacioaretha.com\/explora\/wp-content\/uploads\/2022\/03\/04Artiem_16-1536x1024-1-300x200.jpeg 300w, https:\/\/espacioaretha.com\/explora\/wp-content\/uploads\/2022\/03\/04Artiem_16-1536x1024-1-768x512.jpeg 768w, https:\/\/espacioaretha.com\/explora\/wp-content\/uploads\/2022\/03\/04Artiem_16-1536x1024-1.jpeg 1536w\" sizes=\"auto, (max-width: 1024px) 100vw, 1024px\" \/><\/figure>\n\n\n\n<h2 class=\"wp-block-heading\">\u00bfQu\u00e9 ventajas aporta estudiar la ac\u00fastica como parte esencial de cualquier proyecto?<\/h2>\n\n\n\n<p>En primer lugar, lograremos adecuar el edificio a la normativa y c\u00f3digo t\u00e9cnico vigente sin riesgos administrativos conociendo la regulaci\u00f3n de cada territorio.<\/p>\n\n\n\n<p>Como hemos mencionado, nos ayudar\u00e1 a mejorar el confort y la productividad de las personas, eliminando costes de oportunidad por ineficiencias como en el inicio argumentaba.<\/p>\n\n\n\n<p>Nos permitir\u00e1 optimizar la inversi\u00f3n con un adecuado estudio ac\u00fastico, utilizando los elementos adecuados en su cantidad y en el lugar adecuados.<\/p>\n\n\n\n<p>Lograremos tambi\u00e9n integrar las soluciones ac\u00fasticas con la arquitectura del edificio y con sus instalaciones de iluminaci\u00f3n y clima.<\/p>\n\n\n\n<p>Y por \u00faltimo, si seleccionamos bien los materiales, su est\u00e9tica podr\u00e1 ser parte del dise\u00f1o del espacio, aportando confort visual y no s\u00f3lo ac\u00fastico.<\/p>\n\n\n\n<figure class=\"wp-block-image size-full\"><img loading=\"lazy\" decoding=\"async\" width=\"1005\" height=\"670\" src=\"https:\/\/espacioaretha.com\/explora\/wp-content\/uploads\/2022\/03\/05photostudio_field_square_desk_two_round_echoled_linear_2019_1.jpeg\" alt=\"\" class=\"wp-image-454\" srcset=\"https:\/\/espacioaretha.com\/explora\/wp-content\/uploads\/2022\/03\/05photostudio_field_square_desk_two_round_echoled_linear_2019_1.jpeg 1005w, https:\/\/espacioaretha.com\/explora\/wp-content\/uploads\/2022\/03\/05photostudio_field_square_desk_two_round_echoled_linear_2019_1-300x200.jpeg 300w, https:\/\/espacioaretha.com\/explora\/wp-content\/uploads\/2022\/03\/05photostudio_field_square_desk_two_round_echoled_linear_2019_1-768x512.jpeg 768w\" sizes=\"auto, (max-width: 1005px) 100vw, 1005px\" \/><\/figure>\n\n\n\n<h2 class=\"wp-block-heading\">Sostenibilidad, reacci\u00f3n al fuego y prestaciones ac\u00fasticas y de salubridad<\/h2>\n\n\n\n<p>Los fabricantes especializados en soluciones ac\u00fasticas realizan un importante esfuerzo en investigaci\u00f3n y desarrollo de productos sostenibles con materiales reciclados y reciclables que contribuyen de manera notable a la econom\u00eda circular y a la sostenibilidad del medio ambiente, cada vez m\u00e1s importante en nuestra sociedad, una sociedad en la que los recursos son cada vez m\u00e1s limitados y que debemos preservar.<\/p>\n\n\n\n<p>Las prestaciones de reacci\u00f3n al fuego son tambi\u00e9n determinantes en muchos casos, en especial cuando hablamos de espacios de uso colectivo. Tambi\u00e9n la emisi\u00f3n de formaldeh\u00eddos como sustancia cancer\u00edgena es otro factor importante a considerar.<\/p>\n\n\n\n<p>Y por supuesto, estos materiales a su vez est\u00e1n sometidos a procesos de certificaci\u00f3n y test ac\u00fasticos que permitan validar frente a terceros sus prestaciones en las distintas frecuencias para determinar su eficiencia.<\/p>\n\n\n\n<p>Todos estos factores explican el valor intr\u00ednseco de las soluciones ac\u00fasticas, y por ello es importante tomar conciencia de ello cuando se afronta una inversi\u00f3n en ac\u00fastica. No todo vale.<\/p>\n\n\n\n<figure class=\"wp-block-image size-full\"><img loading=\"lazy\" decoding=\"async\" width=\"850\" height=\"602\" src=\"https:\/\/espacioaretha.com\/explora\/wp-content\/uploads\/2022\/03\/06ECOFELT-FOR-MEETING-BOOTHS.jpeg\" alt=\"\" class=\"wp-image-455\" srcset=\"https:\/\/espacioaretha.com\/explora\/wp-content\/uploads\/2022\/03\/06ECOFELT-FOR-MEETING-BOOTHS.jpeg 850w, https:\/\/espacioaretha.com\/explora\/wp-content\/uploads\/2022\/03\/06ECOFELT-FOR-MEETING-BOOTHS-300x212.jpeg 300w, https:\/\/espacioaretha.com\/explora\/wp-content\/uploads\/2022\/03\/06ECOFELT-FOR-MEETING-BOOTHS-768x544.jpeg 768w\" sizes=\"auto, (max-width: 850px) 100vw, 850px\" \/><\/figure>\n\n\n\n<h2 class=\"wp-block-heading\">\u00bfCu\u00e1l es el valor a\u00f1adido que Espacio Aretha aporta?<\/h2>\n\n\n\n<p>En <strong>Aretha<\/strong> apostamos desde nuestro nacimiento por una visi\u00f3n integrada del equipamiento de mobiliario, ac\u00fastica, iluminaci\u00f3n y biofilia a la hora de afrontar proyectos de la mano de arquitectos e interioristas.<\/p>\n\n\n\n<p>Apostamos desde el inicio por ofrecer un servicio exclusivo, con una propuesta de valor basada en el an\u00e1lisis del problema ac\u00fastico con de la mano de expertos independientes que nos ayude a entender el problema con precisi\u00f3n para garantizar la mejor soluci\u00f3n y optimizar la inversi\u00f3n y que junto a nuestro departamento de proyectos ofrecemos siempre la soluci\u00f3n \u00f3ptima.<\/p>\n\n\n\n<p>Somos especialistas en tanto en aislamiento ac\u00fastico (mamparas divisorias, paneles m\u00f3viles ac\u00fasticos cabinas ac\u00fasticas, phone booths\u2026), como acondicionamiento: revestimientos de paredes y techos, islas ac\u00fasticas, separadores ac\u00fasticos, mobiliario ac\u00fastico, biombos de sectorizaci\u00f3n<\/p>\n\n\n\n<p>Contamos en exclusiva con firmas internacionales de prestigio especializadas en el desarrollo de solucione ac\u00fasticas que est\u00e1n en permanente evoluci\u00f3n, que cumplen estrictamente con los requisitos de eficiencia ac\u00fastica por supuesto, pero tambi\u00e9n de sostenibilidad y reacci\u00f3n al fuego. Todas ellas cuidan escrupulosamente el dise\u00f1o, lo que contribuye a generar espacios no s\u00f3lo confortables ac\u00fasticamente, sino tambi\u00e9n visualmente.<\/p>\n\n\n\n<p>Nada escapa al ruido y aunque a veces no seamos conscientes, nos afecta y condiciona. Por ello es importante medirlo y actuar contra \u00e9l.<\/p>\n","protected":false},"excerpt":{"rendered":"<p>Los espacios de trabajo, as\u00ed como los espacios de uso p\u00fablico como hoteles, restaurantes o centros comerciales est\u00e1n siendo objeto de una profunda revisi\u00f3n en t\u00e9rminos de protecci\u00f3n en salud e higiene frente al nuevo escenario que ha supuesto el COVID-19. Muchas decisiones que se est\u00e1n tomando en el corto plazo probablemente se relajen o se pierdan cuando hayamos superado esta pandemia, quiz\u00e1 dentro de un a\u00f1o, pero lo cierto es que otros muchos cambios o transformaciones perdurar\u00e1n y se perfeccionar\u00e1n en el tiempo.<\/p>\n","protected":false},"author":6,"featured_media":456,"comment_status":"open","ping_status":"open","sticky":false,"template":"","format":"standard","meta":{"footnotes":""},"categories":[26],"tags":[79,84,45],"class_list":["post-443","post","type-post","status-publish","format-standard","has-post-thumbnail","hentry","category-acustica","tag-bienestar","tag-confort","tag-espacios-de-trabajo"],"yoast_head":"<!-- This site is optimized with the Yoast SEO plugin v27.4 - https:\/\/yoast.com\/product\/yoast-seo-wordpress\/ -->\n<title>Ac\u00fastica: una inversi\u00f3n productiva<\/title>\n<meta name=\"description\" content=\"Aretha Explora es una plataforma de contenidos e inspiraci\u00f3n sobre arquitectura, dise\u00f1o y mucho m\u00e1s.\" \/>\n<meta name=\"robots\" content=\"index, follow, max-snippet:-1, max-image-preview:large, max-video-preview:-1\" \/>\n<link rel=\"canonical\" href=\"https:\/\/espacioaretha.com\/explora\/acustica-una-inversion-productiva\/\" \/>\n<meta property=\"og:locale\" content=\"es_ES\" \/>\n<meta property=\"og:type\" content=\"article\" \/>\n<meta property=\"og:title\" content=\"Ac\u00fastica: una inversi\u00f3n productiva\" \/>\n<meta property=\"og:description\" content=\"Aretha Explora es una plataforma de contenidos e inspiraci\u00f3n sobre arquitectura, dise\u00f1o y mucho m\u00e1s.\" \/>\n<meta property=\"og:url\" content=\"https:\/\/espacioaretha.com\/explora\/acustica-una-inversion-productiva\/\" \/>\n<meta property=\"og:site_name\" content=\"Aretha Explora\" \/>\n<meta property=\"article:published_time\" content=\"2020-10-02T11:24:16+00:00\" \/>\n<meta property=\"article:modified_time\" content=\"2023-06-07T11:08:29+00:00\" \/>\n<meta property=\"og:image\" content=\"https:\/\/espacioaretha.com\/explora\/wp-content\/uploads\/2022\/03\/00destacada-5.jpeg\" \/>\n\t<meta property=\"og:image:width\" content=\"2560\" \/>\n\t<meta property=\"og:image:height\" content=\"1709\" \/>\n\t<meta property=\"og:image:type\" content=\"image\/jpeg\" \/>\n<meta name=\"author\" content=\"Fco Javier Blanco\" \/>\n<meta name=\"twitter:card\" content=\"summary_large_image\" \/>\n<meta name=\"twitter:label1\" content=\"Escrito por\" \/>\n\t<meta name=\"twitter:data1\" content=\"Fco Javier Blanco\" \/>\n\t<meta name=\"twitter:label2\" content=\"Tiempo de lectura\" \/>\n\t<meta name=\"twitter:data2\" content=\"7 minutos\" \/>\n<script type=\"application\/ld+json\" class=\"yoast-schema-graph\">{\"@context\":\"https:\\\/\\\/schema.org\",\"@graph\":[{\"@type\":\"Article\",\"@id\":\"https:\\\/\\\/espacioaretha.com\\\/explora\\\/acustica-una-inversion-productiva\\\/#article\",\"isPartOf\":{\"@id\":\"https:\\\/\\\/espacioaretha.com\\\/explora\\\/acustica-una-inversion-productiva\\\/\"},\"author\":{\"name\":\"Fco Javier Blanco\",\"@id\":\"https:\\\/\\\/espacioaretha.com\\\/explora\\\/#\\\/schema\\\/person\\\/147851aa68fa4acde9c12bd233c54920\"},\"headline\":\"Ac\u00fastica: una inversi\u00f3n productiva\",\"datePublished\":\"2020-10-02T11:24:16+00:00\",\"dateModified\":\"2023-06-07T11:08:29+00:00\",\"mainEntityOfPage\":{\"@id\":\"https:\\\/\\\/espacioaretha.com\\\/explora\\\/acustica-una-inversion-productiva\\\/\"},\"wordCount\":1464,\"commentCount\":0,\"publisher\":{\"@id\":\"https:\\\/\\\/espacioaretha.com\\\/explora\\\/#organization\"},\"image\":{\"@id\":\"https:\\\/\\\/espacioaretha.com\\\/explora\\\/acustica-una-inversion-productiva\\\/#primaryimage\"},\"thumbnailUrl\":\"https:\\\/\\\/espacioaretha.com\\\/explora\\\/wp-content\\\/uploads\\\/2022\\\/03\\\/00destacada-5.jpeg\",\"keywords\":[\"Bienestar\",\"Confort\",\"Espacios de trabajo\"],\"articleSection\":[\"Ac\u00fastica\"],\"inLanguage\":\"es\",\"potentialAction\":[{\"@type\":\"CommentAction\",\"name\":\"Comment\",\"target\":[\"https:\\\/\\\/espacioaretha.com\\\/explora\\\/acustica-una-inversion-productiva\\\/#respond\"]}]},{\"@type\":\"WebPage\",\"@id\":\"https:\\\/\\\/espacioaretha.com\\\/explora\\\/acustica-una-inversion-productiva\\\/\",\"url\":\"https:\\\/\\\/espacioaretha.com\\\/explora\\\/acustica-una-inversion-productiva\\\/\",\"name\":\"Ac\u00fastica: una inversi\u00f3n productiva\",\"isPartOf\":{\"@id\":\"https:\\\/\\\/espacioaretha.com\\\/explora\\\/#website\"},\"primaryImageOfPage\":{\"@id\":\"https:\\\/\\\/espacioaretha.com\\\/explora\\\/acustica-una-inversion-productiva\\\/#primaryimage\"},\"image\":{\"@id\":\"https:\\\/\\\/espacioaretha.com\\\/explora\\\/acustica-una-inversion-productiva\\\/#primaryimage\"},\"thumbnailUrl\":\"https:\\\/\\\/espacioaretha.com\\\/explora\\\/wp-content\\\/uploads\\\/2022\\\/03\\\/00destacada-5.jpeg\",\"datePublished\":\"2020-10-02T11:24:16+00:00\",\"dateModified\":\"2023-06-07T11:08:29+00:00\",\"description\":\"Aretha Explora es una plataforma de contenidos e inspiraci\u00f3n sobre arquitectura, dise\u00f1o y mucho m\u00e1s.\",\"breadcrumb\":{\"@id\":\"https:\\\/\\\/espacioaretha.com\\\/explora\\\/acustica-una-inversion-productiva\\\/#breadcrumb\"},\"inLanguage\":\"es\",\"potentialAction\":[{\"@type\":\"ReadAction\",\"target\":[\"https:\\\/\\\/espacioaretha.com\\\/explora\\\/acustica-una-inversion-productiva\\\/\"]}]},{\"@type\":\"ImageObject\",\"inLanguage\":\"es\",\"@id\":\"https:\\\/\\\/espacioaretha.com\\\/explora\\\/acustica-una-inversion-productiva\\\/#primaryimage\",\"url\":\"https:\\\/\\\/espacioaretha.com\\\/explora\\\/wp-content\\\/uploads\\\/2022\\\/03\\\/00destacada-5.jpeg\",\"contentUrl\":\"https:\\\/\\\/espacioaretha.com\\\/explora\\\/wp-content\\\/uploads\\\/2022\\\/03\\\/00destacada-5.jpeg\",\"width\":2560,\"height\":1709},{\"@type\":\"BreadcrumbList\",\"@id\":\"https:\\\/\\\/espacioaretha.com\\\/explora\\\/acustica-una-inversion-productiva\\\/#breadcrumb\",\"itemListElement\":[{\"@type\":\"ListItem\",\"position\":1,\"name\":\"Portada\",\"item\":\"https:\\\/\\\/espacioaretha.com\\\/explora\\\/\"},{\"@type\":\"ListItem\",\"position\":2,\"name\":\"Ac\u00fastica: una inversi\u00f3n productiva\"}]},{\"@type\":\"WebSite\",\"@id\":\"https:\\\/\\\/espacioaretha.com\\\/explora\\\/#website\",\"url\":\"https:\\\/\\\/espacioaretha.com\\\/explora\\\/\",\"name\":\"Aretha Explora\",\"description\":\"Plataforma de contenidos e inspiraci\u00f3n sobre arquitectura, dise\u00f1o y mucho m\u00e1s\",\"publisher\":{\"@id\":\"https:\\\/\\\/espacioaretha.com\\\/explora\\\/#organization\"},\"potentialAction\":[{\"@type\":\"SearchAction\",\"target\":{\"@type\":\"EntryPoint\",\"urlTemplate\":\"https:\\\/\\\/espacioaretha.com\\\/explora\\\/?s={search_term_string}\"},\"query-input\":{\"@type\":\"PropertyValueSpecification\",\"valueRequired\":true,\"valueName\":\"search_term_string\"}}],\"inLanguage\":\"es\"},{\"@type\":\"Organization\",\"@id\":\"https:\\\/\\\/espacioaretha.com\\\/explora\\\/#organization\",\"name\":\"Aretha Explora\",\"alternateName\":\"Aretha\",\"url\":\"https:\\\/\\\/espacioaretha.com\\\/explora\\\/\",\"logo\":{\"@type\":\"ImageObject\",\"inLanguage\":\"es\",\"@id\":\"https:\\\/\\\/espacioaretha.com\\\/explora\\\/#\\\/schema\\\/logo\\\/image\\\/\",\"url\":\"https:\\\/\\\/espacioaretha.com\\\/explora\\\/wp-content\\\/uploads\\\/2022\\\/05\\\/Ojo-web.jpg\",\"contentUrl\":\"https:\\\/\\\/espacioaretha.com\\\/explora\\\/wp-content\\\/uploads\\\/2022\\\/05\\\/Ojo-web.jpg\",\"width\":1920,\"height\":1080,\"caption\":\"Aretha Explora\"},\"image\":{\"@id\":\"https:\\\/\\\/espacioaretha.com\\\/explora\\\/#\\\/schema\\\/logo\\\/image\\\/\"}},{\"@type\":\"Person\",\"@id\":\"https:\\\/\\\/espacioaretha.com\\\/explora\\\/#\\\/schema\\\/person\\\/147851aa68fa4acde9c12bd233c54920\",\"name\":\"Fco Javier Blanco\",\"image\":{\"@type\":\"ImageObject\",\"inLanguage\":\"es\",\"@id\":\"https:\\\/\\\/espacioaretha.com\\\/explora\\\/wp-content\\\/uploads\\\/2022\\\/03\\\/Javier-Blanco.png\",\"url\":\"https:\\\/\\\/espacioaretha.com\\\/explora\\\/wp-content\\\/uploads\\\/2022\\\/03\\\/Javier-Blanco.png\",\"contentUrl\":\"https:\\\/\\\/espacioaretha.com\\\/explora\\\/wp-content\\\/uploads\\\/2022\\\/03\\\/Javier-Blanco.png\",\"caption\":\"Fco Javier Blanco\"},\"description\":\"Socio director\",\"url\":\"https:\\\/\\\/espacioaretha.com\\\/explora\\\/author\\\/fco-javier-blanco\\\/\"}]}<\/script>\n<!-- \/ Yoast SEO plugin. -->","yoast_head_json":{"title":"Ac\u00fastica: una inversi\u00f3n productiva","description":"Aretha Explora es una plataforma de contenidos e inspiraci\u00f3n sobre arquitectura, dise\u00f1o y mucho m\u00e1s.","robots":{"index":"index","follow":"follow","max-snippet":"max-snippet:-1","max-image-preview":"max-image-preview:large","max-video-preview":"max-video-preview:-1"},"canonical":"https:\/\/espacioaretha.com\/explora\/acustica-una-inversion-productiva\/","og_locale":"es_ES","og_type":"article","og_title":"Ac\u00fastica: una inversi\u00f3n productiva","og_description":"Aretha Explora es una plataforma de contenidos e inspiraci\u00f3n sobre arquitectura, dise\u00f1o y mucho m\u00e1s.","og_url":"https:\/\/espacioaretha.com\/explora\/acustica-una-inversion-productiva\/","og_site_name":"Aretha Explora","article_published_time":"2020-10-02T11:24:16+00:00","article_modified_time":"2023-06-07T11:08:29+00:00","og_image":[{"width":2560,"height":1709,"url":"https:\/\/espacioaretha.com\/explora\/wp-content\/uploads\/2022\/03\/00destacada-5.jpeg","type":"image\/jpeg"}],"author":"Fco Javier Blanco","twitter_card":"summary_large_image","twitter_misc":{"Escrito por":"Fco Javier Blanco","Tiempo de lectura":"7 minutos"},"schema":{"@context":"https:\/\/schema.org","@graph":[{"@type":"Article","@id":"https:\/\/espacioaretha.com\/explora\/acustica-una-inversion-productiva\/#article","isPartOf":{"@id":"https:\/\/espacioaretha.com\/explora\/acustica-una-inversion-productiva\/"},"author":{"name":"Fco Javier Blanco","@id":"https:\/\/espacioaretha.com\/explora\/#\/schema\/person\/147851aa68fa4acde9c12bd233c54920"},"headline":"Ac\u00fastica: una inversi\u00f3n productiva","datePublished":"2020-10-02T11:24:16+00:00","dateModified":"2023-06-07T11:08:29+00:00","mainEntityOfPage":{"@id":"https:\/\/espacioaretha.com\/explora\/acustica-una-inversion-productiva\/"},"wordCount":1464,"commentCount":0,"publisher":{"@id":"https:\/\/espacioaretha.com\/explora\/#organization"},"image":{"@id":"https:\/\/espacioaretha.com\/explora\/acustica-una-inversion-productiva\/#primaryimage"},"thumbnailUrl":"https:\/\/espacioaretha.com\/explora\/wp-content\/uploads\/2022\/03\/00destacada-5.jpeg","keywords":["Bienestar","Confort","Espacios de trabajo"],"articleSection":["Ac\u00fastica"],"inLanguage":"es","potentialAction":[{"@type":"CommentAction","name":"Comment","target":["https:\/\/espacioaretha.com\/explora\/acustica-una-inversion-productiva\/#respond"]}]},{"@type":"WebPage","@id":"https:\/\/espacioaretha.com\/explora\/acustica-una-inversion-productiva\/","url":"https:\/\/espacioaretha.com\/explora\/acustica-una-inversion-productiva\/","name":"Ac\u00fastica: una inversi\u00f3n productiva","isPartOf":{"@id":"https:\/\/espacioaretha.com\/explora\/#website"},"primaryImageOfPage":{"@id":"https:\/\/espacioaretha.com\/explora\/acustica-una-inversion-productiva\/#primaryimage"},"image":{"@id":"https:\/\/espacioaretha.com\/explora\/acustica-una-inversion-productiva\/#primaryimage"},"thumbnailUrl":"https:\/\/espacioaretha.com\/explora\/wp-content\/uploads\/2022\/03\/00destacada-5.jpeg","datePublished":"2020-10-02T11:24:16+00:00","dateModified":"2023-06-07T11:08:29+00:00","description":"Aretha Explora es una plataforma de contenidos e inspiraci\u00f3n sobre arquitectura, dise\u00f1o y mucho m\u00e1s.","breadcrumb":{"@id":"https:\/\/espacioaretha.com\/explora\/acustica-una-inversion-productiva\/#breadcrumb"},"inLanguage":"es","potentialAction":[{"@type":"ReadAction","target":["https:\/\/espacioaretha.com\/explora\/acustica-una-inversion-productiva\/"]}]},{"@type":"ImageObject","inLanguage":"es","@id":"https:\/\/espacioaretha.com\/explora\/acustica-una-inversion-productiva\/#primaryimage","url":"https:\/\/espacioaretha.com\/explora\/wp-content\/uploads\/2022\/03\/00destacada-5.jpeg","contentUrl":"https:\/\/espacioaretha.com\/explora\/wp-content\/uploads\/2022\/03\/00destacada-5.jpeg","width":2560,"height":1709},{"@type":"BreadcrumbList","@id":"https:\/\/espacioaretha.com\/explora\/acustica-una-inversion-productiva\/#breadcrumb","itemListElement":[{"@type":"ListItem","position":1,"name":"Portada","item":"https:\/\/espacioaretha.com\/explora\/"},{"@type":"ListItem","position":2,"name":"Ac\u00fastica: una inversi\u00f3n productiva"}]},{"@type":"WebSite","@id":"https:\/\/espacioaretha.com\/explora\/#website","url":"https:\/\/espacioaretha.com\/explora\/","name":"Aretha Explora","description":"Plataforma de contenidos e inspiraci\u00f3n sobre arquitectura, dise\u00f1o y mucho m\u00e1s","publisher":{"@id":"https:\/\/espacioaretha.com\/explora\/#organization"},"potentialAction":[{"@type":"SearchAction","target":{"@type":"EntryPoint","urlTemplate":"https:\/\/espacioaretha.com\/explora\/?s={search_term_string}"},"query-input":{"@type":"PropertyValueSpecification","valueRequired":true,"valueName":"search_term_string"}}],"inLanguage":"es"},{"@type":"Organization","@id":"https:\/\/espacioaretha.com\/explora\/#organization","name":"Aretha Explora","alternateName":"Aretha","url":"https:\/\/espacioaretha.com\/explora\/","logo":{"@type":"ImageObject","inLanguage":"es","@id":"https:\/\/espacioaretha.com\/explora\/#\/schema\/logo\/image\/","url":"https:\/\/espacioaretha.com\/explora\/wp-content\/uploads\/2022\/05\/Ojo-web.jpg","contentUrl":"https:\/\/espacioaretha.com\/explora\/wp-content\/uploads\/2022\/05\/Ojo-web.jpg","width":1920,"height":1080,"caption":"Aretha Explora"},"image":{"@id":"https:\/\/espacioaretha.com\/explora\/#\/schema\/logo\/image\/"}},{"@type":"Person","@id":"https:\/\/espacioaretha.com\/explora\/#\/schema\/person\/147851aa68fa4acde9c12bd233c54920","name":"Fco Javier Blanco","image":{"@type":"ImageObject","inLanguage":"es","@id":"https:\/\/espacioaretha.com\/explora\/wp-content\/uploads\/2022\/03\/Javier-Blanco.png","url":"https:\/\/espacioaretha.com\/explora\/wp-content\/uploads\/2022\/03\/Javier-Blanco.png","contentUrl":"https:\/\/espacioaretha.com\/explora\/wp-content\/uploads\/2022\/03\/Javier-Blanco.png","caption":"Fco Javier Blanco"},"description":"Socio director","url":"https:\/\/espacioaretha.com\/explora\/author\/fco-javier-blanco\/"}]}},"_links":{"self":[{"href":"https:\/\/espacioaretha.com\/explora\/wp-json\/wp\/v2\/posts\/443","targetHints":{"allow":["GET"]}}],"collection":[{"href":"https:\/\/espacioaretha.com\/explora\/wp-json\/wp\/v2\/posts"}],"about":[{"href":"https:\/\/espacioaretha.com\/explora\/wp-json\/wp\/v2\/types\/post"}],"author":[{"embeddable":true,"href":"https:\/\/espacioaretha.com\/explora\/wp-json\/wp\/v2\/users\/6"}],"replies":[{"embeddable":true,"href":"https:\/\/espacioaretha.com\/explora\/wp-json\/wp\/v2\/comments?post=443"}],"version-history":[{"count":3,"href":"https:\/\/espacioaretha.com\/explora\/wp-json\/wp\/v2\/posts\/443\/revisions"}],"predecessor-version":[{"id":3804,"href":"https:\/\/espacioaretha.com\/explora\/wp-json\/wp\/v2\/posts\/443\/revisions\/3804"}],"wp:featuredmedia":[{"embeddable":true,"href":"https:\/\/espacioaretha.com\/explora\/wp-json\/wp\/v2\/media\/456"}],"wp:attachment":[{"href":"https:\/\/espacioaretha.com\/explora\/wp-json\/wp\/v2\/media?parent=443"}],"wp:term":[{"taxonomy":"category","embeddable":true,"href":"https:\/\/espacioaretha.com\/explora\/wp-json\/wp\/v2\/categories?post=443"},{"taxonomy":"post_tag","embeddable":true,"href":"https:\/\/espacioaretha.com\/explora\/wp-json\/wp\/v2\/tags?post=443"}],"curies":[{"name":"wp","href":"https:\/\/api.w.org\/{rel}","templated":true}]}}