{"id":4692,"date":"2025-03-03T17:50:12","date_gmt":"2025-03-03T16:50:12","guid":{"rendered":"https:\/\/espacioaretha.com\/explora\/?p=4692"},"modified":"2025-03-04T09:02:54","modified_gmt":"2025-03-04T08:02:54","slug":"la-sala-aretha-abre-sus-puertas-en-matcoam","status":"publish","type":"post","link":"https:\/\/espacioaretha.com\/explora\/la-sala-aretha-abre-sus-puertas-en-matcoam\/","title":{"rendered":"La Sala Aretha abre sus puertas en MATCOAM"},"content":{"rendered":"\n<div style=\"height:13px\" aria-hidden=\"true\" class=\"wp-block-spacer\"><\/div>\n\n\n\n<p>Inauguramos la <strong>Sala Aretha<\/strong> en la tercera planta del Colegio de Arquitectos de Madrid. Un espacio pensado para fomentar la concentraci\u00f3n, el confort y el bienestar de sus usuarios.<\/p>\n\n\n\n<p>Dise\u00f1ado espec\u00edficamente para arquitectos, interioristas y profesionales del sector, ofrece un lugar ideal para reuniones de trabajo, formaciones y presentaciones de proyectos.&nbsp;<\/p>\n\n\n\n<p>La Sala Aretha<strong> incorpora soluciones ac\u00fasticas personalizadas <\/strong>de la firma italiana de dise\u00f1o <a href=\"https:\/\/espacioaretha.com\/firmas\/slalom\/\"><strong>Slalom<\/strong><\/a><strong> <\/strong>que se integran perfectamente en el espacio, mejorando tanto la funcionalidad como la est\u00e9tica del ambiente.<\/p>\n\n\n\n<p>Uno de los elementos clave de la sala son los paneles ac\u00fasticos aplicados en la pared central, que no solo mejoran la ac\u00fastica del espacio, sino que muestran la variedad de soluciones y acabados de la firma. A su vez, la cortina bicolor a\u00f1ade un toque de calidez, mejora la ac\u00fastica y regula la entrada de luz natural, y en techo, las esferas ac\u00fasticas acondicionan el espacio aportando dise\u00f1o y originalidad. Un conjunto de soluciones para crear un entorno equilibrado de confort y bienestar.<\/p>\n\n\n\n<figure class=\"wp-block-image size-large\"><img loading=\"lazy\" decoding=\"async\" width=\"1024\" height=\"576\" src=\"https:\/\/espacioaretha.com\/explora\/wp-content\/uploads\/2025\/03\/3-1024x576.png\" alt=\"sala aretha en MATCOAM\" class=\"wp-image-4696\" srcset=\"https:\/\/espacioaretha.com\/explora\/wp-content\/uploads\/2025\/03\/3-1024x576.png 1024w, https:\/\/espacioaretha.com\/explora\/wp-content\/uploads\/2025\/03\/3-300x169.png 300w, https:\/\/espacioaretha.com\/explora\/wp-content\/uploads\/2025\/03\/3-768x432.png 768w, https:\/\/espacioaretha.com\/explora\/wp-content\/uploads\/2025\/03\/3-1536x864.png 1536w, https:\/\/espacioaretha.com\/explora\/wp-content\/uploads\/2025\/03\/3.png 1680w\" sizes=\"auto, (max-width: 1024px) 100vw, 1024px\" \/><\/figure>\n\n\n\n<figure class=\"wp-block-image size-full\"><img loading=\"lazy\" decoding=\"async\" width=\"1265\" height=\"945\" src=\"https:\/\/espacioaretha.com\/explora\/wp-content\/uploads\/2025\/03\/11.jpg\" alt=\"sala aretha en MATCOAM\" class=\"wp-image-4703\" srcset=\"https:\/\/espacioaretha.com\/explora\/wp-content\/uploads\/2025\/03\/11.jpg 1265w, https:\/\/espacioaretha.com\/explora\/wp-content\/uploads\/2025\/03\/11-300x224.jpg 300w, https:\/\/espacioaretha.com\/explora\/wp-content\/uploads\/2025\/03\/11-1024x765.jpg 1024w, https:\/\/espacioaretha.com\/explora\/wp-content\/uploads\/2025\/03\/11-768x574.jpg 768w\" sizes=\"auto, (max-width: 1265px) 100vw, 1265px\" \/><\/figure>\n\n\n\n<p>La <strong>flexibilidad y modularidad son caracter\u00edsticas fundamentales de la Sala Aretha.<\/strong> Las mesas abatibles y movibles de <a href=\"https:\/\/espacioaretha.com\/firmas\/telebi\"><strong>Telebi<\/strong><\/a> permiten una reconfiguraci\u00f3n r\u00e1pida y sencilla del espacio, adapt\u00e1ndose a las necesidades espec\u00edficas de cada evento o actividad que pueda tener lugar.<\/p>\n\n\n\n<p>Asimismo, <a href=\"https:\/\/espacioaretha.com\/firmas\/\"><strong>Hay<\/strong><\/a>, otra de las firmas destacadas implementadas en el espacio, potencia esa modularidad con una colecci\u00f3n de sillas vers\u00e1tiles y originales que facilitan la movilidad y flexibilidad, adapt\u00e1ndose a las necesidades cambiantes de los usuarios. La entrada a la sala cuenta adem\u00e1s con un \u00e1rea de descanso, pensada para recibir a los visitantes en un ambiente acogedor.<\/p>\n\n\n\n<p>Esta nueva colaboraci\u00f3n con MATCOAM refleja una vez m\u00e1s el compromiso compartido con el dise\u00f1o, la innovaci\u00f3n y el confort. La <strong>Sala Aretha<\/strong> se convierte en un lugar de encuentro e inspiraci\u00f3n, donde los profesionales del sector pueden explorar nuevas ideas y soluciones para sus proyectos<\/p>\n\n\n\n<p>Invitamos a conocer este espacio en persona, explorar todas las soluciones que <a href=\"https:\/\/espacioaretha.com\/\"><strong>Aretha<\/strong><\/a> ofrece a arquitectos e interioristas, y visitar <strong><a href=\"https:\/\/espacioaretha.com\/proyectos\/aretha-hub-design\/\">Aretha Hub Design<\/a><\/strong>, nuestro showroom ubicado en Paseo Eduardo Dato 2, donde las soluciones cobran vida en el espacio.<\/p>\n\n\n\n<figure class=\"wp-block-gallery has-nested-images columns-default is-cropped wp-block-gallery-1 is-layout-flex wp-block-gallery-is-layout-flex\">\n<figure class=\"wp-block-image size-large\"><img loading=\"lazy\" decoding=\"async\" width=\"1024\" height=\"576\" data-id=\"4697\" src=\"https:\/\/espacioaretha.com\/explora\/wp-content\/uploads\/2025\/03\/8-1024x576.png\" alt=\"sala aretha en MATCOAM\" class=\"wp-image-4697\" srcset=\"https:\/\/espacioaretha.com\/explora\/wp-content\/uploads\/2025\/03\/8-1024x576.png 1024w, https:\/\/espacioaretha.com\/explora\/wp-content\/uploads\/2025\/03\/8-300x169.png 300w, https:\/\/espacioaretha.com\/explora\/wp-content\/uploads\/2025\/03\/8-768x432.png 768w, https:\/\/espacioaretha.com\/explora\/wp-content\/uploads\/2025\/03\/8-1536x864.png 1536w, https:\/\/espacioaretha.com\/explora\/wp-content\/uploads\/2025\/03\/8.png 1680w\" sizes=\"auto, (max-width: 1024px) 100vw, 1024px\" \/><\/figure>\n<\/figure>\n\n\n\n<figure class=\"wp-block-image size-large\"><img loading=\"lazy\" decoding=\"async\" width=\"1024\" height=\"576\" src=\"https:\/\/espacioaretha.com\/explora\/wp-content\/uploads\/2025\/03\/2-1024x576.jpg\" alt=\"\" class=\"wp-image-4695\" srcset=\"https:\/\/espacioaretha.com\/explora\/wp-content\/uploads\/2025\/03\/2-1024x576.jpg 1024w, https:\/\/espacioaretha.com\/explora\/wp-content\/uploads\/2025\/03\/2-300x169.jpg 300w, https:\/\/espacioaretha.com\/explora\/wp-content\/uploads\/2025\/03\/2-768x432.jpg 768w, https:\/\/espacioaretha.com\/explora\/wp-content\/uploads\/2025\/03\/2-1536x864.jpg 1536w, https:\/\/espacioaretha.com\/explora\/wp-content\/uploads\/2025\/03\/2.jpg 1680w\" sizes=\"auto, (max-width: 1024px) 100vw, 1024px\" \/><\/figure>\n","protected":false},"excerpt":{"rendered":"<p>Aretha inaugura un nuevo espacio en el Colegio de Arquitectos de Madrid, dise\u00f1ado para inspirar, conectar y potenciar la productividad<\/p>\n","protected":false},"author":25,"featured_media":4694,"comment_status":"closed","ping_status":"closed","sticky":false,"template":"","format":"standard","meta":{"footnotes":""},"categories":[28],"tags":[],"class_list":["post-4692","post","type-post","status-publish","format-standard","has-post-thumbnail","hentry","category-arquitectura"],"yoast_head":"<!-- This site is optimized with the Yoast SEO plugin v27.4 - https:\/\/yoast.com\/product\/yoast-seo-wordpress\/ -->\n<title>La Sala Aretha en MATCOAM | Aretha Explora<\/title>\n<meta name=\"description\" content=\"La Sala Aretha, un espacio para reuniones y encuentro entre profesionales abre sus puertas en MATCOAM (COAM)\" \/>\n<meta name=\"robots\" content=\"index, follow, max-snippet:-1, max-image-preview:large, max-video-preview:-1\" \/>\n<link rel=\"canonical\" href=\"https:\/\/espacioaretha.com\/explora\/la-sala-aretha-abre-sus-puertas-en-matcoam\/\" \/>\n<meta property=\"og:locale\" content=\"es_ES\" \/>\n<meta property=\"og:type\" content=\"article\" \/>\n<meta property=\"og:title\" content=\"La Sala Aretha en MATCOAM | Aretha Explora\" \/>\n<meta property=\"og:description\" content=\"La Sala Aretha, un espacio para reuniones y encuentro entre profesionales abre sus puertas en MATCOAM (COAM)\" \/>\n<meta property=\"og:url\" content=\"https:\/\/espacioaretha.com\/explora\/la-sala-aretha-abre-sus-puertas-en-matcoam\/\" \/>\n<meta property=\"og:site_name\" content=\"Aretha Explora\" \/>\n<meta property=\"article:published_time\" content=\"2025-03-03T16:50:12+00:00\" \/>\n<meta property=\"article:modified_time\" content=\"2025-03-04T08:02:54+00:00\" \/>\n<meta property=\"og:image\" content=\"https:\/\/espacioaretha.com\/explora\/wp-content\/uploads\/2025\/03\/1-1024x576.jpg\" \/>\n\t<meta property=\"og:image:width\" content=\"1024\" \/>\n\t<meta property=\"og:image:height\" content=\"576\" \/>\n\t<meta property=\"og:image:type\" content=\"image\/jpeg\" \/>\n<meta name=\"author\" content=\"Aretha\" \/>\n<meta name=\"twitter:card\" content=\"summary_large_image\" \/>\n<meta name=\"twitter:title\" content=\"La Sala Aretha en MATCOAM | Aretha Explora\" \/>\n<meta name=\"twitter:description\" content=\"La Sala Aretha, un espacio para reuniones y encuentro entre profesionales abre sus puertas en MATCOAM (COAM)\" \/>\n<meta name=\"twitter:image\" content=\"https:\/\/espacioaretha.com\/explora\/wp-content\/uploads\/2025\/03\/1.jpg\" \/>\n<meta name=\"twitter:label1\" content=\"Escrito por\" \/>\n\t<meta name=\"twitter:data1\" content=\"Aretha\" \/>\n\t<meta name=\"twitter:label2\" content=\"Tiempo de lectura\" \/>\n\t<meta name=\"twitter:data2\" content=\"3 minutos\" \/>\n<script type=\"application\/ld+json\" class=\"yoast-schema-graph\">{\"@context\":\"https:\\\/\\\/schema.org\",\"@graph\":[{\"@type\":\"Article\",\"@id\":\"https:\\\/\\\/espacioaretha.com\\\/explora\\\/la-sala-aretha-abre-sus-puertas-en-matcoam\\\/#article\",\"isPartOf\":{\"@id\":\"https:\\\/\\\/espacioaretha.com\\\/explora\\\/la-sala-aretha-abre-sus-puertas-en-matcoam\\\/\"},\"author\":{\"name\":\"Aretha\",\"@id\":\"https:\\\/\\\/espacioaretha.com\\\/explora\\\/#\\\/schema\\\/person\\\/e8d7a5a3af3095abdb2c9b7af117ff8c\"},\"headline\":\"La Sala Aretha abre sus puertas en MATCOAM\",\"datePublished\":\"2025-03-03T16:50:12+00:00\",\"dateModified\":\"2025-03-04T08:02:54+00:00\",\"mainEntityOfPage\":{\"@id\":\"https:\\\/\\\/espacioaretha.com\\\/explora\\\/la-sala-aretha-abre-sus-puertas-en-matcoam\\\/\"},\"wordCount\":382,\"publisher\":{\"@id\":\"https:\\\/\\\/espacioaretha.com\\\/explora\\\/#organization\"},\"image\":{\"@id\":\"https:\\\/\\\/espacioaretha.com\\\/explora\\\/la-sala-aretha-abre-sus-puertas-en-matcoam\\\/#primaryimage\"},\"thumbnailUrl\":\"https:\\\/\\\/espacioaretha.com\\\/explora\\\/wp-content\\\/uploads\\\/2025\\\/03\\\/1.jpg\",\"articleSection\":[\"Arquitectura y dise\u00f1o\"],\"inLanguage\":\"es\"},{\"@type\":\"WebPage\",\"@id\":\"https:\\\/\\\/espacioaretha.com\\\/explora\\\/la-sala-aretha-abre-sus-puertas-en-matcoam\\\/\",\"url\":\"https:\\\/\\\/espacioaretha.com\\\/explora\\\/la-sala-aretha-abre-sus-puertas-en-matcoam\\\/\",\"name\":\"La Sala Aretha en MATCOAM | Aretha Explora\",\"isPartOf\":{\"@id\":\"https:\\\/\\\/espacioaretha.com\\\/explora\\\/#website\"},\"primaryImageOfPage\":{\"@id\":\"https:\\\/\\\/espacioaretha.com\\\/explora\\\/la-sala-aretha-abre-sus-puertas-en-matcoam\\\/#primaryimage\"},\"image\":{\"@id\":\"https:\\\/\\\/espacioaretha.com\\\/explora\\\/la-sala-aretha-abre-sus-puertas-en-matcoam\\\/#primaryimage\"},\"thumbnailUrl\":\"https:\\\/\\\/espacioaretha.com\\\/explora\\\/wp-content\\\/uploads\\\/2025\\\/03\\\/1.jpg\",\"datePublished\":\"2025-03-03T16:50:12+00:00\",\"dateModified\":\"2025-03-04T08:02:54+00:00\",\"description\":\"La Sala Aretha, un espacio para reuniones y encuentro entre profesionales abre sus puertas en MATCOAM (COAM)\",\"breadcrumb\":{\"@id\":\"https:\\\/\\\/espacioaretha.com\\\/explora\\\/la-sala-aretha-abre-sus-puertas-en-matcoam\\\/#breadcrumb\"},\"inLanguage\":\"es\",\"potentialAction\":[{\"@type\":\"ReadAction\",\"target\":[\"https:\\\/\\\/espacioaretha.com\\\/explora\\\/la-sala-aretha-abre-sus-puertas-en-matcoam\\\/\"]}]},{\"@type\":\"ImageObject\",\"inLanguage\":\"es\",\"@id\":\"https:\\\/\\\/espacioaretha.com\\\/explora\\\/la-sala-aretha-abre-sus-puertas-en-matcoam\\\/#primaryimage\",\"url\":\"https:\\\/\\\/espacioaretha.com\\\/explora\\\/wp-content\\\/uploads\\\/2025\\\/03\\\/1.jpg\",\"contentUrl\":\"https:\\\/\\\/espacioaretha.com\\\/explora\\\/wp-content\\\/uploads\\\/2025\\\/03\\\/1.jpg\",\"width\":1920,\"height\":1080,\"caption\":\"sala aretha en MATCOAM\"},{\"@type\":\"BreadcrumbList\",\"@id\":\"https:\\\/\\\/espacioaretha.com\\\/explora\\\/la-sala-aretha-abre-sus-puertas-en-matcoam\\\/#breadcrumb\",\"itemListElement\":[{\"@type\":\"ListItem\",\"position\":1,\"name\":\"Portada\",\"item\":\"https:\\\/\\\/espacioaretha.com\\\/explora\\\/\"},{\"@type\":\"ListItem\",\"position\":2,\"name\":\"La Sala Aretha abre sus puertas en MATCOAM\"}]},{\"@type\":\"WebSite\",\"@id\":\"https:\\\/\\\/espacioaretha.com\\\/explora\\\/#website\",\"url\":\"https:\\\/\\\/espacioaretha.com\\\/explora\\\/\",\"name\":\"Aretha Explora\",\"description\":\"Plataforma de contenidos e inspiraci\u00f3n sobre arquitectura, dise\u00f1o y mucho m\u00e1s\",\"publisher\":{\"@id\":\"https:\\\/\\\/espacioaretha.com\\\/explora\\\/#organization\"},\"potentialAction\":[{\"@type\":\"SearchAction\",\"target\":{\"@type\":\"EntryPoint\",\"urlTemplate\":\"https:\\\/\\\/espacioaretha.com\\\/explora\\\/?s={search_term_string}\"},\"query-input\":{\"@type\":\"PropertyValueSpecification\",\"valueRequired\":true,\"valueName\":\"search_term_string\"}}],\"inLanguage\":\"es\"},{\"@type\":\"Organization\",\"@id\":\"https:\\\/\\\/espacioaretha.com\\\/explora\\\/#organization\",\"name\":\"Aretha Explora\",\"alternateName\":\"Aretha\",\"url\":\"https:\\\/\\\/espacioaretha.com\\\/explora\\\/\",\"logo\":{\"@type\":\"ImageObject\",\"inLanguage\":\"es\",\"@id\":\"https:\\\/\\\/espacioaretha.com\\\/explora\\\/#\\\/schema\\\/logo\\\/image\\\/\",\"url\":\"https:\\\/\\\/espacioaretha.com\\\/explora\\\/wp-content\\\/uploads\\\/2022\\\/05\\\/Ojo-web.jpg\",\"contentUrl\":\"https:\\\/\\\/espacioaretha.com\\\/explora\\\/wp-content\\\/uploads\\\/2022\\\/05\\\/Ojo-web.jpg\",\"width\":1920,\"height\":1080,\"caption\":\"Aretha Explora\"},\"image\":{\"@id\":\"https:\\\/\\\/espacioaretha.com\\\/explora\\\/#\\\/schema\\\/logo\\\/image\\\/\"}},{\"@type\":\"Person\",\"@id\":\"https:\\\/\\\/espacioaretha.com\\\/explora\\\/#\\\/schema\\\/person\\\/e8d7a5a3af3095abdb2c9b7af117ff8c\",\"name\":\"Aretha\",\"image\":{\"@type\":\"ImageObject\",\"inLanguage\":\"es\",\"@id\":\"https:\\\/\\\/espacioaretha.com\\\/explora\\\/wp-content\\\/uploads\\\/2022\\\/05\\\/aretha.png\",\"url\":\"https:\\\/\\\/espacioaretha.com\\\/explora\\\/wp-content\\\/uploads\\\/2022\\\/05\\\/aretha.png\",\"contentUrl\":\"https:\\\/\\\/espacioaretha.com\\\/explora\\\/wp-content\\\/uploads\\\/2022\\\/05\\\/aretha.png\",\"caption\":\"Aretha\"},\"url\":\"https:\\\/\\\/espacioaretha.com\\\/explora\\\/author\\\/comunicacion-aretha\\\/\"}]}<\/script>\n<!-- \/ Yoast SEO plugin. -->","yoast_head_json":{"title":"La Sala Aretha en MATCOAM | Aretha Explora","description":"La Sala Aretha, un espacio para reuniones y encuentro entre profesionales abre sus puertas en MATCOAM (COAM)","robots":{"index":"index","follow":"follow","max-snippet":"max-snippet:-1","max-image-preview":"max-image-preview:large","max-video-preview":"max-video-preview:-1"},"canonical":"https:\/\/espacioaretha.com\/explora\/la-sala-aretha-abre-sus-puertas-en-matcoam\/","og_locale":"es_ES","og_type":"article","og_title":"La Sala Aretha en MATCOAM | Aretha Explora","og_description":"La Sala Aretha, un espacio para reuniones y encuentro entre profesionales abre sus puertas en MATCOAM (COAM)","og_url":"https:\/\/espacioaretha.com\/explora\/la-sala-aretha-abre-sus-puertas-en-matcoam\/","og_site_name":"Aretha Explora","article_published_time":"2025-03-03T16:50:12+00:00","article_modified_time":"2025-03-04T08:02:54+00:00","og_image":[{"width":1024,"height":576,"url":"https:\/\/espacioaretha.com\/explora\/wp-content\/uploads\/2025\/03\/1-1024x576.jpg","type":"image\/jpeg"}],"author":"Aretha","twitter_card":"summary_large_image","twitter_title":"La Sala Aretha en MATCOAM | Aretha Explora","twitter_description":"La Sala Aretha, un espacio para reuniones y encuentro entre profesionales abre sus puertas en MATCOAM (COAM)","twitter_image":"https:\/\/espacioaretha.com\/explora\/wp-content\/uploads\/2025\/03\/1.jpg","twitter_misc":{"Escrito por":"Aretha","Tiempo de lectura":"3 minutos"},"schema":{"@context":"https:\/\/schema.org","@graph":[{"@type":"Article","@id":"https:\/\/espacioaretha.com\/explora\/la-sala-aretha-abre-sus-puertas-en-matcoam\/#article","isPartOf":{"@id":"https:\/\/espacioaretha.com\/explora\/la-sala-aretha-abre-sus-puertas-en-matcoam\/"},"author":{"name":"Aretha","@id":"https:\/\/espacioaretha.com\/explora\/#\/schema\/person\/e8d7a5a3af3095abdb2c9b7af117ff8c"},"headline":"La Sala Aretha abre sus puertas en MATCOAM","datePublished":"2025-03-03T16:50:12+00:00","dateModified":"2025-03-04T08:02:54+00:00","mainEntityOfPage":{"@id":"https:\/\/espacioaretha.com\/explora\/la-sala-aretha-abre-sus-puertas-en-matcoam\/"},"wordCount":382,"publisher":{"@id":"https:\/\/espacioaretha.com\/explora\/#organization"},"image":{"@id":"https:\/\/espacioaretha.com\/explora\/la-sala-aretha-abre-sus-puertas-en-matcoam\/#primaryimage"},"thumbnailUrl":"https:\/\/espacioaretha.com\/explora\/wp-content\/uploads\/2025\/03\/1.jpg","articleSection":["Arquitectura y dise\u00f1o"],"inLanguage":"es"},{"@type":"WebPage","@id":"https:\/\/espacioaretha.com\/explora\/la-sala-aretha-abre-sus-puertas-en-matcoam\/","url":"https:\/\/espacioaretha.com\/explora\/la-sala-aretha-abre-sus-puertas-en-matcoam\/","name":"La Sala Aretha en MATCOAM | Aretha Explora","isPartOf":{"@id":"https:\/\/espacioaretha.com\/explora\/#website"},"primaryImageOfPage":{"@id":"https:\/\/espacioaretha.com\/explora\/la-sala-aretha-abre-sus-puertas-en-matcoam\/#primaryimage"},"image":{"@id":"https:\/\/espacioaretha.com\/explora\/la-sala-aretha-abre-sus-puertas-en-matcoam\/#primaryimage"},"thumbnailUrl":"https:\/\/espacioaretha.com\/explora\/wp-content\/uploads\/2025\/03\/1.jpg","datePublished":"2025-03-03T16:50:12+00:00","dateModified":"2025-03-04T08:02:54+00:00","description":"La Sala Aretha, un espacio para reuniones y encuentro entre profesionales abre sus puertas en MATCOAM (COAM)","breadcrumb":{"@id":"https:\/\/espacioaretha.com\/explora\/la-sala-aretha-abre-sus-puertas-en-matcoam\/#breadcrumb"},"inLanguage":"es","potentialAction":[{"@type":"ReadAction","target":["https:\/\/espacioaretha.com\/explora\/la-sala-aretha-abre-sus-puertas-en-matcoam\/"]}]},{"@type":"ImageObject","inLanguage":"es","@id":"https:\/\/espacioaretha.com\/explora\/la-sala-aretha-abre-sus-puertas-en-matcoam\/#primaryimage","url":"https:\/\/espacioaretha.com\/explora\/wp-content\/uploads\/2025\/03\/1.jpg","contentUrl":"https:\/\/espacioaretha.com\/explora\/wp-content\/uploads\/2025\/03\/1.jpg","width":1920,"height":1080,"caption":"sala aretha en MATCOAM"},{"@type":"BreadcrumbList","@id":"https:\/\/espacioaretha.com\/explora\/la-sala-aretha-abre-sus-puertas-en-matcoam\/#breadcrumb","itemListElement":[{"@type":"ListItem","position":1,"name":"Portada","item":"https:\/\/espacioaretha.com\/explora\/"},{"@type":"ListItem","position":2,"name":"La Sala Aretha abre sus puertas en MATCOAM"}]},{"@type":"WebSite","@id":"https:\/\/espacioaretha.com\/explora\/#website","url":"https:\/\/espacioaretha.com\/explora\/","name":"Aretha Explora","description":"Plataforma de contenidos e inspiraci\u00f3n sobre arquitectura, dise\u00f1o y mucho m\u00e1s","publisher":{"@id":"https:\/\/espacioaretha.com\/explora\/#organization"},"potentialAction":[{"@type":"SearchAction","target":{"@type":"EntryPoint","urlTemplate":"https:\/\/espacioaretha.com\/explora\/?s={search_term_string}"},"query-input":{"@type":"PropertyValueSpecification","valueRequired":true,"valueName":"search_term_string"}}],"inLanguage":"es"},{"@type":"Organization","@id":"https:\/\/espacioaretha.com\/explora\/#organization","name":"Aretha Explora","alternateName":"Aretha","url":"https:\/\/espacioaretha.com\/explora\/","logo":{"@type":"ImageObject","inLanguage":"es","@id":"https:\/\/espacioaretha.com\/explora\/#\/schema\/logo\/image\/","url":"https:\/\/espacioaretha.com\/explora\/wp-content\/uploads\/2022\/05\/Ojo-web.jpg","contentUrl":"https:\/\/espacioaretha.com\/explora\/wp-content\/uploads\/2022\/05\/Ojo-web.jpg","width":1920,"height":1080,"caption":"Aretha Explora"},"image":{"@id":"https:\/\/espacioaretha.com\/explora\/#\/schema\/logo\/image\/"}},{"@type":"Person","@id":"https:\/\/espacioaretha.com\/explora\/#\/schema\/person\/e8d7a5a3af3095abdb2c9b7af117ff8c","name":"Aretha","image":{"@type":"ImageObject","inLanguage":"es","@id":"https:\/\/espacioaretha.com\/explora\/wp-content\/uploads\/2022\/05\/aretha.png","url":"https:\/\/espacioaretha.com\/explora\/wp-content\/uploads\/2022\/05\/aretha.png","contentUrl":"https:\/\/espacioaretha.com\/explora\/wp-content\/uploads\/2022\/05\/aretha.png","caption":"Aretha"},"url":"https:\/\/espacioaretha.com\/explora\/author\/comunicacion-aretha\/"}]}},"_links":{"self":[{"href":"https:\/\/espacioaretha.com\/explora\/wp-json\/wp\/v2\/posts\/4692","targetHints":{"allow":["GET"]}}],"collection":[{"href":"https:\/\/espacioaretha.com\/explora\/wp-json\/wp\/v2\/posts"}],"about":[{"href":"https:\/\/espacioaretha.com\/explora\/wp-json\/wp\/v2\/types\/post"}],"author":[{"embeddable":true,"href":"https:\/\/espacioaretha.com\/explora\/wp-json\/wp\/v2\/users\/25"}],"replies":[{"embeddable":true,"href":"https:\/\/espacioaretha.com\/explora\/wp-json\/wp\/v2\/comments?post=4692"}],"version-history":[{"count":7,"href":"https:\/\/espacioaretha.com\/explora\/wp-json\/wp\/v2\/posts\/4692\/revisions"}],"predecessor-version":[{"id":4706,"href":"https:\/\/espacioaretha.com\/explora\/wp-json\/wp\/v2\/posts\/4692\/revisions\/4706"}],"wp:featuredmedia":[{"embeddable":true,"href":"https:\/\/espacioaretha.com\/explora\/wp-json\/wp\/v2\/media\/4694"}],"wp:attachment":[{"href":"https:\/\/espacioaretha.com\/explora\/wp-json\/wp\/v2\/media?parent=4692"}],"wp:term":[{"taxonomy":"category","embeddable":true,"href":"https:\/\/espacioaretha.com\/explora\/wp-json\/wp\/v2\/categories?post=4692"},{"taxonomy":"post_tag","embeddable":true,"href":"https:\/\/espacioaretha.com\/explora\/wp-json\/wp\/v2\/tags?post=4692"}],"curies":[{"name":"wp","href":"https:\/\/api.w.org\/{rel}","templated":true}]}}