{"id":4829,"date":"2025-06-02T16:59:27","date_gmt":"2025-06-02T14:59:27","guid":{"rendered":"https:\/\/espacioaretha.com\/explora\/?p=4829"},"modified":"2025-06-02T16:59:28","modified_gmt":"2025-06-02T14:59:28","slug":"soluciones-tecnicas-espacios-de-trabajo","status":"publish","type":"post","link":"https:\/\/espacioaretha.com\/explora\/soluciones-tecnicas-espacios-de-trabajo\/","title":{"rendered":"Proyectos innovadores. Soluciones globales. Espacios de trabajo."},"content":{"rendered":"\n<figure class=\"wp-block-embed is-type-video is-provider-youtube wp-block-embed-youtube wp-embed-aspect-4-3 wp-has-aspect-ratio\"><div class=\"wp-block-embed__wrapper\">\n<div class=\"rwd-video\"><iframe loading=\"lazy\" title=\"Espacios de trabajo | Proyectos innovadores | Soluciones globales\" width=\"500\" height=\"375\" src=\"https:\/\/www.youtube.com\/embed\/oSYpXqFQLyo?feature=oembed\" frameborder=\"0\" allow=\"accelerometer; autoplay; clipboard-write; encrypted-media; gyroscope; picture-in-picture; web-share\" referrerpolicy=\"strict-origin-when-cross-origin\" allowfullscreen><\/iframe><\/div>\n<\/div><\/figure>\n\n\n\n<div style=\"height:100px\" aria-hidden=\"true\" class=\"wp-block-spacer\"><\/div>\n\n\n\n<p>Cada proyecto singular exige respuestas \u00fanicas.<br><br>Espacios con identidad, con intenci\u00f3n. Lugares donde cada elemento cuenta.<br><br>En \ud835\udc00\ud835\udc2b\ud835\udc1e\ud835\udc2d\ud835\udc21\ud835\udc1a hemos acompa\u00f1ado a estudios de arquitectura e interiorismo en el desarrollo de <a href=\"https:\/\/espacioaretha.com\/servicio\/equipamiento-integral-de-espacios\/\">proyectos globales de equipamiento<\/a> que necesitan algo m\u00e1s que productos con un dise\u00f1o singular y diferenciador;\u00a0requieren visi\u00f3n, precisi\u00f3n y compromiso.<br><br>En este v\u00eddeo te mostramos 12 proyectos recientes de\u00a0<a href=\"https:\/\/espacioaretha.com\/solucion\/oficinas-espacios-de-trabajo\/\">espacios de trabajo<\/a>\u00a0donde hemos trabajado, mano a mano, con los estudios de arquitectura y de interiorismo para desarrollar e implementar soluciones t\u00e9cnicas completas que integran <a href=\"https:\/\/espacioaretha.com\/productos\/division-de-espacios\/\">mamparas<\/a>, <a href=\"https:\/\/espacioaretha.com\/productos\/iluminacion\/\">iluminaci\u00f3n <\/a>y <a href=\"https:\/\/espacioaretha.com\/productos\/soluciones-acusticas\/\">ac\u00fastica<\/a>. Muchas veces dise\u00f1adas a medida; siempre integradas con el lenguaje arquitect\u00f3nico y la complejidad de las instalaciones; y que tienen como denominador com\u00fan un resultado arm\u00f3nico donde todo ha sido dise\u00f1ado pensando en el\u00a0confort y el bienestar de los usuarios.<br><br>Eso es lo que hacemos:<br><\/p>\n\n\n\n<ul class=\"wp-block-list\">\n<li>Aportamos asesoramiento t\u00e9cnico especializado buscando la soluci\u00f3n a problemas singulares.<\/li>\n\n\n\n<li>Coordinamos procesos complejos con rigurosidad y cercan\u00eda.<\/li>\n\n\n\n<li>Y cuidamos el servicio como parte del dise\u00f1o y de nuestro compromiso a largo plazo.<\/li>\n<\/ul>\n\n\n\n<p><\/p>\n\n\n\n<p><\/p>\n\n\n\n<p><\/p>\n\n\n\n<p><\/p>\n\n\n\n<p><\/p>\n","protected":false},"excerpt":{"rendered":"<p>Cada proyecto exige una respuesta singular. Se crean espacios de trabajo con identidad, integrando soluciones t\u00e9cnicas personalizadas que armonizan dise\u00f1o, funcionalidad y bienestar, mediante asesoramiento experto, coordinaci\u00f3n rigurosa y compromiso continuo.<\/p>\n","protected":false},"author":25,"featured_media":4830,"comment_status":"closed","ping_status":"closed","sticky":false,"template":"","format":"standard","meta":{"footnotes":""},"categories":[26,28],"tags":[42,79,84,44,48],"class_list":["post-4829","post","type-post","status-publish","format-standard","has-post-thumbnail","hentry","category-acustica","category-arquitectura","tag-acustica","tag-bienestar","tag-confort","tag-diseno","tag-interiorismo"],"yoast_head":"<!-- This site is optimized with the Yoast SEO plugin v27.4 - https:\/\/yoast.com\/product\/yoast-seo-wordpress\/ -->\n<title>Soluciones t\u00e9cnicas para espacios de trabajo: dise\u00f1o a medida con confort y precisi\u00f3n<\/title>\n<meta name=\"description\" content=\"Descubre c\u00f3mo integrar mamparas, iluminaci\u00f3n y ac\u00fastica en espacios de trabajo \u00fanicos, con soluciones t\u00e9cnicas personalizadas, asesoramiento experto y enfoque en el bienestar.\" \/>\n<meta name=\"robots\" content=\"index, follow, max-snippet:-1, max-image-preview:large, max-video-preview:-1\" \/>\n<link rel=\"canonical\" href=\"https:\/\/espacioaretha.com\/explora\/soluciones-tecnicas-espacios-de-trabajo\/\" \/>\n<meta property=\"og:locale\" content=\"es_ES\" \/>\n<meta property=\"og:type\" content=\"article\" \/>\n<meta property=\"og:title\" content=\"Dibujando el futuro | Workplace Summit IFMA\" \/>\n<meta property=\"og:description\" content=\"Ponencia de Javier Blanco CEO de Aretha en Workplace Summit IFMA. Sobre la transformaci\u00f3n de los espacios de trabajo.\" \/>\n<meta property=\"og:url\" content=\"https:\/\/espacioaretha.com\/explora\/soluciones-tecnicas-espacios-de-trabajo\/\" \/>\n<meta property=\"og:site_name\" content=\"Aretha Explora\" \/>\n<meta property=\"article:published_time\" content=\"2025-06-02T14:59:27+00:00\" \/>\n<meta property=\"article:modified_time\" content=\"2025-06-02T14:59:28+00:00\" \/>\n<meta property=\"og:image\" content=\"https:\/\/espacioaretha.com\/explora\/wp-content\/uploads\/2024\/01\/Ifma-1.jpg\" \/>\n\t<meta property=\"og:image:width\" content=\"1920\" \/>\n\t<meta property=\"og:image:height\" content=\"1080\" \/>\n\t<meta property=\"og:image:type\" content=\"image\/jpeg\" \/>\n<meta name=\"author\" content=\"Aretha\" \/>\n<meta name=\"twitter:card\" content=\"summary_large_image\" \/>\n<meta name=\"twitter:title\" content=\"Dibujando el futuro | Workplace Summit IFMA\" \/>\n<meta name=\"twitter:description\" content=\"Ponencia de Javier Blanco CEO de Aretha en Workplace Summit IFMA. Sobre la transformaci\u00f3n de los espacios de trabajo.\" \/>\n<meta name=\"twitter:image\" content=\"https:\/\/espacioaretha.com\/explora\/wp-content\/uploads\/2024\/01\/Ifma-1.jpg\" \/>\n<meta name=\"twitter:label1\" content=\"Escrito por\" \/>\n\t<meta name=\"twitter:data1\" content=\"Aretha\" \/>\n\t<meta name=\"twitter:label2\" content=\"Tiempo de lectura\" \/>\n\t<meta name=\"twitter:data2\" content=\"3 minutos\" \/>\n<script type=\"application\/ld+json\" class=\"yoast-schema-graph\">{\"@context\":\"https:\\\/\\\/schema.org\",\"@graph\":[{\"@type\":\"Article\",\"@id\":\"https:\\\/\\\/espacioaretha.com\\\/explora\\\/soluciones-tecnicas-espacios-de-trabajo\\\/#article\",\"isPartOf\":{\"@id\":\"https:\\\/\\\/espacioaretha.com\\\/explora\\\/soluciones-tecnicas-espacios-de-trabajo\\\/\"},\"author\":{\"name\":\"Aretha\",\"@id\":\"https:\\\/\\\/espacioaretha.com\\\/explora\\\/#\\\/schema\\\/person\\\/e8d7a5a3af3095abdb2c9b7af117ff8c\"},\"headline\":\"Proyectos innovadores. Soluciones globales. Espacios de trabajo.\",\"datePublished\":\"2025-06-02T14:59:27+00:00\",\"dateModified\":\"2025-06-02T14:59:28+00:00\",\"mainEntityOfPage\":{\"@id\":\"https:\\\/\\\/espacioaretha.com\\\/explora\\\/soluciones-tecnicas-espacios-de-trabajo\\\/\"},\"wordCount\":198,\"publisher\":{\"@id\":\"https:\\\/\\\/espacioaretha.com\\\/explora\\\/#organization\"},\"image\":{\"@id\":\"https:\\\/\\\/espacioaretha.com\\\/explora\\\/soluciones-tecnicas-espacios-de-trabajo\\\/#primaryimage\"},\"thumbnailUrl\":\"https:\\\/\\\/espacioaretha.com\\\/explora\\\/wp-content\\\/uploads\\\/2025\\\/06\\\/Portada_espacios-integrales-linkedin.png\",\"keywords\":[\"Ac\u00fastica\",\"Bienestar\",\"Confort\",\"Dise\u00f1o\",\"Interiorismo\"],\"articleSection\":[\"Ac\u00fastica\",\"Arquitectura y dise\u00f1o\"],\"inLanguage\":\"es\"},{\"@type\":\"WebPage\",\"@id\":\"https:\\\/\\\/espacioaretha.com\\\/explora\\\/soluciones-tecnicas-espacios-de-trabajo\\\/\",\"url\":\"https:\\\/\\\/espacioaretha.com\\\/explora\\\/soluciones-tecnicas-espacios-de-trabajo\\\/\",\"name\":\"Soluciones t\u00e9cnicas para espacios de trabajo: dise\u00f1o a medida con confort y precisi\u00f3n\",\"isPartOf\":{\"@id\":\"https:\\\/\\\/espacioaretha.com\\\/explora\\\/#website\"},\"primaryImageOfPage\":{\"@id\":\"https:\\\/\\\/espacioaretha.com\\\/explora\\\/soluciones-tecnicas-espacios-de-trabajo\\\/#primaryimage\"},\"image\":{\"@id\":\"https:\\\/\\\/espacioaretha.com\\\/explora\\\/soluciones-tecnicas-espacios-de-trabajo\\\/#primaryimage\"},\"thumbnailUrl\":\"https:\\\/\\\/espacioaretha.com\\\/explora\\\/wp-content\\\/uploads\\\/2025\\\/06\\\/Portada_espacios-integrales-linkedin.png\",\"datePublished\":\"2025-06-02T14:59:27+00:00\",\"dateModified\":\"2025-06-02T14:59:28+00:00\",\"description\":\"Descubre c\u00f3mo integrar mamparas, iluminaci\u00f3n y ac\u00fastica en espacios de trabajo \u00fanicos, con soluciones t\u00e9cnicas personalizadas, asesoramiento experto y enfoque en el bienestar.\",\"breadcrumb\":{\"@id\":\"https:\\\/\\\/espacioaretha.com\\\/explora\\\/soluciones-tecnicas-espacios-de-trabajo\\\/#breadcrumb\"},\"inLanguage\":\"es\",\"potentialAction\":[{\"@type\":\"ReadAction\",\"target\":[\"https:\\\/\\\/espacioaretha.com\\\/explora\\\/soluciones-tecnicas-espacios-de-trabajo\\\/\"]}]},{\"@type\":\"ImageObject\",\"inLanguage\":\"es\",\"@id\":\"https:\\\/\\\/espacioaretha.com\\\/explora\\\/soluciones-tecnicas-espacios-de-trabajo\\\/#primaryimage\",\"url\":\"https:\\\/\\\/espacioaretha.com\\\/explora\\\/wp-content\\\/uploads\\\/2025\\\/06\\\/Portada_espacios-integrales-linkedin.png\",\"contentUrl\":\"https:\\\/\\\/espacioaretha.com\\\/explora\\\/wp-content\\\/uploads\\\/2025\\\/06\\\/Portada_espacios-integrales-linkedin.png\",\"width\":1080,\"height\":1080},{\"@type\":\"BreadcrumbList\",\"@id\":\"https:\\\/\\\/espacioaretha.com\\\/explora\\\/soluciones-tecnicas-espacios-de-trabajo\\\/#breadcrumb\",\"itemListElement\":[{\"@type\":\"ListItem\",\"position\":1,\"name\":\"Portada\",\"item\":\"https:\\\/\\\/espacioaretha.com\\\/explora\\\/\"},{\"@type\":\"ListItem\",\"position\":2,\"name\":\"Proyectos innovadores. Soluciones globales. Espacios de trabajo.\"}]},{\"@type\":\"WebSite\",\"@id\":\"https:\\\/\\\/espacioaretha.com\\\/explora\\\/#website\",\"url\":\"https:\\\/\\\/espacioaretha.com\\\/explora\\\/\",\"name\":\"Aretha Explora\",\"description\":\"Plataforma de contenidos e inspiraci\u00f3n sobre arquitectura, dise\u00f1o y mucho m\u00e1s\",\"publisher\":{\"@id\":\"https:\\\/\\\/espacioaretha.com\\\/explora\\\/#organization\"},\"potentialAction\":[{\"@type\":\"SearchAction\",\"target\":{\"@type\":\"EntryPoint\",\"urlTemplate\":\"https:\\\/\\\/espacioaretha.com\\\/explora\\\/?s={search_term_string}\"},\"query-input\":{\"@type\":\"PropertyValueSpecification\",\"valueRequired\":true,\"valueName\":\"search_term_string\"}}],\"inLanguage\":\"es\"},{\"@type\":\"Organization\",\"@id\":\"https:\\\/\\\/espacioaretha.com\\\/explora\\\/#organization\",\"name\":\"Aretha Explora\",\"alternateName\":\"Aretha\",\"url\":\"https:\\\/\\\/espacioaretha.com\\\/explora\\\/\",\"logo\":{\"@type\":\"ImageObject\",\"inLanguage\":\"es\",\"@id\":\"https:\\\/\\\/espacioaretha.com\\\/explora\\\/#\\\/schema\\\/logo\\\/image\\\/\",\"url\":\"https:\\\/\\\/espacioaretha.com\\\/explora\\\/wp-content\\\/uploads\\\/2022\\\/05\\\/Ojo-web.jpg\",\"contentUrl\":\"https:\\\/\\\/espacioaretha.com\\\/explora\\\/wp-content\\\/uploads\\\/2022\\\/05\\\/Ojo-web.jpg\",\"width\":1920,\"height\":1080,\"caption\":\"Aretha Explora\"},\"image\":{\"@id\":\"https:\\\/\\\/espacioaretha.com\\\/explora\\\/#\\\/schema\\\/logo\\\/image\\\/\"}},{\"@type\":\"Person\",\"@id\":\"https:\\\/\\\/espacioaretha.com\\\/explora\\\/#\\\/schema\\\/person\\\/e8d7a5a3af3095abdb2c9b7af117ff8c\",\"name\":\"Aretha\",\"image\":{\"@type\":\"ImageObject\",\"inLanguage\":\"es\",\"@id\":\"https:\\\/\\\/espacioaretha.com\\\/explora\\\/wp-content\\\/uploads\\\/2022\\\/05\\\/aretha.png\",\"url\":\"https:\\\/\\\/espacioaretha.com\\\/explora\\\/wp-content\\\/uploads\\\/2022\\\/05\\\/aretha.png\",\"contentUrl\":\"https:\\\/\\\/espacioaretha.com\\\/explora\\\/wp-content\\\/uploads\\\/2022\\\/05\\\/aretha.png\",\"caption\":\"Aretha\"},\"url\":\"https:\\\/\\\/espacioaretha.com\\\/explora\\\/author\\\/comunicacion-aretha\\\/\"}]}<\/script>\n<!-- \/ Yoast SEO plugin. -->","yoast_head_json":{"title":"Soluciones t\u00e9cnicas para espacios de trabajo: dise\u00f1o a medida con confort y precisi\u00f3n","description":"Descubre c\u00f3mo integrar mamparas, iluminaci\u00f3n y ac\u00fastica en espacios de trabajo \u00fanicos, con soluciones t\u00e9cnicas personalizadas, asesoramiento experto y enfoque en el bienestar.","robots":{"index":"index","follow":"follow","max-snippet":"max-snippet:-1","max-image-preview":"max-image-preview:large","max-video-preview":"max-video-preview:-1"},"canonical":"https:\/\/espacioaretha.com\/explora\/soluciones-tecnicas-espacios-de-trabajo\/","og_locale":"es_ES","og_type":"article","og_title":"Dibujando el futuro | Workplace Summit IFMA","og_description":"Ponencia de Javier Blanco CEO de Aretha en Workplace Summit IFMA. Sobre la transformaci\u00f3n de los espacios de trabajo.","og_url":"https:\/\/espacioaretha.com\/explora\/soluciones-tecnicas-espacios-de-trabajo\/","og_site_name":"Aretha Explora","article_published_time":"2025-06-02T14:59:27+00:00","article_modified_time":"2025-06-02T14:59:28+00:00","og_image":[{"width":1920,"height":1080,"url":"https:\/\/espacioaretha.com\/explora\/wp-content\/uploads\/2024\/01\/Ifma-1.jpg","type":"image\/jpeg"}],"author":"Aretha","twitter_card":"summary_large_image","twitter_title":"Dibujando el futuro | Workplace Summit IFMA","twitter_description":"Ponencia de Javier Blanco CEO de Aretha en Workplace Summit IFMA. Sobre la transformaci\u00f3n de los espacios de trabajo.","twitter_image":"https:\/\/espacioaretha.com\/explora\/wp-content\/uploads\/2024\/01\/Ifma-1.jpg","twitter_misc":{"Escrito por":"Aretha","Tiempo de lectura":"3 minutos"},"schema":{"@context":"https:\/\/schema.org","@graph":[{"@type":"Article","@id":"https:\/\/espacioaretha.com\/explora\/soluciones-tecnicas-espacios-de-trabajo\/#article","isPartOf":{"@id":"https:\/\/espacioaretha.com\/explora\/soluciones-tecnicas-espacios-de-trabajo\/"},"author":{"name":"Aretha","@id":"https:\/\/espacioaretha.com\/explora\/#\/schema\/person\/e8d7a5a3af3095abdb2c9b7af117ff8c"},"headline":"Proyectos innovadores. Soluciones globales. Espacios de trabajo.","datePublished":"2025-06-02T14:59:27+00:00","dateModified":"2025-06-02T14:59:28+00:00","mainEntityOfPage":{"@id":"https:\/\/espacioaretha.com\/explora\/soluciones-tecnicas-espacios-de-trabajo\/"},"wordCount":198,"publisher":{"@id":"https:\/\/espacioaretha.com\/explora\/#organization"},"image":{"@id":"https:\/\/espacioaretha.com\/explora\/soluciones-tecnicas-espacios-de-trabajo\/#primaryimage"},"thumbnailUrl":"https:\/\/espacioaretha.com\/explora\/wp-content\/uploads\/2025\/06\/Portada_espacios-integrales-linkedin.png","keywords":["Ac\u00fastica","Bienestar","Confort","Dise\u00f1o","Interiorismo"],"articleSection":["Ac\u00fastica","Arquitectura y dise\u00f1o"],"inLanguage":"es"},{"@type":"WebPage","@id":"https:\/\/espacioaretha.com\/explora\/soluciones-tecnicas-espacios-de-trabajo\/","url":"https:\/\/espacioaretha.com\/explora\/soluciones-tecnicas-espacios-de-trabajo\/","name":"Soluciones t\u00e9cnicas para espacios de trabajo: dise\u00f1o a medida con confort y precisi\u00f3n","isPartOf":{"@id":"https:\/\/espacioaretha.com\/explora\/#website"},"primaryImageOfPage":{"@id":"https:\/\/espacioaretha.com\/explora\/soluciones-tecnicas-espacios-de-trabajo\/#primaryimage"},"image":{"@id":"https:\/\/espacioaretha.com\/explora\/soluciones-tecnicas-espacios-de-trabajo\/#primaryimage"},"thumbnailUrl":"https:\/\/espacioaretha.com\/explora\/wp-content\/uploads\/2025\/06\/Portada_espacios-integrales-linkedin.png","datePublished":"2025-06-02T14:59:27+00:00","dateModified":"2025-06-02T14:59:28+00:00","description":"Descubre c\u00f3mo integrar mamparas, iluminaci\u00f3n y ac\u00fastica en espacios de trabajo \u00fanicos, con soluciones t\u00e9cnicas personalizadas, asesoramiento experto y enfoque en el bienestar.","breadcrumb":{"@id":"https:\/\/espacioaretha.com\/explora\/soluciones-tecnicas-espacios-de-trabajo\/#breadcrumb"},"inLanguage":"es","potentialAction":[{"@type":"ReadAction","target":["https:\/\/espacioaretha.com\/explora\/soluciones-tecnicas-espacios-de-trabajo\/"]}]},{"@type":"ImageObject","inLanguage":"es","@id":"https:\/\/espacioaretha.com\/explora\/soluciones-tecnicas-espacios-de-trabajo\/#primaryimage","url":"https:\/\/espacioaretha.com\/explora\/wp-content\/uploads\/2025\/06\/Portada_espacios-integrales-linkedin.png","contentUrl":"https:\/\/espacioaretha.com\/explora\/wp-content\/uploads\/2025\/06\/Portada_espacios-integrales-linkedin.png","width":1080,"height":1080},{"@type":"BreadcrumbList","@id":"https:\/\/espacioaretha.com\/explora\/soluciones-tecnicas-espacios-de-trabajo\/#breadcrumb","itemListElement":[{"@type":"ListItem","position":1,"name":"Portada","item":"https:\/\/espacioaretha.com\/explora\/"},{"@type":"ListItem","position":2,"name":"Proyectos innovadores. Soluciones globales. Espacios de trabajo."}]},{"@type":"WebSite","@id":"https:\/\/espacioaretha.com\/explora\/#website","url":"https:\/\/espacioaretha.com\/explora\/","name":"Aretha Explora","description":"Plataforma de contenidos e inspiraci\u00f3n sobre arquitectura, dise\u00f1o y mucho m\u00e1s","publisher":{"@id":"https:\/\/espacioaretha.com\/explora\/#organization"},"potentialAction":[{"@type":"SearchAction","target":{"@type":"EntryPoint","urlTemplate":"https:\/\/espacioaretha.com\/explora\/?s={search_term_string}"},"query-input":{"@type":"PropertyValueSpecification","valueRequired":true,"valueName":"search_term_string"}}],"inLanguage":"es"},{"@type":"Organization","@id":"https:\/\/espacioaretha.com\/explora\/#organization","name":"Aretha Explora","alternateName":"Aretha","url":"https:\/\/espacioaretha.com\/explora\/","logo":{"@type":"ImageObject","inLanguage":"es","@id":"https:\/\/espacioaretha.com\/explora\/#\/schema\/logo\/image\/","url":"https:\/\/espacioaretha.com\/explora\/wp-content\/uploads\/2022\/05\/Ojo-web.jpg","contentUrl":"https:\/\/espacioaretha.com\/explora\/wp-content\/uploads\/2022\/05\/Ojo-web.jpg","width":1920,"height":1080,"caption":"Aretha Explora"},"image":{"@id":"https:\/\/espacioaretha.com\/explora\/#\/schema\/logo\/image\/"}},{"@type":"Person","@id":"https:\/\/espacioaretha.com\/explora\/#\/schema\/person\/e8d7a5a3af3095abdb2c9b7af117ff8c","name":"Aretha","image":{"@type":"ImageObject","inLanguage":"es","@id":"https:\/\/espacioaretha.com\/explora\/wp-content\/uploads\/2022\/05\/aretha.png","url":"https:\/\/espacioaretha.com\/explora\/wp-content\/uploads\/2022\/05\/aretha.png","contentUrl":"https:\/\/espacioaretha.com\/explora\/wp-content\/uploads\/2022\/05\/aretha.png","caption":"Aretha"},"url":"https:\/\/espacioaretha.com\/explora\/author\/comunicacion-aretha\/"}]}},"_links":{"self":[{"href":"https:\/\/espacioaretha.com\/explora\/wp-json\/wp\/v2\/posts\/4829","targetHints":{"allow":["GET"]}}],"collection":[{"href":"https:\/\/espacioaretha.com\/explora\/wp-json\/wp\/v2\/posts"}],"about":[{"href":"https:\/\/espacioaretha.com\/explora\/wp-json\/wp\/v2\/types\/post"}],"author":[{"embeddable":true,"href":"https:\/\/espacioaretha.com\/explora\/wp-json\/wp\/v2\/users\/25"}],"replies":[{"embeddable":true,"href":"https:\/\/espacioaretha.com\/explora\/wp-json\/wp\/v2\/comments?post=4829"}],"version-history":[{"count":1,"href":"https:\/\/espacioaretha.com\/explora\/wp-json\/wp\/v2\/posts\/4829\/revisions"}],"predecessor-version":[{"id":4831,"href":"https:\/\/espacioaretha.com\/explora\/wp-json\/wp\/v2\/posts\/4829\/revisions\/4831"}],"wp:featuredmedia":[{"embeddable":true,"href":"https:\/\/espacioaretha.com\/explora\/wp-json\/wp\/v2\/media\/4830"}],"wp:attachment":[{"href":"https:\/\/espacioaretha.com\/explora\/wp-json\/wp\/v2\/media?parent=4829"}],"wp:term":[{"taxonomy":"category","embeddable":true,"href":"https:\/\/espacioaretha.com\/explora\/wp-json\/wp\/v2\/categories?post=4829"},{"taxonomy":"post_tag","embeddable":true,"href":"https:\/\/espacioaretha.com\/explora\/wp-json\/wp\/v2\/tags?post=4829"}],"curies":[{"name":"wp","href":"https:\/\/api.w.org\/{rel}","templated":true}]}}