{"id":4845,"date":"2025-06-19T12:59:35","date_gmt":"2025-06-19T10:59:35","guid":{"rendered":"https:\/\/espacioaretha.com\/explora\/?p=4845"},"modified":"2025-06-19T17:05:31","modified_gmt":"2025-06-19T15:05:31","slug":"confort-acustico-arquitectura-coam-espacio-aretha","status":"publish","type":"post","link":"https:\/\/espacioaretha.com\/explora\/confort-acustico-arquitectura-coam-espacio-aretha\/","title":{"rendered":"Masterclass \u00abConfort ac\u00fastico: una visi\u00f3n innovadora\u00bb"},"content":{"rendered":"\n<div style=\"height:13px\" aria-hidden=\"true\" class=\"wp-block-spacer\"><\/div>\n\n\n\n<p class=\"has-text-align-left\"><a href=\"https:\/\/espacioaretha.com\/\">Espacio Aretha<\/a> ha organizado junto al <a href=\"https:\/\/formacion.coam.org\/\">Instituto de Formaci\u00f3n Continua del Colegio Oficial de Arquitectos de Madrid<\/a> (COAM), un inspirador evento celebrado en el interior de la \u201cSala Aretha\u201d con la que cuenta dentro del propio Colegio Oficial de Arquitectos de Madrid. El encuentro ha reunido a expertos en ac\u00fastica y arquitectura para hablar sobre confort ac\u00fastico, neurociencia, neuroarquitectura as\u00ed como normativa aplicable. Con una propuesta que fusiona la ciencia del sonido con el dise\u00f1o, la jornada ofreci\u00f3 una perspectiva \u00fanica sobre c\u00f3mo la ac\u00fastica influye en nuestro entorno y bienestar.<\/p>\n\n\n\n<figure class=\"wp-block-image size-full\"><img loading=\"lazy\" decoding=\"async\" width=\"1265\" height=\"945\" src=\"https:\/\/espacioaretha.com\/explora\/wp-content\/uploads\/2025\/06\/02-COAM-Confortacustico.jpg\" alt=\"\" class=\"wp-image-4847\" srcset=\"https:\/\/espacioaretha.com\/explora\/wp-content\/uploads\/2025\/06\/02-COAM-Confortacustico.jpg 1265w, https:\/\/espacioaretha.com\/explora\/wp-content\/uploads\/2025\/06\/02-COAM-Confortacustico-300x224.jpg 300w, https:\/\/espacioaretha.com\/explora\/wp-content\/uploads\/2025\/06\/02-COAM-Confortacustico-1024x765.jpg 1024w, https:\/\/espacioaretha.com\/explora\/wp-content\/uploads\/2025\/06\/02-COAM-Confortacustico-768x574.jpg 768w\" sizes=\"auto, (max-width: 1265px) 100vw, 1265px\" \/><\/figure>\n\n\n\n<p class=\"has-text-align-left\"><strong>Presentaci\u00f3n y Visi\u00f3n de Aretha<\/strong><\/p>\n\n\n\n<p>La actividad se inici\u00f3 con la intervenci\u00f3n de Fco. Javier Blanco Pascual, Director de <a href=\"https:\/\/espacioaretha.com\/\">Aretha<\/a>, quien destac\u00f3 la importancia de colaborar con especialistas multidisciplinares que, a trav\u00e9s de sus aportaciones, elevan los est\u00e1ndares en la creaci\u00f3n de espacios que combinan funcionalidad, dise\u00f1o y confort real. Su mensaje central gir\u00f3 en torno a la relevancia de aprovechar cada aspecto del sonido y el silencio en la arquitectura contempor\u00e1nea y la importancia de estudiar en origen en cada proyecto c\u00f3mo ser\u00e1 el comportamiento del sonido para adoptar soluciones eficientes integradas con la arquitectura, las instalaciones, el dise\u00f1o global, la imagen de marca y el cumplimiento estricto de normativas relacionadas con la sostenibilidad y la reacci\u00f3n al fuego.<\/p>\n\n\n\n<p><strong>Perspectivas Innovadoras sobre la Ac\u00fastica y el Espacio<\/strong><\/p>\n\n\n\n<figure class=\"wp-block-image size-large\"><img loading=\"lazy\" decoding=\"async\" width=\"1024\" height=\"576\" src=\"https:\/\/espacioaretha.com\/explora\/wp-content\/uploads\/2025\/06\/04-COAM-Confortacustico-1024x576.jpg\" alt=\"\" class=\"wp-image-4849\" srcset=\"https:\/\/espacioaretha.com\/explora\/wp-content\/uploads\/2025\/06\/04-COAM-Confortacustico-1024x576.jpg 1024w, https:\/\/espacioaretha.com\/explora\/wp-content\/uploads\/2025\/06\/04-COAM-Confortacustico-300x169.jpg 300w, https:\/\/espacioaretha.com\/explora\/wp-content\/uploads\/2025\/06\/04-COAM-Confortacustico-768x432.jpg 768w, https:\/\/espacioaretha.com\/explora\/wp-content\/uploads\/2025\/06\/04-COAM-Confortacustico-1536x864.jpg 1536w, https:\/\/espacioaretha.com\/explora\/wp-content\/uploads\/2025\/06\/04-COAM-Confortacustico.jpg 1680w\" sizes=\"auto, (max-width: 1024px) 100vw, 1024px\" \/><\/figure>\n\n\n\n<p>Entre los ponentes, la arquitecta y docente <a href=\"https:\/\/www.linkedin.com\/in\/anamombiedro\/\">Ana Mombiedro<\/a> sorprendi\u00f3 al auditorio al abordar la neuropsicolog\u00eda aplicada a la arquitectura. Como experta en la materia, Mombiedro comparti\u00f3 una serie de experimentos que ilustraron la neurobiolog\u00eda de la audici\u00f3n y la escucha. Hizo especial hincapi\u00e9 en diferenciar ambos conceptos: mientras la audici\u00f3n se basa en la sensaci\u00f3n, la escucha se fundamenta en la percepci\u00f3n. Asimismo, resalt\u00f3 el papel de las arenas ac\u00fasticas y plante\u00f3 el sonido como una manifestaci\u00f3n que expresa el paso del tiempo en el espacio. Su intervenci\u00f3n culmin\u00f3 con una invitaci\u00f3n a valorar el silencio, afirmando:<\/p>\n\n\n\n<blockquote class=\"wp-block-quote is-layout-flow wp-block-quote-is-layout-flow\">\n<blockquote class=\"wp-block-quote is-layout-flow wp-block-quote-is-layout-flow\">\n<p> \u00abAboguemos por un mundo en el que se ponga en valor el silencio, porque el uso consciente del silencio define nuestra arquitectura.\u00bb<\/p>\n<\/blockquote>\n<\/blockquote>\n\n\n\n<p>Por su parte, <a href=\"https:\/\/www.linkedin.com\/in\/lauradeazcarate\/\">Laura de Azc\u00e1rate,<\/a> arquitecta y dise\u00f1adora ac\u00fastica, profundiz\u00f3 en aspectos t\u00e9cnicos fundamentales, analizando el comportamiento de las ondas ac\u00fasticas. Durante su intervenci\u00f3n, abord\u00f3 conceptos como la absorci\u00f3n, la reflexi\u00f3n (especular y difusa), la difracci\u00f3n, interferencias y refracci\u00f3n. Adem\u00e1s, present\u00f3 una clasificaci\u00f3n detallada de materiales en el \u00e1mbito ac\u00fastico, dividi\u00e9ndolos en cuatro grupos esenciales: difusores, absorbentes porosos, resonadores y materiales microperforados.<\/p>\n\n\n\n<figure class=\"wp-block-image size-large\"><img loading=\"lazy\" decoding=\"async\" width=\"1024\" height=\"576\" src=\"https:\/\/espacioaretha.com\/explora\/wp-content\/uploads\/2025\/06\/03-COAM-Confortacustico-1024x576.jpg\" alt=\"\" class=\"wp-image-4848\" srcset=\"https:\/\/espacioaretha.com\/explora\/wp-content\/uploads\/2025\/06\/03-COAM-Confortacustico-1024x576.jpg 1024w, https:\/\/espacioaretha.com\/explora\/wp-content\/uploads\/2025\/06\/03-COAM-Confortacustico-300x169.jpg 300w, https:\/\/espacioaretha.com\/explora\/wp-content\/uploads\/2025\/06\/03-COAM-Confortacustico-768x432.jpg 768w, https:\/\/espacioaretha.com\/explora\/wp-content\/uploads\/2025\/06\/03-COAM-Confortacustico-1536x864.jpg 1536w, https:\/\/espacioaretha.com\/explora\/wp-content\/uploads\/2025\/06\/03-COAM-Confortacustico.jpg 1680w\" sizes=\"auto, (max-width: 1024px) 100vw, 1024px\" \/><\/figure>\n\n\n\n<p><strong>Aspectos Normativos y Funcionales de la Ac\u00fastica<\/strong><\/p>\n\n\n\n<p>Otro de los momentos destacados de la jornada fue la ponencia de<a href=\"https:\/\/www.linkedin.com\/in\/alejandro-jos%C3%A9-sansegundo-sierra-1a26335b\/\"> Alejandro Sansegundo<\/a>, de la empresa Ac\u00fastica Sansegundo, quien explor\u00f3 la normativa vigente en el mundo de la ac\u00fastica. Con un enfoque integral, destac\u00f3 incluso el papel que la ac\u00fastica puede desempe\u00f1ar en el dise\u00f1o de interiores y en la salud de las personas.<\/p>\n\n\n\n<figure class=\"wp-block-image size-full\"><img loading=\"lazy\" decoding=\"async\" width=\"1265\" height=\"945\" src=\"https:\/\/espacioaretha.com\/explora\/wp-content\/uploads\/2025\/06\/08-COAM-Confortacustico.jpg\" alt=\"\" class=\"wp-image-4856\" srcset=\"https:\/\/espacioaretha.com\/explora\/wp-content\/uploads\/2025\/06\/08-COAM-Confortacustico.jpg 1265w, https:\/\/espacioaretha.com\/explora\/wp-content\/uploads\/2025\/06\/08-COAM-Confortacustico-300x224.jpg 300w, https:\/\/espacioaretha.com\/explora\/wp-content\/uploads\/2025\/06\/08-COAM-Confortacustico-1024x765.jpg 1024w, https:\/\/espacioaretha.com\/explora\/wp-content\/uploads\/2025\/06\/08-COAM-Confortacustico-768x574.jpg 768w\" sizes=\"auto, (max-width: 1265px) 100vw, 1265px\" \/><\/figure>\n\n\n\n<p>Para cerrar el ciclo de ponencias, <a href=\"https:\/\/www.linkedin.com\/in\/salva-domingo-bets-1b60697b\/?originalSubdomain=es\">Salvador Domingo<\/a>, ingeniero ac\u00fastico y director t\u00e9cnico de la consultora Blue Noise, ofreci\u00f3 una visi\u00f3n completa sobre el sonido y su funcionamiento desde un punto de vista cient\u00edfico. Su exposici\u00f3n invit\u00f3 a los asistentes a profundizar en la comprensi\u00f3n del sonido como elemento vital en la configuraci\u00f3n de espacios habitables y saludables.<\/p>\n\n\n\n<p><\/p>\n\n\n\n<figure class=\"wp-block-image size-full\"><img loading=\"lazy\" decoding=\"async\" width=\"1680\" height=\"945\" src=\"https:\/\/espacioaretha.com\/explora\/wp-content\/uploads\/2025\/06\/07-COAM-Confortacustico.jpg\" alt=\"\" class=\"wp-image-4852\" srcset=\"https:\/\/espacioaretha.com\/explora\/wp-content\/uploads\/2025\/06\/07-COAM-Confortacustico.jpg 1680w, https:\/\/espacioaretha.com\/explora\/wp-content\/uploads\/2025\/06\/07-COAM-Confortacustico-300x169.jpg 300w, https:\/\/espacioaretha.com\/explora\/wp-content\/uploads\/2025\/06\/07-COAM-Confortacustico-1024x576.jpg 1024w, https:\/\/espacioaretha.com\/explora\/wp-content\/uploads\/2025\/06\/07-COAM-Confortacustico-768x432.jpg 768w, https:\/\/espacioaretha.com\/explora\/wp-content\/uploads\/2025\/06\/07-COAM-Confortacustico-1536x864.jpg 1536w\" sizes=\"auto, (max-width: 1680px) 100vw, 1680px\" \/><\/figure>\n\n\n\n<p><strong>Un Compromiso con la Excelencia en Dise\u00f1o y Confort<\/strong><\/p>\n\n\n\n<p>El evento puso de manifiesto el trabajo interdisciplinario y la integraci\u00f3n de conocimientos que van m\u00e1s all\u00e1 de la mera t\u00e9cnica, resaltando el papel del sonido y el silencio en la calidad de vida que proporcionan los espacios dise\u00f1ados.<\/p>\n\n\n\n<p><a href=\"https:\/\/espacioaretha.com\/productos\/soluciones-acusticas\/\">Espacio Aretha <\/a>reafirma as\u00ed su compromiso con quienes dise\u00f1an espacios, arquitectos, interioristas e ingenier\u00edas, con el objetivo de ayudar a crear espacios amables con las personas e integradores de tecnolog\u00edas, sostenibilidad.<\/p>\n\n\n\n<figure class=\"wp-block-image size-full\"><img loading=\"lazy\" decoding=\"async\" width=\"1265\" height=\"945\" src=\"https:\/\/espacioaretha.com\/explora\/wp-content\/uploads\/2025\/06\/05-COAM-Confortacustico.jpg\" alt=\"\" class=\"wp-image-4850\" srcset=\"https:\/\/espacioaretha.com\/explora\/wp-content\/uploads\/2025\/06\/05-COAM-Confortacustico.jpg 1265w, https:\/\/espacioaretha.com\/explora\/wp-content\/uploads\/2025\/06\/05-COAM-Confortacustico-300x224.jpg 300w, https:\/\/espacioaretha.com\/explora\/wp-content\/uploads\/2025\/06\/05-COAM-Confortacustico-1024x765.jpg 1024w, https:\/\/espacioaretha.com\/explora\/wp-content\/uploads\/2025\/06\/05-COAM-Confortacustico-768x574.jpg 768w\" sizes=\"auto, (max-width: 1265px) 100vw, 1265px\" \/><\/figure>\n\n\n\n<p>Con un enfoque innovador y colaborativo, esta jornada celebrada en el COAM se configura como una cita imprescindible para los profesionales que buscan fusionar creatividad, tecnolog\u00eda y salud en el mundo de la arquitectura.<\/p>\n\n\n\n<p><\/p>\n","protected":false},"excerpt":{"rendered":"<p>Aretha organiz\u00f3 una cita especial en la que se analizaron soluciones innovadoras con variedad de materiales, texturas y formas, transmitiendo la importancia de la ac\u00fastica en la salud y bienestar de las personas, as\u00ed como en la sostenibilidad y el cuidado del medio ambiente.<\/p>\n","protected":false},"author":25,"featured_media":4846,"comment_status":"closed","ping_status":"closed","sticky":false,"template":"","format":"standard","meta":{"footnotes":""},"categories":[56],"tags":[79,44,72,73,69,19],"class_list":["post-4845","post","type-post","status-publish","format-standard","has-post-thumbnail","hentry","category-eventos-y-ferias","tag-bienestar","tag-diseno","tag-espacios","tag-futuro","tag-innovacion","tag-sostenibilidad"],"yoast_head":"<!-- This site is optimized with the Yoast SEO plugin v27.4 - https:\/\/yoast.com\/product\/yoast-seo-wordpress\/ -->\n<title>Confort ac\u00fastico y arquitectura: jornada innovadora en el COAM<\/title>\n<meta name=\"description\" content=\"Expertos analizaron el confort ac\u00fastico, la neuroarquitectura y la normativa en un evento organizado por Espacio Aretha y el COAM en Madrid.\" \/>\n<meta name=\"robots\" content=\"index, follow, max-snippet:-1, max-image-preview:large, max-video-preview:-1\" \/>\n<link rel=\"canonical\" href=\"https:\/\/espacioaretha.com\/explora\/confort-acustico-arquitectura-coam-espacio-aretha\/\" \/>\n<meta property=\"og:locale\" content=\"es_ES\" \/>\n<meta property=\"og:type\" content=\"article\" \/>\n<meta property=\"og:title\" content=\"La Sala Aretha en MATCOAM | Aretha Explora\" \/>\n<meta property=\"og:description\" content=\"La Sala Aretha, un espacio para reuniones y encuentro entre profesionales abre sus puertas en MATCOAM (COAM)\" \/>\n<meta property=\"og:url\" content=\"https:\/\/espacioaretha.com\/explora\/confort-acustico-arquitectura-coam-espacio-aretha\/\" \/>\n<meta property=\"og:site_name\" content=\"Aretha Explora\" \/>\n<meta property=\"article:published_time\" content=\"2025-06-19T10:59:35+00:00\" \/>\n<meta property=\"article:modified_time\" content=\"2025-06-19T15:05:31+00:00\" \/>\n<meta property=\"og:image\" content=\"https:\/\/espacioaretha.com\/explora\/wp-content\/uploads\/2025\/03\/1-1024x576.jpg\" \/>\n\t<meta property=\"og:image:width\" content=\"1024\" \/>\n\t<meta property=\"og:image:height\" content=\"576\" \/>\n\t<meta property=\"og:image:type\" content=\"image\/jpeg\" \/>\n<meta name=\"author\" content=\"Aretha\" \/>\n<meta name=\"twitter:card\" content=\"summary_large_image\" \/>\n<meta name=\"twitter:title\" content=\"La Sala Aretha en MATCOAM | Aretha Explora\" \/>\n<meta name=\"twitter:description\" content=\"La Sala Aretha, un espacio para reuniones y encuentro entre profesionales abre sus puertas en MATCOAM (COAM)\" \/>\n<meta name=\"twitter:image\" content=\"https:\/\/espacioaretha.com\/explora\/wp-content\/uploads\/2025\/03\/1.jpg\" \/>\n<meta name=\"twitter:label1\" content=\"Escrito por\" \/>\n\t<meta name=\"twitter:data1\" content=\"Aretha\" \/>\n\t<meta name=\"twitter:label2\" content=\"Tiempo de lectura\" \/>\n\t<meta name=\"twitter:data2\" content=\"3 minutos\" \/>\n<script type=\"application\/ld+json\" class=\"yoast-schema-graph\">{\"@context\":\"https:\\\/\\\/schema.org\",\"@graph\":[{\"@type\":\"Article\",\"@id\":\"https:\\\/\\\/espacioaretha.com\\\/explora\\\/confort-acustico-arquitectura-coam-espacio-aretha\\\/#article\",\"isPartOf\":{\"@id\":\"https:\\\/\\\/espacioaretha.com\\\/explora\\\/confort-acustico-arquitectura-coam-espacio-aretha\\\/\"},\"author\":{\"name\":\"Aretha\",\"@id\":\"https:\\\/\\\/espacioaretha.com\\\/explora\\\/#\\\/schema\\\/person\\\/e8d7a5a3af3095abdb2c9b7af117ff8c\"},\"headline\":\"Masterclass \u00abConfort ac\u00fastico: una visi\u00f3n innovadora\u00bb\",\"datePublished\":\"2025-06-19T10:59:35+00:00\",\"dateModified\":\"2025-06-19T15:05:31+00:00\",\"mainEntityOfPage\":{\"@id\":\"https:\\\/\\\/espacioaretha.com\\\/explora\\\/confort-acustico-arquitectura-coam-espacio-aretha\\\/\"},\"wordCount\":707,\"publisher\":{\"@id\":\"https:\\\/\\\/espacioaretha.com\\\/explora\\\/#organization\"},\"image\":{\"@id\":\"https:\\\/\\\/espacioaretha.com\\\/explora\\\/confort-acustico-arquitectura-coam-espacio-aretha\\\/#primaryimage\"},\"thumbnailUrl\":\"https:\\\/\\\/espacioaretha.com\\\/explora\\\/wp-content\\\/uploads\\\/2025\\\/06\\\/01-COAM-Confortacustico.jpg\",\"keywords\":[\"Bienestar\",\"Dise\u00f1o\",\"Espacios\",\"Futuro\",\"Innovaci\u00f3n\",\"Sostenibilidad\"],\"articleSection\":[\"Eventos y ferias\"],\"inLanguage\":\"es\"},{\"@type\":\"WebPage\",\"@id\":\"https:\\\/\\\/espacioaretha.com\\\/explora\\\/confort-acustico-arquitectura-coam-espacio-aretha\\\/\",\"url\":\"https:\\\/\\\/espacioaretha.com\\\/explora\\\/confort-acustico-arquitectura-coam-espacio-aretha\\\/\",\"name\":\"Confort ac\u00fastico y arquitectura: jornada innovadora en el COAM\",\"isPartOf\":{\"@id\":\"https:\\\/\\\/espacioaretha.com\\\/explora\\\/#website\"},\"primaryImageOfPage\":{\"@id\":\"https:\\\/\\\/espacioaretha.com\\\/explora\\\/confort-acustico-arquitectura-coam-espacio-aretha\\\/#primaryimage\"},\"image\":{\"@id\":\"https:\\\/\\\/espacioaretha.com\\\/explora\\\/confort-acustico-arquitectura-coam-espacio-aretha\\\/#primaryimage\"},\"thumbnailUrl\":\"https:\\\/\\\/espacioaretha.com\\\/explora\\\/wp-content\\\/uploads\\\/2025\\\/06\\\/01-COAM-Confortacustico.jpg\",\"datePublished\":\"2025-06-19T10:59:35+00:00\",\"dateModified\":\"2025-06-19T15:05:31+00:00\",\"description\":\"Expertos analizaron el confort ac\u00fastico, la neuroarquitectura y la normativa en un evento organizado por Espacio Aretha y el COAM en Madrid.\",\"breadcrumb\":{\"@id\":\"https:\\\/\\\/espacioaretha.com\\\/explora\\\/confort-acustico-arquitectura-coam-espacio-aretha\\\/#breadcrumb\"},\"inLanguage\":\"es\",\"potentialAction\":[{\"@type\":\"ReadAction\",\"target\":[\"https:\\\/\\\/espacioaretha.com\\\/explora\\\/confort-acustico-arquitectura-coam-espacio-aretha\\\/\"]}]},{\"@type\":\"ImageObject\",\"inLanguage\":\"es\",\"@id\":\"https:\\\/\\\/espacioaretha.com\\\/explora\\\/confort-acustico-arquitectura-coam-espacio-aretha\\\/#primaryimage\",\"url\":\"https:\\\/\\\/espacioaretha.com\\\/explora\\\/wp-content\\\/uploads\\\/2025\\\/06\\\/01-COAM-Confortacustico.jpg\",\"contentUrl\":\"https:\\\/\\\/espacioaretha.com\\\/explora\\\/wp-content\\\/uploads\\\/2025\\\/06\\\/01-COAM-Confortacustico.jpg\",\"width\":1265,\"height\":945},{\"@type\":\"BreadcrumbList\",\"@id\":\"https:\\\/\\\/espacioaretha.com\\\/explora\\\/confort-acustico-arquitectura-coam-espacio-aretha\\\/#breadcrumb\",\"itemListElement\":[{\"@type\":\"ListItem\",\"position\":1,\"name\":\"Portada\",\"item\":\"https:\\\/\\\/espacioaretha.com\\\/explora\\\/\"},{\"@type\":\"ListItem\",\"position\":2,\"name\":\"Masterclass \u00abConfort ac\u00fastico: una visi\u00f3n innovadora\u00bb\"}]},{\"@type\":\"WebSite\",\"@id\":\"https:\\\/\\\/espacioaretha.com\\\/explora\\\/#website\",\"url\":\"https:\\\/\\\/espacioaretha.com\\\/explora\\\/\",\"name\":\"Aretha Explora\",\"description\":\"Plataforma de contenidos e inspiraci\u00f3n sobre arquitectura, dise\u00f1o y mucho m\u00e1s\",\"publisher\":{\"@id\":\"https:\\\/\\\/espacioaretha.com\\\/explora\\\/#organization\"},\"potentialAction\":[{\"@type\":\"SearchAction\",\"target\":{\"@type\":\"EntryPoint\",\"urlTemplate\":\"https:\\\/\\\/espacioaretha.com\\\/explora\\\/?s={search_term_string}\"},\"query-input\":{\"@type\":\"PropertyValueSpecification\",\"valueRequired\":true,\"valueName\":\"search_term_string\"}}],\"inLanguage\":\"es\"},{\"@type\":\"Organization\",\"@id\":\"https:\\\/\\\/espacioaretha.com\\\/explora\\\/#organization\",\"name\":\"Aretha Explora\",\"alternateName\":\"Aretha\",\"url\":\"https:\\\/\\\/espacioaretha.com\\\/explora\\\/\",\"logo\":{\"@type\":\"ImageObject\",\"inLanguage\":\"es\",\"@id\":\"https:\\\/\\\/espacioaretha.com\\\/explora\\\/#\\\/schema\\\/logo\\\/image\\\/\",\"url\":\"https:\\\/\\\/espacioaretha.com\\\/explora\\\/wp-content\\\/uploads\\\/2022\\\/05\\\/Ojo-web.jpg\",\"contentUrl\":\"https:\\\/\\\/espacioaretha.com\\\/explora\\\/wp-content\\\/uploads\\\/2022\\\/05\\\/Ojo-web.jpg\",\"width\":1920,\"height\":1080,\"caption\":\"Aretha Explora\"},\"image\":{\"@id\":\"https:\\\/\\\/espacioaretha.com\\\/explora\\\/#\\\/schema\\\/logo\\\/image\\\/\"}},{\"@type\":\"Person\",\"@id\":\"https:\\\/\\\/espacioaretha.com\\\/explora\\\/#\\\/schema\\\/person\\\/e8d7a5a3af3095abdb2c9b7af117ff8c\",\"name\":\"Aretha\",\"image\":{\"@type\":\"ImageObject\",\"inLanguage\":\"es\",\"@id\":\"https:\\\/\\\/espacioaretha.com\\\/explora\\\/wp-content\\\/uploads\\\/2022\\\/05\\\/aretha.png\",\"url\":\"https:\\\/\\\/espacioaretha.com\\\/explora\\\/wp-content\\\/uploads\\\/2022\\\/05\\\/aretha.png\",\"contentUrl\":\"https:\\\/\\\/espacioaretha.com\\\/explora\\\/wp-content\\\/uploads\\\/2022\\\/05\\\/aretha.png\",\"caption\":\"Aretha\"},\"url\":\"https:\\\/\\\/espacioaretha.com\\\/explora\\\/author\\\/comunicacion-aretha\\\/\"}]}<\/script>\n<!-- \/ Yoast SEO plugin. -->","yoast_head_json":{"title":"Confort ac\u00fastico y arquitectura: jornada innovadora en el COAM","description":"Expertos analizaron el confort ac\u00fastico, la neuroarquitectura y la normativa en un evento organizado por Espacio Aretha y el COAM en Madrid.","robots":{"index":"index","follow":"follow","max-snippet":"max-snippet:-1","max-image-preview":"max-image-preview:large","max-video-preview":"max-video-preview:-1"},"canonical":"https:\/\/espacioaretha.com\/explora\/confort-acustico-arquitectura-coam-espacio-aretha\/","og_locale":"es_ES","og_type":"article","og_title":"La Sala Aretha en MATCOAM | Aretha Explora","og_description":"La Sala Aretha, un espacio para reuniones y encuentro entre profesionales abre sus puertas en MATCOAM (COAM)","og_url":"https:\/\/espacioaretha.com\/explora\/confort-acustico-arquitectura-coam-espacio-aretha\/","og_site_name":"Aretha Explora","article_published_time":"2025-06-19T10:59:35+00:00","article_modified_time":"2025-06-19T15:05:31+00:00","og_image":[{"width":1024,"height":576,"url":"https:\/\/espacioaretha.com\/explora\/wp-content\/uploads\/2025\/03\/1-1024x576.jpg","type":"image\/jpeg"}],"author":"Aretha","twitter_card":"summary_large_image","twitter_title":"La Sala Aretha en MATCOAM | Aretha Explora","twitter_description":"La Sala Aretha, un espacio para reuniones y encuentro entre profesionales abre sus puertas en MATCOAM (COAM)","twitter_image":"https:\/\/espacioaretha.com\/explora\/wp-content\/uploads\/2025\/03\/1.jpg","twitter_misc":{"Escrito por":"Aretha","Tiempo de lectura":"3 minutos"},"schema":{"@context":"https:\/\/schema.org","@graph":[{"@type":"Article","@id":"https:\/\/espacioaretha.com\/explora\/confort-acustico-arquitectura-coam-espacio-aretha\/#article","isPartOf":{"@id":"https:\/\/espacioaretha.com\/explora\/confort-acustico-arquitectura-coam-espacio-aretha\/"},"author":{"name":"Aretha","@id":"https:\/\/espacioaretha.com\/explora\/#\/schema\/person\/e8d7a5a3af3095abdb2c9b7af117ff8c"},"headline":"Masterclass \u00abConfort ac\u00fastico: una visi\u00f3n innovadora\u00bb","datePublished":"2025-06-19T10:59:35+00:00","dateModified":"2025-06-19T15:05:31+00:00","mainEntityOfPage":{"@id":"https:\/\/espacioaretha.com\/explora\/confort-acustico-arquitectura-coam-espacio-aretha\/"},"wordCount":707,"publisher":{"@id":"https:\/\/espacioaretha.com\/explora\/#organization"},"image":{"@id":"https:\/\/espacioaretha.com\/explora\/confort-acustico-arquitectura-coam-espacio-aretha\/#primaryimage"},"thumbnailUrl":"https:\/\/espacioaretha.com\/explora\/wp-content\/uploads\/2025\/06\/01-COAM-Confortacustico.jpg","keywords":["Bienestar","Dise\u00f1o","Espacios","Futuro","Innovaci\u00f3n","Sostenibilidad"],"articleSection":["Eventos y ferias"],"inLanguage":"es"},{"@type":"WebPage","@id":"https:\/\/espacioaretha.com\/explora\/confort-acustico-arquitectura-coam-espacio-aretha\/","url":"https:\/\/espacioaretha.com\/explora\/confort-acustico-arquitectura-coam-espacio-aretha\/","name":"Confort ac\u00fastico y arquitectura: jornada innovadora en el COAM","isPartOf":{"@id":"https:\/\/espacioaretha.com\/explora\/#website"},"primaryImageOfPage":{"@id":"https:\/\/espacioaretha.com\/explora\/confort-acustico-arquitectura-coam-espacio-aretha\/#primaryimage"},"image":{"@id":"https:\/\/espacioaretha.com\/explora\/confort-acustico-arquitectura-coam-espacio-aretha\/#primaryimage"},"thumbnailUrl":"https:\/\/espacioaretha.com\/explora\/wp-content\/uploads\/2025\/06\/01-COAM-Confortacustico.jpg","datePublished":"2025-06-19T10:59:35+00:00","dateModified":"2025-06-19T15:05:31+00:00","description":"Expertos analizaron el confort ac\u00fastico, la neuroarquitectura y la normativa en un evento organizado por Espacio Aretha y el COAM en Madrid.","breadcrumb":{"@id":"https:\/\/espacioaretha.com\/explora\/confort-acustico-arquitectura-coam-espacio-aretha\/#breadcrumb"},"inLanguage":"es","potentialAction":[{"@type":"ReadAction","target":["https:\/\/espacioaretha.com\/explora\/confort-acustico-arquitectura-coam-espacio-aretha\/"]}]},{"@type":"ImageObject","inLanguage":"es","@id":"https:\/\/espacioaretha.com\/explora\/confort-acustico-arquitectura-coam-espacio-aretha\/#primaryimage","url":"https:\/\/espacioaretha.com\/explora\/wp-content\/uploads\/2025\/06\/01-COAM-Confortacustico.jpg","contentUrl":"https:\/\/espacioaretha.com\/explora\/wp-content\/uploads\/2025\/06\/01-COAM-Confortacustico.jpg","width":1265,"height":945},{"@type":"BreadcrumbList","@id":"https:\/\/espacioaretha.com\/explora\/confort-acustico-arquitectura-coam-espacio-aretha\/#breadcrumb","itemListElement":[{"@type":"ListItem","position":1,"name":"Portada","item":"https:\/\/espacioaretha.com\/explora\/"},{"@type":"ListItem","position":2,"name":"Masterclass \u00abConfort ac\u00fastico: una visi\u00f3n innovadora\u00bb"}]},{"@type":"WebSite","@id":"https:\/\/espacioaretha.com\/explora\/#website","url":"https:\/\/espacioaretha.com\/explora\/","name":"Aretha Explora","description":"Plataforma de contenidos e inspiraci\u00f3n sobre arquitectura, dise\u00f1o y mucho m\u00e1s","publisher":{"@id":"https:\/\/espacioaretha.com\/explora\/#organization"},"potentialAction":[{"@type":"SearchAction","target":{"@type":"EntryPoint","urlTemplate":"https:\/\/espacioaretha.com\/explora\/?s={search_term_string}"},"query-input":{"@type":"PropertyValueSpecification","valueRequired":true,"valueName":"search_term_string"}}],"inLanguage":"es"},{"@type":"Organization","@id":"https:\/\/espacioaretha.com\/explora\/#organization","name":"Aretha Explora","alternateName":"Aretha","url":"https:\/\/espacioaretha.com\/explora\/","logo":{"@type":"ImageObject","inLanguage":"es","@id":"https:\/\/espacioaretha.com\/explora\/#\/schema\/logo\/image\/","url":"https:\/\/espacioaretha.com\/explora\/wp-content\/uploads\/2022\/05\/Ojo-web.jpg","contentUrl":"https:\/\/espacioaretha.com\/explora\/wp-content\/uploads\/2022\/05\/Ojo-web.jpg","width":1920,"height":1080,"caption":"Aretha Explora"},"image":{"@id":"https:\/\/espacioaretha.com\/explora\/#\/schema\/logo\/image\/"}},{"@type":"Person","@id":"https:\/\/espacioaretha.com\/explora\/#\/schema\/person\/e8d7a5a3af3095abdb2c9b7af117ff8c","name":"Aretha","image":{"@type":"ImageObject","inLanguage":"es","@id":"https:\/\/espacioaretha.com\/explora\/wp-content\/uploads\/2022\/05\/aretha.png","url":"https:\/\/espacioaretha.com\/explora\/wp-content\/uploads\/2022\/05\/aretha.png","contentUrl":"https:\/\/espacioaretha.com\/explora\/wp-content\/uploads\/2022\/05\/aretha.png","caption":"Aretha"},"url":"https:\/\/espacioaretha.com\/explora\/author\/comunicacion-aretha\/"}]}},"_links":{"self":[{"href":"https:\/\/espacioaretha.com\/explora\/wp-json\/wp\/v2\/posts\/4845","targetHints":{"allow":["GET"]}}],"collection":[{"href":"https:\/\/espacioaretha.com\/explora\/wp-json\/wp\/v2\/posts"}],"about":[{"href":"https:\/\/espacioaretha.com\/explora\/wp-json\/wp\/v2\/types\/post"}],"author":[{"embeddable":true,"href":"https:\/\/espacioaretha.com\/explora\/wp-json\/wp\/v2\/users\/25"}],"replies":[{"embeddable":true,"href":"https:\/\/espacioaretha.com\/explora\/wp-json\/wp\/v2\/comments?post=4845"}],"version-history":[{"count":5,"href":"https:\/\/espacioaretha.com\/explora\/wp-json\/wp\/v2\/posts\/4845\/revisions"}],"predecessor-version":[{"id":4860,"href":"https:\/\/espacioaretha.com\/explora\/wp-json\/wp\/v2\/posts\/4845\/revisions\/4860"}],"wp:featuredmedia":[{"embeddable":true,"href":"https:\/\/espacioaretha.com\/explora\/wp-json\/wp\/v2\/media\/4846"}],"wp:attachment":[{"href":"https:\/\/espacioaretha.com\/explora\/wp-json\/wp\/v2\/media?parent=4845"}],"wp:term":[{"taxonomy":"category","embeddable":true,"href":"https:\/\/espacioaretha.com\/explora\/wp-json\/wp\/v2\/categories?post=4845"},{"taxonomy":"post_tag","embeddable":true,"href":"https:\/\/espacioaretha.com\/explora\/wp-json\/wp\/v2\/tags?post=4845"}],"curies":[{"name":"wp","href":"https:\/\/api.w.org\/{rel}","templated":true}]}}