{"id":5080,"date":"2026-04-27T12:12:29","date_gmt":"2026-04-27T10:12:29","guid":{"rendered":"https:\/\/espacioaretha.com\/explora\/?p=5080"},"modified":"2026-04-27T15:41:09","modified_gmt":"2026-04-27T13:41:09","slug":"tendencias-milan-design-week-2026-diseno-contract","status":"publish","type":"post","link":"https:\/\/espacioaretha.com\/explora\/tendencias-milan-design-week-2026-diseno-contract\/","title":{"rendered":"Mil\u00e1n 2026: del objeto al proyecto"},"content":{"rendered":"\n<div style=\"height:13px\" aria-hidden=\"true\" class=\"wp-block-spacer\"><\/div>\n\n\n\n<div class=\"wp-block-group\"><div class=\"wp-block-group__inner-container is-layout-constrained wp-block-group-is-layout-constrained\">\n<h4 class=\"wp-block-heading\">Una lectura Aretha de la Milan Design Week 2026: del Salone Contract Forum impulsado con OMA a la idea de Fuorisalone \u201cBe the Project\u201d, pasando por la escala arquitect\u00f3nica de L35, la cultura material de Kantauri y las colaboraciones de Slalom, que confirman la ac\u00fastica como una nueva dimensi\u00f3n sensorial del proyecto.<\/h4>\n\n\n\n<div style=\"height:54px\" aria-hidden=\"true\" class=\"wp-block-spacer\"><\/div>\n\n\n\n<p class=\"has-text-align-center has-large-font-size\"><strong>Mil\u00e1n nos ha hablado de tendencias de futuro en el dise\u00f1o de espacios<\/strong><\/p>\n\n\n\n<div style=\"height:50px\" aria-hidden=\"true\" class=\"wp-block-spacer\"><\/div>\n\n\n\n<div class=\"wp-block-group\"><div class=\"wp-block-group__inner-container is-layout-constrained wp-block-group-is-layout-constrained\">\n<p>Mil\u00e1n ha vuelto a ejercer como algo m\u00e1s que una capital temporal del dise\u00f1o. Durante una semana, el Salone del Mobile y Fuorisalone han convertido la ciudad en un laboratorio expandido donde arquitectura, industria, tecnolog\u00eda, materia y cultura se han encontrado en m\u00faltiples escalas: del objeto al edificio, del interior dom\u00e9stico al espacio de trabajo, de la artesan\u00eda al dato, del producto a la experiencia.<\/p>\n\n\n\n<p>La primera gran lectura de esta edici\u00f3n es que el dise\u00f1o contempor\u00e1neo ya no puede entenderse como una suma de piezas, sino como una cultura de proyecto. Una forma de pensar, ordenar y transformar la relaci\u00f3n entre las personas, los objetos, los espacios y los sistemas que los hacen posibles.<\/p>\n\n\n\n<p>El propio Salone ha reforzado este a\u00f1o esa dimensi\u00f3n cultural. Su programa p\u00fablico ha reunido arquitectura, dise\u00f1o e industria para interpretar las transformaciones del presente. No se trataba solo de mostrar novedades, sino de ofrecer una infraestructura de pensamiento: conversaciones, foros, masterclasses y encuentros capaces de situar el dise\u00f1o dentro de las grandes tensiones de nuestro tiempo.<\/p>\n\n\n\n<div style=\"height:100px\" aria-hidden=\"true\" class=\"wp-block-spacer\"><\/div>\n\n\n\n<p class=\"has-large-font-size\">1. El \u201ccontract\u201d deja de ser una categor\u00eda comercial para convertirse en ecosistema<\/p>\n\n\n\n<p>Uno de los movimientos m\u00e1s significativos de esta edici\u00f3n ha sido la aparici\u00f3n del Salone Contract Forum, celebrado el 22 de abril en la Drafting Futures Arena y desarrollado en colaboraci\u00f3n con OMA. No es un dato menor. El contract, tradicionalmente entendido como una categor\u00eda vinculada a hoteles, oficinas, espacios corporativos, hospitality o grandes equipamientos, se est\u00e1 redefiniendo como un ecosistema complejo donde convergen arquitectura, interiorismo, industria, suministro, sostenibilidad, datos, log\u00edstica, mantenimiento y experiencia de usuario.<\/p>\n\n\n\n<p>La lectura oficial del Salone es especialmente reveladora: el contract ya no se plantea solo como mercado, sino como un campo de transformaci\u00f3n sist\u00e9mica. En un contexto de presi\u00f3n econ\u00f3mica, exigencias medioambientales crecientes y vulnerabilidades en las cadenas de suministro, la competitividad depender\u00e1 cada vez m\u00e1s de la capacidad de integrar sistemas, conocimientos y competencias.<\/p>\n\n\n\n<p>Para Aretha, esta idea resulta especialmente relevante. Porque confirma algo que venimos defendiendo desde hace tiempo: equipar un espacio no es seleccionar mobiliario. Es interpretar un proyecto, acompa\u00f1ar a quienes lo prescriben, integrar soluciones t\u00e9cnicas, anticipar necesidades, coordinar marcas, materiales, instalaciones y tiempos, y asegurar que el resultado final responda a una visi\u00f3n coherente.<\/p>\n\n\n\n<p class=\"has-text-align-center\"><em>El contract del futuro no ser\u00e1 una colecci\u00f3n de piezas bien elegidas. Ser\u00e1 una infraestructura de decisiones bien integradas. <\/em><\/p>\n<\/div><\/div>\n<\/div><\/div>\n\n\n\n<figure class=\"wp-block-image size-large\"><img loading=\"lazy\" decoding=\"async\" width=\"1024\" height=\"640\" src=\"https:\/\/espacioaretha.com\/explora\/wp-content\/uploads\/2026\/04\/01-Arper-RECONNECTING-with-Wonder-1024x640.jpg\" alt=\"\" class=\"wp-image-5105\" srcset=\"https:\/\/espacioaretha.com\/explora\/wp-content\/uploads\/2026\/04\/01-Arper-RECONNECTING-with-Wonder-1024x640.jpg 1024w, https:\/\/espacioaretha.com\/explora\/wp-content\/uploads\/2026\/04\/01-Arper-RECONNECTING-with-Wonder-300x188.jpg 300w, https:\/\/espacioaretha.com\/explora\/wp-content\/uploads\/2026\/04\/01-Arper-RECONNECTING-with-Wonder-768x480.jpg 768w, https:\/\/espacioaretha.com\/explora\/wp-content\/uploads\/2026\/04\/01-Arper-RECONNECTING-with-Wonder-1536x960.jpg 1536w, https:\/\/espacioaretha.com\/explora\/wp-content\/uploads\/2026\/04\/01-Arper-RECONNECTING-with-Wonder.jpg 1600w\" sizes=\"auto, (max-width: 1024px) 100vw, 1024px\" \/><\/figure>\n\n\n\n<figure class=\"wp-block-image size-large\"><img loading=\"lazy\" decoding=\"async\" width=\"768\" height=\"1024\" src=\"https:\/\/espacioaretha.com\/explora\/wp-content\/uploads\/2026\/04\/WhatsApp-Image-2026-04-23-at-13.17.03-2-768x1024.jpeg\" alt=\"\" class=\"wp-image-5102\" srcset=\"https:\/\/espacioaretha.com\/explora\/wp-content\/uploads\/2026\/04\/WhatsApp-Image-2026-04-23-at-13.17.03-2-768x1024.jpeg 768w, https:\/\/espacioaretha.com\/explora\/wp-content\/uploads\/2026\/04\/WhatsApp-Image-2026-04-23-at-13.17.03-2-225x300.jpeg 225w, https:\/\/espacioaretha.com\/explora\/wp-content\/uploads\/2026\/04\/WhatsApp-Image-2026-04-23-at-13.17.03-2-1152x1536.jpeg 1152w, https:\/\/espacioaretha.com\/explora\/wp-content\/uploads\/2026\/04\/WhatsApp-Image-2026-04-23-at-13.17.03-2.jpeg 1536w\" sizes=\"auto, (max-width: 768px) 100vw, 768px\" \/><\/figure>\n\n\n\n<div class=\"wp-block-group\"><div class=\"wp-block-group__inner-container is-layout-constrained wp-block-group-is-layout-constrained\">\n<p class=\"has-large-font-size\">2. Koolhaas, OMA y la necesidad de pensar el proyecto m\u00e1s all\u00e1 de los l\u00edmites tradicionales<\/p>\n\n\n\n<p>La presencia de Rem Koolhaas y David Gianotten dentro del Salone Contract Forum introduce una cuesti\u00f3n de fondo: la arquitectura y el dise\u00f1o ya no operan dentro de compartimentos estancos. La trayectoria de OMA siempre ha cuestionado esas fronteras entre edificio, ciudad, exposici\u00f3n, investigaci\u00f3n, texto, sistema y objeto. Por eso su participaci\u00f3n resulta especialmente simb\u00f3lica en un momento en el que el sector necesita pensar menos en categor\u00edas y m\u00e1s en relaciones.<\/p>\n\n\n\n<p>El programa del foro pon\u00eda sobre la mesa preguntas muy concretas: por qu\u00e9 el contract se ha convertido en un tema urgente, qu\u00e9 riesgos sist\u00e9micos afectan hoy al sector, c\u00f3mo deben responder las empresas a los cambios econ\u00f3micos y ambientales y qu\u00e9 papel juegan los distintos agentes dentro de una cadena de valor cada vez m\u00e1s interdependiente.<\/p>\n\n\n\n<p>Esta lectura desplaza la conversaci\u00f3n desde la est\u00e9tica hacia la estrategia. El dise\u00f1o ya no puede limitarse a producir espacios atractivos. Debe producir espacios m\u00e1s resilientes, m\u00e1s adaptables, m\u00e1s eficientes y m\u00e1s conscientes. Espacios capaces de responder a nuevas formas de trabajo, a nuevas expectativas de bienestar y a nuevas exigencias de sostenibilidad.<\/p>\n\n\n\n<p>En ese sentido, Mil\u00e1n 2026 no ha celebrado simplemente la novedad. Ha formulado una pregunta m\u00e1s profunda: qu\u00e9 tipo de sistemas necesitamos para habitar mejor un mundo m\u00e1s complejo.<\/p>\n<\/div><\/div>\n\n\n\n<figure class=\"wp-block-image size-large\"><img loading=\"lazy\" decoding=\"async\" width=\"1024\" height=\"768\" src=\"https:\/\/espacioaretha.com\/explora\/wp-content\/uploads\/2026\/04\/02-Unifor-Salone26-1024x768.jpg\" alt=\"\" class=\"wp-image-5084\" srcset=\"https:\/\/espacioaretha.com\/explora\/wp-content\/uploads\/2026\/04\/02-Unifor-Salone26-1024x768.jpg 1024w, https:\/\/espacioaretha.com\/explora\/wp-content\/uploads\/2026\/04\/02-Unifor-Salone26-300x225.jpg 300w, https:\/\/espacioaretha.com\/explora\/wp-content\/uploads\/2026\/04\/02-Unifor-Salone26-768x576.jpg 768w, https:\/\/espacioaretha.com\/explora\/wp-content\/uploads\/2026\/04\/02-Unifor-Salone26-1536x1152.jpg 1536w, https:\/\/espacioaretha.com\/explora\/wp-content\/uploads\/2026\/04\/02-Unifor-Salone26.jpg 1600w\" sizes=\"auto, (max-width: 1024px) 100vw, 1024px\" \/><\/figure>\n\n\n\n<figure class=\"wp-block-image size-large is-resized\"><img loading=\"lazy\" decoding=\"async\" width=\"768\" height=\"1024\" src=\"https:\/\/espacioaretha.com\/explora\/wp-content\/uploads\/2026\/04\/Firefly-1-768x1024.jpg\" alt=\"\" class=\"wp-image-5098\" style=\"width:690px;height:auto\" srcset=\"https:\/\/espacioaretha.com\/explora\/wp-content\/uploads\/2026\/04\/Firefly-1-768x1024.jpg 768w, https:\/\/espacioaretha.com\/explora\/wp-content\/uploads\/2026\/04\/Firefly-1-225x300.jpg 225w, https:\/\/espacioaretha.com\/explora\/wp-content\/uploads\/2026\/04\/Firefly-1-1152x1536.jpg 1152w, https:\/\/espacioaretha.com\/explora\/wp-content\/uploads\/2026\/04\/Firefly-1.jpg 1200w\" sizes=\"auto, (max-width: 768px) 100vw, 768px\" \/><\/figure>\n\n\n\n<figure class=\"wp-block-image size-large\"><img loading=\"lazy\" decoding=\"async\" width=\"765\" height=\"1024\" src=\"https:\/\/espacioaretha.com\/explora\/wp-content\/uploads\/2026\/04\/02-uni-scaled-e1777296279210-765x1024.jpg\" alt=\"\" class=\"wp-image-5083\" srcset=\"https:\/\/espacioaretha.com\/explora\/wp-content\/uploads\/2026\/04\/02-uni-scaled-e1777296279210-765x1024.jpg 765w, https:\/\/espacioaretha.com\/explora\/wp-content\/uploads\/2026\/04\/02-uni-scaled-e1777296279210-224x300.jpg 224w, https:\/\/espacioaretha.com\/explora\/wp-content\/uploads\/2026\/04\/02-uni-scaled-e1777296279210-768x1027.jpg 768w, https:\/\/espacioaretha.com\/explora\/wp-content\/uploads\/2026\/04\/02-uni-scaled-e1777296279210-1148x1536.jpg 1148w, https:\/\/espacioaretha.com\/explora\/wp-content\/uploads\/2026\/04\/02-uni-scaled-e1777296279210.jpg 1276w\" sizes=\"auto, (max-width: 765px) 100vw, 765px\" \/><\/figure>\n\n\n\n<div class=\"wp-block-group\"><div class=\"wp-block-group__inner-container is-layout-constrained wp-block-group-is-layout-constrained\">\n<p class=\"has-large-font-size\">3. L35 y la escala del proyecto contempor\u00e1neo: de la cuchara a la ciudad<\/p>\n\n\n\n<p>Dentro de Fuorisalone, la presencia de L35 Architects en Kantauri aporta otra l\u00ednea de lectura muy interesante para Aretha: la continuidad entre escalas. La conferencia \u201cDal cucchiaio alla citt\u00e0: le scale del progetto contemporaneo\u201d planteaba precisamente c\u00f3mo el dise\u00f1o actual se despliega desde el urbanismo y el masterplanning hasta el interiorismo y el detalle del objeto.<\/p>\n\n\n\n<p>La cuesti\u00f3n no es simplemente cambiar de tama\u00f1o. Es comprender que cada escala transforma a la otra. Un edificio responde a la l\u00f3gica urbana que lo acoge. Un interior gana sentido cuando dialoga con la arquitectura que lo contiene. Un acabado, una pieza o un objeto pueden condensar la identidad de todo un proyecto.<\/p>\n\n\n\n<p>Esta mirada resulta especialmente f\u00e9rtil para quienes trabajamos en espacios de trabajo, contract y hospitality. Porque el valor ya no reside \u00fanicamente en resolver correctamente cada capa, sino en construir continuidad entre todas ellas: ciudad, edificio, interior, mobiliario, luz, ac\u00fastica, materialidad y uso cotidiano.<\/p>\n\n\n\n<p>Aretha se reconoce en esa lectura. Nuestro trabajo aparece precisamente en esa zona intermedia donde el proyecto arquitect\u00f3nico se hace habitable: cuando la idea se traduce en soluciones, cuando la intenci\u00f3n se convierte en atm\u00f3sfera y cuando el detalle deja de ser accesorio para convertirse en experiencia.<\/p>\n<\/div><\/div>\n\n\n\n<figure class=\"wp-block-image size-large is-resized\"><img loading=\"lazy\" decoding=\"async\" width=\"768\" height=\"1024\" src=\"https:\/\/espacioaretha.com\/explora\/wp-content\/uploads\/2026\/04\/WhatsApp-Image-2026-04-23-at-13.17.04-1-768x1024.jpeg\" alt=\"\" class=\"wp-image-5103\" style=\"width:840px;height:auto\" srcset=\"https:\/\/espacioaretha.com\/explora\/wp-content\/uploads\/2026\/04\/WhatsApp-Image-2026-04-23-at-13.17.04-1-768x1024.jpeg 768w, https:\/\/espacioaretha.com\/explora\/wp-content\/uploads\/2026\/04\/WhatsApp-Image-2026-04-23-at-13.17.04-1-225x300.jpeg 225w, https:\/\/espacioaretha.com\/explora\/wp-content\/uploads\/2026\/04\/WhatsApp-Image-2026-04-23-at-13.17.04-1-1152x1536.jpeg 1152w, https:\/\/espacioaretha.com\/explora\/wp-content\/uploads\/2026\/04\/WhatsApp-Image-2026-04-23-at-13.17.04-1.jpeg 1200w\" sizes=\"auto, (max-width: 768px) 100vw, 768px\" \/><\/figure>\n\n\n\n<div class=\"wp-block-group\"><div class=\"wp-block-group__inner-container is-layout-constrained wp-block-group-is-layout-constrained\">\n<p class=\"has-large-font-size\">4. \u201cBe the Project\u201d: dise\u00f1ar como proceso, no como forma cerrada<\/p>\n\n\n\n<p>Fuorisalone ha propuesto este a\u00f1o una formulaci\u00f3n especialmente poderosa: \u201cBe the Project\u201d. El lema entiende el proyecto no como una forma final, sino como un proceso vivo, abierto, responsable y en transformaci\u00f3n. Dise\u00f1ar no ser\u00eda solo producir una soluci\u00f3n, sino participar en un proceso que escucha, aprende, se adapta y se redefine.<\/p>\n\n\n\n<p>La idea resulta muy contempor\u00e1nea porque incorpora la incertidumbre como parte del dise\u00f1o. Hoy proyectar significa convivir con nuevas inteligencias, nuevas tecnolog\u00edas, nuevos materiales, nuevas formas de habitar y nuevas exigencias sociales. El proyecto ya no puede ser una respuesta cerrada. Debe ser una estructura capaz de evolucionar.<\/p>\n\n\n\n<p>Desde Aretha, esta lectura conecta directamente con nuestra manera de entender el acompa\u00f1amiento a arquitectos e interioristas. Un proyecto no nace cerrado. Se construye a trav\u00e9s del di\u00e1logo entre visi\u00f3n, cliente, fabricantes, materiales, l\u00edmites t\u00e9cnicos, presupuesto, plazos y sensibilidad espacial. Dise\u00f1ar es decidir, pero tambi\u00e9n escuchar. Es prever, pero tambi\u00e9n ajustar. Es imaginar, pero tambi\u00e9n cuidar.<\/p>\n<\/div><\/div>\n\n\n\n<figure class=\"wp-block-image size-full\"><img loading=\"lazy\" decoding=\"async\" width=\"1200\" height=\"1600\" src=\"https:\/\/espacioaretha.com\/explora\/wp-content\/uploads\/2026\/04\/WhatsApp-Image-2026-04-23-at-13.17.00-1.jpeg\" alt=\"\" class=\"wp-image-5101\" srcset=\"https:\/\/espacioaretha.com\/explora\/wp-content\/uploads\/2026\/04\/WhatsApp-Image-2026-04-23-at-13.17.00-1.jpeg 1200w, https:\/\/espacioaretha.com\/explora\/wp-content\/uploads\/2026\/04\/WhatsApp-Image-2026-04-23-at-13.17.00-1-225x300.jpeg 225w, https:\/\/espacioaretha.com\/explora\/wp-content\/uploads\/2026\/04\/WhatsApp-Image-2026-04-23-at-13.17.00-1-768x1024.jpeg 768w, https:\/\/espacioaretha.com\/explora\/wp-content\/uploads\/2026\/04\/WhatsApp-Image-2026-04-23-at-13.17.00-1-1152x1536.jpeg 1152w\" sizes=\"auto, (max-width: 1200px) 100vw, 1200px\" \/><\/figure>\n\n\n\n<figure class=\"wp-block-image size-full\"><img loading=\"lazy\" decoding=\"async\" width=\"1200\" height=\"1600\" src=\"https:\/\/espacioaretha.com\/explora\/wp-content\/uploads\/2026\/04\/WhatsApp-Image-2026-04-23-at-13.17.04.jpeg\" alt=\"\" class=\"wp-image-5099\" srcset=\"https:\/\/espacioaretha.com\/explora\/wp-content\/uploads\/2026\/04\/WhatsApp-Image-2026-04-23-at-13.17.04.jpeg 1200w, https:\/\/espacioaretha.com\/explora\/wp-content\/uploads\/2026\/04\/WhatsApp-Image-2026-04-23-at-13.17.04-225x300.jpeg 225w, https:\/\/espacioaretha.com\/explora\/wp-content\/uploads\/2026\/04\/WhatsApp-Image-2026-04-23-at-13.17.04-768x1024.jpeg 768w, https:\/\/espacioaretha.com\/explora\/wp-content\/uploads\/2026\/04\/WhatsApp-Image-2026-04-23-at-13.17.04-1152x1536.jpeg 1152w\" sizes=\"auto, (max-width: 1200px) 100vw, 1200px\" \/><\/figure>\n\n\n\n<div class=\"wp-block-group\"><div class=\"wp-block-group__inner-container is-layout-constrained wp-block-group-is-layout-constrained\">\n<p class=\"has-large-font-size\">5. Kantauri: cultura material, territorio e inteligencia colectiva<\/p>\n\n\n\n<p>Kantauri, presentada en la sede del Ordine degli Architetti di Milano dentro de Brera Design District, ha sido una de las propuestas m\u00e1s interesantes para leer el futuro del dise\u00f1o europeo. El proyecto reun\u00eda a Basque Living by Habic, Sellex, Muka Design Lab, Basque BioDesign Center, L35 Architects, Mugak y otras plataformas vinculadas a la arquitectura, el dise\u00f1o y la experimentaci\u00f3n material.<\/p>\n\n\n\n<p>La descripci\u00f3n oficial hablaba de una cultura viva del hacer, donde industria, arquitectura y experimentaci\u00f3n material evolucionan juntas. Los objetos no aparec\u00edan como resultados aislados, sino junto a los procesos y materiales que los hacen posibles: fabricaci\u00f3n avanzada, biomateriales emergentes, recursos circulares y conocimiento colectivo.<\/p>\n\n\n\n<p>Esta es una de las claves m\u00e1s importantes del momento: la cultura material ya no se entiende como nostalgia artesanal, sino como inteligencia territorial. Industria, oficio, biotecnolog\u00eda, dise\u00f1o, arquitectura y sostenibilidad empiezan a formar parte de una misma cadena de valor.<\/p>\n\n\n\n<p>Para Aretha, esta lectura es esencial. Porque el dise\u00f1o con sentido no surge de una elecci\u00f3n aislada de cat\u00e1logo. Surge de comprender el origen de los materiales, la l\u00f3gica de fabricaci\u00f3n, la capacidad t\u00e9cnica de cada firma, la intenci\u00f3n del proyecto y la experiencia que se quiere construir.<\/p>\n<\/div><\/div>\n\n\n\n<figure class=\"wp-block-image size-large is-resized\"><img loading=\"lazy\" decoding=\"async\" width=\"768\" height=\"1024\" src=\"https:\/\/espacioaretha.com\/explora\/wp-content\/uploads\/2026\/04\/05_Tecno-768x1024.jpg\" alt=\"\" class=\"wp-image-5087\" style=\"aspect-ratio:0.7500036258683955;width:840px;height:auto\" srcset=\"https:\/\/espacioaretha.com\/explora\/wp-content\/uploads\/2026\/04\/05_Tecno-768x1024.jpg 768w, https:\/\/espacioaretha.com\/explora\/wp-content\/uploads\/2026\/04\/05_Tecno-225x300.jpg 225w, https:\/\/espacioaretha.com\/explora\/wp-content\/uploads\/2026\/04\/05_Tecno.jpg 960w\" sizes=\"auto, (max-width: 768px) 100vw, 768px\" \/><\/figure>\n\n\n\n<figure class=\"wp-block-image size-large\"><img loading=\"lazy\" decoding=\"async\" width=\"1024\" height=\"682\" src=\"https:\/\/espacioaretha.com\/explora\/wp-content\/uploads\/2026\/04\/TECNO-MDW_SITO-ZOOM_06-1024x682.jpg\" alt=\"\" class=\"wp-image-5091\" srcset=\"https:\/\/espacioaretha.com\/explora\/wp-content\/uploads\/2026\/04\/TECNO-MDW_SITO-ZOOM_06-1024x682.jpg 1024w, https:\/\/espacioaretha.com\/explora\/wp-content\/uploads\/2026\/04\/TECNO-MDW_SITO-ZOOM_06-300x200.jpg 300w, https:\/\/espacioaretha.com\/explora\/wp-content\/uploads\/2026\/04\/TECNO-MDW_SITO-ZOOM_06-768x512.jpg 768w, https:\/\/espacioaretha.com\/explora\/wp-content\/uploads\/2026\/04\/TECNO-MDW_SITO-ZOOM_06.jpg 1331w\" sizes=\"auto, (max-width: 1024px) 100vw, 1024px\" \/><\/figure>\n\n\n\n<div class=\"wp-block-group\"><div class=\"wp-block-group__inner-container is-layout-constrained wp-block-group-is-layout-constrained\">\n<p class=\"has-large-font-size\">6. El workplace se vuelve m\u00e1s flexible, sensorial y humano<\/p>\n\n\n\n<p>Otra gran se\u00f1al de la semana aparece en el \u00e1mbito del workplace. La oficina ha dejado definitivamente de ser un dispositivo r\u00edgido de ocupaci\u00f3n para convertirse en un paisaje de situaciones: concentraci\u00f3n, colaboraci\u00f3n, privacidad, encuentro informal, aprendizaje, pausa, representaci\u00f3n y pertenencia.<\/p>\n\n\n\n<p>El espacio de trabajo necesita hoy incorporar capas que hace a\u00f1os parec\u00edan secundarias: color, textura, luz, ac\u00fastica, ergonom\u00eda, flexibilidad, identidad y bienestar. No se trata de abandonar la eficiencia, sino de ampliarla. Un espacio eficiente no es solo aquel que ordena puestos de trabajo; es aquel que permite trabajar mejor, conversar mejor, concentrarse mejor y sentirse mejor.<\/p>\n\n\n\n<p>Esta transformaci\u00f3n es coherente con lo que Aretha ha compartido durante estos d\u00edas: el color como uno de los primeros mensajes que el cerebro recibe de un espacio; las texturas como materia visual, t\u00e1ctil, ac\u00fastica y emocional; los espacios contract que buscan volver a emocionar; y la importancia de proyectar entornos que no solo funcionen correctamente, sino que se sientan mejor.<\/p>\n<\/div><\/div>\n\n\n\n<figure class=\"wp-block-image size-large is-resized\"><img loading=\"lazy\" decoding=\"async\" width=\"731\" height=\"1024\" src=\"https:\/\/espacioaretha.com\/explora\/wp-content\/uploads\/2026\/04\/06-Slalom-Acoustics-Soft-Cubism-by-Teklan_ph-Maria-Teresa-Furnari_02-731x1024.jpg\" alt=\"\" class=\"wp-image-5089\" style=\"width:840px;height:auto\" srcset=\"https:\/\/espacioaretha.com\/explora\/wp-content\/uploads\/2026\/04\/06-Slalom-Acoustics-Soft-Cubism-by-Teklan_ph-Maria-Teresa-Furnari_02-731x1024.jpg 731w, https:\/\/espacioaretha.com\/explora\/wp-content\/uploads\/2026\/04\/06-Slalom-Acoustics-Soft-Cubism-by-Teklan_ph-Maria-Teresa-Furnari_02-214x300.jpg 214w, https:\/\/espacioaretha.com\/explora\/wp-content\/uploads\/2026\/04\/06-Slalom-Acoustics-Soft-Cubism-by-Teklan_ph-Maria-Teresa-Furnari_02-768x1075.jpg 768w, https:\/\/espacioaretha.com\/explora\/wp-content\/uploads\/2026\/04\/06-Slalom-Acoustics-Soft-Cubism-by-Teklan_ph-Maria-Teresa-Furnari_02-1097x1536.jpg 1097w, https:\/\/espacioaretha.com\/explora\/wp-content\/uploads\/2026\/04\/06-Slalom-Acoustics-Soft-Cubism-by-Teklan_ph-Maria-Teresa-Furnari_02-scaled.jpg 1829w\" sizes=\"auto, (max-width: 731px) 100vw, 731px\" \/><\/figure>\n\n\n\n<figure class=\"wp-block-image size-large is-resized\"><img loading=\"lazy\" decoding=\"async\" width=\"731\" height=\"1024\" src=\"https:\/\/espacioaretha.com\/explora\/wp-content\/uploads\/2026\/04\/06-Slalom-Acoustics-Soft-Cubism-by-Teklan_ph-Maria-Teresa-Furnari_01-731x1024.jpg\" alt=\"\" class=\"wp-image-5088\" style=\"width:840px;height:auto\" srcset=\"https:\/\/espacioaretha.com\/explora\/wp-content\/uploads\/2026\/04\/06-Slalom-Acoustics-Soft-Cubism-by-Teklan_ph-Maria-Teresa-Furnari_01-731x1024.jpg 731w, https:\/\/espacioaretha.com\/explora\/wp-content\/uploads\/2026\/04\/06-Slalom-Acoustics-Soft-Cubism-by-Teklan_ph-Maria-Teresa-Furnari_01-214x300.jpg 214w, https:\/\/espacioaretha.com\/explora\/wp-content\/uploads\/2026\/04\/06-Slalom-Acoustics-Soft-Cubism-by-Teklan_ph-Maria-Teresa-Furnari_01-768x1075.jpg 768w, https:\/\/espacioaretha.com\/explora\/wp-content\/uploads\/2026\/04\/06-Slalom-Acoustics-Soft-Cubism-by-Teklan_ph-Maria-Teresa-Furnari_01-1097x1536.jpg 1097w, https:\/\/espacioaretha.com\/explora\/wp-content\/uploads\/2026\/04\/06-Slalom-Acoustics-Soft-Cubism-by-Teklan_ph-Maria-Teresa-Furnari_01-scaled.jpg 1829w\" sizes=\"auto, (max-width: 731px) 100vw, 731px\" \/><\/figure>\n\n\n\n<div class=\"wp-block-group\"><div class=\"wp-block-group__inner-container is-layout-constrained wp-block-group-is-layout-constrained\">\n<p class=\"has-large-font-size\">7. Slalom: cuando la ac\u00fastica deja de ser correcci\u00f3n t\u00e9cnica y se convierte en lenguaje<\/p>\n\n\n\n<p>En esta lectura de Mil\u00e1n 2026, Slalom merece una menci\u00f3n espec\u00edfica. Sus activaciones durante la Milan Design Week muestran con claridad una de las grandes transformaciones del dise\u00f1o contempor\u00e1neo: la ac\u00fastica ha dejado de ser una capa correctiva e invisible para convertirse en un lenguaje arquitect\u00f3nico, material y sensorial.<\/p>\n\n\n\n<p>En el Salone del Mobile, la instalaci\u00f3n \u201cSoft Cubism\u201d, dise\u00f1ada por Teklan, propon\u00eda precisamente una conversaci\u00f3n entre color, materiales, formas y ac\u00fastica. La idea no era presentar paneles como productos aislados, sino trabajar los materiales ac\u00fasticos como parte de un lenguaje espacial: superficies capaces de generar ritmo, profundidad, percepci\u00f3n y atm\u00f3sfera.<\/p>\n\n\n\n<p>En Alcova, Slalom x V.A.I. present\u00f3 \u201cFelt Frequencies\u201d, con dise\u00f1o de Studiolatte: una experiencia en la que el dise\u00f1o ac\u00fastico daba forma a un ambiente sonoro confortable y amplificaba la presencia de sintetizadores anal\u00f3gicos italianos de los a\u00f1os setenta y ochenta. Aqu\u00ed la ac\u00fastica no aparec\u00eda como silencio abstracto, sino como una forma de esculpir la escucha, la memoria sonora y la experiencia audiovisual.<\/p>\n\n\n\n<p>En Casa Slalom Acoustic, Elledecor.it activ\u00f3 \u201cThe Society of Objects\u201d, con Davide Fabio Colaci Studio, un proyecto que entend\u00eda el objeto contempor\u00e1neo como sistema de relaciones \u00e9ticas, ecol\u00f3gicas y afectivas. De nuevo, el espacio no se limitaba a mostrar dise\u00f1o: se convert\u00eda en un paisaje para habitar, escuchar y narrar.<\/p>\n\n\n\n<p>Y en el entorno de Palazzo Bovara, la referencia a \u201cSensory Landscape\u201d de Elle Decor Italia con Piero Lissoni refuerza otra idea clave: el bienestar ya no se formula desde una \u00fanica variable. Se construye como paisaje multisensorial, donde la materia, la luz, el sonido, el clima, el recorrido y la percepci\u00f3n trabajan juntos.<\/p>\n\n\n\n<p>Para Aretha, Slalom representa muy bien esta evoluci\u00f3n. La ac\u00fastica ya no pertenece \u00fanicamente al territorio de la medici\u00f3n. Pertenece tambi\u00e9n al de la experiencia. No es solo rendimiento; es atm\u00f3sfera. No es solo absorci\u00f3n; es arquitectura sensible. No es solo confort t\u00e9cnico; es bienestar construido.<\/p>\n<\/div><\/div>\n\n\n\n<figure class=\"wp-block-image size-large\"><img loading=\"lazy\" decoding=\"async\" width=\"1024\" height=\"724\" src=\"https:\/\/espacioaretha.com\/explora\/wp-content\/uploads\/2026\/04\/07-Artifort-Salone-4-1024x724.jpg\" alt=\"\" class=\"wp-image-5090\" srcset=\"https:\/\/espacioaretha.com\/explora\/wp-content\/uploads\/2026\/04\/07-Artifort-Salone-4-1024x724.jpg 1024w, https:\/\/espacioaretha.com\/explora\/wp-content\/uploads\/2026\/04\/07-Artifort-Salone-4-300x212.jpg 300w, https:\/\/espacioaretha.com\/explora\/wp-content\/uploads\/2026\/04\/07-Artifort-Salone-4-768x543.jpg 768w, https:\/\/espacioaretha.com\/explora\/wp-content\/uploads\/2026\/04\/07-Artifort-Salone-4-1536x1086.jpg 1536w, https:\/\/espacioaretha.com\/explora\/wp-content\/uploads\/2026\/04\/07-Artifort-Salone-4.jpg 1754w\" sizes=\"auto, (max-width: 1024px) 100vw, 1024px\" \/><\/figure>\n\n\n\n<div class=\"wp-block-group\"><div class=\"wp-block-group__inner-container is-layout-constrained wp-block-group-is-layout-constrained\">\n<p class=\"has-large-font-size\">8. De la novedad a la conciencia: la gran conclusi\u00f3n de Mil\u00e1n 2026<\/p>\n\n\n\n<p>Si hubiera que condensar esta semana en una idea, ser\u00eda esta: <strong>el dise\u00f1o est\u00e1 dejando de celebrar \u00fanicamente la novedad para preguntarse por el sentido.<\/strong><\/p>\n\n\n\n<p>Sentido de los materiales. Sentido de los procesos. Sentido de la tecnolog\u00eda. Sentido de la sostenibilidad. Sentido de los espacios que habitamos. Sentido de la relaci\u00f3n entre industria, arquitectura y bienestar.<\/p>\n\n\n\n<p>El Salone ha puesto el foco en la transformaci\u00f3n del contract, en el valor estrat\u00e9gico de los sistemas y en la necesidad de interpretar los cambios del presente. Fuorisalone ha insistido en el dise\u00f1o como proceso vivo, responsable e imperfecto. Kantauri ha recordado el valor del territorio, los oficios y la cultura material. L35 ha vuelto a subrayar la continuidad entre escalas. Y Slalom ha mostrado que incluso aquello que durante a\u00f1os se consider\u00f3 invisible \u2014el sonido, la reverberaci\u00f3n, la escucha\u2014 puede convertirse en una dimensi\u00f3n central del proyecto.<\/p>\n\n\n\n<figure class=\"wp-block-image size-large\"><img loading=\"lazy\" decoding=\"async\" width=\"768\" height=\"1024\" src=\"https:\/\/espacioaretha.com\/explora\/wp-content\/uploads\/2026\/04\/WhatsApp-Image-2026-04-23-at-13.22.12-768x1024.jpeg\" alt=\"\" class=\"wp-image-5100\" srcset=\"https:\/\/espacioaretha.com\/explora\/wp-content\/uploads\/2026\/04\/WhatsApp-Image-2026-04-23-at-13.22.12-768x1024.jpeg 768w, https:\/\/espacioaretha.com\/explora\/wp-content\/uploads\/2026\/04\/WhatsApp-Image-2026-04-23-at-13.22.12-225x300.jpeg 225w, https:\/\/espacioaretha.com\/explora\/wp-content\/uploads\/2026\/04\/WhatsApp-Image-2026-04-23-at-13.22.12-1152x1536.jpeg 1152w, https:\/\/espacioaretha.com\/explora\/wp-content\/uploads\/2026\/04\/WhatsApp-Image-2026-04-23-at-13.22.12.jpeg 1200w\" sizes=\"auto, (max-width: 768px) 100vw, 768px\" \/><\/figure>\n\n\n\n<p>Para Aretha, esta lectura no es ajena. Es exactamente el lugar desde el que queremos seguir trabajando: acompa\u00f1ando a arquitectos, interioristas y profesionales del proyecto en la creaci\u00f3n de espacios donde dise\u00f1o, t\u00e9cnica y bienestar formen parte de una misma conversaci\u00f3n.<\/p>\n\n\n\n<p>Porque el futuro del dise\u00f1o no estar\u00e1 solo en los objetos que elegimos. Estar\u00e1 en la inteligencia con la que los conectamos. En la sensibilidad con la que los integramos. Y en la capacidad de construir espacios que no solo respondan a una funci\u00f3n, sino que eleven la experiencia de quienes los habitan.<\/p>\n<\/div><\/div>\n\n\n\n<div class=\"wp-block-group\"><div class=\"wp-block-group__inner-container is-layout-constrained wp-block-group-is-layout-constrained\">\n<p><em>En Aretha acompa\u00f1amos a arquitectos, interioristas y profesionales del proyecto en la integraci\u00f3n de mobiliario, iluminaci\u00f3n, ac\u00fastica y soluciones t\u00e9cnicas para crear espacios de trabajo, contract y hospitality m\u00e1s humanos, eficientes y memorables.<\/em><\/p>\n<\/div><\/div>\n\n\n\n<p class=\"has-small-font-size\">\u2192 Leer tambi\u00e9n en Aretha Explora: <a href=\"https:\/\/espacioaretha.com\/explora\/video-series\/texturas-sostenibles\/\"><\/a><a href=\"https:\/\/espacioaretha.com\/explora\/color-texturas-arquitectura-bienestar\/\">Color y texturas en arquitectura: c\u00f3mo dise\u00f1ar espacios que mejoran el bienestar (10 principios)<\/a><\/p>\n\n\n\n<p class=\"has-small-font-size\">\u2192Leer  tambi\u00e9n en Aretha Explora: <a href=\"https:\/\/espacioaretha.com\/explora\/evento\/presentacion-del-libro-confort-y-bienestar\/\"><\/a><a href=\"https:\/\/espacioaretha.com\/explora\/confort-visual-oficinas-luz-arquitectura\/\">Confort visual en oficinas: c\u00f3mo la luz define la salud, el rendimiento y la arquitectura del espacio<\/a><\/p>\n\n\n\n<p><\/p>\n","protected":false},"excerpt":{"rendered":"<p>Lo que el Salone del Mobile y Fuorisalone nos dicen sobre el futuro del dise\u00f1o, el contract y los espacios que habitamos.<\/p>\n","protected":false},"author":25,"featured_media":5092,"comment_status":"closed","ping_status":"closed","sticky":false,"template":"","format":"standard","meta":{"footnotes":""},"categories":[28,56],"tags":[44,201,203,200,202],"class_list":["post-5080","post","type-post","status-publish","format-standard","has-post-thumbnail","hentry","category-arquitectura","category-eventos-y-ferias","tag-diseno","tag-ferias","tag-milan","tag-salone","tag-salone-mobile"],"yoast_head":"<!-- This site is optimized with the Yoast SEO plugin v27.4 - https:\/\/yoast.com\/product\/yoast-seo-wordpress\/ -->\n<title>Mil\u00e1n 2026: del objeto al proyecto Tendencias de la Milan Design Week 2026: dise\u00f1o, contract y el futuro de los espacios<\/title>\n<meta name=\"description\" content=\"Descubre las tendencias de la Milan Design Week 2026: dise\u00f1o, contract, workplace, cultura material y espacios sensoriales que marcan el futuro.\" \/>\n<meta name=\"robots\" content=\"index, follow, max-snippet:-1, max-image-preview:large, max-video-preview:-1\" \/>\n<link rel=\"canonical\" href=\"https:\/\/espacioaretha.com\/explora\/tendencias-milan-design-week-2026-diseno-contract\/\" \/>\n<meta property=\"og:locale\" content=\"es_ES\" \/>\n<meta property=\"og:type\" content=\"article\" \/>\n<meta property=\"og:title\" content=\"La Sala Aretha en MATCOAM | Aretha Explora\" \/>\n<meta property=\"og:description\" content=\"La Sala Aretha, un espacio para reuniones y encuentro entre profesionales abre sus puertas en MATCOAM (COAM)\" \/>\n<meta property=\"og:url\" content=\"https:\/\/espacioaretha.com\/explora\/tendencias-milan-design-week-2026-diseno-contract\/\" \/>\n<meta property=\"og:site_name\" content=\"Aretha Explora\" \/>\n<meta property=\"article:published_time\" content=\"2026-04-27T10:12:29+00:00\" \/>\n<meta property=\"article:modified_time\" content=\"2026-04-27T13:41:09+00:00\" \/>\n<meta property=\"og:image\" content=\"https:\/\/espacioaretha.com\/explora\/wp-content\/uploads\/2025\/03\/1-1024x576.jpg\" \/>\n\t<meta property=\"og:image:width\" content=\"1024\" \/>\n\t<meta property=\"og:image:height\" content=\"576\" \/>\n\t<meta property=\"og:image:type\" content=\"image\/jpeg\" \/>\n<meta name=\"author\" content=\"Aretha\" \/>\n<meta name=\"twitter:card\" content=\"summary_large_image\" \/>\n<meta name=\"twitter:title\" content=\"La Sala Aretha en MATCOAM | Aretha Explora\" \/>\n<meta name=\"twitter:description\" content=\"La Sala Aretha, un espacio para reuniones y encuentro entre profesionales abre sus puertas en MATCOAM (COAM)\" \/>\n<meta name=\"twitter:image\" content=\"https:\/\/espacioaretha.com\/explora\/wp-content\/uploads\/2025\/03\/1.jpg\" \/>\n<meta name=\"twitter:label1\" content=\"Escrito por\" \/>\n\t<meta name=\"twitter:data1\" content=\"Aretha\" \/>\n\t<meta name=\"twitter:label2\" content=\"Tiempo de lectura\" \/>\n\t<meta name=\"twitter:data2\" content=\"3 minutos\" \/>\n<script type=\"application\/ld+json\" class=\"yoast-schema-graph\">{\"@context\":\"https:\\\/\\\/schema.org\",\"@graph\":[{\"@type\":\"Article\",\"@id\":\"https:\\\/\\\/espacioaretha.com\\\/explora\\\/tendencias-milan-design-week-2026-diseno-contract\\\/#article\",\"isPartOf\":{\"@id\":\"https:\\\/\\\/espacioaretha.com\\\/explora\\\/tendencias-milan-design-week-2026-diseno-contract\\\/\"},\"author\":{\"name\":\"Aretha\",\"@id\":\"https:\\\/\\\/espacioaretha.com\\\/explora\\\/#\\\/schema\\\/person\\\/e8d7a5a3af3095abdb2c9b7af117ff8c\"},\"headline\":\"Mil\u00e1n 2026: del objeto al proyecto\",\"datePublished\":\"2026-04-27T10:12:29+00:00\",\"dateModified\":\"2026-04-27T13:41:09+00:00\",\"mainEntityOfPage\":{\"@id\":\"https:\\\/\\\/espacioaretha.com\\\/explora\\\/tendencias-milan-design-week-2026-diseno-contract\\\/\"},\"wordCount\":2282,\"publisher\":{\"@id\":\"https:\\\/\\\/espacioaretha.com\\\/explora\\\/#organization\"},\"image\":{\"@id\":\"https:\\\/\\\/espacioaretha.com\\\/explora\\\/tendencias-milan-design-week-2026-diseno-contract\\\/#primaryimage\"},\"thumbnailUrl\":\"https:\\\/\\\/espacioaretha.com\\\/explora\\\/wp-content\\\/uploads\\\/2026\\\/04\\\/01_INGRESSI_132-2_0.jpg.webp\",\"keywords\":[\"Dise\u00f1o\",\"Ferias\",\"Mil\u00e1n\",\"Salone\",\"Salone Mobile\"],\"articleSection\":[\"Arquitectura y dise\u00f1o\",\"Eventos y ferias\"],\"inLanguage\":\"es\"},{\"@type\":\"WebPage\",\"@id\":\"https:\\\/\\\/espacioaretha.com\\\/explora\\\/tendencias-milan-design-week-2026-diseno-contract\\\/\",\"url\":\"https:\\\/\\\/espacioaretha.com\\\/explora\\\/tendencias-milan-design-week-2026-diseno-contract\\\/\",\"name\":\"Mil\u00e1n 2026: del objeto al proyecto Tendencias de la Milan Design Week 2026: dise\u00f1o, contract y el futuro de los espacios\",\"isPartOf\":{\"@id\":\"https:\\\/\\\/espacioaretha.com\\\/explora\\\/#website\"},\"primaryImageOfPage\":{\"@id\":\"https:\\\/\\\/espacioaretha.com\\\/explora\\\/tendencias-milan-design-week-2026-diseno-contract\\\/#primaryimage\"},\"image\":{\"@id\":\"https:\\\/\\\/espacioaretha.com\\\/explora\\\/tendencias-milan-design-week-2026-diseno-contract\\\/#primaryimage\"},\"thumbnailUrl\":\"https:\\\/\\\/espacioaretha.com\\\/explora\\\/wp-content\\\/uploads\\\/2026\\\/04\\\/01_INGRESSI_132-2_0.jpg.webp\",\"datePublished\":\"2026-04-27T10:12:29+00:00\",\"dateModified\":\"2026-04-27T13:41:09+00:00\",\"description\":\"Descubre las tendencias de la Milan Design Week 2026: dise\u00f1o, contract, workplace, cultura material y espacios sensoriales que marcan el futuro.\",\"breadcrumb\":{\"@id\":\"https:\\\/\\\/espacioaretha.com\\\/explora\\\/tendencias-milan-design-week-2026-diseno-contract\\\/#breadcrumb\"},\"inLanguage\":\"es\",\"potentialAction\":[{\"@type\":\"ReadAction\",\"target\":[\"https:\\\/\\\/espacioaretha.com\\\/explora\\\/tendencias-milan-design-week-2026-diseno-contract\\\/\"]}]},{\"@type\":\"ImageObject\",\"inLanguage\":\"es\",\"@id\":\"https:\\\/\\\/espacioaretha.com\\\/explora\\\/tendencias-milan-design-week-2026-diseno-contract\\\/#primaryimage\",\"url\":\"https:\\\/\\\/espacioaretha.com\\\/explora\\\/wp-content\\\/uploads\\\/2026\\\/04\\\/01_INGRESSI_132-2_0.jpg.webp\",\"contentUrl\":\"https:\\\/\\\/espacioaretha.com\\\/explora\\\/wp-content\\\/uploads\\\/2026\\\/04\\\/01_INGRESSI_132-2_0.jpg.webp\",\"width\":1920,\"height\":1080},{\"@type\":\"BreadcrumbList\",\"@id\":\"https:\\\/\\\/espacioaretha.com\\\/explora\\\/tendencias-milan-design-week-2026-diseno-contract\\\/#breadcrumb\",\"itemListElement\":[{\"@type\":\"ListItem\",\"position\":1,\"name\":\"Portada\",\"item\":\"https:\\\/\\\/espacioaretha.com\\\/explora\\\/\"},{\"@type\":\"ListItem\",\"position\":2,\"name\":\"Mil\u00e1n 2026: del objeto al proyecto\"}]},{\"@type\":\"WebSite\",\"@id\":\"https:\\\/\\\/espacioaretha.com\\\/explora\\\/#website\",\"url\":\"https:\\\/\\\/espacioaretha.com\\\/explora\\\/\",\"name\":\"Aretha Explora\",\"description\":\"Plataforma de contenidos e inspiraci\u00f3n sobre arquitectura, dise\u00f1o y mucho m\u00e1s\",\"publisher\":{\"@id\":\"https:\\\/\\\/espacioaretha.com\\\/explora\\\/#organization\"},\"potentialAction\":[{\"@type\":\"SearchAction\",\"target\":{\"@type\":\"EntryPoint\",\"urlTemplate\":\"https:\\\/\\\/espacioaretha.com\\\/explora\\\/?s={search_term_string}\"},\"query-input\":{\"@type\":\"PropertyValueSpecification\",\"valueRequired\":true,\"valueName\":\"search_term_string\"}}],\"inLanguage\":\"es\"},{\"@type\":\"Organization\",\"@id\":\"https:\\\/\\\/espacioaretha.com\\\/explora\\\/#organization\",\"name\":\"Aretha Explora\",\"alternateName\":\"Aretha\",\"url\":\"https:\\\/\\\/espacioaretha.com\\\/explora\\\/\",\"logo\":{\"@type\":\"ImageObject\",\"inLanguage\":\"es\",\"@id\":\"https:\\\/\\\/espacioaretha.com\\\/explora\\\/#\\\/schema\\\/logo\\\/image\\\/\",\"url\":\"https:\\\/\\\/espacioaretha.com\\\/explora\\\/wp-content\\\/uploads\\\/2022\\\/05\\\/Ojo-web.jpg\",\"contentUrl\":\"https:\\\/\\\/espacioaretha.com\\\/explora\\\/wp-content\\\/uploads\\\/2022\\\/05\\\/Ojo-web.jpg\",\"width\":1920,\"height\":1080,\"caption\":\"Aretha Explora\"},\"image\":{\"@id\":\"https:\\\/\\\/espacioaretha.com\\\/explora\\\/#\\\/schema\\\/logo\\\/image\\\/\"}},{\"@type\":\"Person\",\"@id\":\"https:\\\/\\\/espacioaretha.com\\\/explora\\\/#\\\/schema\\\/person\\\/e8d7a5a3af3095abdb2c9b7af117ff8c\",\"name\":\"Aretha\",\"image\":{\"@type\":\"ImageObject\",\"inLanguage\":\"es\",\"@id\":\"https:\\\/\\\/espacioaretha.com\\\/explora\\\/wp-content\\\/uploads\\\/2022\\\/05\\\/aretha.png\",\"url\":\"https:\\\/\\\/espacioaretha.com\\\/explora\\\/wp-content\\\/uploads\\\/2022\\\/05\\\/aretha.png\",\"contentUrl\":\"https:\\\/\\\/espacioaretha.com\\\/explora\\\/wp-content\\\/uploads\\\/2022\\\/05\\\/aretha.png\",\"caption\":\"Aretha\"},\"url\":\"https:\\\/\\\/espacioaretha.com\\\/explora\\\/author\\\/comunicacion-aretha\\\/\"}]}<\/script>\n<!-- \/ Yoast SEO plugin. -->","yoast_head_json":{"title":"Mil\u00e1n 2026: del objeto al proyecto Tendencias de la Milan Design Week 2026: dise\u00f1o, contract y el futuro de los espacios","description":"Descubre las tendencias de la Milan Design Week 2026: dise\u00f1o, contract, workplace, cultura material y espacios sensoriales que marcan el futuro.","robots":{"index":"index","follow":"follow","max-snippet":"max-snippet:-1","max-image-preview":"max-image-preview:large","max-video-preview":"max-video-preview:-1"},"canonical":"https:\/\/espacioaretha.com\/explora\/tendencias-milan-design-week-2026-diseno-contract\/","og_locale":"es_ES","og_type":"article","og_title":"La Sala Aretha en MATCOAM | Aretha Explora","og_description":"La Sala Aretha, un espacio para reuniones y encuentro entre profesionales abre sus puertas en MATCOAM (COAM)","og_url":"https:\/\/espacioaretha.com\/explora\/tendencias-milan-design-week-2026-diseno-contract\/","og_site_name":"Aretha Explora","article_published_time":"2026-04-27T10:12:29+00:00","article_modified_time":"2026-04-27T13:41:09+00:00","og_image":[{"width":1024,"height":576,"url":"https:\/\/espacioaretha.com\/explora\/wp-content\/uploads\/2025\/03\/1-1024x576.jpg","type":"image\/jpeg"}],"author":"Aretha","twitter_card":"summary_large_image","twitter_title":"La Sala Aretha en MATCOAM | Aretha Explora","twitter_description":"La Sala Aretha, un espacio para reuniones y encuentro entre profesionales abre sus puertas en MATCOAM (COAM)","twitter_image":"https:\/\/espacioaretha.com\/explora\/wp-content\/uploads\/2025\/03\/1.jpg","twitter_misc":{"Escrito por":"Aretha","Tiempo de lectura":"3 minutos"},"schema":{"@context":"https:\/\/schema.org","@graph":[{"@type":"Article","@id":"https:\/\/espacioaretha.com\/explora\/tendencias-milan-design-week-2026-diseno-contract\/#article","isPartOf":{"@id":"https:\/\/espacioaretha.com\/explora\/tendencias-milan-design-week-2026-diseno-contract\/"},"author":{"name":"Aretha","@id":"https:\/\/espacioaretha.com\/explora\/#\/schema\/person\/e8d7a5a3af3095abdb2c9b7af117ff8c"},"headline":"Mil\u00e1n 2026: del objeto al proyecto","datePublished":"2026-04-27T10:12:29+00:00","dateModified":"2026-04-27T13:41:09+00:00","mainEntityOfPage":{"@id":"https:\/\/espacioaretha.com\/explora\/tendencias-milan-design-week-2026-diseno-contract\/"},"wordCount":2282,"publisher":{"@id":"https:\/\/espacioaretha.com\/explora\/#organization"},"image":{"@id":"https:\/\/espacioaretha.com\/explora\/tendencias-milan-design-week-2026-diseno-contract\/#primaryimage"},"thumbnailUrl":"https:\/\/espacioaretha.com\/explora\/wp-content\/uploads\/2026\/04\/01_INGRESSI_132-2_0.jpg.webp","keywords":["Dise\u00f1o","Ferias","Mil\u00e1n","Salone","Salone Mobile"],"articleSection":["Arquitectura y dise\u00f1o","Eventos y ferias"],"inLanguage":"es"},{"@type":"WebPage","@id":"https:\/\/espacioaretha.com\/explora\/tendencias-milan-design-week-2026-diseno-contract\/","url":"https:\/\/espacioaretha.com\/explora\/tendencias-milan-design-week-2026-diseno-contract\/","name":"Mil\u00e1n 2026: del objeto al proyecto Tendencias de la Milan Design Week 2026: dise\u00f1o, contract y el futuro de los espacios","isPartOf":{"@id":"https:\/\/espacioaretha.com\/explora\/#website"},"primaryImageOfPage":{"@id":"https:\/\/espacioaretha.com\/explora\/tendencias-milan-design-week-2026-diseno-contract\/#primaryimage"},"image":{"@id":"https:\/\/espacioaretha.com\/explora\/tendencias-milan-design-week-2026-diseno-contract\/#primaryimage"},"thumbnailUrl":"https:\/\/espacioaretha.com\/explora\/wp-content\/uploads\/2026\/04\/01_INGRESSI_132-2_0.jpg.webp","datePublished":"2026-04-27T10:12:29+00:00","dateModified":"2026-04-27T13:41:09+00:00","description":"Descubre las tendencias de la Milan Design Week 2026: dise\u00f1o, contract, workplace, cultura material y espacios sensoriales que marcan el futuro.","breadcrumb":{"@id":"https:\/\/espacioaretha.com\/explora\/tendencias-milan-design-week-2026-diseno-contract\/#breadcrumb"},"inLanguage":"es","potentialAction":[{"@type":"ReadAction","target":["https:\/\/espacioaretha.com\/explora\/tendencias-milan-design-week-2026-diseno-contract\/"]}]},{"@type":"ImageObject","inLanguage":"es","@id":"https:\/\/espacioaretha.com\/explora\/tendencias-milan-design-week-2026-diseno-contract\/#primaryimage","url":"https:\/\/espacioaretha.com\/explora\/wp-content\/uploads\/2026\/04\/01_INGRESSI_132-2_0.jpg.webp","contentUrl":"https:\/\/espacioaretha.com\/explora\/wp-content\/uploads\/2026\/04\/01_INGRESSI_132-2_0.jpg.webp","width":1920,"height":1080},{"@type":"BreadcrumbList","@id":"https:\/\/espacioaretha.com\/explora\/tendencias-milan-design-week-2026-diseno-contract\/#breadcrumb","itemListElement":[{"@type":"ListItem","position":1,"name":"Portada","item":"https:\/\/espacioaretha.com\/explora\/"},{"@type":"ListItem","position":2,"name":"Mil\u00e1n 2026: del objeto al proyecto"}]},{"@type":"WebSite","@id":"https:\/\/espacioaretha.com\/explora\/#website","url":"https:\/\/espacioaretha.com\/explora\/","name":"Aretha Explora","description":"Plataforma de contenidos e inspiraci\u00f3n sobre arquitectura, dise\u00f1o y mucho m\u00e1s","publisher":{"@id":"https:\/\/espacioaretha.com\/explora\/#organization"},"potentialAction":[{"@type":"SearchAction","target":{"@type":"EntryPoint","urlTemplate":"https:\/\/espacioaretha.com\/explora\/?s={search_term_string}"},"query-input":{"@type":"PropertyValueSpecification","valueRequired":true,"valueName":"search_term_string"}}],"inLanguage":"es"},{"@type":"Organization","@id":"https:\/\/espacioaretha.com\/explora\/#organization","name":"Aretha Explora","alternateName":"Aretha","url":"https:\/\/espacioaretha.com\/explora\/","logo":{"@type":"ImageObject","inLanguage":"es","@id":"https:\/\/espacioaretha.com\/explora\/#\/schema\/logo\/image\/","url":"https:\/\/espacioaretha.com\/explora\/wp-content\/uploads\/2022\/05\/Ojo-web.jpg","contentUrl":"https:\/\/espacioaretha.com\/explora\/wp-content\/uploads\/2022\/05\/Ojo-web.jpg","width":1920,"height":1080,"caption":"Aretha Explora"},"image":{"@id":"https:\/\/espacioaretha.com\/explora\/#\/schema\/logo\/image\/"}},{"@type":"Person","@id":"https:\/\/espacioaretha.com\/explora\/#\/schema\/person\/e8d7a5a3af3095abdb2c9b7af117ff8c","name":"Aretha","image":{"@type":"ImageObject","inLanguage":"es","@id":"https:\/\/espacioaretha.com\/explora\/wp-content\/uploads\/2022\/05\/aretha.png","url":"https:\/\/espacioaretha.com\/explora\/wp-content\/uploads\/2022\/05\/aretha.png","contentUrl":"https:\/\/espacioaretha.com\/explora\/wp-content\/uploads\/2022\/05\/aretha.png","caption":"Aretha"},"url":"https:\/\/espacioaretha.com\/explora\/author\/comunicacion-aretha\/"}]}},"_links":{"self":[{"href":"https:\/\/espacioaretha.com\/explora\/wp-json\/wp\/v2\/posts\/5080","targetHints":{"allow":["GET"]}}],"collection":[{"href":"https:\/\/espacioaretha.com\/explora\/wp-json\/wp\/v2\/posts"}],"about":[{"href":"https:\/\/espacioaretha.com\/explora\/wp-json\/wp\/v2\/types\/post"}],"author":[{"embeddable":true,"href":"https:\/\/espacioaretha.com\/explora\/wp-json\/wp\/v2\/users\/25"}],"replies":[{"embeddable":true,"href":"https:\/\/espacioaretha.com\/explora\/wp-json\/wp\/v2\/comments?post=5080"}],"version-history":[{"count":7,"href":"https:\/\/espacioaretha.com\/explora\/wp-json\/wp\/v2\/posts\/5080\/revisions"}],"predecessor-version":[{"id":5106,"href":"https:\/\/espacioaretha.com\/explora\/wp-json\/wp\/v2\/posts\/5080\/revisions\/5106"}],"wp:featuredmedia":[{"embeddable":true,"href":"https:\/\/espacioaretha.com\/explora\/wp-json\/wp\/v2\/media\/5092"}],"wp:attachment":[{"href":"https:\/\/espacioaretha.com\/explora\/wp-json\/wp\/v2\/media?parent=5080"}],"wp:term":[{"taxonomy":"category","embeddable":true,"href":"https:\/\/espacioaretha.com\/explora\/wp-json\/wp\/v2\/categories?post=5080"},{"taxonomy":"post_tag","embeddable":true,"href":"https:\/\/espacioaretha.com\/explora\/wp-json\/wp\/v2\/tags?post=5080"}],"curies":[{"name":"wp","href":"https:\/\/api.w.org\/{rel}","templated":true}]}}