{"id":632,"date":"2020-06-11T08:49:00","date_gmt":"2020-06-11T06:49:00","guid":{"rendered":"https:\/\/espacioaretha.com\/explora\/?p=632"},"modified":"2022-04-28T19:52:12","modified_gmt":"2022-04-28T17:52:12","slug":"el-presente-de-la-industrializacion-en-la-construccion","status":"publish","type":"post","link":"https:\/\/espacioaretha.com\/explora\/el-presente-de-la-industrializacion-en-la-construccion\/","title":{"rendered":"El presente de la industrializacion en la construccion"},"content":{"rendered":"\n<p>Desde hace d\u00e9cadas y en particular desde el final de la pasada crisis financiera, el modelo tradicional de construcci\u00f3n viene poni\u00e9ndose en entredicho. Un modelo basado fundamentalmente en mano de obra no cualificado cuyos est\u00e1ndares de calidad fueron mermando progresivamente.<\/p>\n\n\n\n<p>Afortunadamente la aparici\u00f3n del CTE en 2007 supone un cambio radical en el marco normativo. Anteriormente nos encontr\u00e1bamos con normativas prescriptivas que no dejaban demasiada libertad en el dise\u00f1o, en el desarrollo y en la innovaci\u00f3n de la construcci\u00f3n, mientras que ahora con el CTE tenemos un marco prestacional donde no se pone tanto el foco en c\u00f3mo se hacen las cosas sino en las prestaciones que posteriormente debe tener un edificio. En ese marco se fomenta en gran medida la investigaci\u00f3n y el desarrollo tan necesaria para la implantaci\u00f3n de la industrializaci\u00f3n<\/p>\n\n\n\n<p>Debemos tener en cuenta que el proceso de construcci\u00f3n comienza con la concepci\u00f3n y la elaboraci\u00f3n del proyecto, fase est\u00e1 en la que durante la d\u00e9cada de los noventa la tecnolog\u00eda irrumpe cambiando el soporte gr\u00e1fico del papel a la pantalla por medio del CAD. Este cambio de soporte no supone un cambio cualitativo a la hora de elaborar los proyectos, ya que no aporta valor a\u00f1adido m\u00e1s all\u00e1 de la agilidad y la correcci\u00f3n de errores previa a la impresi\u00f3n de planos.&nbsp; Posteriormente, al inicio del milenio irrumpi\u00f3 t\u00edmidamente la metodolog\u00eda BIM apoyada en sofisticadas herramientas inform\u00e1ticas y que 20 a\u00f1os despu\u00e9s contin\u00faa desarroll\u00e1ndose sin llegar a convertirse en un est\u00e1ndar generalizado dentro del mundo de la arquitectura. En cualquier caso, en esta parte del proceso hemos visto una interesante evoluci\u00f3n que no se ha visto reflejada en la posterior fase de construcci\u00f3n.<\/p>\n\n\n\n<p>Hoy las obras son muy similares a las que se hac\u00edan hace siglos. Procesos manuales llevados a cabo por personal poco cualificados y sin unos est\u00e1ndares de calidad para el conjunto edificatorio, pero poco a poco vamos observando como aparecen nuevas iniciativas que se replantean estos procesos, implementando procesos industriales que puedan garantizar tanto el marco normativo del que habl\u00e1bamos al tiempo que se mejoran las condiciones laborales y acortan los plazos de construcci\u00f3n.<\/p>\n\n\n\n<p>Los procesos industriales pivotan entorno a la filosof\u00eda LEAN cimentada en la mejora continua, para de esta manera eliminar aquellos elementos que no aporten valor al proceso, se optimizan recursos, tanto humanos como materiales y se establecen protocolos de seguridad y controles de calidad que de otra manera ser\u00edan inviables.<\/p>\n\n\n\n<figure class=\"wp-block-image size-large\"><img loading=\"lazy\" decoding=\"async\" width=\"1024\" height=\"576\" src=\"https:\/\/espacioaretha.com\/explora\/wp-content\/uploads\/2022\/03\/01Cadena-de-montaje-de-los-mo\u0301dulos-de-las-viviendas-de-la-promocio\u0301n-Etheria-de-AEDAS-Homes-en-El-Can\u0303averal-Madrid.-1280x720-1-1024x576.jpeg\" alt=\"\" class=\"wp-image-635\" srcset=\"https:\/\/espacioaretha.com\/explora\/wp-content\/uploads\/2022\/03\/01Cadena-de-montaje-de-los-mo\u0301dulos-de-las-viviendas-de-la-promocio\u0301n-Etheria-de-AEDAS-Homes-en-El-Can\u0303averal-Madrid.-1280x720-1-1024x576.jpeg 1024w, https:\/\/espacioaretha.com\/explora\/wp-content\/uploads\/2022\/03\/01Cadena-de-montaje-de-los-mo\u0301dulos-de-las-viviendas-de-la-promocio\u0301n-Etheria-de-AEDAS-Homes-en-El-Can\u0303averal-Madrid.-1280x720-1-300x169.jpeg 300w, https:\/\/espacioaretha.com\/explora\/wp-content\/uploads\/2022\/03\/01Cadena-de-montaje-de-los-mo\u0301dulos-de-las-viviendas-de-la-promocio\u0301n-Etheria-de-AEDAS-Homes-en-El-Can\u0303averal-Madrid.-1280x720-1-768x432.jpeg 768w, https:\/\/espacioaretha.com\/explora\/wp-content\/uploads\/2022\/03\/01Cadena-de-montaje-de-los-mo\u0301dulos-de-las-viviendas-de-la-promocio\u0301n-Etheria-de-AEDAS-Homes-en-El-Can\u0303averal-Madrid.-1280x720-1.jpeg 1280w\" sizes=\"auto, (max-width: 1024px) 100vw, 1024px\" \/><\/figure>\n\n\n\n<p>Tal y como narra Pablo Saiz en su libro \u201cLa casa industrializada \u2013 Un sue\u00f1o incompleto\u201d llevamos m\u00e1s de 200 a\u00f1os buscando soluciones para construir de forma industrializada y en la mayor\u00eda de los casos se ha intentado sin \u00e9xito, lo que no implica que no se pueda hacer. En determinados pa\u00edses del norte de Europa, as\u00ed como en regiones de EEUU, los sistemas industrializados para construcci\u00f3n son ya una alternativa habitual y en crecimiento permanente<\/p>\n\n\n\n<p>Hoy parece que las condiciones son favorables para impulsar este cambio de paradigma en nuestro pa\u00eds. El marco normativo prestacional, el fomento de la sostenibilidad, la irrupci\u00f3n del BIM, unidos a la escasez de mano de obra, fundament\u00f3 un escenario propicio para la industrializaci\u00f3n nunca visto con anterioridad.<\/p>\n\n\n\n<h2 class=\"wp-block-heading\">Tipos de Industrializacion<\/h2>\n\n\n\n<p><br>No es necesario plantear cambios radicales y disruptivos para comenzar a aplicar la industrializaci\u00f3n. Existen sistemas que permiten la convivencia de la construcci\u00f3n tradicional con la industrializada, pues podemos ir incorporando de forma parcial elementos industrializados y componentes (1D, 2D y 3D). En este momento ya encontramos multitud de iniciativas de fachadas industrializadas con todos sus componentes o incluso ba\u00f1os terminados para trasladar una obra para su conexi\u00f3n. No obstante, tambi\u00e9n existen alternativas m\u00e1s ambiciosas, donde la construcci\u00f3n modular se realiza \u00edntegramente de forma industrializada en entornos controlados, para posteriormente desplazar los m\u00f3dulos a su ubicaci\u00f3n definitiva para su montaje in situ.<\/p>\n\n\n\n<figure class=\"wp-block-image size-large\"><img loading=\"lazy\" decoding=\"async\" width=\"1024\" height=\"512\" src=\"https:\/\/espacioaretha.com\/explora\/wp-content\/uploads\/2022\/03\/02Industrialized-Construction_HEADER-1024x512.jpeg\" alt=\"\" class=\"wp-image-636\" srcset=\"https:\/\/espacioaretha.com\/explora\/wp-content\/uploads\/2022\/03\/02Industrialized-Construction_HEADER-1024x512.jpeg 1024w, https:\/\/espacioaretha.com\/explora\/wp-content\/uploads\/2022\/03\/02Industrialized-Construction_HEADER-300x150.jpeg 300w, https:\/\/espacioaretha.com\/explora\/wp-content\/uploads\/2022\/03\/02Industrialized-Construction_HEADER-768x384.jpeg 768w, https:\/\/espacioaretha.com\/explora\/wp-content\/uploads\/2022\/03\/02Industrialized-Construction_HEADER.jpeg 1100w\" sizes=\"auto, (max-width: 1024px) 100vw, 1024px\" \/><\/figure>\n\n\n\n<h2 class=\"wp-block-heading\">\u00bfPor qu\u00e9 puede ser interesante construir de forma industrializada?<\/h2>\n\n\n\n<p>Pues porque aporta numerosos beneficios frente a la construcci\u00f3n tradicional entre los que destacamos:<\/p>\n\n\n\n<ul class=\"wp-block-list\"><li>Medioambientales:<\/li><\/ul>\n\n\n\n<ul class=\"wp-block-list\"><li><strong>Eliminaci\u00f3n de la Sobreproducci\u00f3n<\/strong>: Con un proyecto bien definido e implementando procesos industriales se minimiza el desperdicio. En la industria existen protocolos de reciclado de desperdicios<ol><li><strong>Afecciones<\/strong>: Se reduce la contaminaci\u00f3n del sustrato, atmosf\u00e9rica y ac\u00fastica al disminuir la presencia en obra \u00fanicamente a la fase de montaje. Se reduce el consumo de agua.<\/li><li><strong>Explotaci\u00f3n<\/strong>: un mayor control de calidad redunda en una mejora en la limitaci\u00f3n de la demanda energ\u00e9tica, lo que se traduce a largo plazo en un consumo energ\u00e9tico mucho menor y por tanto tambi\u00e9n se reducen las emisiones de CO2 y de part\u00edculas s\u00f3lidas contaminantes.<\/li><li><strong>Econom\u00eda circular<\/strong>: La industrializaci\u00f3n nos permite desarrollar proyectos m\u00e1s sostenibles donde poder reutilizar muchos de los recursos empleados durante su construcci\u00f3n.<\/li><\/ol><\/li><\/ul>\n\n\n\n<ul class=\"wp-block-list\"><li>Sociales:<ol><li><strong>Profesionalizaci\u00f3n:<\/strong>&nbsp;Con la industrializaci\u00f3n se fomenta la formaci\u00f3n del personal involucrado en el proceso en una apuesta por la profesionalizaci\u00f3n que se traduce una mayor seguridad laboral por parte del trabajador y en estabilidad e mejor imagen para el sector.<\/li><li><strong>Integraci\u00f3n social y de g\u00e9nero:<\/strong>&nbsp;Los entornos industriales controlados y limpios posibilitan la inclusi\u00f3n de personas con ciertas discapacidades en determinados puestos que en construcci\u00f3n tradicional ser\u00eda impensable. Por otra parte, seg\u00fan la FLC (Fundaci\u00f3n Laboral de la construcci\u00f3n) solo el&nbsp; 9&nbsp; %&nbsp; de&nbsp; los&nbsp; empleados&nbsp; en&nbsp; el&nbsp; sector&nbsp; de&nbsp; la&nbsp; construcci\u00f3n&nbsp; son&nbsp; mujeres, incluso considerando que son muchas las que ocupan puestos de gesti\u00f3n y responsabilidad. Mediante la industrializaci\u00f3n, este porcentaje puede verse elevado considerablemente, pudiendo incorporar a m\u00e1s mujeres en puestos de producci\u00f3n.<\/li><\/ol><\/li><\/ul>\n\n\n\n<ul class=\"wp-block-list\"><li>T\u00e9cnicos:<\/li><\/ul>\n\n\n\n<ul class=\"wp-block-list\"><li><strong>Mayor definici\u00f3n en fase de Dise\u00f1o<\/strong>: Se reducen las incertidumbres en fase de construcci\u00f3n.<ol><li><strong>Mejora Continua<\/strong>: La metodolog\u00eda LEAN permite un progresivo aumento de la calidad y una optimizaci\u00f3n de recursos tanto humanos como materiales.<\/li><li><strong>Reducci\u00f3n y cumplimiento de plazos de entrega<\/strong>&nbsp;y&nbsp;<strong>costes<\/strong>: La trazabilidad de todo el proceso permite eliminar desviaciones en tiempo y coste. Por otra parte, la industrializaci\u00f3n permite la producci\u00f3n de algunos elementos de la construcci\u00f3n en fase de concesi\u00f3n de licencias.<\/li><li><strong>Mejora de la prevenci\u00f3n:&nbsp;<\/strong>Una mayor planificaci\u00f3n y la producci\u00f3n en entorno controlado, reduce considerablemente los riesgos durante la construcci\u00f3n. Adem\u00e1s, se limita el tiempo que los trabajadores est\u00e1n expuestos a ca\u00eddas a distinto nivel \u00fanicamente a fase de ensamblaje.<\/li><\/ol><\/li><\/ul>\n\n\n\n<p>Existen numerosas iniciativas en este sentido, como la llevada a cabo por&nbsp;<strong><a href=\"https:\/\/offsite.aedashomes.com\/\" target=\"_blank\" rel=\"noreferrer noopener\">AEDAS HOMES<\/a><\/strong>, apostando por la industrializaci\u00f3n de varias promociones en distintas ubicaciones de nuestra geograf\u00eda contando para ello con algunos de los arquitectos m\u00e1s reconocidos de nuestro pa\u00eds como&nbsp;<a href=\"https:\/\/www.lamela.com\/\" target=\"_blank\" rel=\"noreferrer noopener\"><strong>Estudio Lamela<\/strong><\/a>,&nbsp;<strong><a href=\"https:\/\/morphestudio.es\/\" target=\"_blank\" rel=\"noreferrer noopener\">Morph Estudio<\/a><\/strong>,&nbsp;<a href=\"http:\/\/canoyescario.es\/\" target=\"_blank\" rel=\"noreferrer noopener\"><strong>Cano y Escario Arquitectos<\/strong><\/a>&nbsp;y&nbsp;<strong><a href=\"http:\/\/www.ortizleon.es\/\" target=\"_blank\" rel=\"noreferrer noopener\">Ortiz y Leon Arquitectos<\/a><\/strong>&nbsp;entre otros.<\/p>\n\n\n\n<p>En ARETHA apostamos por la innovaci\u00f3n y por esta raz\u00f3n nos sumamos a iniciativas que apuesten por ella. Una de las \u00faltimas acciones alineada con la industrializaci\u00f3n es la participaci\u00f3n en el proyecto&nbsp;<strong><a rel=\"noreferrer noopener\" href=\"https:\/\/room2030.webnode.es\/el-consorcio\/\" target=\"_blank\">Room 2030<\/a><\/strong>&nbsp;desarrollado por&nbsp;<a rel=\"noreferrer noopener\" href=\"http:\/\/baragano.eu\/\" target=\"_blank\"><strong>Baraga\u00f1o<\/strong><\/a>, en el que hemos aportado un revestimiento vegetal en el techo del pasillo a base de l\u00edquenes liofilizados (<strong><a rel=\"noreferrer noopener\" href=\"https:\/\/verdeprofilo.com\/en\/mosswall\" target=\"_blank\">MOSSWall<\/a><\/strong>) que dotan al espacio de aspectos biof\u00edlicos.<\/p>\n\n\n\n<figure class=\"wp-block-image size-large\"><img loading=\"lazy\" decoding=\"async\" width=\"1024\" height=\"768\" src=\"https:\/\/espacioaretha.com\/explora\/wp-content\/uploads\/2022\/03\/03Interior-de-Room-2030-scaled-1-1024x768.jpeg\" alt=\"\" class=\"wp-image-637\" srcset=\"https:\/\/espacioaretha.com\/explora\/wp-content\/uploads\/2022\/03\/03Interior-de-Room-2030-scaled-1-1024x768.jpeg 1024w, https:\/\/espacioaretha.com\/explora\/wp-content\/uploads\/2022\/03\/03Interior-de-Room-2030-scaled-1-300x225.jpeg 300w, https:\/\/espacioaretha.com\/explora\/wp-content\/uploads\/2022\/03\/03Interior-de-Room-2030-scaled-1-768x576.jpeg 768w, https:\/\/espacioaretha.com\/explora\/wp-content\/uploads\/2022\/03\/03Interior-de-Room-2030-scaled-1-1536x1152.jpeg 1536w, https:\/\/espacioaretha.com\/explora\/wp-content\/uploads\/2022\/03\/03Interior-de-Room-2030-scaled-1-2048x1536.jpeg 2048w\" sizes=\"auto, (max-width: 1024px) 100vw, 1024px\" \/><figcaption>OLYMPUS DIGITAL CAMERA<\/figcaption><\/figure>\n\n\n\n<p>\u201cRoom 2030 es el&nbsp;<strong>resultado de un consorcio tecnol\u00f3gico y de innovaci\u00f3n&nbsp;<\/strong>integrado por ArcelorMittal, Cosentino, Ecus, Estudio Baraga\u00f1o, Geopannel, NormaGrup, Roca, Saint-Gobain, el Hotel Palacio de Avil\u00e9s adem\u00e1s de Jansen y&nbsp;<strong><a rel=\"noreferrer noopener\" href=\"https:\/\/espacioaretha.com\/\" target=\"_blank\">Aretha<\/a><\/strong>&nbsp;(como socios suministradores). Room 2030 responde a las exigencias de sostenibilidad, conectividad, salud, flexibilidad e innovaci\u00f3n permanente mediante la integraci\u00f3n de la tecnolog\u00eda punta en cada momento que mejore el h\u00e1bitat y la vida de las personas.\u201d<\/p>\n\n\n\n<figure class=\"wp-block-image size-full\"><img loading=\"lazy\" decoding=\"async\" width=\"1024\" height=\"704\" src=\"https:\/\/espacioaretha.com\/explora\/wp-content\/uploads\/2022\/03\/04room-niemeyer.jpeg\" alt=\"\" class=\"wp-image-638\" srcset=\"https:\/\/espacioaretha.com\/explora\/wp-content\/uploads\/2022\/03\/04room-niemeyer.jpeg 1024w, https:\/\/espacioaretha.com\/explora\/wp-content\/uploads\/2022\/03\/04room-niemeyer-300x206.jpeg 300w, https:\/\/espacioaretha.com\/explora\/wp-content\/uploads\/2022\/03\/04room-niemeyer-768x528.jpeg 768w\" sizes=\"auto, (max-width: 1024px) 100vw, 1024px\" \/><\/figure>\n","protected":false},"excerpt":{"rendered":"<p>Parad\u00f3gicamente llamamos \u201cindustria de la construcci\u00f3n\u201d a un sector que dista mucho de establecer los procesos habituales que se dan en cualquier otro tipo de industria.<\/p>\n","protected":false},"author":10,"featured_media":634,"comment_status":"open","ping_status":"open","sticky":false,"template":"","format":"standard","meta":{"footnotes":""},"categories":[28],"tags":[82,83],"class_list":["post-632","post","type-post","status-publish","format-standard","has-post-thumbnail","hentry","category-arquitectura","tag-construccion","tag-industria"],"yoast_head":"<!-- This site is optimized with the Yoast SEO plugin v27.4 - https:\/\/yoast.com\/product\/yoast-seo-wordpress\/ -->\n<title>El presente de la industrializacion en la construccion<\/title>\n<meta name=\"description\" content=\"Aretha Explora es una plataforma de contenidos e inspiraci\u00f3n sobre arquitectura, dise\u00f1o y mucho m\u00e1s.\" \/>\n<meta name=\"robots\" content=\"index, follow, max-snippet:-1, max-image-preview:large, max-video-preview:-1\" \/>\n<link rel=\"canonical\" href=\"https:\/\/espacioaretha.com\/explora\/el-presente-de-la-industrializacion-en-la-construccion\/\" \/>\n<meta property=\"og:locale\" content=\"es_ES\" \/>\n<meta property=\"og:type\" content=\"article\" \/>\n<meta property=\"og:title\" content=\"El presente de la industrializacion en la construccion\" \/>\n<meta property=\"og:description\" content=\"Aretha Explora es una plataforma de contenidos e inspiraci\u00f3n sobre arquitectura, dise\u00f1o y mucho m\u00e1s.\" \/>\n<meta property=\"og:url\" content=\"https:\/\/espacioaretha.com\/explora\/el-presente-de-la-industrializacion-en-la-construccion\/\" \/>\n<meta property=\"og:site_name\" content=\"Aretha Explora\" \/>\n<meta property=\"article:published_time\" content=\"2020-06-11T06:49:00+00:00\" \/>\n<meta property=\"article:modified_time\" content=\"2022-04-28T17:52:12+00:00\" \/>\n<meta property=\"og:image\" content=\"https:\/\/espacioaretha.com\/explora\/wp-content\/uploads\/2022\/03\/00Cabecera-Room-01b.jpeg\" \/>\n\t<meta property=\"og:image:width\" content=\"2500\" \/>\n\t<meta property=\"og:image:height\" content=\"1305\" \/>\n\t<meta property=\"og:image:type\" content=\"image\/jpeg\" \/>\n<meta name=\"author\" content=\"Mario Ortega\" \/>\n<meta name=\"twitter:card\" content=\"summary_large_image\" \/>\n<meta name=\"twitter:label1\" content=\"Escrito por\" \/>\n\t<meta name=\"twitter:data1\" content=\"Mario Ortega\" \/>\n\t<meta name=\"twitter:label2\" content=\"Tiempo de lectura\" \/>\n\t<meta name=\"twitter:data2\" content=\"7 minutos\" \/>\n<script type=\"application\/ld+json\" class=\"yoast-schema-graph\">{\"@context\":\"https:\\\/\\\/schema.org\",\"@graph\":[{\"@type\":\"Article\",\"@id\":\"https:\\\/\\\/espacioaretha.com\\\/explora\\\/el-presente-de-la-industrializacion-en-la-construccion\\\/#article\",\"isPartOf\":{\"@id\":\"https:\\\/\\\/espacioaretha.com\\\/explora\\\/el-presente-de-la-industrializacion-en-la-construccion\\\/\"},\"author\":{\"name\":\"Mario Ortega\",\"@id\":\"https:\\\/\\\/espacioaretha.com\\\/explora\\\/#\\\/schema\\\/person\\\/c88d31cc3779acc83da602c0201f2989\"},\"headline\":\"El presente de la industrializacion en la construccion\",\"datePublished\":\"2020-06-11T06:49:00+00:00\",\"dateModified\":\"2022-04-28T17:52:12+00:00\",\"mainEntityOfPage\":{\"@id\":\"https:\\\/\\\/espacioaretha.com\\\/explora\\\/el-presente-de-la-industrializacion-en-la-construccion\\\/\"},\"wordCount\":1372,\"commentCount\":0,\"publisher\":{\"@id\":\"https:\\\/\\\/espacioaretha.com\\\/explora\\\/#organization\"},\"image\":{\"@id\":\"https:\\\/\\\/espacioaretha.com\\\/explora\\\/el-presente-de-la-industrializacion-en-la-construccion\\\/#primaryimage\"},\"thumbnailUrl\":\"https:\\\/\\\/espacioaretha.com\\\/explora\\\/wp-content\\\/uploads\\\/2022\\\/03\\\/00Cabecera-Room-01b.jpeg\",\"keywords\":[\"Construcci\u00f3n\",\"Industria\"],\"articleSection\":[\"Arquitectura y dise\u00f1o\"],\"inLanguage\":\"es\",\"potentialAction\":[{\"@type\":\"CommentAction\",\"name\":\"Comment\",\"target\":[\"https:\\\/\\\/espacioaretha.com\\\/explora\\\/el-presente-de-la-industrializacion-en-la-construccion\\\/#respond\"]}]},{\"@type\":\"WebPage\",\"@id\":\"https:\\\/\\\/espacioaretha.com\\\/explora\\\/el-presente-de-la-industrializacion-en-la-construccion\\\/\",\"url\":\"https:\\\/\\\/espacioaretha.com\\\/explora\\\/el-presente-de-la-industrializacion-en-la-construccion\\\/\",\"name\":\"El presente de la industrializacion en la construccion\",\"isPartOf\":{\"@id\":\"https:\\\/\\\/espacioaretha.com\\\/explora\\\/#website\"},\"primaryImageOfPage\":{\"@id\":\"https:\\\/\\\/espacioaretha.com\\\/explora\\\/el-presente-de-la-industrializacion-en-la-construccion\\\/#primaryimage\"},\"image\":{\"@id\":\"https:\\\/\\\/espacioaretha.com\\\/explora\\\/el-presente-de-la-industrializacion-en-la-construccion\\\/#primaryimage\"},\"thumbnailUrl\":\"https:\\\/\\\/espacioaretha.com\\\/explora\\\/wp-content\\\/uploads\\\/2022\\\/03\\\/00Cabecera-Room-01b.jpeg\",\"datePublished\":\"2020-06-11T06:49:00+00:00\",\"dateModified\":\"2022-04-28T17:52:12+00:00\",\"description\":\"Aretha Explora es una plataforma de contenidos e inspiraci\u00f3n sobre arquitectura, dise\u00f1o y mucho m\u00e1s.\",\"breadcrumb\":{\"@id\":\"https:\\\/\\\/espacioaretha.com\\\/explora\\\/el-presente-de-la-industrializacion-en-la-construccion\\\/#breadcrumb\"},\"inLanguage\":\"es\",\"potentialAction\":[{\"@type\":\"ReadAction\",\"target\":[\"https:\\\/\\\/espacioaretha.com\\\/explora\\\/el-presente-de-la-industrializacion-en-la-construccion\\\/\"]}]},{\"@type\":\"ImageObject\",\"inLanguage\":\"es\",\"@id\":\"https:\\\/\\\/espacioaretha.com\\\/explora\\\/el-presente-de-la-industrializacion-en-la-construccion\\\/#primaryimage\",\"url\":\"https:\\\/\\\/espacioaretha.com\\\/explora\\\/wp-content\\\/uploads\\\/2022\\\/03\\\/00Cabecera-Room-01b.jpeg\",\"contentUrl\":\"https:\\\/\\\/espacioaretha.com\\\/explora\\\/wp-content\\\/uploads\\\/2022\\\/03\\\/00Cabecera-Room-01b.jpeg\",\"width\":2500,\"height\":1305},{\"@type\":\"BreadcrumbList\",\"@id\":\"https:\\\/\\\/espacioaretha.com\\\/explora\\\/el-presente-de-la-industrializacion-en-la-construccion\\\/#breadcrumb\",\"itemListElement\":[{\"@type\":\"ListItem\",\"position\":1,\"name\":\"Portada\",\"item\":\"https:\\\/\\\/espacioaretha.com\\\/explora\\\/\"},{\"@type\":\"ListItem\",\"position\":2,\"name\":\"El presente de la industrializacion en la construccion\"}]},{\"@type\":\"WebSite\",\"@id\":\"https:\\\/\\\/espacioaretha.com\\\/explora\\\/#website\",\"url\":\"https:\\\/\\\/espacioaretha.com\\\/explora\\\/\",\"name\":\"Aretha Explora\",\"description\":\"Plataforma de contenidos e inspiraci\u00f3n sobre arquitectura, dise\u00f1o y mucho m\u00e1s\",\"publisher\":{\"@id\":\"https:\\\/\\\/espacioaretha.com\\\/explora\\\/#organization\"},\"potentialAction\":[{\"@type\":\"SearchAction\",\"target\":{\"@type\":\"EntryPoint\",\"urlTemplate\":\"https:\\\/\\\/espacioaretha.com\\\/explora\\\/?s={search_term_string}\"},\"query-input\":{\"@type\":\"PropertyValueSpecification\",\"valueRequired\":true,\"valueName\":\"search_term_string\"}}],\"inLanguage\":\"es\"},{\"@type\":\"Organization\",\"@id\":\"https:\\\/\\\/espacioaretha.com\\\/explora\\\/#organization\",\"name\":\"Aretha Explora\",\"alternateName\":\"Aretha\",\"url\":\"https:\\\/\\\/espacioaretha.com\\\/explora\\\/\",\"logo\":{\"@type\":\"ImageObject\",\"inLanguage\":\"es\",\"@id\":\"https:\\\/\\\/espacioaretha.com\\\/explora\\\/#\\\/schema\\\/logo\\\/image\\\/\",\"url\":\"https:\\\/\\\/espacioaretha.com\\\/explora\\\/wp-content\\\/uploads\\\/2022\\\/05\\\/Ojo-web.jpg\",\"contentUrl\":\"https:\\\/\\\/espacioaretha.com\\\/explora\\\/wp-content\\\/uploads\\\/2022\\\/05\\\/Ojo-web.jpg\",\"width\":1920,\"height\":1080,\"caption\":\"Aretha Explora\"},\"image\":{\"@id\":\"https:\\\/\\\/espacioaretha.com\\\/explora\\\/#\\\/schema\\\/logo\\\/image\\\/\"}},{\"@type\":\"Person\",\"@id\":\"https:\\\/\\\/espacioaretha.com\\\/explora\\\/#\\\/schema\\\/person\\\/c88d31cc3779acc83da602c0201f2989\",\"name\":\"Mario Ortega\",\"image\":{\"@type\":\"ImageObject\",\"inLanguage\":\"es\",\"@id\":\"https:\\\/\\\/espacioaretha.com\\\/explora\\\/wp-content\\\/uploads\\\/2022\\\/03\\\/Mario-Ortega-Pascual.png\",\"url\":\"https:\\\/\\\/espacioaretha.com\\\/explora\\\/wp-content\\\/uploads\\\/2022\\\/03\\\/Mario-Ortega-Pascual.png\",\"contentUrl\":\"https:\\\/\\\/espacioaretha.com\\\/explora\\\/wp-content\\\/uploads\\\/2022\\\/03\\\/Mario-Ortega-Pascual.png\",\"caption\":\"Mario Ortega\"},\"description\":\"Arquitecto t\u00e9cnico\",\"url\":\"https:\\\/\\\/espacioaretha.com\\\/explora\\\/author\\\/mario-ortega\\\/\"}]}<\/script>\n<!-- \/ Yoast SEO plugin. -->","yoast_head_json":{"title":"El presente de la industrializacion en la construccion","description":"Aretha Explora es una plataforma de contenidos e inspiraci\u00f3n sobre arquitectura, dise\u00f1o y mucho m\u00e1s.","robots":{"index":"index","follow":"follow","max-snippet":"max-snippet:-1","max-image-preview":"max-image-preview:large","max-video-preview":"max-video-preview:-1"},"canonical":"https:\/\/espacioaretha.com\/explora\/el-presente-de-la-industrializacion-en-la-construccion\/","og_locale":"es_ES","og_type":"article","og_title":"El presente de la industrializacion en la construccion","og_description":"Aretha Explora es una plataforma de contenidos e inspiraci\u00f3n sobre arquitectura, dise\u00f1o y mucho m\u00e1s.","og_url":"https:\/\/espacioaretha.com\/explora\/el-presente-de-la-industrializacion-en-la-construccion\/","og_site_name":"Aretha Explora","article_published_time":"2020-06-11T06:49:00+00:00","article_modified_time":"2022-04-28T17:52:12+00:00","og_image":[{"width":2500,"height":1305,"url":"https:\/\/espacioaretha.com\/explora\/wp-content\/uploads\/2022\/03\/00Cabecera-Room-01b.jpeg","type":"image\/jpeg"}],"author":"Mario Ortega","twitter_card":"summary_large_image","twitter_misc":{"Escrito por":"Mario Ortega","Tiempo de lectura":"7 minutos"},"schema":{"@context":"https:\/\/schema.org","@graph":[{"@type":"Article","@id":"https:\/\/espacioaretha.com\/explora\/el-presente-de-la-industrializacion-en-la-construccion\/#article","isPartOf":{"@id":"https:\/\/espacioaretha.com\/explora\/el-presente-de-la-industrializacion-en-la-construccion\/"},"author":{"name":"Mario Ortega","@id":"https:\/\/espacioaretha.com\/explora\/#\/schema\/person\/c88d31cc3779acc83da602c0201f2989"},"headline":"El presente de la industrializacion en la construccion","datePublished":"2020-06-11T06:49:00+00:00","dateModified":"2022-04-28T17:52:12+00:00","mainEntityOfPage":{"@id":"https:\/\/espacioaretha.com\/explora\/el-presente-de-la-industrializacion-en-la-construccion\/"},"wordCount":1372,"commentCount":0,"publisher":{"@id":"https:\/\/espacioaretha.com\/explora\/#organization"},"image":{"@id":"https:\/\/espacioaretha.com\/explora\/el-presente-de-la-industrializacion-en-la-construccion\/#primaryimage"},"thumbnailUrl":"https:\/\/espacioaretha.com\/explora\/wp-content\/uploads\/2022\/03\/00Cabecera-Room-01b.jpeg","keywords":["Construcci\u00f3n","Industria"],"articleSection":["Arquitectura y dise\u00f1o"],"inLanguage":"es","potentialAction":[{"@type":"CommentAction","name":"Comment","target":["https:\/\/espacioaretha.com\/explora\/el-presente-de-la-industrializacion-en-la-construccion\/#respond"]}]},{"@type":"WebPage","@id":"https:\/\/espacioaretha.com\/explora\/el-presente-de-la-industrializacion-en-la-construccion\/","url":"https:\/\/espacioaretha.com\/explora\/el-presente-de-la-industrializacion-en-la-construccion\/","name":"El presente de la industrializacion en la construccion","isPartOf":{"@id":"https:\/\/espacioaretha.com\/explora\/#website"},"primaryImageOfPage":{"@id":"https:\/\/espacioaretha.com\/explora\/el-presente-de-la-industrializacion-en-la-construccion\/#primaryimage"},"image":{"@id":"https:\/\/espacioaretha.com\/explora\/el-presente-de-la-industrializacion-en-la-construccion\/#primaryimage"},"thumbnailUrl":"https:\/\/espacioaretha.com\/explora\/wp-content\/uploads\/2022\/03\/00Cabecera-Room-01b.jpeg","datePublished":"2020-06-11T06:49:00+00:00","dateModified":"2022-04-28T17:52:12+00:00","description":"Aretha Explora es una plataforma de contenidos e inspiraci\u00f3n sobre arquitectura, dise\u00f1o y mucho m\u00e1s.","breadcrumb":{"@id":"https:\/\/espacioaretha.com\/explora\/el-presente-de-la-industrializacion-en-la-construccion\/#breadcrumb"},"inLanguage":"es","potentialAction":[{"@type":"ReadAction","target":["https:\/\/espacioaretha.com\/explora\/el-presente-de-la-industrializacion-en-la-construccion\/"]}]},{"@type":"ImageObject","inLanguage":"es","@id":"https:\/\/espacioaretha.com\/explora\/el-presente-de-la-industrializacion-en-la-construccion\/#primaryimage","url":"https:\/\/espacioaretha.com\/explora\/wp-content\/uploads\/2022\/03\/00Cabecera-Room-01b.jpeg","contentUrl":"https:\/\/espacioaretha.com\/explora\/wp-content\/uploads\/2022\/03\/00Cabecera-Room-01b.jpeg","width":2500,"height":1305},{"@type":"BreadcrumbList","@id":"https:\/\/espacioaretha.com\/explora\/el-presente-de-la-industrializacion-en-la-construccion\/#breadcrumb","itemListElement":[{"@type":"ListItem","position":1,"name":"Portada","item":"https:\/\/espacioaretha.com\/explora\/"},{"@type":"ListItem","position":2,"name":"El presente de la industrializacion en la construccion"}]},{"@type":"WebSite","@id":"https:\/\/espacioaretha.com\/explora\/#website","url":"https:\/\/espacioaretha.com\/explora\/","name":"Aretha Explora","description":"Plataforma de contenidos e inspiraci\u00f3n sobre arquitectura, dise\u00f1o y mucho m\u00e1s","publisher":{"@id":"https:\/\/espacioaretha.com\/explora\/#organization"},"potentialAction":[{"@type":"SearchAction","target":{"@type":"EntryPoint","urlTemplate":"https:\/\/espacioaretha.com\/explora\/?s={search_term_string}"},"query-input":{"@type":"PropertyValueSpecification","valueRequired":true,"valueName":"search_term_string"}}],"inLanguage":"es"},{"@type":"Organization","@id":"https:\/\/espacioaretha.com\/explora\/#organization","name":"Aretha Explora","alternateName":"Aretha","url":"https:\/\/espacioaretha.com\/explora\/","logo":{"@type":"ImageObject","inLanguage":"es","@id":"https:\/\/espacioaretha.com\/explora\/#\/schema\/logo\/image\/","url":"https:\/\/espacioaretha.com\/explora\/wp-content\/uploads\/2022\/05\/Ojo-web.jpg","contentUrl":"https:\/\/espacioaretha.com\/explora\/wp-content\/uploads\/2022\/05\/Ojo-web.jpg","width":1920,"height":1080,"caption":"Aretha Explora"},"image":{"@id":"https:\/\/espacioaretha.com\/explora\/#\/schema\/logo\/image\/"}},{"@type":"Person","@id":"https:\/\/espacioaretha.com\/explora\/#\/schema\/person\/c88d31cc3779acc83da602c0201f2989","name":"Mario Ortega","image":{"@type":"ImageObject","inLanguage":"es","@id":"https:\/\/espacioaretha.com\/explora\/wp-content\/uploads\/2022\/03\/Mario-Ortega-Pascual.png","url":"https:\/\/espacioaretha.com\/explora\/wp-content\/uploads\/2022\/03\/Mario-Ortega-Pascual.png","contentUrl":"https:\/\/espacioaretha.com\/explora\/wp-content\/uploads\/2022\/03\/Mario-Ortega-Pascual.png","caption":"Mario Ortega"},"description":"Arquitecto t\u00e9cnico","url":"https:\/\/espacioaretha.com\/explora\/author\/mario-ortega\/"}]}},"_links":{"self":[{"href":"https:\/\/espacioaretha.com\/explora\/wp-json\/wp\/v2\/posts\/632","targetHints":{"allow":["GET"]}}],"collection":[{"href":"https:\/\/espacioaretha.com\/explora\/wp-json\/wp\/v2\/posts"}],"about":[{"href":"https:\/\/espacioaretha.com\/explora\/wp-json\/wp\/v2\/types\/post"}],"author":[{"embeddable":true,"href":"https:\/\/espacioaretha.com\/explora\/wp-json\/wp\/v2\/users\/10"}],"replies":[{"embeddable":true,"href":"https:\/\/espacioaretha.com\/explora\/wp-json\/wp\/v2\/comments?post=632"}],"version-history":[{"count":2,"href":"https:\/\/espacioaretha.com\/explora\/wp-json\/wp\/v2\/posts\/632\/revisions"}],"predecessor-version":[{"id":743,"href":"https:\/\/espacioaretha.com\/explora\/wp-json\/wp\/v2\/posts\/632\/revisions\/743"}],"wp:featuredmedia":[{"embeddable":true,"href":"https:\/\/espacioaretha.com\/explora\/wp-json\/wp\/v2\/media\/634"}],"wp:attachment":[{"href":"https:\/\/espacioaretha.com\/explora\/wp-json\/wp\/v2\/media?parent=632"}],"wp:term":[{"taxonomy":"category","embeddable":true,"href":"https:\/\/espacioaretha.com\/explora\/wp-json\/wp\/v2\/categories?post=632"},{"taxonomy":"post_tag","embeddable":true,"href":"https:\/\/espacioaretha.com\/explora\/wp-json\/wp\/v2\/tags?post=632"}],"curies":[{"name":"wp","href":"https:\/\/api.w.org\/{rel}","templated":true}]}}