{"id":640,"date":"2020-09-14T09:57:00","date_gmt":"2020-09-14T07:57:00","guid":{"rendered":"https:\/\/espacioaretha.com\/explora\/?p=640"},"modified":"2022-04-28T20:20:28","modified_gmt":"2022-04-28T18:20:28","slug":"espacios-hibridos-disenando-la-experiencia","status":"publish","type":"post","link":"https:\/\/espacioaretha.com\/explora\/espacios-hibridos-disenando-la-experiencia\/","title":{"rendered":"Espacios h\u00edbridos. Dise\u00f1ando la experiencia"},"content":{"rendered":"\n<p>Y hace 6 meses que la OMS declar\u00f3 la pandemia por SARS-Cov-2 a nivel mundial.<\/p>\n\n\n\n<p>El mundo en definitiva est\u00e1 cambiando extremadamente r\u00e1pido.<\/p>\n\n\n\n<p>Pero particularicemos estrictamente sobre esta pandemia.<\/p>\n\n\n\n<p>Nos ha trasladado a todos a un \u00e1mbito desconocido, sin precedentes para nuestra generaci\u00f3n, ni la anterior. Posiblemente no haya habido un movimiento de \u201cplacas tect\u00f3nicas\u201d como este desde la Guerra Mundial.<\/p>\n\n\n\n<p>A nivel individual y colectivo se presentan much\u00edsimos interrogantes. No es el momento, ni seguramente yo la persona que deba profundizar sobre ellos, pero a nadie se le escapa que algo va a cambiar.<\/p>\n\n\n\n<p>Pero\u2026, realmente \u00bfes un cambio?, o \u00bflo que va a suceder es que se va a acelerar todav\u00eda m\u00e1s la siguiente evoluci\u00f3n? El mundo ya hace tiempo que dej\u00f3 de ser estrictamente f\u00edsico para pasar a convivir con el mundo digital.<\/p>\n\n\n\n<p><em><u>Mario Benedetti: \u201cPens\u00e1bamos que ten\u00edamos todas las respuestas. De repente cambiaron todas las preguntas\u201d<\/u><\/em><\/p>\n\n\n\n<h2 class=\"wp-block-heading\">Un mundo hiperconectado<\/h2>\n\n\n\n<p>Como digo, todo esto no es nuevo. Llevamos a\u00f1os evolucionando hacia modelos de relaci\u00f3n social que han abierto una ventana hacia millones de usuarios (Instagram cuenta con m\u00e1s de 1000 millones de usuarios activos al mes) con los que compartir experiencias, opiniones, im\u00e1genes\u2026<\/p>\n\n\n\n<p>Las redes sociales han hecho que tengamos mucha m\u00e1s informaci\u00f3n y canales sobre los que crearnos nuestra propia opini\u00f3n.<\/p>\n\n\n\n<p>Est\u00e1 sucediendo ya, las personas seguimos tendencias en manada. Han surgido figuras como los \u201cinfluencers\u201d que convierten en tendencia todo lo que publican. Y esto afecta directamente a nuestra manera de consumir. Consumimos lo que deseamos. Pero, realmente \u00bfdeseamos lo que consumimos?&nbsp; \u00a1Yo creo que no!<\/p>\n\n\n\n<p>\u00bfQui\u00e9n no ha comprado algo en Amazon que no necesitaba?, o ha seguido un link en Instagram que le ha llevado a comprar unas gafas de sol que le quedaban estupendamente al modelo de la foto pero que cuando te las has probado en casa son inmensamente feas?<\/p>\n\n\n\n<p>Pasa en todos los segmentos de consumo. Tambi\u00e9n en la Arquitectura.<\/p>\n\n\n\n<p>De unos a\u00f1os a esta parte, raro es el cliente que no conoce quien es Frank O. Gehry, Herzog &amp; de Meuron, \u2026<\/p>\n\n\n\n<figure class=\"wp-block-image size-full\"><img loading=\"lazy\" decoding=\"async\" width=\"1024\" height=\"768\" src=\"https:\/\/espacioaretha.com\/explora\/wp-content\/uploads\/2022\/03\/01IMG_0090.png\" alt=\"\" class=\"wp-image-642\" srcset=\"https:\/\/espacioaretha.com\/explora\/wp-content\/uploads\/2022\/03\/01IMG_0090.png 1024w, https:\/\/espacioaretha.com\/explora\/wp-content\/uploads\/2022\/03\/01IMG_0090-300x225.png 300w, https:\/\/espacioaretha.com\/explora\/wp-content\/uploads\/2022\/03\/01IMG_0090-768x576.png 768w\" sizes=\"auto, (max-width: 1024px) 100vw, 1024px\" \/><figcaption>(perfil de Instagram creado por UBICCA. Presentaci\u00f3n de \u201cconcept\u201d para una residencia de estudiantes en Barcelona)<\/figcaption><\/figure>\n\n\n\n<p>Para nosotros los arquitectos esto supone una revoluci\u00f3n, un entorno so\u00f1ado. \u00bfPor qu\u00e9? Pues sencillamente porque es mucho m\u00e1s f\u00e1cil comunicar proyectos e ideas a personas que han tenido la curiosidad y la sensibilidad de investigar o estudiar algo sobre la materia.<\/p>\n\n\n\n<p>Pero tambi\u00e9n es un gran reto. El trabajo se ha multiplicado. Y no me refiero al n\u00famero de pedidos, sino a la exigencia en cuanto a las horas de interacci\u00f3n y co-creaci\u00f3n.<\/p>\n\n\n\n<p>El cliente es mucho m\u00e1s exigente. Aparentemente sabe lo que quiere, pero muchas veces el exceso de informaci\u00f3n produce el efecto contrario. Ha visto mucho, pero tiene tanta informaci\u00f3n que, sinceramente\u2026 se hace un l\u00edo.<\/p>\n\n\n\n<h2 class=\"wp-block-heading\">Dise\u00f1ar la experiencia<\/h2>\n\n\n\n<p>Y \u00bfentonces?, \u00bfc\u00f3mo se despeja esta nueva ecuaci\u00f3n?<\/p>\n\n\n\n<p>Pues creo que la clave est\u00e1 en reforzar la tendencia en la que llevamos a\u00f1os trabajando. Hay que involucrar al cliente en la toma de decisiones. Hay que compartir con ellos toda la informaci\u00f3n desde el principio.<\/p>\n\n\n\n<p>Hay que generar el debate desde el comienzo, desde la toma de necesidades: &nbsp;reunirse, formar, debatir, explicar, dibujar, charlar, leer, ense\u00f1ar, tocar. Todo esto forma parte a mi juicio de la nueva manera de dise\u00f1ar.<\/p>\n\n\n\n<p>El dise\u00f1o debe necesariamente arrancar desde el dise\u00f1o de la experiencia, en un proceso de co-creaci\u00f3n con los clientes y desembocando en un \u201cConcepto\u201d al que ahora s\u00ed deber\u00e1 darle forma el proyecto arquitect\u00f3nico y el dise\u00f1o.<\/p>\n\n\n\n<figure class=\"wp-block-image size-full\"><img loading=\"lazy\" decoding=\"async\" width=\"1015\" height=\"550\" src=\"https:\/\/espacioaretha.com\/explora\/wp-content\/uploads\/2022\/03\/02IMG_0088.jpeg\" alt=\"\" class=\"wp-image-643\" srcset=\"https:\/\/espacioaretha.com\/explora\/wp-content\/uploads\/2022\/03\/02IMG_0088.jpeg 1015w, https:\/\/espacioaretha.com\/explora\/wp-content\/uploads\/2022\/03\/02IMG_0088-300x163.jpeg 300w, https:\/\/espacioaretha.com\/explora\/wp-content\/uploads\/2022\/03\/02IMG_0088-768x416.jpeg 768w\" sizes=\"auto, (max-width: 1015px) 100vw, 1015px\" \/><figcaption>(virtualizaci\u00f3n de dise\u00f1o final presentado por UBICCA para un espacio de co-working en M\u00e1laga)<\/figcaption><\/figure>\n\n\n\n<p>Pero es que adem\u00e1s, el dise\u00f1o arquitect\u00f3nico, el interiorismo, el dise\u00f1o gr\u00e1fico\u2026 deben producirse tambi\u00e9n en contacto y participaci\u00f3n con los clientes.<\/p>\n\n\n\n<h2 class=\"wp-block-heading\">Los espacios h\u00edbridos<\/h2>\n\n\n\n<p>Nosotros mismos hemos experimentado desde hace 2 a\u00f1os el \u00e9xito incuestionable de nuestra Sala LAB, donde nos juntamos con nuestro cliente en un proceso abierto, donde la tecnolog\u00eda juega un papel fundamental como herramienta de interacci\u00f3n. Tenemos un equipo f\u00edsico y otro que trabaja en remoto desde distintas localizaciones, compartimos moodboards, montamos muestras, tocamos, creamos un perfil compartido de Pinterest con infograf\u00edas e im\u00e1genes que alimentamos entre todos. Elegimos olores, compartimos m\u00fasica, dibujamos y escribimos en las pizarras digitales que compartimos entre nosotros y las distintas localizaciones remotas.<\/p>\n\n\n\n<p>Utilizamos la realidad aumentada con gafas VR para acercar la experiencia que estamos dise\u00f1ando<\/p>\n\n\n\n<p>Es, en fin una manera distinta de relacionarse, de producir, pero tambi\u00e9n con una clara vocaci\u00f3n digital, buscando generar con nuestro producto que es la Arquitectura, el mayor impacto posible.<\/p>\n\n\n\n<p>Pero la tendencia va mucho m\u00e1s all\u00e1. No es s\u00f3lo que utilicemos herramientas h\u00edbridas para alcanzar los objetivos de nuestro trabajo. Es que nuestros clientes demandan cada vez m\u00e1s el que sus espacios puedan producir esas experiencias h\u00edbridas, tanto en el segmento de oficinas, como en hospitality o retail.<\/p>\n\n\n\n<figure class=\"wp-block-image size-full\"><img loading=\"lazy\" decoding=\"async\" width=\"999\" height=\"554\" src=\"https:\/\/espacioaretha.com\/explora\/wp-content\/uploads\/2022\/03\/03IMG_0089.jpeg\" alt=\"\" class=\"wp-image-644\" srcset=\"https:\/\/espacioaretha.com\/explora\/wp-content\/uploads\/2022\/03\/03IMG_0089.jpeg 999w, https:\/\/espacioaretha.com\/explora\/wp-content\/uploads\/2022\/03\/03IMG_0089-300x166.jpeg 300w, https:\/\/espacioaretha.com\/explora\/wp-content\/uploads\/2022\/03\/03IMG_0089-768x426.jpeg 768w\" sizes=\"auto, (max-width: 999px) 100vw, 999px\" \/><figcaption><em>(proyecto de UBICCA para el HUB tecnol\u00f3gico de una importante entidad financiera en Madrid)<\/em><\/figcaption><\/figure>\n\n\n\n<h2 class=\"wp-block-heading\">El futuro<\/h2>\n\n\n\n<p>\u00bfImaginas una tienda de IKEA sin muebles? \u00bfImaginas un concesionario de coches, sin coches..? En el \u201cAudi City\u201d de Londres, la experiencia se produce en un espacio de reducidas dimensiones y la inversi\u00f3n se ha reforzado para crear una experiencia h\u00edbrida.<\/p>\n\n\n\n<p>Existen puestos de atenci\u00f3n con pantallas t\u00e1ctiles, donde acompa\u00f1ado de un agente comercial \u201chumano\u201d puedes hacer diferentes configuraciones que visualizas en un gran display digital. Mientras tomas un caf\u00e9, vas tocando y oliendo las distintas pieles de la tapicer\u00eda, las texturas del salpicadero y los colores de la carrocer\u00eda.<\/p>\n\n\n\n<figure class=\"wp-block-image size-full\"><img loading=\"lazy\" decoding=\"async\" width=\"1012\" height=\"298\" src=\"https:\/\/espacioaretha.com\/explora\/wp-content\/uploads\/2022\/03\/04-4.jpeg\" alt=\"\" class=\"wp-image-645\" srcset=\"https:\/\/espacioaretha.com\/explora\/wp-content\/uploads\/2022\/03\/04-4.jpeg 1012w, https:\/\/espacioaretha.com\/explora\/wp-content\/uploads\/2022\/03\/04-4-300x88.jpeg 300w, https:\/\/espacioaretha.com\/explora\/wp-content\/uploads\/2022\/03\/04-4-768x226.jpeg 768w\" sizes=\"auto, (max-width: 1012px) 100vw, 1012px\" \/><figcaption>(Audi City)<\/figcaption><\/figure>\n\n\n\n<p>Esta es la tendencia. Ya estaba aqu\u00ed, pero la circunstancia de esta inesperada<br>pandemia no va a hacer otra cosa que acelerar nuestra relaci\u00f3n con el espacio,<br>pandemia no va a hacer otra cosa que acelerar nuestra relaci\u00f3n con el espacio, convirti\u00e9ndolo en un \u201clugar\u201d que sin dejar de ser f\u00edsico, tenga la capacidad de volcar toda su experiencia hacia el mundo digital. Puedo estar equivocado, \u00a1o no! Ya se ver\u00e1, creo que antes de lo que pensamos\u2026<\/p>\n","protected":false},"excerpt":{"rendered":"<p>La pandemia. Se acaban de cumplir 19 a\u00f1os de los atentados del 11 de Septiembre de 2001. Estamos inmersos desde hace m\u00e1s de una d\u00e9cada en una lucha tecnol\u00f3gica y comercial entre los dos gigantes globales: EEUU y China.<\/p>\n","protected":false},"author":8,"featured_media":646,"comment_status":"open","ping_status":"open","sticky":false,"template":"","format":"standard","meta":{"footnotes":""},"categories":[28],"tags":[72,73,90],"class_list":["post-640","post","type-post","status-publish","format-standard","has-post-thumbnail","hentry","category-arquitectura","tag-espacios","tag-futuro","tag-tecnologia"],"yoast_head":"<!-- This site is optimized with the Yoast SEO plugin v27.4 - https:\/\/yoast.com\/product\/yoast-seo-wordpress\/ -->\n<title>Espacios h\u00edbridos. Dise\u00f1ando la experiencia<\/title>\n<meta name=\"description\" content=\"Aretha Explora es una plataforma de contenidos e inspiraci\u00f3n sobre arquitectura, dise\u00f1o y mucho m\u00e1s.\" \/>\n<meta name=\"robots\" content=\"index, follow, max-snippet:-1, max-image-preview:large, max-video-preview:-1\" \/>\n<link rel=\"canonical\" href=\"https:\/\/espacioaretha.com\/explora\/espacios-hibridos-disenando-la-experiencia\/\" \/>\n<meta property=\"og:locale\" content=\"es_ES\" \/>\n<meta property=\"og:type\" content=\"article\" \/>\n<meta property=\"og:title\" content=\"Espacios h\u00edbridos. Dise\u00f1ando la experiencia\" \/>\n<meta property=\"og:description\" content=\"Aretha Explora es una plataforma de contenidos e inspiraci\u00f3n sobre arquitectura, dise\u00f1o y mucho m\u00e1s.\" \/>\n<meta property=\"og:url\" content=\"https:\/\/espacioaretha.com\/explora\/espacios-hibridos-disenando-la-experiencia\/\" \/>\n<meta property=\"og:site_name\" content=\"Aretha Explora\" \/>\n<meta property=\"article:published_time\" content=\"2020-09-14T07:57:00+00:00\" \/>\n<meta property=\"article:modified_time\" content=\"2022-04-28T18:20:28+00:00\" \/>\n<meta property=\"og:image\" content=\"https:\/\/espacioaretha.com\/explora\/wp-content\/uploads\/2022\/03\/00destacadaIMG_0088.jpeg\" \/>\n\t<meta property=\"og:image:width\" content=\"1015\" \/>\n\t<meta property=\"og:image:height\" content=\"550\" \/>\n\t<meta property=\"og:image:type\" content=\"image\/jpeg\" \/>\n<meta name=\"author\" content=\"Jos\u00e9 Luis Bescansa Lasu\u00e9n\" \/>\n<meta name=\"twitter:card\" content=\"summary_large_image\" \/>\n<meta name=\"twitter:label1\" content=\"Escrito por\" \/>\n\t<meta name=\"twitter:data1\" content=\"Jos\u00e9 Luis Bescansa Lasu\u00e9n\" \/>\n\t<meta name=\"twitter:label2\" content=\"Tiempo de lectura\" \/>\n\t<meta name=\"twitter:data2\" content=\"5 minutos\" \/>\n<script type=\"application\/ld+json\" class=\"yoast-schema-graph\">{\"@context\":\"https:\\\/\\\/schema.org\",\"@graph\":[{\"@type\":\"Article\",\"@id\":\"https:\\\/\\\/espacioaretha.com\\\/explora\\\/espacios-hibridos-disenando-la-experiencia\\\/#article\",\"isPartOf\":{\"@id\":\"https:\\\/\\\/espacioaretha.com\\\/explora\\\/espacios-hibridos-disenando-la-experiencia\\\/\"},\"author\":{\"name\":\"Jos\u00e9 Luis Bescansa Lasu\u00e9n\",\"@id\":\"https:\\\/\\\/espacioaretha.com\\\/explora\\\/#\\\/schema\\\/person\\\/67d923c13cdd9aa2cd4d80e4579d0bf2\"},\"headline\":\"Espacios h\u00edbridos. Dise\u00f1ando la experiencia\",\"datePublished\":\"2020-09-14T07:57:00+00:00\",\"dateModified\":\"2022-04-28T18:20:28+00:00\",\"mainEntityOfPage\":{\"@id\":\"https:\\\/\\\/espacioaretha.com\\\/explora\\\/espacios-hibridos-disenando-la-experiencia\\\/\"},\"wordCount\":1081,\"commentCount\":0,\"publisher\":{\"@id\":\"https:\\\/\\\/espacioaretha.com\\\/explora\\\/#organization\"},\"image\":{\"@id\":\"https:\\\/\\\/espacioaretha.com\\\/explora\\\/espacios-hibridos-disenando-la-experiencia\\\/#primaryimage\"},\"thumbnailUrl\":\"https:\\\/\\\/espacioaretha.com\\\/explora\\\/wp-content\\\/uploads\\\/2022\\\/03\\\/00destacadaIMG_0088.jpeg\",\"keywords\":[\"Espacios\",\"Futuro\",\"Tecnolog\u00eda\"],\"articleSection\":[\"Arquitectura y dise\u00f1o\"],\"inLanguage\":\"es\",\"potentialAction\":[{\"@type\":\"CommentAction\",\"name\":\"Comment\",\"target\":[\"https:\\\/\\\/espacioaretha.com\\\/explora\\\/espacios-hibridos-disenando-la-experiencia\\\/#respond\"]}]},{\"@type\":\"WebPage\",\"@id\":\"https:\\\/\\\/espacioaretha.com\\\/explora\\\/espacios-hibridos-disenando-la-experiencia\\\/\",\"url\":\"https:\\\/\\\/espacioaretha.com\\\/explora\\\/espacios-hibridos-disenando-la-experiencia\\\/\",\"name\":\"Espacios h\u00edbridos. Dise\u00f1ando la experiencia\",\"isPartOf\":{\"@id\":\"https:\\\/\\\/espacioaretha.com\\\/explora\\\/#website\"},\"primaryImageOfPage\":{\"@id\":\"https:\\\/\\\/espacioaretha.com\\\/explora\\\/espacios-hibridos-disenando-la-experiencia\\\/#primaryimage\"},\"image\":{\"@id\":\"https:\\\/\\\/espacioaretha.com\\\/explora\\\/espacios-hibridos-disenando-la-experiencia\\\/#primaryimage\"},\"thumbnailUrl\":\"https:\\\/\\\/espacioaretha.com\\\/explora\\\/wp-content\\\/uploads\\\/2022\\\/03\\\/00destacadaIMG_0088.jpeg\",\"datePublished\":\"2020-09-14T07:57:00+00:00\",\"dateModified\":\"2022-04-28T18:20:28+00:00\",\"description\":\"Aretha Explora es una plataforma de contenidos e inspiraci\u00f3n sobre arquitectura, dise\u00f1o y mucho m\u00e1s.\",\"breadcrumb\":{\"@id\":\"https:\\\/\\\/espacioaretha.com\\\/explora\\\/espacios-hibridos-disenando-la-experiencia\\\/#breadcrumb\"},\"inLanguage\":\"es\",\"potentialAction\":[{\"@type\":\"ReadAction\",\"target\":[\"https:\\\/\\\/espacioaretha.com\\\/explora\\\/espacios-hibridos-disenando-la-experiencia\\\/\"]}]},{\"@type\":\"ImageObject\",\"inLanguage\":\"es\",\"@id\":\"https:\\\/\\\/espacioaretha.com\\\/explora\\\/espacios-hibridos-disenando-la-experiencia\\\/#primaryimage\",\"url\":\"https:\\\/\\\/espacioaretha.com\\\/explora\\\/wp-content\\\/uploads\\\/2022\\\/03\\\/00destacadaIMG_0088.jpeg\",\"contentUrl\":\"https:\\\/\\\/espacioaretha.com\\\/explora\\\/wp-content\\\/uploads\\\/2022\\\/03\\\/00destacadaIMG_0088.jpeg\",\"width\":1015,\"height\":550},{\"@type\":\"BreadcrumbList\",\"@id\":\"https:\\\/\\\/espacioaretha.com\\\/explora\\\/espacios-hibridos-disenando-la-experiencia\\\/#breadcrumb\",\"itemListElement\":[{\"@type\":\"ListItem\",\"position\":1,\"name\":\"Portada\",\"item\":\"https:\\\/\\\/espacioaretha.com\\\/explora\\\/\"},{\"@type\":\"ListItem\",\"position\":2,\"name\":\"Espacios h\u00edbridos. Dise\u00f1ando la experiencia\"}]},{\"@type\":\"WebSite\",\"@id\":\"https:\\\/\\\/espacioaretha.com\\\/explora\\\/#website\",\"url\":\"https:\\\/\\\/espacioaretha.com\\\/explora\\\/\",\"name\":\"Aretha Explora\",\"description\":\"Plataforma de contenidos e inspiraci\u00f3n sobre arquitectura, dise\u00f1o y mucho m\u00e1s\",\"publisher\":{\"@id\":\"https:\\\/\\\/espacioaretha.com\\\/explora\\\/#organization\"},\"potentialAction\":[{\"@type\":\"SearchAction\",\"target\":{\"@type\":\"EntryPoint\",\"urlTemplate\":\"https:\\\/\\\/espacioaretha.com\\\/explora\\\/?s={search_term_string}\"},\"query-input\":{\"@type\":\"PropertyValueSpecification\",\"valueRequired\":true,\"valueName\":\"search_term_string\"}}],\"inLanguage\":\"es\"},{\"@type\":\"Organization\",\"@id\":\"https:\\\/\\\/espacioaretha.com\\\/explora\\\/#organization\",\"name\":\"Aretha Explora\",\"alternateName\":\"Aretha\",\"url\":\"https:\\\/\\\/espacioaretha.com\\\/explora\\\/\",\"logo\":{\"@type\":\"ImageObject\",\"inLanguage\":\"es\",\"@id\":\"https:\\\/\\\/espacioaretha.com\\\/explora\\\/#\\\/schema\\\/logo\\\/image\\\/\",\"url\":\"https:\\\/\\\/espacioaretha.com\\\/explora\\\/wp-content\\\/uploads\\\/2022\\\/05\\\/Ojo-web.jpg\",\"contentUrl\":\"https:\\\/\\\/espacioaretha.com\\\/explora\\\/wp-content\\\/uploads\\\/2022\\\/05\\\/Ojo-web.jpg\",\"width\":1920,\"height\":1080,\"caption\":\"Aretha Explora\"},\"image\":{\"@id\":\"https:\\\/\\\/espacioaretha.com\\\/explora\\\/#\\\/schema\\\/logo\\\/image\\\/\"}},{\"@type\":\"Person\",\"@id\":\"https:\\\/\\\/espacioaretha.com\\\/explora\\\/#\\\/schema\\\/person\\\/67d923c13cdd9aa2cd4d80e4579d0bf2\",\"name\":\"Jos\u00e9 Luis Bescansa Lasu\u00e9n\",\"image\":{\"@type\":\"ImageObject\",\"inLanguage\":\"es\",\"@id\":\"https:\\\/\\\/espacioaretha.com\\\/explora\\\/wp-content\\\/uploads\\\/2022\\\/03\\\/jose-luis-bescansa.png\",\"url\":\"https:\\\/\\\/espacioaretha.com\\\/explora\\\/wp-content\\\/uploads\\\/2022\\\/03\\\/jose-luis-bescansa.png\",\"contentUrl\":\"https:\\\/\\\/espacioaretha.com\\\/explora\\\/wp-content\\\/uploads\\\/2022\\\/03\\\/jose-luis-bescansa.png\",\"caption\":\"Jos\u00e9 Luis Bescansa Lasu\u00e9n\"},\"description\":\"CEO en UBICCA\",\"sameAs\":[\"https:\\\/\\\/ubicca.com\\\/\"],\"url\":\"https:\\\/\\\/espacioaretha.com\\\/explora\\\/author\\\/jose-luis-bescansa-lasuen\\\/\"}]}<\/script>\n<!-- \/ Yoast SEO plugin. -->","yoast_head_json":{"title":"Espacios h\u00edbridos. Dise\u00f1ando la experiencia","description":"Aretha Explora es una plataforma de contenidos e inspiraci\u00f3n sobre arquitectura, dise\u00f1o y mucho m\u00e1s.","robots":{"index":"index","follow":"follow","max-snippet":"max-snippet:-1","max-image-preview":"max-image-preview:large","max-video-preview":"max-video-preview:-1"},"canonical":"https:\/\/espacioaretha.com\/explora\/espacios-hibridos-disenando-la-experiencia\/","og_locale":"es_ES","og_type":"article","og_title":"Espacios h\u00edbridos. Dise\u00f1ando la experiencia","og_description":"Aretha Explora es una plataforma de contenidos e inspiraci\u00f3n sobre arquitectura, dise\u00f1o y mucho m\u00e1s.","og_url":"https:\/\/espacioaretha.com\/explora\/espacios-hibridos-disenando-la-experiencia\/","og_site_name":"Aretha Explora","article_published_time":"2020-09-14T07:57:00+00:00","article_modified_time":"2022-04-28T18:20:28+00:00","og_image":[{"width":1015,"height":550,"url":"https:\/\/espacioaretha.com\/explora\/wp-content\/uploads\/2022\/03\/00destacadaIMG_0088.jpeg","type":"image\/jpeg"}],"author":"Jos\u00e9 Luis Bescansa Lasu\u00e9n","twitter_card":"summary_large_image","twitter_misc":{"Escrito por":"Jos\u00e9 Luis Bescansa Lasu\u00e9n","Tiempo de lectura":"5 minutos"},"schema":{"@context":"https:\/\/schema.org","@graph":[{"@type":"Article","@id":"https:\/\/espacioaretha.com\/explora\/espacios-hibridos-disenando-la-experiencia\/#article","isPartOf":{"@id":"https:\/\/espacioaretha.com\/explora\/espacios-hibridos-disenando-la-experiencia\/"},"author":{"name":"Jos\u00e9 Luis Bescansa Lasu\u00e9n","@id":"https:\/\/espacioaretha.com\/explora\/#\/schema\/person\/67d923c13cdd9aa2cd4d80e4579d0bf2"},"headline":"Espacios h\u00edbridos. Dise\u00f1ando la experiencia","datePublished":"2020-09-14T07:57:00+00:00","dateModified":"2022-04-28T18:20:28+00:00","mainEntityOfPage":{"@id":"https:\/\/espacioaretha.com\/explora\/espacios-hibridos-disenando-la-experiencia\/"},"wordCount":1081,"commentCount":0,"publisher":{"@id":"https:\/\/espacioaretha.com\/explora\/#organization"},"image":{"@id":"https:\/\/espacioaretha.com\/explora\/espacios-hibridos-disenando-la-experiencia\/#primaryimage"},"thumbnailUrl":"https:\/\/espacioaretha.com\/explora\/wp-content\/uploads\/2022\/03\/00destacadaIMG_0088.jpeg","keywords":["Espacios","Futuro","Tecnolog\u00eda"],"articleSection":["Arquitectura y dise\u00f1o"],"inLanguage":"es","potentialAction":[{"@type":"CommentAction","name":"Comment","target":["https:\/\/espacioaretha.com\/explora\/espacios-hibridos-disenando-la-experiencia\/#respond"]}]},{"@type":"WebPage","@id":"https:\/\/espacioaretha.com\/explora\/espacios-hibridos-disenando-la-experiencia\/","url":"https:\/\/espacioaretha.com\/explora\/espacios-hibridos-disenando-la-experiencia\/","name":"Espacios h\u00edbridos. Dise\u00f1ando la experiencia","isPartOf":{"@id":"https:\/\/espacioaretha.com\/explora\/#website"},"primaryImageOfPage":{"@id":"https:\/\/espacioaretha.com\/explora\/espacios-hibridos-disenando-la-experiencia\/#primaryimage"},"image":{"@id":"https:\/\/espacioaretha.com\/explora\/espacios-hibridos-disenando-la-experiencia\/#primaryimage"},"thumbnailUrl":"https:\/\/espacioaretha.com\/explora\/wp-content\/uploads\/2022\/03\/00destacadaIMG_0088.jpeg","datePublished":"2020-09-14T07:57:00+00:00","dateModified":"2022-04-28T18:20:28+00:00","description":"Aretha Explora es una plataforma de contenidos e inspiraci\u00f3n sobre arquitectura, dise\u00f1o y mucho m\u00e1s.","breadcrumb":{"@id":"https:\/\/espacioaretha.com\/explora\/espacios-hibridos-disenando-la-experiencia\/#breadcrumb"},"inLanguage":"es","potentialAction":[{"@type":"ReadAction","target":["https:\/\/espacioaretha.com\/explora\/espacios-hibridos-disenando-la-experiencia\/"]}]},{"@type":"ImageObject","inLanguage":"es","@id":"https:\/\/espacioaretha.com\/explora\/espacios-hibridos-disenando-la-experiencia\/#primaryimage","url":"https:\/\/espacioaretha.com\/explora\/wp-content\/uploads\/2022\/03\/00destacadaIMG_0088.jpeg","contentUrl":"https:\/\/espacioaretha.com\/explora\/wp-content\/uploads\/2022\/03\/00destacadaIMG_0088.jpeg","width":1015,"height":550},{"@type":"BreadcrumbList","@id":"https:\/\/espacioaretha.com\/explora\/espacios-hibridos-disenando-la-experiencia\/#breadcrumb","itemListElement":[{"@type":"ListItem","position":1,"name":"Portada","item":"https:\/\/espacioaretha.com\/explora\/"},{"@type":"ListItem","position":2,"name":"Espacios h\u00edbridos. Dise\u00f1ando la experiencia"}]},{"@type":"WebSite","@id":"https:\/\/espacioaretha.com\/explora\/#website","url":"https:\/\/espacioaretha.com\/explora\/","name":"Aretha Explora","description":"Plataforma de contenidos e inspiraci\u00f3n sobre arquitectura, dise\u00f1o y mucho m\u00e1s","publisher":{"@id":"https:\/\/espacioaretha.com\/explora\/#organization"},"potentialAction":[{"@type":"SearchAction","target":{"@type":"EntryPoint","urlTemplate":"https:\/\/espacioaretha.com\/explora\/?s={search_term_string}"},"query-input":{"@type":"PropertyValueSpecification","valueRequired":true,"valueName":"search_term_string"}}],"inLanguage":"es"},{"@type":"Organization","@id":"https:\/\/espacioaretha.com\/explora\/#organization","name":"Aretha Explora","alternateName":"Aretha","url":"https:\/\/espacioaretha.com\/explora\/","logo":{"@type":"ImageObject","inLanguage":"es","@id":"https:\/\/espacioaretha.com\/explora\/#\/schema\/logo\/image\/","url":"https:\/\/espacioaretha.com\/explora\/wp-content\/uploads\/2022\/05\/Ojo-web.jpg","contentUrl":"https:\/\/espacioaretha.com\/explora\/wp-content\/uploads\/2022\/05\/Ojo-web.jpg","width":1920,"height":1080,"caption":"Aretha Explora"},"image":{"@id":"https:\/\/espacioaretha.com\/explora\/#\/schema\/logo\/image\/"}},{"@type":"Person","@id":"https:\/\/espacioaretha.com\/explora\/#\/schema\/person\/67d923c13cdd9aa2cd4d80e4579d0bf2","name":"Jos\u00e9 Luis Bescansa Lasu\u00e9n","image":{"@type":"ImageObject","inLanguage":"es","@id":"https:\/\/espacioaretha.com\/explora\/wp-content\/uploads\/2022\/03\/jose-luis-bescansa.png","url":"https:\/\/espacioaretha.com\/explora\/wp-content\/uploads\/2022\/03\/jose-luis-bescansa.png","contentUrl":"https:\/\/espacioaretha.com\/explora\/wp-content\/uploads\/2022\/03\/jose-luis-bescansa.png","caption":"Jos\u00e9 Luis Bescansa Lasu\u00e9n"},"description":"CEO en UBICCA","sameAs":["https:\/\/ubicca.com\/"],"url":"https:\/\/espacioaretha.com\/explora\/author\/jose-luis-bescansa-lasuen\/"}]}},"_links":{"self":[{"href":"https:\/\/espacioaretha.com\/explora\/wp-json\/wp\/v2\/posts\/640","targetHints":{"allow":["GET"]}}],"collection":[{"href":"https:\/\/espacioaretha.com\/explora\/wp-json\/wp\/v2\/posts"}],"about":[{"href":"https:\/\/espacioaretha.com\/explora\/wp-json\/wp\/v2\/types\/post"}],"author":[{"embeddable":true,"href":"https:\/\/espacioaretha.com\/explora\/wp-json\/wp\/v2\/users\/8"}],"replies":[{"embeddable":true,"href":"https:\/\/espacioaretha.com\/explora\/wp-json\/wp\/v2\/comments?post=640"}],"version-history":[{"count":3,"href":"https:\/\/espacioaretha.com\/explora\/wp-json\/wp\/v2\/posts\/640\/revisions"}],"predecessor-version":[{"id":2122,"href":"https:\/\/espacioaretha.com\/explora\/wp-json\/wp\/v2\/posts\/640\/revisions\/2122"}],"wp:featuredmedia":[{"embeddable":true,"href":"https:\/\/espacioaretha.com\/explora\/wp-json\/wp\/v2\/media\/646"}],"wp:attachment":[{"href":"https:\/\/espacioaretha.com\/explora\/wp-json\/wp\/v2\/media?parent=640"}],"wp:term":[{"taxonomy":"category","embeddable":true,"href":"https:\/\/espacioaretha.com\/explora\/wp-json\/wp\/v2\/categories?post=640"},{"taxonomy":"post_tag","embeddable":true,"href":"https:\/\/espacioaretha.com\/explora\/wp-json\/wp\/v2\/tags?post=640"}],"curies":[{"name":"wp","href":"https:\/\/api.w.org\/{rel}","templated":true}]}}